{"id":1953,"date":"2026-04-24T12:42:55","date_gmt":"2026-04-24T10:42:55","guid":{"rendered":"https:\/\/www.sesmoreres.com\/fr\/blog\/?p=1953"},"modified":"2026-04-24T12:42:55","modified_gmt":"2026-04-24T10:42:55","slug":"art-contemporain-a-minorque-l-ile-qui-devient-une-reference-internationale","status":"publish","type":"post","link":"https:\/\/www.sesmoreres.com\/fr\/blog\/art-contemporain-a-minorque-l-ile-qui-devient-une-reference-internationale\/","title":{"rendered":"Art contemporain \u00e0 Minorque : l\u2019\u00eele qui devient une r\u00e9f\u00e9rence internationale"},"content":{"rendered":"<p data-start=\"330\" data-end=\"603\">Pendant des d\u00e9cennies, Minorque a \u00e9t\u00e9 synonyme de calme, de paysage et d\u2019authenticit\u00e9. Aujourd\u2019hui, sans perdre cette essence, l\u2019\u00eele conna\u00eet une transformation silencieuse mais profonde : elle s\u2019impose comme l\u2019une des destinations les plus int\u00e9ressantes de l\u2019art contemporain en M\u00e9diterran\u00e9e.<\/p>\n<p data-start=\"605\" data-end=\"646\">Ce n\u2019est pas une mode. C\u2019est un changement structurel.<\/p>\n<h2 data-section-id=\"13kuwhe\" data-start=\"648\" data-end=\"691\">D\u2019une destination de vacances \u00e0 une destination culturelle<\/h2>\n<p data-start=\"693\" data-end=\"827\">Minorque a compris quelque chose d\u2019essentiel : le luxe n\u2019est plus seulement une maison face \u00e0 la mer, mais une exp\u00e9rience intellectuelle, esth\u00e9tique et \u00e9motionnelle.<\/p>\n<p data-start=\"829\" data-end=\"1121\">Cette \u00e9volution s\u2019est produite de mani\u00e8re organique, mais avec des \u00e9tapes tr\u00e8s claires. L\u2019une des plus d\u00e9terminantes a \u00e9t\u00e9 l\u2019arriv\u00e9e de <a href=\"https:\/\/menorca.hauserwirth.com\/en\/home\"><span class=\"hover:entity-accent entity-underline inline cursor-pointer align-baseline\"><span class=\"whitespace-normal\">Hauser &amp; Wirth Menorca<\/span><\/span><\/a> en 2021, qui a transform\u00e9 le paysage artistique de l\u2019\u00eele et l\u2019a directement plac\u00e9e sur la carte internationale de l\u2019art contemporain.<\/p>\n<p data-start=\"1123\" data-end=\"1176\">Depuis lors, l\u2019\u00e9cosyst\u00e8me n\u2019a cess\u00e9 de se d\u00e9velopper.<\/p>\n<h2 data-section-id=\"y0spc5\" data-start=\"1178\" data-end=\"1217\">Un \u00e9cosyst\u00e8me artistique en pleine expansion<\/h2>\n<p data-start=\"1219\" data-end=\"1266\">Aujourd\u2019hui, Minorque n\u2019est pas une galerie. C\u2019est un v\u00e9ritable parcours.<\/p>\n<p data-start=\"1268\" data-end=\"1487\">Des espaces comme <a href=\"https:\/\/www.visitalaior.com\/fr\/que-faire\/alaior-art-contemporani\"><span class=\"hover:entity-accent entity-underline inline cursor-pointer align-baseline\"><span class=\"whitespace-normal\">L\u00d4AC Alaior Art Contemporani<\/span><\/span><\/a>, <a href=\"https:\/\/galeriacayon.com\/menorca\/\"><span class=\"hover:entity-accent entity-underline inline cursor-pointer align-baseline\"><span class=\"whitespace-normal\">Galer\u00eda Cay\u00f3n<\/span><\/span> <\/a>ou <a href=\"https:\/\/canoliver.menorca.es\/\"><span class=\"hover:entity-accent entity-underline inline cursor-pointer align-baseline\"><span class=\"whitespace-normal\">Centre d\u2019Art Ca n\u2019Oliver<\/span><\/span> <\/a>ont consolid\u00e9 un r\u00e9seau culturel qui associe des artistes internationaux \u00e0 des talents locaux.<\/p>\n<p data-start=\"1489\" data-end=\"1708\">\u00c0 cela s\u2019ajoute une programmation de plus en plus ambitieuse, avec des expositions r\u00e9unissant des noms majeurs de la sc\u00e8ne mondiale et des propositions contemporaines allant de la sculpture \u00e0 l\u2019installation ou \u00e0 l\u2019art num\u00e9rique.<\/p>\n<p data-start=\"1710\" data-end=\"1759\">Il ne s\u2019agit pas seulement de quantit\u00e9, mais de coh\u00e9rence.<\/p>\n<h2 data-section-id=\"7p43oo\" data-start=\"1761\" data-end=\"1791\">Des \u00e9v\u00e9nements qui activent l\u2019\u00eele<\/h2>\n<p data-start=\"1793\" data-end=\"2063\">Cette croissance ne se limite pas aux espaces permanents. Des \u00e9v\u00e9nements comme l\u2019<a href=\"https:\/\/www.menorca.es\/fr\/Opening_2026\/17839\"><span class=\"hover:entity-accent entity-underline inline cursor-pointer align-baseline\"><span class=\"whitespace-normal\">Opening Menorca 2026<\/span><\/span><\/a> g\u00e9n\u00e8rent une dynamique enti\u00e8rement nouvelle sur l\u2019\u00eele : galeries, artistes et espaces ind\u00e9pendants se coordonnent pour cr\u00e9er une exp\u00e9rience culturelle commune.<\/p>\n<p data-start=\"2065\" data-end=\"2181\">Pendant ces journ\u00e9es, Minorque cesse d\u2019\u00eatre un lieu tranquille pour devenir un territoire cr\u00e9atif en pleine effervescence.<\/p>\n<p data-start=\"2183\" data-end=\"2232\">Mais le plus int\u00e9ressant se produit en parall\u00e8le.<\/p>\n<h3 data-section-id=\"gtwa8w\" data-start=\"2234\" data-end=\"2287\">La force de l\u2019\u00e9mergence : l\u2019Art Week de Menorca<\/h3>\n<p data-start=\"2289\" data-end=\"2581\">Au-del\u00e0 des structures \u00e9tablies, une nouvelle \u00e9nergie surgit de l\u2019int\u00e9rieur m\u00eame de l\u2019\u00eele. Un exemple clair en est l\u2019<strong data-start=\"2401\" data-end=\"2424\">Art Week de Menorca<\/strong>, une initiative organis\u00e9e par des artistes \u00e9mergents de l\u2019\u00eele, parmi lesquels <a href=\"https:\/\/www.instagram.com\/valenyasabestu\/\"><span class=\"hover:entity-accent entity-underline inline cursor-pointer align-baseline\"><span class=\"whitespace-normal\">Valentina Carrasco<\/span><\/span><\/a> et <a href=\"https:\/\/www.instagram.com\/conectaconmagin\/\"><span class=\"hover:entity-accent entity-underline inline cursor-pointer align-baseline\"><span class=\"whitespace-normal\">Mag\u00edn Carretero<\/span><\/span><\/a>.<\/p>\n<p data-start=\"2583\" data-end=\"2718\">Elle ne r\u00e9pond ni \u00e0 de grandes institutions ni \u00e0 des noms consacr\u00e9s.<br data-start=\"2645\" data-end=\"2648\" \/>Elle r\u00e9pond \u00e0 un besoin r\u00e9el : cr\u00e9er une communaut\u00e9, de la visibilit\u00e9 et de l\u2019espace.<\/p>\n<p data-start=\"2720\" data-end=\"2926\">Pendant cette semaine, diff\u00e9rents espaces \u2014 souvent non conventionnels \u2014 s\u2019activent \u00e0 travers des expositions collectives, des interventions, de la musique et des propositions hybrides qui rompent avec le format classique de la galerie.<\/p>\n<p data-start=\"2928\" data-end=\"3007\">Ici, il n\u2019y a pas de r\u00e9cit impos\u00e9.<br data-start=\"2963\" data-end=\"2966\" \/>Il y a de la diversit\u00e9, du risque et de l\u2019exp\u00e9rimentation.<\/p>\n<p data-start=\"3009\" data-end=\"3094\">Et c\u2019est exactement ce dont tout \u00e9cosyst\u00e8me artistique a besoin pour \u00e9voluer.<\/p>\n<table width=\"100%\" cellspacing=\"0\" cellpadding=\"0\">\n<tbody>\n<tr>\n<td><img decoding=\"async\" class=\"size-medium wp-image-1956 lazyload\" data-src=\"https:\/\/www.sesmoreres.com\/fr\/blog\/wp-content\/uploads\/2026\/04\/Art-Week-de-Menorca-01-225x300.jpeg\" alt=\"\u00e0 Minorque : galeries, artistes \u00e9mergents et nouvelle mani\u00e8re de vivre\" width=\"225\" height=\"300\" data-srcset=\"https:\/\/www.sesmoreres.com\/fr\/blog\/wp-content\/uploads\/2026\/04\/Art-Week-de-Menorca-01-225x300.jpeg 225w, https:\/\/www.sesmoreres.com\/fr\/blog\/wp-content\/uploads\/2026\/04\/Art-Week-de-Menorca-01-768x1024.jpeg 768w, https:\/\/www.sesmoreres.com\/fr\/blog\/wp-content\/uploads\/2026\/04\/Art-Week-de-Menorca-01-1152x1536.jpeg 1152w, https:\/\/www.sesmoreres.com\/fr\/blog\/wp-content\/uploads\/2026\/04\/Art-Week-de-Menorca-01.jpeg 1536w\" data-sizes=\"(max-width: 225px) 100vw, 225px\" src=\"data:image\/svg+xml;base64,PHN2ZyB3aWR0aD0iMSIgaGVpZ2h0PSIxIiB4bWxucz0iaHR0cDovL3d3dy53My5vcmcvMjAwMC9zdmciPjwvc3ZnPg==\" style=\"--smush-placeholder-width: 225px; --smush-placeholder-aspect-ratio: 225\/300;\" \/><\/td>\n<td><img decoding=\"async\" class=\"size-medium wp-image-1957 lazyload\" data-src=\"https:\/\/www.sesmoreres.com\/fr\/blog\/wp-content\/uploads\/2026\/04\/Art-Week-de-Menorca-02-225x300.jpeg\" alt=\"\u00e0 Minorque : galeries, artistes \u00e9mergents et nouvelle mani\u00e8re de vivre\" width=\"225\" height=\"300\" data-srcset=\"https:\/\/www.sesmoreres.com\/fr\/blog\/wp-content\/uploads\/2026\/04\/Art-Week-de-Menorca-02-225x300.jpeg 225w, https:\/\/www.sesmoreres.com\/fr\/blog\/wp-content\/uploads\/2026\/04\/Art-Week-de-Menorca-02-768x1024.jpeg 768w, https:\/\/www.sesmoreres.com\/fr\/blog\/wp-content\/uploads\/2026\/04\/Art-Week-de-Menorca-02-1152x1536.jpeg 1152w, https:\/\/www.sesmoreres.com\/fr\/blog\/wp-content\/uploads\/2026\/04\/Art-Week-de-Menorca-02.jpeg 1200w\" data-sizes=\"(max-width: 225px) 100vw, 225px\" src=\"data:image\/svg+xml;base64,PHN2ZyB3aWR0aD0iMSIgaGVpZ2h0PSIxIiB4bWxucz0iaHR0cDovL3d3dy53My5vcmcvMjAwMC9zdmciPjwvc3ZnPg==\" style=\"--smush-placeholder-width: 225px; --smush-placeholder-aspect-ratio: 225\/300;\" \/><\/td>\n<td><img decoding=\"async\" class=\"size-medium wp-image-1955 lazyload\" data-src=\"https:\/\/www.sesmoreres.com\/fr\/blog\/wp-content\/uploads\/2026\/04\/Art-Week-de-Menorca-225x300.jpeg\" alt=\"\u00e0 Minorque : galeries, artistes \u00e9mergents et nouvelle mani\u00e8re de vivre\" width=\"225\" height=\"300\" data-srcset=\"https:\/\/www.sesmoreres.com\/fr\/blog\/wp-content\/uploads\/2026\/04\/Art-Week-de-Menorca-225x300.jpeg 225w, https:\/\/www.sesmoreres.com\/fr\/blog\/wp-content\/uploads\/2026\/04\/Art-Week-de-Menorca-768x1024.jpeg 768w, https:\/\/www.sesmoreres.com\/fr\/blog\/wp-content\/uploads\/2026\/04\/Art-Week-de-Menorca-1152x1536.jpeg 1152w, https:\/\/www.sesmoreres.com\/fr\/blog\/wp-content\/uploads\/2026\/04\/Art-Week-de-Menorca.jpeg 1200w\" data-sizes=\"(max-width: 225px) 100vw, 225px\" src=\"data:image\/svg+xml;base64,PHN2ZyB3aWR0aD0iMSIgaGVpZ2h0PSIxIiB4bWxucz0iaHR0cDovL3d3dy53My5vcmcvMjAwMC9zdmciPjwvc3ZnPg==\" style=\"--smush-placeholder-width: 225px; --smush-placeholder-aspect-ratio: 225\/300;\" \/><\/td>\n<\/tr>\n<\/tbody>\n<\/table>\n<h2 data-section-id=\"lqaj7a\" data-start=\"3096\" data-end=\"3127\">Au-del\u00e0 de l\u2019institutionnel<\/h2>\n<p data-start=\"3129\" data-end=\"3298\">Si <a href=\"https:\/\/menorca.hauserwirth.com\/\"><span class=\"hover:entity-accent entity-underline inline cursor-pointer align-baseline\"><span class=\"whitespace-normal\">Hauser &amp; Wirth Menorca<\/span><\/span><\/a> place Minorque sur la carte mondiale, des initiatives comme l\u2019Art Week accomplissent quelque chose de tout aussi important : elles construisent une sc\u00e8ne depuis la base.<\/p>\n<p data-start=\"3300\" data-end=\"3528\">Ce sont des projets plus fragiles, moins visibles \u00e0 l\u2019international, mais beaucoup plus vivants. Et, surtout, ils sont directement connect\u00e9s au territoire et \u00e0 une g\u00e9n\u00e9ration d\u2019artistes qui n\u2019attendent pas de validation ext\u00e9rieure pour commencer \u00e0 cr\u00e9er.<\/p>\n<p data-start=\"3530\" data-end=\"3652\">Cet \u00e9quilibre entre l\u2019institutionnel et l\u2019ind\u00e9pendant est ce qui donne de la solidit\u00e9 au mouvement artistique de l\u2019\u00eele.<\/p>\n<h2 data-section-id=\"1xbeacx\" data-start=\"3654\" data-end=\"3702\">Un nouveau profil de visiteur et d\u2019acheteur<\/h2>\n<p data-start=\"3704\" data-end=\"3867\">Cette \u00e9volution culturelle attire un type de visiteur diff\u00e9rent :<br data-start=\"3773\" data-end=\"3776\" \/>plus inform\u00e9, plus exigeant et anim\u00e9 d\u2019un v\u00e9ritable int\u00e9r\u00eat pour l\u2019art, l\u2019architecture et le design.<\/p>\n<p data-start=\"3869\" data-end=\"3916\">Il ne vient pas seulement pour d\u00e9connecter. Il vient pour d\u00e9couvrir.<\/p>\n<p data-start=\"3918\" data-end=\"3948\">Et, dans de nombreux cas, pour rester.<\/p>\n<p data-start=\"3950\" data-end=\"4188\">L\u2019art agit comme un catalyseur qui \u00e9l\u00e8ve la perception de l\u2019\u00eele et, avec elle, la valeur de son immobilier. Car lorsqu\u2019un territoire se positionne culturellement, il cesse de rivaliser par les prix et commence \u00e0 rivaliser par l\u2019identit\u00e9.<\/p>\n<h2 data-section-id=\"1lg4de\" data-start=\"4190\" data-end=\"4233\">Minorque face au contexte international<\/h2>\n<p data-start=\"4235\" data-end=\"4440\">Alors que d\u2019autres zones de la M\u00e9diterran\u00e9e continuent de miser sur un mod\u00e8le touristique intensif, Minorque construit quelque chose de plus sophistiqu\u00e9 : un \u00e9quilibre entre nature, patrimoine et culture contemporaine.<\/p>\n<p data-start=\"4442\" data-end=\"4734\">M\u00eame \u00e0 l\u2019\u00e9chelle des Bal\u00e9ares, le mouvement est \u00e9vident. Des \u00e9v\u00e9nements r\u00e9cents comme <a href=\"https:\/\/www.artcologne.com\/palma\/\"><span class=\"hover:entity-accent entity-underline inline cursor-pointer align-baseline\"><span class=\"whitespace-normal\">Art Cologne Palma Mallorca<\/span><\/span><\/a> cherchent \u00e0 positionner les \u00eeles comme des r\u00e9f\u00e9rences internationales de l\u2019art contemporain, mais Minorque a une longueur d\u2019avance : authenticit\u00e9, \u00e9chelle humaine et un r\u00e9cit beaucoup plus coh\u00e9rent.<\/p>\n<p data-start=\"4736\" data-end=\"4788\">Ici, l\u2019art n\u2019est pas d\u00e9coratif. Il fait partie du paysage.<\/p>\n<h2 data-section-id=\"vjs0tc\" data-start=\"4790\" data-end=\"4836\">L\u2019art comme nouvelle mani\u00e8re d\u2019habiter l\u2019\u00eele<\/h2>\n<p data-start=\"4838\" data-end=\"4863\">La cl\u00e9 se trouve peut-\u00eatre ici.<\/p>\n<p data-start=\"4865\" data-end=\"4990\">Minorque n\u2019est pas en train de devenir \u00ab une \u00eele avec de l\u2019art \u00bb.<br data-start=\"4920\" data-end=\"4923\" \/>Elle est en train de devenir une \u00eele qui se comprend \u00e0 travers l\u2019art.<\/p>\n<p data-start=\"4992\" data-end=\"5120\">Les maisons, les espaces, l\u2019architecture, jusqu\u2019\u00e0 la mani\u00e8re de vivre\u2026 tout commence \u00e0 dialoguer avec une sensibilit\u00e9 contemporaine.<\/p>\n<p data-start=\"5122\" data-end=\"5179\">Et cela transforme compl\u00e8tement l\u2019exp\u00e9rience de celui qui arrive.<\/p>\n<hr data-start=\"5181\" data-end=\"5184\" \/>\n<h2 data-section-id=\"8dqre\" data-start=\"5186\" data-end=\"5199\">Conclusion<\/h2>\n<p data-start=\"5201\" data-end=\"5267\">Minorque n\u2019est plus seulement un refuge.<br data-start=\"5234\" data-end=\"5237\" \/>C\u2019est un lieu o\u00f9 quelque chose se passe.<\/p>\n<p data-start=\"5269\" data-end=\"5413\">Un territoire o\u00f9 l\u2019art contemporain n\u2019est pas un compl\u00e9ment, mais un moteur qui red\u00e9finit son identit\u00e9 et la projette vers le monde.<\/p>\n<p data-start=\"5415\" data-end=\"5458\">Et probablement, ce n\u2019est que le d\u00e9but.<\/p>\n<p data-start=\"5415\" data-end=\"5458\">Vivre l\u2019art. Vivre <span class=\"hover:entity-accent entity-underline inline cursor-pointer align-baseline\"><span class=\"whitespace-normal\">Minorque<\/span><\/span>. <a class=\"decorated-link cursor-pointer\" href=\"https:\/\/www.sesmoreres.com\/fr\/\" target=\"_new\" rel=\"noopener\" data-start=\"187\" data-end=\"206\">www.sesmoreres.com<\/a><\/p>\n","protected":false},"excerpt":{"rendered":"<p>Pendant des d\u00e9cennies, Minorque a \u00e9t\u00e9 synonyme de calme, de paysage et d\u2019authenticit\u00e9. Aujourd\u2019hui, sans perdre cette essence, l\u2019\u00eele conna\u00eet une transformation silencieuse mais profonde : elle s\u2019impose comme l\u2019une des destinations les plus int\u00e9ressantes de l\u2019art contemporain en M\u00e9diterran\u00e9e. &hellip; <a href=\"https:\/\/www.sesmoreres.com\/fr\/blog\/art-contemporain-a-minorque-l-ile-qui-devient-une-reference-internationale\/\">Lire la suite\u00ad\u00ad<\/a><\/p>\n","protected":false},"author":6,"featured_media":1954,"comment_status":"open","ping_status":"open","sticky":false,"template":"","format":"standard","meta":{"footnotes":""},"categories":[815],"tags":[793,1006,1005],"class_list":["post-1953","post","type-post","status-publish","format-standard","has-post-thumbnail","hentry","category-minorque","tag-art","tag-art-contemporain-a-minorque","tag-galeries"],"yoast_head":"<!-- This site is optimized with the Yoast SEO plugin v27.3 - https:\/\/yoast.com\/product\/yoast-seo-wordpress\/ -->\n<title>Art contemporain \u00e0 Minorque : l\u2019\u00eele qui devient une r\u00e9f\u00e9rence internationale - Blog sur Minorque - Ses Moreres<\/title>\n<meta name=\"description\" content=\"Explorez l\u2019essor de l\u2019art contemporain \u00e0 Minorque : galeries, artistes \u00e9mergents et nouvelle mani\u00e8re de vivre l\u2019\u00eele, qui attire des acheteurs internationaux.\" \/>\n<meta name=\"robots\" content=\"index, follow, max-snippet:-1, max-image-preview:large, max-video-preview:-1\" \/>\n<link rel=\"canonical\" href=\"https:\/\/www.sesmoreres.com\/fr\/blog\/art-contemporain-a-minorque-l-ile-qui-devient-une-reference-internationale\/\" \/>\n<meta property=\"og:locale\" content=\"fr_FR\" \/>\n<meta property=\"og:type\" content=\"article\" \/>\n<meta property=\"og:title\" content=\"Art contemporain \u00e0 Minorque : l\u2019\u00eele qui devient une r\u00e9f\u00e9rence internationale - Blog sur Minorque - Ses Moreres\" \/>\n<meta property=\"og:description\" content=\"Explorez l\u2019essor de l\u2019art contemporain \u00e0 Minorque : galeries, artistes \u00e9mergents et nouvelle mani\u00e8re de vivre l\u2019\u00eele, qui attire des acheteurs internationaux.\" \/>\n<meta property=\"og:url\" content=\"https:\/\/www.sesmoreres.com\/fr\/blog\/art-contemporain-a-minorque-l-ile-qui-devient-une-reference-internationale\/\" \/>\n<meta property=\"og:site_name\" content=\"Blog sur Minorque - Ses Moreres\" \/>\n<meta property=\"article:published_time\" content=\"2026-04-24T10:42:55+00:00\" \/>\n<meta property=\"og:image\" content=\"https:\/\/www.sesmoreres.com\/fr\/blog\/wp-content\/uploads\/2026\/04\/art-contemporain-a-minorque.jpeg\" \/>\n\t<meta property=\"og:image:width\" content=\"1024\" \/>\n\t<meta property=\"og:image:height\" content=\"1536\" \/>\n\t<meta property=\"og:image:type\" content=\"image\/jpeg\" \/>\n<meta name=\"author\" content=\"Gustavo Taboada\" \/>\n<meta name=\"twitter:card\" content=\"summary_large_image\" \/>\n<meta name=\"twitter:label1\" content=\"\u00c9crit par\" \/>\n\t<meta name=\"twitter:data1\" content=\"Gustavo Taboada\" \/>\n\t<meta name=\"twitter:label2\" content=\"Dur\u00e9e de lecture estim\u00e9e\" \/>\n\t<meta name=\"twitter:data2\" content=\"5 minutes\" \/>\n<script type=\"application\/ld+json\" class=\"yoast-schema-graph\">{\"@context\":\"https:\\\/\\\/schema.org\",\"@graph\":[{\"@type\":\"Article\",\"@id\":\"https:\\\/\\\/www.sesmoreres.com\\\/fr\\\/blog\\\/art-contemporain-a-minorque-l-ile-qui-devient-une-reference-internationale\\\/#article\",\"isPartOf\":{\"@id\":\"https:\\\/\\\/www.sesmoreres.com\\\/fr\\\/blog\\\/art-contemporain-a-minorque-l-ile-qui-devient-une-reference-internationale\\\/\"},\"author\":{\"name\":\"Gustavo Taboada\",\"@id\":\"https:\\\/\\\/www.sesmoreres.com\\\/fr\\\/blog\\\/#\\\/schema\\\/person\\\/59709c295f35631caaed4ae15c278e5d\"},\"headline\":\"Art contemporain \u00e0 Minorque : l\u2019\u00eele qui devient une r\u00e9f\u00e9rence internationale\",\"datePublished\":\"2026-04-24T10:42:55+00:00\",\"mainEntityOfPage\":{\"@id\":\"https:\\\/\\\/www.sesmoreres.com\\\/fr\\\/blog\\\/art-contemporain-a-minorque-l-ile-qui-devient-une-reference-internationale\\\/\"},\"wordCount\":959,\"commentCount\":0,\"image\":{\"@id\":\"https:\\\/\\\/www.sesmoreres.com\\\/fr\\\/blog\\\/art-contemporain-a-minorque-l-ile-qui-devient-une-reference-internationale\\\/#primaryimage\"},\"thumbnailUrl\":\"https:\\\/\\\/www.sesmoreres.com\\\/fr\\\/blog\\\/wp-content\\\/uploads\\\/2026\\\/04\\\/art-contemporain-a-minorque.jpeg\",\"keywords\":[\"Art\",\"art-contemporain-a-minorque\",\"galeries\"],\"articleSection\":[\"Minorque\"],\"inLanguage\":\"fr-FR\",\"potentialAction\":[{\"@type\":\"CommentAction\",\"name\":\"Comment\",\"target\":[\"https:\\\/\\\/www.sesmoreres.com\\\/fr\\\/blog\\\/art-contemporain-a-minorque-l-ile-qui-devient-une-reference-internationale\\\/#respond\"]}]},{\"@type\":\"WebPage\",\"@id\":\"https:\\\/\\\/www.sesmoreres.com\\\/fr\\\/blog\\\/art-contemporain-a-minorque-l-ile-qui-devient-une-reference-internationale\\\/\",\"url\":\"https:\\\/\\\/www.sesmoreres.com\\\/fr\\\/blog\\\/art-contemporain-a-minorque-l-ile-qui-devient-une-reference-internationale\\\/\",\"name\":\"Art contemporain \u00e0 Minorque : l\u2019\u00eele qui devient une r\u00e9f\u00e9rence internationale - Blog sur Minorque - Ses Moreres\",\"isPartOf\":{\"@id\":\"https:\\\/\\\/www.sesmoreres.com\\\/fr\\\/blog\\\/#website\"},\"primaryImageOfPage\":{\"@id\":\"https:\\\/\\\/www.sesmoreres.com\\\/fr\\\/blog\\\/art-contemporain-a-minorque-l-ile-qui-devient-une-reference-internationale\\\/#primaryimage\"},\"image\":{\"@id\":\"https:\\\/\\\/www.sesmoreres.com\\\/fr\\\/blog\\\/art-contemporain-a-minorque-l-ile-qui-devient-une-reference-internationale\\\/#primaryimage\"},\"thumbnailUrl\":\"https:\\\/\\\/www.sesmoreres.com\\\/fr\\\/blog\\\/wp-content\\\/uploads\\\/2026\\\/04\\\/art-contemporain-a-minorque.jpeg\",\"datePublished\":\"2026-04-24T10:42:55+00:00\",\"author\":{\"@id\":\"https:\\\/\\\/www.sesmoreres.com\\\/fr\\\/blog\\\/#\\\/schema\\\/person\\\/59709c295f35631caaed4ae15c278e5d\"},\"description\":\"Explorez l\u2019essor de l\u2019art contemporain \u00e0 Minorque : galeries, artistes \u00e9mergents et nouvelle mani\u00e8re de vivre l\u2019\u00eele, qui attire des acheteurs internationaux.\",\"breadcrumb\":{\"@id\":\"https:\\\/\\\/www.sesmoreres.com\\\/fr\\\/blog\\\/art-contemporain-a-minorque-l-ile-qui-devient-une-reference-internationale\\\/#breadcrumb\"},\"inLanguage\":\"fr-FR\",\"potentialAction\":[{\"@type\":\"ReadAction\",\"target\":[\"https:\\\/\\\/www.sesmoreres.com\\\/fr\\\/blog\\\/art-contemporain-a-minorque-l-ile-qui-devient-une-reference-internationale\\\/\"]}]},{\"@type\":\"ImageObject\",\"inLanguage\":\"fr-FR\",\"@id\":\"https:\\\/\\\/www.sesmoreres.com\\\/fr\\\/blog\\\/art-contemporain-a-minorque-l-ile-qui-devient-une-reference-internationale\\\/#primaryimage\",\"url\":\"https:\\\/\\\/www.sesmoreres.com\\\/fr\\\/blog\\\/wp-content\\\/uploads\\\/2026\\\/04\\\/art-contemporain-a-minorque.jpeg\",\"contentUrl\":\"https:\\\/\\\/www.sesmoreres.com\\\/fr\\\/blog\\\/wp-content\\\/uploads\\\/2026\\\/04\\\/art-contemporain-a-minorque.jpeg\",\"width\":1024,\"height\":1536,\"caption\":\"Explorez l\u2019essor de l\u2019art contemporain \u00e0 Minorque\"},{\"@type\":\"BreadcrumbList\",\"@id\":\"https:\\\/\\\/www.sesmoreres.com\\\/fr\\\/blog\\\/art-contemporain-a-minorque-l-ile-qui-devient-une-reference-internationale\\\/#breadcrumb\",\"itemListElement\":[{\"@type\":\"ListItem\",\"position\":1,\"name\":\"Portada\",\"item\":\"https:\\\/\\\/www.sesmoreres.com\\\/fr\\\/blog\\\/\"},{\"@type\":\"ListItem\",\"position\":2,\"name\":\"Art contemporain \u00e0 Minorque : l\u2019\u00eele qui devient une r\u00e9f\u00e9rence internationale\"}]},{\"@type\":\"WebSite\",\"@id\":\"https:\\\/\\\/www.sesmoreres.com\\\/fr\\\/blog\\\/#website\",\"url\":\"https:\\\/\\\/www.sesmoreres.com\\\/fr\\\/blog\\\/\",\"name\":\"Blog sur Minorque - Ses Moreres\",\"description\":\"Immobili\u00e8res \u00e0 Minorque - Leader dans la vente de propri\u00e9t\u00e9s de luxe Fermes rustiques, maisons de campagne, chalets, terrains\",\"potentialAction\":[{\"@type\":\"SearchAction\",\"target\":{\"@type\":\"EntryPoint\",\"urlTemplate\":\"https:\\\/\\\/www.sesmoreres.com\\\/fr\\\/blog\\\/?s={search_term_string}\"},\"query-input\":{\"@type\":\"PropertyValueSpecification\",\"valueRequired\":true,\"valueName\":\"search_term_string\"}}],\"inLanguage\":\"fr-FR\"},{\"@type\":\"Person\",\"@id\":\"https:\\\/\\\/www.sesmoreres.com\\\/fr\\\/blog\\\/#\\\/schema\\\/person\\\/59709c295f35631caaed4ae15c278e5d\",\"name\":\"Gustavo Taboada\",\"image\":{\"@type\":\"ImageObject\",\"inLanguage\":\"fr-FR\",\"@id\":\"https:\\\/\\\/secure.gravatar.com\\\/avatar\\\/3ccbd5a7e12a4c7eeba203d071c5597afe0897ae6421977a46b52d5141848077?s=96&d=mm&r=g\",\"url\":\"https:\\\/\\\/secure.gravatar.com\\\/avatar\\\/3ccbd5a7e12a4c7eeba203d071c5597afe0897ae6421977a46b52d5141848077?s=96&d=mm&r=g\",\"contentUrl\":\"https:\\\/\\\/secure.gravatar.com\\\/avatar\\\/3ccbd5a7e12a4c7eeba203d071c5597afe0897ae6421977a46b52d5141848077?s=96&d=mm&r=g\",\"caption\":\"Gustavo Taboada\"},\"url\":\"https:\\\/\\\/www.sesmoreres.com\\\/fr\\\/blog\\\/author\\\/gustavo\\\/\"}]}<\/script>\n<!-- \/ Yoast SEO plugin. -->","yoast_head_json":{"title":"Art contemporain \u00e0 Minorque : l\u2019\u00eele qui devient une r\u00e9f\u00e9rence internationale - Blog sur Minorque - Ses Moreres","description":"Explorez l\u2019essor de l\u2019art contemporain \u00e0 Minorque : galeries, artistes \u00e9mergents et nouvelle mani\u00e8re de vivre l\u2019\u00eele, qui attire des acheteurs internationaux.","robots":{"index":"index","follow":"follow","max-snippet":"max-snippet:-1","max-image-preview":"max-image-preview:large","max-video-preview":"max-video-preview:-1"},"canonical":"https:\/\/www.sesmoreres.com\/fr\/blog\/art-contemporain-a-minorque-l-ile-qui-devient-une-reference-internationale\/","og_locale":"fr_FR","og_type":"article","og_title":"Art contemporain \u00e0 Minorque : l\u2019\u00eele qui devient une r\u00e9f\u00e9rence internationale - Blog sur Minorque - Ses Moreres","og_description":"Explorez l\u2019essor de l\u2019art contemporain \u00e0 Minorque : galeries, artistes \u00e9mergents et nouvelle mani\u00e8re de vivre l\u2019\u00eele, qui attire des acheteurs internationaux.","og_url":"https:\/\/www.sesmoreres.com\/fr\/blog\/art-contemporain-a-minorque-l-ile-qui-devient-une-reference-internationale\/","og_site_name":"Blog sur Minorque - Ses Moreres","article_published_time":"2026-04-24T10:42:55+00:00","og_image":[{"width":1024,"height":1536,"url":"https:\/\/www.sesmoreres.com\/fr\/blog\/wp-content\/uploads\/2026\/04\/art-contemporain-a-minorque.jpeg","type":"image\/jpeg"}],"author":"Gustavo Taboada","twitter_card":"summary_large_image","twitter_misc":{"\u00c9crit par":"Gustavo Taboada","Dur\u00e9e de lecture estim\u00e9e":"5 minutes"},"schema":{"@context":"https:\/\/schema.org","@graph":[{"@type":"Article","@id":"https:\/\/www.sesmoreres.com\/fr\/blog\/art-contemporain-a-minorque-l-ile-qui-devient-une-reference-internationale\/#article","isPartOf":{"@id":"https:\/\/www.sesmoreres.com\/fr\/blog\/art-contemporain-a-minorque-l-ile-qui-devient-une-reference-internationale\/"},"author":{"name":"Gustavo Taboada","@id":"https:\/\/www.sesmoreres.com\/fr\/blog\/#\/schema\/person\/59709c295f35631caaed4ae15c278e5d"},"headline":"Art contemporain \u00e0 Minorque : l\u2019\u00eele qui devient une r\u00e9f\u00e9rence internationale","datePublished":"2026-04-24T10:42:55+00:00","mainEntityOfPage":{"@id":"https:\/\/www.sesmoreres.com\/fr\/blog\/art-contemporain-a-minorque-l-ile-qui-devient-une-reference-internationale\/"},"wordCount":959,"commentCount":0,"image":{"@id":"https:\/\/www.sesmoreres.com\/fr\/blog\/art-contemporain-a-minorque-l-ile-qui-devient-une-reference-internationale\/#primaryimage"},"thumbnailUrl":"https:\/\/www.sesmoreres.com\/fr\/blog\/wp-content\/uploads\/2026\/04\/art-contemporain-a-minorque.jpeg","keywords":["Art","art-contemporain-a-minorque","galeries"],"articleSection":["Minorque"],"inLanguage":"fr-FR","potentialAction":[{"@type":"CommentAction","name":"Comment","target":["https:\/\/www.sesmoreres.com\/fr\/blog\/art-contemporain-a-minorque-l-ile-qui-devient-une-reference-internationale\/#respond"]}]},{"@type":"WebPage","@id":"https:\/\/www.sesmoreres.com\/fr\/blog\/art-contemporain-a-minorque-l-ile-qui-devient-une-reference-internationale\/","url":"https:\/\/www.sesmoreres.com\/fr\/blog\/art-contemporain-a-minorque-l-ile-qui-devient-une-reference-internationale\/","name":"Art contemporain \u00e0 Minorque : l\u2019\u00eele qui devient une r\u00e9f\u00e9rence internationale - Blog sur Minorque - Ses Moreres","isPartOf":{"@id":"https:\/\/www.sesmoreres.com\/fr\/blog\/#website"},"primaryImageOfPage":{"@id":"https:\/\/www.sesmoreres.com\/fr\/blog\/art-contemporain-a-minorque-l-ile-qui-devient-une-reference-internationale\/#primaryimage"},"image":{"@id":"https:\/\/www.sesmoreres.com\/fr\/blog\/art-contemporain-a-minorque-l-ile-qui-devient-une-reference-internationale\/#primaryimage"},"thumbnailUrl":"https:\/\/www.sesmoreres.com\/fr\/blog\/wp-content\/uploads\/2026\/04\/art-contemporain-a-minorque.jpeg","datePublished":"2026-04-24T10:42:55+00:00","author":{"@id":"https:\/\/www.sesmoreres.com\/fr\/blog\/#\/schema\/person\/59709c295f35631caaed4ae15c278e5d"},"description":"Explorez l\u2019essor de l\u2019art contemporain \u00e0 Minorque : galeries, artistes \u00e9mergents et nouvelle mani\u00e8re de vivre l\u2019\u00eele, qui attire des acheteurs internationaux.","breadcrumb":{"@id":"https:\/\/www.sesmoreres.com\/fr\/blog\/art-contemporain-a-minorque-l-ile-qui-devient-une-reference-internationale\/#breadcrumb"},"inLanguage":"fr-FR","potentialAction":[{"@type":"ReadAction","target":["https:\/\/www.sesmoreres.com\/fr\/blog\/art-contemporain-a-minorque-l-ile-qui-devient-une-reference-internationale\/"]}]},{"@type":"ImageObject","inLanguage":"fr-FR","@id":"https:\/\/www.sesmoreres.com\/fr\/blog\/art-contemporain-a-minorque-l-ile-qui-devient-une-reference-internationale\/#primaryimage","url":"https:\/\/www.sesmoreres.com\/fr\/blog\/wp-content\/uploads\/2026\/04\/art-contemporain-a-minorque.jpeg","contentUrl":"https:\/\/www.sesmoreres.com\/fr\/blog\/wp-content\/uploads\/2026\/04\/art-contemporain-a-minorque.jpeg","width":1024,"height":1536,"caption":"Explorez l\u2019essor de l\u2019art contemporain \u00e0 Minorque"},{"@type":"BreadcrumbList","@id":"https:\/\/www.sesmoreres.com\/fr\/blog\/art-contemporain-a-minorque-l-ile-qui-devient-une-reference-internationale\/#breadcrumb","itemListElement":[{"@type":"ListItem","position":1,"name":"Portada","item":"https:\/\/www.sesmoreres.com\/fr\/blog\/"},{"@type":"ListItem","position":2,"name":"Art contemporain \u00e0 Minorque : l\u2019\u00eele qui devient une r\u00e9f\u00e9rence internationale"}]},{"@type":"WebSite","@id":"https:\/\/www.sesmoreres.com\/fr\/blog\/#website","url":"https:\/\/www.sesmoreres.com\/fr\/blog\/","name":"Blog sur Minorque - Ses Moreres","description":"Immobili\u00e8res \u00e0 Minorque - Leader dans la vente de propri\u00e9t\u00e9s de luxe Fermes rustiques, maisons de campagne, chalets, terrains","potentialAction":[{"@type":"SearchAction","target":{"@type":"EntryPoint","urlTemplate":"https:\/\/www.sesmoreres.com\/fr\/blog\/?s={search_term_string}"},"query-input":{"@type":"PropertyValueSpecification","valueRequired":true,"valueName":"search_term_string"}}],"inLanguage":"fr-FR"},{"@type":"Person","@id":"https:\/\/www.sesmoreres.com\/fr\/blog\/#\/schema\/person\/59709c295f35631caaed4ae15c278e5d","name":"Gustavo Taboada","image":{"@type":"ImageObject","inLanguage":"fr-FR","@id":"https:\/\/secure.gravatar.com\/avatar\/3ccbd5a7e12a4c7eeba203d071c5597afe0897ae6421977a46b52d5141848077?s=96&d=mm&r=g","url":"https:\/\/secure.gravatar.com\/avatar\/3ccbd5a7e12a4c7eeba203d071c5597afe0897ae6421977a46b52d5141848077?s=96&d=mm&r=g","contentUrl":"https:\/\/secure.gravatar.com\/avatar\/3ccbd5a7e12a4c7eeba203d071c5597afe0897ae6421977a46b52d5141848077?s=96&d=mm&r=g","caption":"Gustavo Taboada"},"url":"https:\/\/www.sesmoreres.com\/fr\/blog\/author\/gustavo\/"}]}},"_links":{"self":[{"href":"https:\/\/www.sesmoreres.com\/fr\/blog\/wp-json\/wp\/v2\/posts\/1953","targetHints":{"allow":["GET"]}}],"collection":[{"href":"https:\/\/www.sesmoreres.com\/fr\/blog\/wp-json\/wp\/v2\/posts"}],"about":[{"href":"https:\/\/www.sesmoreres.com\/fr\/blog\/wp-json\/wp\/v2\/types\/post"}],"author":[{"embeddable":true,"href":"https:\/\/www.sesmoreres.com\/fr\/blog\/wp-json\/wp\/v2\/users\/6"}],"replies":[{"embeddable":true,"href":"https:\/\/www.sesmoreres.com\/fr\/blog\/wp-json\/wp\/v2\/comments?post=1953"}],"version-history":[{"count":1,"href":"https:\/\/www.sesmoreres.com\/fr\/blog\/wp-json\/wp\/v2\/posts\/1953\/revisions"}],"predecessor-version":[{"id":1958,"href":"https:\/\/www.sesmoreres.com\/fr\/blog\/wp-json\/wp\/v2\/posts\/1953\/revisions\/1958"}],"wp:featuredmedia":[{"embeddable":true,"href":"https:\/\/www.sesmoreres.com\/fr\/blog\/wp-json\/wp\/v2\/media\/1954"}],"wp:attachment":[{"href":"https:\/\/www.sesmoreres.com\/fr\/blog\/wp-json\/wp\/v2\/media?parent=1953"}],"wp:term":[{"taxonomy":"category","embeddable":true,"href":"https:\/\/www.sesmoreres.com\/fr\/blog\/wp-json\/wp\/v2\/categories?post=1953"},{"taxonomy":"post_tag","embeddable":true,"href":"https:\/\/www.sesmoreres.com\/fr\/blog\/wp-json\/wp\/v2\/tags?post=1953"}],"curies":[{"name":"wp","href":"https:\/\/api.w.org\/{rel}","templated":true}]}}