{"id":1939,"date":"2026-03-16T15:10:18","date_gmt":"2026-03-16T14:10:18","guid":{"rendered":"https:\/\/www.sesmoreres.com\/fr\/blog\/?p=1939"},"modified":"2026-03-16T15:19:40","modified_gmt":"2026-03-16T14:19:40","slug":"minorque-un-phare-entre-les-tempetes-du-monde","status":"publish","type":"post","link":"https:\/\/www.sesmoreres.com\/fr\/blog\/minorque-un-phare-entre-les-tempetes-du-monde\/","title":{"rendered":"Minorque : un phare entre les temp\u00eates du monde"},"content":{"rendered":"<p data-start=\"300\" data-end=\"483\">Pendant quelques ann\u00e9es, nous avons cru que la temp\u00eate \u00e9tait pass\u00e9e.<br data-start=\"358\" data-end=\"361\" \/>Que la pand\u00e9mie avait \u00e9t\u00e9 une anomalie historique, une parenth\u00e8se inconfortable dans un monde qui allait bient\u00f4t revenir \u00e0 la normale.<\/p>\n<p data-start=\"485\" data-end=\"595\">Mais le monde nous rappelle \u00e0 nouveau quelque chose qui, en r\u00e9alit\u00e9, a toujours \u00e9t\u00e9 l\u00e0 : <strong data-start=\"566\" data-end=\"594\">la stabilit\u00e9 est fragile<\/strong>.<\/p>\n<p data-start=\"597\" data-end=\"810\">Les informations parlent de conflits arm\u00e9s, de tensions entre pays, d\u2019incertitudes \u00e9conomiques. Chaque jour semble apporter une nouvelle raison de sentir que l\u2019\u00e9quilibre mondial est plus d\u00e9licat que nous ne l\u2019imaginions.<\/p>\n<p data-start=\"812\" data-end=\"1017\">Et c\u2019est pr\u00e9cis\u00e9ment dans des moments comme ceux-ci, lorsque les fondations de notre monde semblent se fissurer, que beaucoup de personnes commencent \u00e0 se poser une question qui, auparavant, aurait sembl\u00e9 exag\u00e9r\u00e9e ou absurde.<\/p>\n<p data-start=\"1019\" data-end=\"1094\">Ce n\u2019est pas une question d\u2019argent, ni de travail, ni m\u00eame de succ\u00e8s.<\/p>\n<p data-start=\"1096\" data-end=\"1131\">C\u2019est une question bien plus profonde.<\/p>\n<p data-start=\"1133\" data-end=\"1212\"><strong data-start=\"1133\" data-end=\"1167\">Que veux-je faire de ma vie\u00a0?<\/strong><br data-start=\"1167\" data-end=\"1170\" \/>Et, par extension : <strong data-start=\"1188\" data-end=\"1212\">o\u00f9 est-ce que je veux vivre\u00a0?<\/strong><\/p>\n<p data-start=\"1214\" data-end=\"1353\">Pendant des d\u00e9cennies, le march\u00e9 immobilier a tourn\u00e9 autour de concepts tr\u00e8s concrets : l\u2019emplacement, la superficie, le design, la rentabilit\u00e9.<\/p>\n<p data-start=\"1355\" data-end=\"1390\">Ce sont sans aucun doute des facteurs importants.<\/p>\n<p data-start=\"1392\" data-end=\"1484\">Mais lorsque le monde devient incertain, il y a quelque chose qui commence \u00e0 peser plus que tout le reste.<\/p>\n<p data-start=\"1486\" data-end=\"1510\"><strong data-start=\"1486\" data-end=\"1510\">La sensation de paix.<\/strong><\/p>\n<p data-start=\"1512\" data-end=\"1705\">Vivre dans un endroit o\u00f9 les choses suivent encore un rythme humain. O\u00f9 le paysage n\u2019est pas domin\u00e9 par le bruit constant des villes ni par la tension qui accompagne souvent la vie moderne.<\/p>\n<p data-start=\"1707\" data-end=\"1782\">Un endroit o\u00f9 il est encore possible d\u2019\u00e9couter le vent, la mer et le silence.<\/p>\n<p data-start=\"1784\" data-end=\"1838\">Un endroit o\u00f9 la s\u00e9curit\u00e9 reste quelque chose de naturel.<\/p>\n<p data-start=\"1840\" data-end=\"2023\">Tout au long de l\u2019histoire, lorsque les grandes villes deviennent trop intenses ou que le monde semble perdre sa stabilit\u00e9, les personnes ont toujours cherch\u00e9 quelque chose de semblable : <strong data-start=\"2011\" data-end=\"2022\">un refuge<\/strong>.<\/p>\n<p data-start=\"2025\" data-end=\"2136\">Un refuge dans des lieux plus calmes, plus naturels, plus simples.<br data-start=\"2089\" data-end=\"2092\" \/>Revenir, d\u2019une certaine mani\u00e8re, \u00e0 nos origines.<\/p>\n<p data-start=\"2138\" data-end=\"2199\">Les \u00eeles, curieusement, ont souvent jou\u00e9 ce r\u00f4le.<\/p>\n<p data-start=\"2201\" data-end=\"2310\">Non pas parce qu\u2019elles sont isol\u00e9es du monde, mais parce qu\u2019elles offrent quelque chose qui devient de plus en plus rare : <strong data-start=\"2295\" data-end=\"2309\">l\u2019\u00e9quilibre<\/strong>.<\/p>\n<p data-start=\"2312\" data-end=\"2343\">Minorque est l\u2019un de ces endroits.<\/p>\n<p data-start=\"2345\" data-end=\"2661\">Une \u00eele o\u00f9 la vie garde encore une \u00e9chelle humaine. O\u00f9 les paysages dominent toujours l\u2019horizon. O\u00f9 la nature marque le rythme des saisons et o\u00f9 le temps semble avancer avec une calme qui n\u2019existe presque plus ailleurs. Un endroit o\u00f9 les enfants peuvent encore jouer dans la rue sans danger.<\/p>\n<p data-start=\"2663\" data-end=\"2730\">Ceux qui arrivent ici pour la premi\u00e8re fois le ressentent g\u00e9n\u00e9ralement imm\u00e9diatement.<\/p>\n<p data-start=\"2732\" data-end=\"2835\">Ce n\u2019est pas seulement la mer, ni les criques cach\u00e9es, ni les champs ouverts qui s\u2019\u00e9tendent jusqu\u2019\u00e0 l\u2019horizon.<\/p>\n<p data-start=\"2837\" data-end=\"2869\">C\u2019est quelque chose de plus difficile \u00e0 expliquer.<\/p>\n<p><!-- INICIO --><\/p>\n<table style=\"width: 100%; border-collapse: collapse;\">\n<tbody>\n<tr>\n<td style=\"width: 200px; padding: 1;\"><img decoding=\"async\" style=\"--smush-placeholder-width: 200px; --smush-placeholder-aspect-ratio: 200\/300;width: 100%; height: auto;\" data-src=\"https:\/\/www.sesmoreres.com\/blog\/wp-content\/uploads\/2026\/03\/mesquida-200x300.jpg\" src=\"data:image\/svg+xml;base64,PHN2ZyB3aWR0aD0iMSIgaGVpZ2h0PSIxIiB4bWxucz0iaHR0cDovL3d3dy53My5vcmcvMjAwMC9zdmciPjwvc3ZnPg==\" class=\"lazyload\" \/><\/td>\n<td style=\"width: 200px; padding: 1;\"><video style=\"display: block; width: 100%; height: auto; object-fit: cover;\" src=\"https:\/\/www.sesmoreres.com\/blog\/wp-content\/uploads\/2026\/03\/00-calan-porter-menorca.mp4\" preload=\"auto\" autoplay=\"autoplay\" loop=\"loop\" muted=\"\" width=\"300\" height=\"150\"><br \/>\n<\/video><\/td>\n<td style=\"width: 200px; padding: 1;\"><img decoding=\"async\" style=\"--smush-placeholder-width: 200px; --smush-placeholder-aspect-ratio: 200\/300;width: 100%; height: auto;\" data-src=\"https:\/\/www.sesmoreres.com\/blog\/wp-content\/uploads\/2026\/03\/canutells-cristalino-200x300.jpg\" src=\"data:image\/svg+xml;base64,PHN2ZyB3aWR0aD0iMSIgaGVpZ2h0PSIxIiB4bWxucz0iaHR0cDovL3d3dy53My5vcmcvMjAwMC9zdmciPjwvc3ZnPg==\" class=\"lazyload\" \/><\/td>\n<\/tr>\n<\/tbody>\n<\/table>\n<p><!-- FIN --><\/p>\n<p data-start=\"2871\" data-end=\"2937\"><strong data-start=\"2871\" data-end=\"2937\">C\u2019est la sensation qu\u2019ici la vie conserve encore sa place.<\/strong><\/p>\n<p data-start=\"2939\" data-end=\"3167\">Alors que le monde va de plus en plus vite, Minorque maintient un mode de vie qui semble rappeler l\u2019essentiel : la valeur du silence, de la nature et d\u2019une tranquillit\u00e9 qui commence aujourd\u2019hui \u00e0 \u00eatre ressentie comme un v\u00e9ritable luxe.<\/p>\n<p data-start=\"3169\" data-end=\"3275\">Peut-\u00eatre est-ce pour cela que, ces derni\u00e8res ann\u00e9es, de plus en plus de personnes ont commenc\u00e9 \u00e0 regarder vers des endroits comme celui-ci.<\/p>\n<p data-start=\"3277\" data-end=\"3375\">Pas n\u00e9cessairement pour fuir le monde, mais pour trouver un endroit o\u00f9 vivre autrement.<\/p>\n<p data-start=\"3377\" data-end=\"3435\">Un endroit o\u00f9 le bruit de la plan\u00e8te arrive plus att\u00e9nu\u00e9.<\/p>\n<p data-start=\"3437\" data-end=\"3503\">Un endroit o\u00f9 la vie peut retrouver une \u00e9chelle plus humaine.<\/p>\n<p data-start=\"3505\" data-end=\"3589\">Car lorsque le monde devient incertain, il y a quelque chose que beaucoup de personnes red\u00e9couvrent.<\/p>\n<p data-start=\"3591\" data-end=\"3691\"><strong data-start=\"3591\" data-end=\"3691\">Que le v\u00e9ritable luxe n\u2019est plus la taille d\u2019une maison, mais la tranquillit\u00e9 de l\u2019endroit o\u00f9 elle se trouve.<\/strong><\/p>\n<p data-start=\"3693\" data-end=\"3750\">Que le v\u00e9ritable luxe ne se trouve pas toujours dans le spectaculaire.<\/p>\n<p data-start=\"3752\" data-end=\"3822\"><strong data-start=\"3752\" data-end=\"3822\">Parfois, le v\u00e9ritable luxe est simplement de pouvoir respirer calmement.<\/strong><\/p>\n<p data-start=\"3824\" data-end=\"3947\">Et, dans ce sens, Minorque reste, pour beaucoup, l\u2019un de ces rares endroits dans le monde o\u00f9 cette tranquillit\u00e9 existe encore.<\/p>\n<p data-start=\"3824\" data-end=\"3947\">Pour ceux qui sentent que le moment est venu de vivre autrement, notre site web permet de d\u00e9couvrir certaines des propri\u00e9t\u00e9s qui permettent aujourd\u2019hui de faire partie de cette \u00eele unique.<br data-start=\"599\" data-end=\"602\" \/><strong data-start=\"602\" data-end=\"624\"><a class=\"decorated-link\" href=\"http:\/\/www.sesmoreres.com\/fr\" target=\"_new\" rel=\"noopener\" data-start=\"604\" data-end=\"622\">www.sesmoreres.com<\/a><\/strong><\/p>\n<p><img decoding=\"async\" class=\"alignnone wp-image-3104 size-full lazyload\" data-src=\"https:\/\/www.sesmoreres.com\/blog\/wp-content\/uploads\/2026\/03\/Favaritx_con_olas-scaled.jpg\" alt=\"Favaritx Minorque avec vagues\" width=\"850\" height=\"478\" src=\"data:image\/svg+xml;base64,PHN2ZyB3aWR0aD0iMSIgaGVpZ2h0PSIxIiB4bWxucz0iaHR0cDovL3d3dy53My5vcmcvMjAwMC9zdmciPjwvc3ZnPg==\" style=\"--smush-placeholder-width: 850px; --smush-placeholder-aspect-ratio: 850\/478;\" \/><\/p>\n","protected":false},"excerpt":{"rendered":"<p>Pendant quelques ann\u00e9es, nous avons cru que la temp\u00eate \u00e9tait pass\u00e9e.Que la pand\u00e9mie avait \u00e9t\u00e9 une anomalie historique, une parenth\u00e8se inconfortable dans un monde qui allait bient\u00f4t revenir \u00e0 la normale. Mais le monde nous rappelle \u00e0 nouveau quelque chose &hellip; <a href=\"https:\/\/www.sesmoreres.com\/fr\/blog\/minorque-un-phare-entre-les-tempetes-du-monde\/\">Lire la suite\u00ad\u00ad<\/a><\/p>\n","protected":false},"author":6,"featured_media":1942,"comment_status":"open","ping_status":"open","sticky":false,"template":"","format":"standard","meta":{"footnotes":""},"categories":[815,832],"tags":[895],"class_list":["post-1939","post","type-post","status-publish","format-standard","has-post-thumbnail","hentry","category-minorque","category-vivre-a-minorque","tag-la-mer-de-minorque"],"yoast_head":"<!-- This site is optimized with the Yoast SEO plugin v27.3 - https:\/\/yoast.com\/product\/yoast-seo-wordpress\/ -->\n<title>Minorque : un phare entre les temp\u00eates du monde - Blog sur Minorque - Ses Moreres<\/title>\n<meta name=\"description\" content=\"Tandis que les tambours de guerre r\u00e9sonnent dans le monde, des lieux comme Minorque deviennent des refuges de plus en plus recherch\u00e9s pour vivre avec s\u00e9r\u00e9nit\u00e9.\" \/>\n<meta name=\"robots\" content=\"index, follow, max-snippet:-1, max-image-preview:large, max-video-preview:-1\" \/>\n<link rel=\"canonical\" href=\"https:\/\/www.sesmoreres.com\/fr\/blog\/minorque-un-phare-entre-les-tempetes-du-monde\/\" \/>\n<meta property=\"og:locale\" content=\"fr_FR\" \/>\n<meta property=\"og:type\" content=\"article\" \/>\n<meta property=\"og:title\" content=\"Minorque : un phare entre les temp\u00eates du monde - Blog sur Minorque - Ses Moreres\" \/>\n<meta property=\"og:description\" content=\"Tandis que les tambours de guerre r\u00e9sonnent dans le monde, des lieux comme Minorque deviennent des refuges de plus en plus recherch\u00e9s pour vivre avec s\u00e9r\u00e9nit\u00e9.\" \/>\n<meta property=\"og:url\" content=\"https:\/\/www.sesmoreres.com\/fr\/blog\/minorque-un-phare-entre-les-tempetes-du-monde\/\" \/>\n<meta property=\"og:site_name\" content=\"Blog sur Minorque - Ses Moreres\" \/>\n<meta property=\"article:published_time\" content=\"2026-03-16T14:10:18+00:00\" \/>\n<meta property=\"article:modified_time\" content=\"2026-03-16T14:19:40+00:00\" \/>\n<meta property=\"og:image\" content=\"https:\/\/www.sesmoreres.com\/fr\/blog\/wp-content\/uploads\/2026\/03\/favaritx-minorque-mer-agitee.jpg\" \/>\n\t<meta property=\"og:image:width\" content=\"2025\" \/>\n\t<meta property=\"og:image:height\" content=\"1139\" \/>\n\t<meta property=\"og:image:type\" content=\"image\/jpeg\" \/>\n<meta name=\"author\" content=\"Gustavo Taboada\" \/>\n<meta name=\"twitter:card\" content=\"summary_large_image\" \/>\n<meta name=\"twitter:label1\" content=\"\u00c9crit par\" \/>\n\t<meta name=\"twitter:data1\" content=\"Gustavo Taboada\" \/>\n\t<meta name=\"twitter:label2\" content=\"Dur\u00e9e de lecture estim\u00e9e\" \/>\n\t<meta name=\"twitter:data2\" content=\"5 minutes\" \/>\n<script type=\"application\/ld+json\" class=\"yoast-schema-graph\">{\"@context\":\"https:\\\/\\\/schema.org\",\"@graph\":[{\"@type\":\"Article\",\"@id\":\"https:\\\/\\\/www.sesmoreres.com\\\/fr\\\/blog\\\/minorque-un-phare-entre-les-tempetes-du-monde\\\/#article\",\"isPartOf\":{\"@id\":\"https:\\\/\\\/www.sesmoreres.com\\\/fr\\\/blog\\\/minorque-un-phare-entre-les-tempetes-du-monde\\\/\"},\"author\":{\"name\":\"Gustavo Taboada\",\"@id\":\"https:\\\/\\\/www.sesmoreres.com\\\/fr\\\/blog\\\/#\\\/schema\\\/person\\\/59709c295f35631caaed4ae15c278e5d\"},\"headline\":\"Minorque : un phare entre les temp\u00eates du monde\",\"datePublished\":\"2026-03-16T14:10:18+00:00\",\"dateModified\":\"2026-03-16T14:19:40+00:00\",\"mainEntityOfPage\":{\"@id\":\"https:\\\/\\\/www.sesmoreres.com\\\/fr\\\/blog\\\/minorque-un-phare-entre-les-tempetes-du-monde\\\/\"},\"wordCount\":730,\"commentCount\":0,\"image\":{\"@id\":\"https:\\\/\\\/www.sesmoreres.com\\\/fr\\\/blog\\\/minorque-un-phare-entre-les-tempetes-du-monde\\\/#primaryimage\"},\"thumbnailUrl\":\"https:\\\/\\\/www.sesmoreres.com\\\/fr\\\/blog\\\/wp-content\\\/uploads\\\/2026\\\/03\\\/favaritx-minorque-mer-agitee.jpg\",\"keywords\":[\"la mer de Minorque\"],\"articleSection\":[\"Minorque\",\"Vivre \u00e0 Minorque\"],\"inLanguage\":\"fr-FR\",\"potentialAction\":[{\"@type\":\"CommentAction\",\"name\":\"Comment\",\"target\":[\"https:\\\/\\\/www.sesmoreres.com\\\/fr\\\/blog\\\/minorque-un-phare-entre-les-tempetes-du-monde\\\/#respond\"]}]},{\"@type\":\"WebPage\",\"@id\":\"https:\\\/\\\/www.sesmoreres.com\\\/fr\\\/blog\\\/minorque-un-phare-entre-les-tempetes-du-monde\\\/\",\"url\":\"https:\\\/\\\/www.sesmoreres.com\\\/fr\\\/blog\\\/minorque-un-phare-entre-les-tempetes-du-monde\\\/\",\"name\":\"Minorque : un phare entre les temp\u00eates du monde - Blog sur Minorque - Ses Moreres\",\"isPartOf\":{\"@id\":\"https:\\\/\\\/www.sesmoreres.com\\\/fr\\\/blog\\\/#website\"},\"primaryImageOfPage\":{\"@id\":\"https:\\\/\\\/www.sesmoreres.com\\\/fr\\\/blog\\\/minorque-un-phare-entre-les-tempetes-du-monde\\\/#primaryimage\"},\"image\":{\"@id\":\"https:\\\/\\\/www.sesmoreres.com\\\/fr\\\/blog\\\/minorque-un-phare-entre-les-tempetes-du-monde\\\/#primaryimage\"},\"thumbnailUrl\":\"https:\\\/\\\/www.sesmoreres.com\\\/fr\\\/blog\\\/wp-content\\\/uploads\\\/2026\\\/03\\\/favaritx-minorque-mer-agitee.jpg\",\"datePublished\":\"2026-03-16T14:10:18+00:00\",\"dateModified\":\"2026-03-16T14:19:40+00:00\",\"author\":{\"@id\":\"https:\\\/\\\/www.sesmoreres.com\\\/fr\\\/blog\\\/#\\\/schema\\\/person\\\/59709c295f35631caaed4ae15c278e5d\"},\"description\":\"Tandis que les tambours de guerre r\u00e9sonnent dans le monde, des lieux comme Minorque deviennent des refuges de plus en plus recherch\u00e9s pour vivre avec s\u00e9r\u00e9nit\u00e9.\",\"breadcrumb\":{\"@id\":\"https:\\\/\\\/www.sesmoreres.com\\\/fr\\\/blog\\\/minorque-un-phare-entre-les-tempetes-du-monde\\\/#breadcrumb\"},\"inLanguage\":\"fr-FR\",\"potentialAction\":[{\"@type\":\"ReadAction\",\"target\":[\"https:\\\/\\\/www.sesmoreres.com\\\/fr\\\/blog\\\/minorque-un-phare-entre-les-tempetes-du-monde\\\/\"]}]},{\"@type\":\"ImageObject\",\"inLanguage\":\"fr-FR\",\"@id\":\"https:\\\/\\\/www.sesmoreres.com\\\/fr\\\/blog\\\/minorque-un-phare-entre-les-tempetes-du-monde\\\/#primaryimage\",\"url\":\"https:\\\/\\\/www.sesmoreres.com\\\/fr\\\/blog\\\/wp-content\\\/uploads\\\/2026\\\/03\\\/favaritx-minorque-mer-agitee.jpg\",\"contentUrl\":\"https:\\\/\\\/www.sesmoreres.com\\\/fr\\\/blog\\\/wp-content\\\/uploads\\\/2026\\\/03\\\/favaritx-minorque-mer-agitee.jpg\",\"width\":2025,\"height\":1139,\"caption\":\"Favaritx par mauvais temps, vagues de mer et mer agit\u00e9e\"},{\"@type\":\"BreadcrumbList\",\"@id\":\"https:\\\/\\\/www.sesmoreres.com\\\/fr\\\/blog\\\/minorque-un-phare-entre-les-tempetes-du-monde\\\/#breadcrumb\",\"itemListElement\":[{\"@type\":\"ListItem\",\"position\":1,\"name\":\"Portada\",\"item\":\"https:\\\/\\\/www.sesmoreres.com\\\/fr\\\/blog\\\/\"},{\"@type\":\"ListItem\",\"position\":2,\"name\":\"Minorque : un phare entre les temp\u00eates du monde\"}]},{\"@type\":\"WebSite\",\"@id\":\"https:\\\/\\\/www.sesmoreres.com\\\/fr\\\/blog\\\/#website\",\"url\":\"https:\\\/\\\/www.sesmoreres.com\\\/fr\\\/blog\\\/\",\"name\":\"Blog sur Minorque - Ses Moreres\",\"description\":\"Immobili\u00e8res \u00e0 Minorque - Leader dans la vente de propri\u00e9t\u00e9s de luxe Fermes rustiques, maisons de campagne, chalets, terrains\",\"potentialAction\":[{\"@type\":\"SearchAction\",\"target\":{\"@type\":\"EntryPoint\",\"urlTemplate\":\"https:\\\/\\\/www.sesmoreres.com\\\/fr\\\/blog\\\/?s={search_term_string}\"},\"query-input\":{\"@type\":\"PropertyValueSpecification\",\"valueRequired\":true,\"valueName\":\"search_term_string\"}}],\"inLanguage\":\"fr-FR\"},{\"@type\":\"Person\",\"@id\":\"https:\\\/\\\/www.sesmoreres.com\\\/fr\\\/blog\\\/#\\\/schema\\\/person\\\/59709c295f35631caaed4ae15c278e5d\",\"name\":\"Gustavo Taboada\",\"image\":{\"@type\":\"ImageObject\",\"inLanguage\":\"fr-FR\",\"@id\":\"https:\\\/\\\/secure.gravatar.com\\\/avatar\\\/3ccbd5a7e12a4c7eeba203d071c5597afe0897ae6421977a46b52d5141848077?s=96&d=mm&r=g\",\"url\":\"https:\\\/\\\/secure.gravatar.com\\\/avatar\\\/3ccbd5a7e12a4c7eeba203d071c5597afe0897ae6421977a46b52d5141848077?s=96&d=mm&r=g\",\"contentUrl\":\"https:\\\/\\\/secure.gravatar.com\\\/avatar\\\/3ccbd5a7e12a4c7eeba203d071c5597afe0897ae6421977a46b52d5141848077?s=96&d=mm&r=g\",\"caption\":\"Gustavo Taboada\"},\"url\":\"https:\\\/\\\/www.sesmoreres.com\\\/fr\\\/blog\\\/author\\\/gustavo\\\/\"}]}<\/script>\n<!-- \/ Yoast SEO plugin. -->","yoast_head_json":{"title":"Minorque : un phare entre les temp\u00eates du monde - Blog sur Minorque - Ses Moreres","description":"Tandis que les tambours de guerre r\u00e9sonnent dans le monde, des lieux comme Minorque deviennent des refuges de plus en plus recherch\u00e9s pour vivre avec s\u00e9r\u00e9nit\u00e9.","robots":{"index":"index","follow":"follow","max-snippet":"max-snippet:-1","max-image-preview":"max-image-preview:large","max-video-preview":"max-video-preview:-1"},"canonical":"https:\/\/www.sesmoreres.com\/fr\/blog\/minorque-un-phare-entre-les-tempetes-du-monde\/","og_locale":"fr_FR","og_type":"article","og_title":"Minorque : un phare entre les temp\u00eates du monde - Blog sur Minorque - Ses Moreres","og_description":"Tandis que les tambours de guerre r\u00e9sonnent dans le monde, des lieux comme Minorque deviennent des refuges de plus en plus recherch\u00e9s pour vivre avec s\u00e9r\u00e9nit\u00e9.","og_url":"https:\/\/www.sesmoreres.com\/fr\/blog\/minorque-un-phare-entre-les-tempetes-du-monde\/","og_site_name":"Blog sur Minorque - Ses Moreres","article_published_time":"2026-03-16T14:10:18+00:00","article_modified_time":"2026-03-16T14:19:40+00:00","og_image":[{"width":2025,"height":1139,"url":"https:\/\/www.sesmoreres.com\/fr\/blog\/wp-content\/uploads\/2026\/03\/favaritx-minorque-mer-agitee.jpg","type":"image\/jpeg"}],"author":"Gustavo Taboada","twitter_card":"summary_large_image","twitter_misc":{"\u00c9crit par":"Gustavo Taboada","Dur\u00e9e de lecture estim\u00e9e":"5 minutes"},"schema":{"@context":"https:\/\/schema.org","@graph":[{"@type":"Article","@id":"https:\/\/www.sesmoreres.com\/fr\/blog\/minorque-un-phare-entre-les-tempetes-du-monde\/#article","isPartOf":{"@id":"https:\/\/www.sesmoreres.com\/fr\/blog\/minorque-un-phare-entre-les-tempetes-du-monde\/"},"author":{"name":"Gustavo Taboada","@id":"https:\/\/www.sesmoreres.com\/fr\/blog\/#\/schema\/person\/59709c295f35631caaed4ae15c278e5d"},"headline":"Minorque : un phare entre les temp\u00eates du monde","datePublished":"2026-03-16T14:10:18+00:00","dateModified":"2026-03-16T14:19:40+00:00","mainEntityOfPage":{"@id":"https:\/\/www.sesmoreres.com\/fr\/blog\/minorque-un-phare-entre-les-tempetes-du-monde\/"},"wordCount":730,"commentCount":0,"image":{"@id":"https:\/\/www.sesmoreres.com\/fr\/blog\/minorque-un-phare-entre-les-tempetes-du-monde\/#primaryimage"},"thumbnailUrl":"https:\/\/www.sesmoreres.com\/fr\/blog\/wp-content\/uploads\/2026\/03\/favaritx-minorque-mer-agitee.jpg","keywords":["la mer de Minorque"],"articleSection":["Minorque","Vivre \u00e0 Minorque"],"inLanguage":"fr-FR","potentialAction":[{"@type":"CommentAction","name":"Comment","target":["https:\/\/www.sesmoreres.com\/fr\/blog\/minorque-un-phare-entre-les-tempetes-du-monde\/#respond"]}]},{"@type":"WebPage","@id":"https:\/\/www.sesmoreres.com\/fr\/blog\/minorque-un-phare-entre-les-tempetes-du-monde\/","url":"https:\/\/www.sesmoreres.com\/fr\/blog\/minorque-un-phare-entre-les-tempetes-du-monde\/","name":"Minorque : un phare entre les temp\u00eates du monde - Blog sur Minorque - Ses Moreres","isPartOf":{"@id":"https:\/\/www.sesmoreres.com\/fr\/blog\/#website"},"primaryImageOfPage":{"@id":"https:\/\/www.sesmoreres.com\/fr\/blog\/minorque-un-phare-entre-les-tempetes-du-monde\/#primaryimage"},"image":{"@id":"https:\/\/www.sesmoreres.com\/fr\/blog\/minorque-un-phare-entre-les-tempetes-du-monde\/#primaryimage"},"thumbnailUrl":"https:\/\/www.sesmoreres.com\/fr\/blog\/wp-content\/uploads\/2026\/03\/favaritx-minorque-mer-agitee.jpg","datePublished":"2026-03-16T14:10:18+00:00","dateModified":"2026-03-16T14:19:40+00:00","author":{"@id":"https:\/\/www.sesmoreres.com\/fr\/blog\/#\/schema\/person\/59709c295f35631caaed4ae15c278e5d"},"description":"Tandis que les tambours de guerre r\u00e9sonnent dans le monde, des lieux comme Minorque deviennent des refuges de plus en plus recherch\u00e9s pour vivre avec s\u00e9r\u00e9nit\u00e9.","breadcrumb":{"@id":"https:\/\/www.sesmoreres.com\/fr\/blog\/minorque-un-phare-entre-les-tempetes-du-monde\/#breadcrumb"},"inLanguage":"fr-FR","potentialAction":[{"@type":"ReadAction","target":["https:\/\/www.sesmoreres.com\/fr\/blog\/minorque-un-phare-entre-les-tempetes-du-monde\/"]}]},{"@type":"ImageObject","inLanguage":"fr-FR","@id":"https:\/\/www.sesmoreres.com\/fr\/blog\/minorque-un-phare-entre-les-tempetes-du-monde\/#primaryimage","url":"https:\/\/www.sesmoreres.com\/fr\/blog\/wp-content\/uploads\/2026\/03\/favaritx-minorque-mer-agitee.jpg","contentUrl":"https:\/\/www.sesmoreres.com\/fr\/blog\/wp-content\/uploads\/2026\/03\/favaritx-minorque-mer-agitee.jpg","width":2025,"height":1139,"caption":"Favaritx par mauvais temps, vagues de mer et mer agit\u00e9e"},{"@type":"BreadcrumbList","@id":"https:\/\/www.sesmoreres.com\/fr\/blog\/minorque-un-phare-entre-les-tempetes-du-monde\/#breadcrumb","itemListElement":[{"@type":"ListItem","position":1,"name":"Portada","item":"https:\/\/www.sesmoreres.com\/fr\/blog\/"},{"@type":"ListItem","position":2,"name":"Minorque : un phare entre les temp\u00eates du monde"}]},{"@type":"WebSite","@id":"https:\/\/www.sesmoreres.com\/fr\/blog\/#website","url":"https:\/\/www.sesmoreres.com\/fr\/blog\/","name":"Blog sur Minorque - Ses Moreres","description":"Immobili\u00e8res \u00e0 Minorque - Leader dans la vente de propri\u00e9t\u00e9s de luxe Fermes rustiques, maisons de campagne, chalets, terrains","potentialAction":[{"@type":"SearchAction","target":{"@type":"EntryPoint","urlTemplate":"https:\/\/www.sesmoreres.com\/fr\/blog\/?s={search_term_string}"},"query-input":{"@type":"PropertyValueSpecification","valueRequired":true,"valueName":"search_term_string"}}],"inLanguage":"fr-FR"},{"@type":"Person","@id":"https:\/\/www.sesmoreres.com\/fr\/blog\/#\/schema\/person\/59709c295f35631caaed4ae15c278e5d","name":"Gustavo Taboada","image":{"@type":"ImageObject","inLanguage":"fr-FR","@id":"https:\/\/secure.gravatar.com\/avatar\/3ccbd5a7e12a4c7eeba203d071c5597afe0897ae6421977a46b52d5141848077?s=96&d=mm&r=g","url":"https:\/\/secure.gravatar.com\/avatar\/3ccbd5a7e12a4c7eeba203d071c5597afe0897ae6421977a46b52d5141848077?s=96&d=mm&r=g","contentUrl":"https:\/\/secure.gravatar.com\/avatar\/3ccbd5a7e12a4c7eeba203d071c5597afe0897ae6421977a46b52d5141848077?s=96&d=mm&r=g","caption":"Gustavo Taboada"},"url":"https:\/\/www.sesmoreres.com\/fr\/blog\/author\/gustavo\/"}]}},"_links":{"self":[{"href":"https:\/\/www.sesmoreres.com\/fr\/blog\/wp-json\/wp\/v2\/posts\/1939","targetHints":{"allow":["GET"]}}],"collection":[{"href":"https:\/\/www.sesmoreres.com\/fr\/blog\/wp-json\/wp\/v2\/posts"}],"about":[{"href":"https:\/\/www.sesmoreres.com\/fr\/blog\/wp-json\/wp\/v2\/types\/post"}],"author":[{"embeddable":true,"href":"https:\/\/www.sesmoreres.com\/fr\/blog\/wp-json\/wp\/v2\/users\/6"}],"replies":[{"embeddable":true,"href":"https:\/\/www.sesmoreres.com\/fr\/blog\/wp-json\/wp\/v2\/comments?post=1939"}],"version-history":[{"count":4,"href":"https:\/\/www.sesmoreres.com\/fr\/blog\/wp-json\/wp\/v2\/posts\/1939\/revisions"}],"predecessor-version":[{"id":1948,"href":"https:\/\/www.sesmoreres.com\/fr\/blog\/wp-json\/wp\/v2\/posts\/1939\/revisions\/1948"}],"wp:featuredmedia":[{"embeddable":true,"href":"https:\/\/www.sesmoreres.com\/fr\/blog\/wp-json\/wp\/v2\/media\/1942"}],"wp:attachment":[{"href":"https:\/\/www.sesmoreres.com\/fr\/blog\/wp-json\/wp\/v2\/media?parent=1939"}],"wp:term":[{"taxonomy":"category","embeddable":true,"href":"https:\/\/www.sesmoreres.com\/fr\/blog\/wp-json\/wp\/v2\/categories?post=1939"},{"taxonomy":"post_tag","embeddable":true,"href":"https:\/\/www.sesmoreres.com\/fr\/blog\/wp-json\/wp\/v2\/tags?post=1939"}],"curies":[{"name":"wp","href":"https:\/\/api.w.org\/{rel}","templated":true}]}}