{"id":1748,"date":"2025-03-06T17:30:10","date_gmt":"2025-03-06T16:30:10","guid":{"rendered":"https:\/\/www.sesmoreres.com\/fr\/blog\/?p=1748"},"modified":"2025-03-06T18:31:21","modified_gmt":"2025-03-06T17:31:21","slug":"renovations-a-menorca-tradition-et-design-contemporain","status":"publish","type":"post","link":"https:\/\/www.sesmoreres.com\/fr\/blog\/renovations-a-menorca-tradition-et-design-contemporain\/","title":{"rendered":"R\u00e9novations \u00e0 Menorca : Tradition et Design Contemporain"},"content":{"rendered":"<p>Menorca est une \u00eele au charme architectural unique, marqu\u00e9e par l&rsquo;influence de son histoire en tant que point strat\u00e9gique en M\u00e9diterran\u00e9e. Au fil des si\u00e8cles, l&rsquo;\u00eele a absorb\u00e9 des \u00e9l\u00e9ments des cultures talayotique, arabe et britannique, refl\u00e9t\u00e9s dans ses constructions en pierre de mar\u00e8s, ses plafonds \u00e0 poutres apparentes et ses d\u00e9tails artisanaux qui ont r\u00e9sist\u00e9 \u00e0 l&rsquo;\u00e9preuve du temps. Ses maisons blanches en pierre de mar\u00e8s, ses toits \u00e0 poutres apparentes et ses d\u00e9tails traditionnels ont travers\u00e9 les \u00e9poques, racontant des histoires de g\u00e9n\u00e9rations pass\u00e9es. Cependant, de nombreux propri\u00e9taires souhaitent r\u00e9nover leurs habitations sans perdre l&rsquo;\u00e2me menorquine, en alliant authenticit\u00e9, confort et esth\u00e9tique contemporaine.<\/p>\n<table width=\"100%\" cellspacing=\"0\" cellpadding=\"0\">\n<tbody>\n<tr>\n<td><a href=\"https:\/\/www.sesmoreres.com\/fr\/blog\/wp-content\/uploads\/2025\/03\/avant-apres-renovation-ferme-rustique-Menorca.jpg\"><img decoding=\"async\" class=\"alignnone wp-image-1755 size-medium lazyload\" title=\"Photographies R\u00e9elles \u2013 Avant et Apr\u00e8s Notre R\u00e9novation\" data-src=\"https:\/\/www.sesmoreres.com\/fr\/blog\/wp-content\/uploads\/2025\/03\/avant-apres-renovation-ferme-rustique-Menorca-224x300.jpg\" alt=\"Fa\u00e7ade de finca rustique. Avant et Apr\u00e8s \u2013 R\u00e9novation Exclusive par Ses Moreres\" width=\"224\" height=\"300\" data-srcset=\"https:\/\/www.sesmoreres.com\/fr\/blog\/wp-content\/uploads\/2025\/03\/avant-apres-renovation-ferme-rustique-Menorca-224x300.jpg 224w, https:\/\/www.sesmoreres.com\/fr\/blog\/wp-content\/uploads\/2025\/03\/avant-apres-renovation-ferme-rustique-Menorca-766x1024.jpg 766w, https:\/\/www.sesmoreres.com\/fr\/blog\/wp-content\/uploads\/2025\/03\/avant-apres-renovation-ferme-rustique-Menorca-768x1027.jpg 768w, https:\/\/www.sesmoreres.com\/fr\/blog\/wp-content\/uploads\/2025\/03\/avant-apres-renovation-ferme-rustique-Menorca-1148x1536.jpg 1148w, https:\/\/www.sesmoreres.com\/fr\/blog\/wp-content\/uploads\/2025\/03\/avant-apres-renovation-ferme-rustique-Menorca-1531x2048.jpg 1531w, https:\/\/www.sesmoreres.com\/fr\/blog\/wp-content\/uploads\/2025\/03\/avant-apres-renovation-ferme-rustique-Menorca.jpg 1603w\" data-sizes=\"(max-width: 224px) 100vw, 224px\" src=\"data:image\/svg+xml;base64,PHN2ZyB3aWR0aD0iMSIgaGVpZ2h0PSIxIiB4bWxucz0iaHR0cDovL3d3dy53My5vcmcvMjAwMC9zdmciPjwvc3ZnPg==\" style=\"--smush-placeholder-width: 224px; --smush-placeholder-aspect-ratio: 224\/300;\" \/><\/a><\/td>\n<td><a href=\"https:\/\/www.sesmoreres.com\/fr\/blog\/wp-content\/uploads\/2025\/03\/avant-apres-renovation-facade-ferme-rustique-Menorca.jpg\"><img decoding=\"async\" class=\"alignnone wp-image-1754 size-medium lazyload\" title=\"Photographies R\u00e9elles \u2013 Avant et Apr\u00e8s Notre R\u00e9novation\" data-src=\"https:\/\/www.sesmoreres.com\/fr\/blog\/wp-content\/uploads\/2025\/03\/avant-apres-renovation-facade-ferme-rustique-Menorca-224x300.jpg\" alt=\"Fa\u00e7ade d'une propri\u00e9t\u00e9 rustique. Avant et Apr\u00e8s \u2013 R\u00e9novation Exclusive par Ses Moreres.\" width=\"224\" height=\"300\" data-srcset=\"https:\/\/www.sesmoreres.com\/fr\/blog\/wp-content\/uploads\/2025\/03\/avant-apres-renovation-facade-ferme-rustique-Menorca-224x300.jpg 224w, https:\/\/www.sesmoreres.com\/fr\/blog\/wp-content\/uploads\/2025\/03\/avant-apres-renovation-facade-ferme-rustique-Menorca-766x1024.jpg 766w, https:\/\/www.sesmoreres.com\/fr\/blog\/wp-content\/uploads\/2025\/03\/avant-apres-renovation-facade-ferme-rustique-Menorca-768x1027.jpg 768w, https:\/\/www.sesmoreres.com\/fr\/blog\/wp-content\/uploads\/2025\/03\/avant-apres-renovation-facade-ferme-rustique-Menorca-1148x1536.jpg 1148w, https:\/\/www.sesmoreres.com\/fr\/blog\/wp-content\/uploads\/2025\/03\/avant-apres-renovation-facade-ferme-rustique-Menorca-1531x2048.jpg 1531w, https:\/\/www.sesmoreres.com\/fr\/blog\/wp-content\/uploads\/2025\/03\/avant-apres-renovation-facade-ferme-rustique-Menorca.jpg 1603w\" data-sizes=\"(max-width: 224px) 100vw, 224px\" src=\"data:image\/svg+xml;base64,PHN2ZyB3aWR0aD0iMSIgaGVpZ2h0PSIxIiB4bWxucz0iaHR0cDovL3d3dy53My5vcmcvMjAwMC9zdmciPjwvc3ZnPg==\" style=\"--smush-placeholder-width: 224px; --smush-placeholder-aspect-ratio: 224\/300;\" \/><\/a><\/td>\n<td><a href=\"https:\/\/www.sesmoreres.com\/fr\/blog\/wp-content\/uploads\/2025\/03\/avant-apres-renovation-piscine-ferme-nuit.jpg\"><img decoding=\"async\" class=\"alignnone wp-image-1757 size-medium lazyload\" title=\"Photographies R\u00e9elles \u2013 Avant et Apr\u00e8s Notre R\u00e9novation\" data-src=\"https:\/\/www.sesmoreres.com\/fr\/blog\/wp-content\/uploads\/2025\/03\/avant-apres-renovation-piscine-ferme-nuit-224x300.jpg\" alt=\"Piscine \u00e0 d\u00e9bordement avec vue sur la mer. Avant et Apr\u00e8s \u2013 R\u00e9novation Exclusive par Ses Moreres.\" width=\"224\" height=\"300\" data-srcset=\"https:\/\/www.sesmoreres.com\/fr\/blog\/wp-content\/uploads\/2025\/03\/avant-apres-renovation-piscine-ferme-nuit-224x300.jpg 224w, https:\/\/www.sesmoreres.com\/fr\/blog\/wp-content\/uploads\/2025\/03\/avant-apres-renovation-piscine-ferme-nuit-766x1024.jpg 766w, https:\/\/www.sesmoreres.com\/fr\/blog\/wp-content\/uploads\/2025\/03\/avant-apres-renovation-piscine-ferme-nuit-768x1027.jpg 768w, https:\/\/www.sesmoreres.com\/fr\/blog\/wp-content\/uploads\/2025\/03\/avant-apres-renovation-piscine-ferme-nuit-1148x1536.jpg 1148w, https:\/\/www.sesmoreres.com\/fr\/blog\/wp-content\/uploads\/2025\/03\/avant-apres-renovation-piscine-ferme-nuit-1531x2048.jpg 1531w, https:\/\/www.sesmoreres.com\/fr\/blog\/wp-content\/uploads\/2025\/03\/avant-apres-renovation-piscine-ferme-nuit.jpg 1603w\" data-sizes=\"(max-width: 224px) 100vw, 224px\" src=\"data:image\/svg+xml;base64,PHN2ZyB3aWR0aD0iMSIgaGVpZ2h0PSIxIiB4bWxucz0iaHR0cDovL3d3dy53My5vcmcvMjAwMC9zdmciPjwvc3ZnPg==\" style=\"--smush-placeholder-width: 224px; --smush-placeholder-aspect-ratio: 224\/300;\" \/><\/a><\/td>\n<\/tr>\n<\/tbody>\n<\/table>\n<h3><strong>La Cl\u00e9 : Respect de l&rsquo;Architecture Traditionnelle<\/strong><\/h3>\n<p>Chez <a href=\"https:\/\/www.sesmoreres.com\/\">Ses Moreres<\/a>, nous comprenons l&rsquo;importance de pr\u00e9server l&rsquo;essence des maisons menorquines lors d&rsquo;une r\u00e9novation. Notre approche repose sur :<\/p>\n<ul data-spread=\"false\">\n<li><strong>Respect des mat\u00e9riaux d&rsquo;origine<\/strong> : Pierre de mar\u00e8s, menuiserie en bois, sols hydrauliques et d\u00e9tails artisanaux.<\/li>\n<li><strong>Mise \u00e0 jour sans perdre l&rsquo;authenticit\u00e9<\/strong> : Nous int\u00e9grons des am\u00e9liorations modernes en mati\u00e8re d&rsquo;efficacit\u00e9 \u00e9nerg\u00e9tique, d&rsquo;\u00e9clairage et de distribution sans alt\u00e9rer l&rsquo;esth\u00e9tique traditionnelle.<\/li>\n<li><strong>Int\u00e9gration du design contemporain avec \u00e9quilibre<\/strong> : Espaces ouverts, lignes \u00e9pur\u00e9es et solutions innovantes qui compl\u00e8tent l&rsquo;architecture originale sans en diminuer le caract\u00e8re.<\/li>\n<\/ul>\n<table style=\"table-layout: fixed;\" width=\"100%\" cellspacing=\"0\" cellpadding=\"0\">\n<tbody>\n<tr>\n<td style=\"text-align: center;\"><video style=\"max-width: 100%; height: auto;\" src=\"https:\/\/www.sesmoreres.com\/blog\/wp-content\/uploads\/2025\/03\/puliendo-piedra-de-mares-menorca-trabajo-tradicional.mp4\" autoplay=\"autoplay\" loop=\"loop\" muted=\"true\" controls=\"controls\" width=\"300\" height=\"150\"><\/video><\/td>\n<td style=\"text-align: center;\"><video style=\"max-width: 100%; height: auto;\" src=\"https:\/\/www.sesmoreres.com\/blog\/wp-content\/uploads\/2025\/03\/dandole-forma-a-piedra-de-mares-para-bovedas-menorca.mp4\" autoplay=\"autoplay\" loop=\"loop\" muted=\"true\" controls=\"controls\" width=\"300\" height=\"150\"><\/video><\/td>\n<td style=\"text-align: center;\"><video style=\"max-width: 100%; height: auto;\" src=\"https:\/\/www.sesmoreres.com\/blog\/wp-content\/uploads\/2025\/03\/corte-de-piedra-mares-menorca.mp4\" autoplay=\"autoplay\" loop=\"loop\" muted=\"true\" controls=\"controls\" width=\"300\" height=\"150\"><\/video><\/td>\n<\/tr>\n<\/tbody>\n<\/table>\n<h3><strong>Un Processus de R\u00e9novation Transparent et Efficace<\/strong><\/h3>\n<p>L&rsquo;une des plus grandes pr\u00e9occupations lors d&rsquo;une r\u00e9novation est l&rsquo;incertitude concernant les d\u00e9lais, les co\u00fbts et la qualit\u00e9 du travail. Chez Ses Moreres, nous proposons un <strong>service de gestion de chantier int\u00e9gral<\/strong>, garantissant une ex\u00e9cution impeccable et sans mauvaises surprises.<\/p>\n<p>Notre syst\u00e8me de gestion garantit :<\/p>\n<ul data-spread=\"false\">\n<li><strong>Supervision professionnelle \u00e0 chaque \u00e9tape du projet<\/strong><\/li>\n<li><strong>Un calendrier d\u00e9taill\u00e9 et le respect des d\u00e9lais<\/strong><\/li>\n<li><strong>Transparence absolue sur les co\u00fbts et les mat\u00e9riaux<\/strong><\/li>\n<li><strong>Mises \u00e0 jour constantes et suivi en ligne gr\u00e2ce \u00e0 des rapports visuels d\u00e9taill\u00e9s avec des reportages vid\u00e9o et des photographies, permettant aux clients de suivre l&rsquo;avancement de la r\u00e9novation en temps r\u00e9el et de maintenir une communication directe avec notre \u00e9quipe depuis n&rsquo;importe o\u00f9 dans le monde.<\/strong> : De n&rsquo;importe o\u00f9 dans le monde, le client peut suivre l&rsquo;avancement de la r\u00e9novation.<\/li>\n<\/ul>\n<table width=\"100%\" cellspacing=\"0\" cellpadding=\"0\">\n<tbody>\n<tr>\n<td><a href=\"https:\/\/www.sesmoreres.com\/fr\/blog\/wp-content\/uploads\/2025\/03\/avant-apres-renovation-piscine-jardins-ferme.jpg\"><img decoding=\"async\" class=\"alignnone wp-image-1759 size-medium lazyload\" title=\"Photographies R\u00e9elles \u2013 Avant et Apr\u00e8s Notre R\u00e9novation\" data-src=\"https:\/\/www.sesmoreres.com\/fr\/blog\/wp-content\/uploads\/2025\/03\/avant-apres-renovation-piscine-jardins-ferme-224x300.jpg\" alt=\"Fa\u00e7ade et piscine d'une propri\u00e9t\u00e9 rustique. Avant et Apr\u00e8s \u2013 R\u00e9novation Exclusive par Ses Moreres.\" width=\"224\" height=\"300\" data-srcset=\"https:\/\/www.sesmoreres.com\/fr\/blog\/wp-content\/uploads\/2025\/03\/avant-apres-renovation-piscine-jardins-ferme-224x300.jpg 224w, https:\/\/www.sesmoreres.com\/fr\/blog\/wp-content\/uploads\/2025\/03\/avant-apres-renovation-piscine-jardins-ferme-766x1024.jpg 766w, https:\/\/www.sesmoreres.com\/fr\/blog\/wp-content\/uploads\/2025\/03\/avant-apres-renovation-piscine-jardins-ferme-768x1027.jpg 768w, https:\/\/www.sesmoreres.com\/fr\/blog\/wp-content\/uploads\/2025\/03\/avant-apres-renovation-piscine-jardins-ferme-1148x1536.jpg 1148w, https:\/\/www.sesmoreres.com\/fr\/blog\/wp-content\/uploads\/2025\/03\/avant-apres-renovation-piscine-jardins-ferme-1531x2048.jpg 1531w, https:\/\/www.sesmoreres.com\/fr\/blog\/wp-content\/uploads\/2025\/03\/avant-apres-renovation-piscine-jardins-ferme.jpg 1603w\" data-sizes=\"(max-width: 224px) 100vw, 224px\" src=\"data:image\/svg+xml;base64,PHN2ZyB3aWR0aD0iMSIgaGVpZ2h0PSIxIiB4bWxucz0iaHR0cDovL3d3dy53My5vcmcvMjAwMC9zdmciPjwvc3ZnPg==\" style=\"--smush-placeholder-width: 224px; --smush-placeholder-aspect-ratio: 224\/300;\" \/><\/a><\/td>\n<td><a href=\"https:\/\/www.sesmoreres.com\/fr\/blog\/wp-content\/uploads\/2025\/03\/avant-apres-renovation-balustrade-moulures-ferme-rustique-Menorca.jpg\"><img decoding=\"async\" class=\"alignnone wp-image-1751 size-medium lazyload\" title=\"Photographies R\u00e9elles \u2013 Avant et Apr\u00e8s Notre R\u00e9novation\" data-src=\"https:\/\/www.sesmoreres.com\/fr\/blog\/wp-content\/uploads\/2025\/03\/avant-apres-renovation-balustrade-moulures-ferme-rustique-Menorca-224x300.jpg\" alt=\"Reconstruction d'une balustrade sur la fa\u00e7ade d'une maison de ma\u00eetre. Avant et Apr\u00e8s \u2013 R\u00e9novation Exclusive par Ses Moreres.\" width=\"224\" height=\"300\" data-srcset=\"https:\/\/www.sesmoreres.com\/fr\/blog\/wp-content\/uploads\/2025\/03\/avant-apres-renovation-balustrade-moulures-ferme-rustique-Menorca-224x300.jpg 224w, https:\/\/www.sesmoreres.com\/fr\/blog\/wp-content\/uploads\/2025\/03\/avant-apres-renovation-balustrade-moulures-ferme-rustique-Menorca-766x1024.jpg 766w, https:\/\/www.sesmoreres.com\/fr\/blog\/wp-content\/uploads\/2025\/03\/avant-apres-renovation-balustrade-moulures-ferme-rustique-Menorca-768x1027.jpg 768w, https:\/\/www.sesmoreres.com\/fr\/blog\/wp-content\/uploads\/2025\/03\/avant-apres-renovation-balustrade-moulures-ferme-rustique-Menorca-1148x1536.jpg 1148w, https:\/\/www.sesmoreres.com\/fr\/blog\/wp-content\/uploads\/2025\/03\/avant-apres-renovation-balustrade-moulures-ferme-rustique-Menorca-1531x2048.jpg 1531w, https:\/\/www.sesmoreres.com\/fr\/blog\/wp-content\/uploads\/2025\/03\/avant-apres-renovation-balustrade-moulures-ferme-rustique-Menorca.jpg 1603w\" data-sizes=\"(max-width: 224px) 100vw, 224px\" src=\"data:image\/svg+xml;base64,PHN2ZyB3aWR0aD0iMSIgaGVpZ2h0PSIxIiB4bWxucz0iaHR0cDovL3d3dy53My5vcmcvMjAwMC9zdmciPjwvc3ZnPg==\" style=\"--smush-placeholder-width: 224px; --smush-placeholder-aspect-ratio: 224\/300;\" \/><\/a><\/td>\n<td><a href=\"https:\/\/www.sesmoreres.com\/fr\/blog\/wp-content\/uploads\/2025\/03\/avant-apres-renovation-cuisine-ferme-rustique-Menorca.jpg\"><img decoding=\"async\" class=\"alignnone wp-image-1753 size-medium lazyload\" title=\"Photographies R\u00e9elles \u2013 Avant et Apr\u00e8s Notre R\u00e9novation\" data-src=\"https:\/\/www.sesmoreres.com\/fr\/blog\/wp-content\/uploads\/2025\/03\/avant-apres-renovation-cuisine-ferme-rustique-Menorca-224x300.jpg\" alt=\"Int\u00e9rieur d'une maison de ma\u00eetre, cuisine. Avant et Apr\u00e8s \u2013 R\u00e9novation Exclusive par Ses Moreres.\" width=\"224\" height=\"300\" data-srcset=\"https:\/\/www.sesmoreres.com\/fr\/blog\/wp-content\/uploads\/2025\/03\/avant-apres-renovation-cuisine-ferme-rustique-Menorca-224x300.jpg 224w, https:\/\/www.sesmoreres.com\/fr\/blog\/wp-content\/uploads\/2025\/03\/avant-apres-renovation-cuisine-ferme-rustique-Menorca-766x1024.jpg 766w, https:\/\/www.sesmoreres.com\/fr\/blog\/wp-content\/uploads\/2025\/03\/avant-apres-renovation-cuisine-ferme-rustique-Menorca-768x1027.jpg 768w, https:\/\/www.sesmoreres.com\/fr\/blog\/wp-content\/uploads\/2025\/03\/avant-apres-renovation-cuisine-ferme-rustique-Menorca-1148x1536.jpg 1148w, https:\/\/www.sesmoreres.com\/fr\/blog\/wp-content\/uploads\/2025\/03\/avant-apres-renovation-cuisine-ferme-rustique-Menorca-1531x2048.jpg 1531w, https:\/\/www.sesmoreres.com\/fr\/blog\/wp-content\/uploads\/2025\/03\/avant-apres-renovation-cuisine-ferme-rustique-Menorca.jpg 1603w\" data-sizes=\"(max-width: 224px) 100vw, 224px\" src=\"data:image\/svg+xml;base64,PHN2ZyB3aWR0aD0iMSIgaGVpZ2h0PSIxIiB4bWxucz0iaHR0cDovL3d3dy53My5vcmcvMjAwMC9zdmciPjwvc3ZnPg==\" style=\"--smush-placeholder-width: 224px; --smush-placeholder-aspect-ratio: 224\/300;\" \/><\/a><\/td>\n<\/tr>\n<\/tbody>\n<\/table>\n<h3><strong>\u00c9vitez les Mauvaises Surprises, Profitez du Processus<\/strong><\/h3>\n<p>Nous nous chargeons de l&rsquo;ensemble du processus, de la planification \u00e0 l&rsquo;ex\u00e9cution finale, en veillant \u00e0 ce que le r\u00e9sultat soit une maison r\u00e9nov\u00e9e qui refl\u00e8te la tradition menorquine avec une touche de sophistication moderne. Notre engagement est que chaque client profite de sa r\u00e9novation sans stress, en faisant confiance \u00e0 une \u00e9quipe experte qui g\u00e8re chaque d\u00e9tail avec professionnalisme.<\/p>\n<p>Si vous envisagez de r\u00e9nover votre maison \u00e0 Menorca, contactez-nous. Chez Ses Moreres, nous faisons de chaque projet une exp\u00e9rience fluide, efficace et sans mauvaises surprises.<\/p>\n<table width=\"100%\" cellspacing=\"0\" cellpadding=\"0\">\n<tbody>\n<tr>\n<td><a href=\"https:\/\/www.sesmoreres.com\/fr\/blog\/wp-content\/uploads\/2025\/03\/avant-apres-renovation-piscine-jardins.jpg\"><img decoding=\"async\" class=\"alignnone wp-image-1758 size-medium lazyload\" title=\"Photographies R\u00e9elles \u2013 Avant et Apr\u00e8s Notre R\u00e9novation\" data-src=\"https:\/\/www.sesmoreres.com\/fr\/blog\/wp-content\/uploads\/2025\/03\/avant-apres-renovation-piscine-jardins-224x300.jpg\" alt=\"Ext\u00e9rieur, jardins et piscine. Avant et Apr\u00e8s \u2013 R\u00e9novation Exclusive par Ses Moreres.\" width=\"224\" height=\"300\" data-srcset=\"https:\/\/www.sesmoreres.com\/fr\/blog\/wp-content\/uploads\/2025\/03\/avant-apres-renovation-piscine-jardins-224x300.jpg 224w, https:\/\/www.sesmoreres.com\/fr\/blog\/wp-content\/uploads\/2025\/03\/avant-apres-renovation-piscine-jardins-766x1024.jpg 766w, https:\/\/www.sesmoreres.com\/fr\/blog\/wp-content\/uploads\/2025\/03\/avant-apres-renovation-piscine-jardins-768x1027.jpg 768w, https:\/\/www.sesmoreres.com\/fr\/blog\/wp-content\/uploads\/2025\/03\/avant-apres-renovation-piscine-jardins-1148x1536.jpg 1148w, https:\/\/www.sesmoreres.com\/fr\/blog\/wp-content\/uploads\/2025\/03\/avant-apres-renovation-piscine-jardins-1531x2048.jpg 1531w, https:\/\/www.sesmoreres.com\/fr\/blog\/wp-content\/uploads\/2025\/03\/avant-apres-renovation-piscine-jardins.jpg 1603w\" data-sizes=\"(max-width: 224px) 100vw, 224px\" src=\"data:image\/svg+xml;base64,PHN2ZyB3aWR0aD0iMSIgaGVpZ2h0PSIxIiB4bWxucz0iaHR0cDovL3d3dy53My5vcmcvMjAwMC9zdmciPjwvc3ZnPg==\" style=\"--smush-placeholder-width: 224px; --smush-placeholder-aspect-ratio: 224\/300;\" \/><\/a><\/td>\n<td><a href=\"https:\/\/www.sesmoreres.com\/fr\/blog\/wp-content\/uploads\/2025\/03\/avant-apres-renovation-maison.jpg\"><img decoding=\"async\" class=\"alignnone wp-image-1756 size-medium lazyload\" title=\"Photographies R\u00e9elles \u2013 Avant et Apr\u00e8s Notre R\u00e9novation\" data-src=\"https:\/\/www.sesmoreres.com\/fr\/blog\/wp-content\/uploads\/2025\/03\/avant-apres-renovation-maison-224x300.jpg\" alt=\"Restauration des toitures dans les maisons de ma\u00eetre et les propri\u00e9t\u00e9s rustiques. Avant et Apr\u00e8s \u2013 R\u00e9novation Exclusive par Ses Moreres.\" width=\"224\" height=\"300\" data-srcset=\"https:\/\/www.sesmoreres.com\/fr\/blog\/wp-content\/uploads\/2025\/03\/avant-apres-renovation-maison-224x300.jpg 224w, https:\/\/www.sesmoreres.com\/fr\/blog\/wp-content\/uploads\/2025\/03\/avant-apres-renovation-maison-766x1024.jpg 766w, https:\/\/www.sesmoreres.com\/fr\/blog\/wp-content\/uploads\/2025\/03\/avant-apres-renovation-maison-768x1027.jpg 768w, https:\/\/www.sesmoreres.com\/fr\/blog\/wp-content\/uploads\/2025\/03\/avant-apres-renovation-maison-1148x1536.jpg 1148w, https:\/\/www.sesmoreres.com\/fr\/blog\/wp-content\/uploads\/2025\/03\/avant-apres-renovation-maison-1531x2048.jpg 1531w, https:\/\/www.sesmoreres.com\/fr\/blog\/wp-content\/uploads\/2025\/03\/avant-apres-renovation-maison.jpg 1603w\" data-sizes=\"(max-width: 224px) 100vw, 224px\" src=\"data:image\/svg+xml;base64,PHN2ZyB3aWR0aD0iMSIgaGVpZ2h0PSIxIiB4bWxucz0iaHR0cDovL3d3dy53My5vcmcvMjAwMC9zdmciPjwvc3ZnPg==\" style=\"--smush-placeholder-width: 224px; --smush-placeholder-aspect-ratio: 224\/300;\" \/><\/a><\/td>\n<td><a href=\"https:\/\/www.sesmoreres.com\/fr\/blog\/wp-content\/uploads\/2025\/03\/avant-apres-renovation-chambre-sous-combles.jpg\"><img decoding=\"async\" class=\"alignnone wp-image-1752 size-medium lazyload\" title=\"Photographies R\u00e9elles \u2013 Avant et Apr\u00e8s Notre R\u00e9novation\" data-src=\"https:\/\/www.sesmoreres.com\/fr\/blog\/wp-content\/uploads\/2025\/03\/avant-apres-renovation-chambre-sous-combles-224x300.jpg\" alt=\"Espaces int\u00e9rieurs, propri\u00e9t\u00e9 rustique \u00e0 Menorca. Avant et Apr\u00e8s \u2013 R\u00e9novation Exclusive par Ses Moreres.\" width=\"224\" height=\"300\" data-srcset=\"https:\/\/www.sesmoreres.com\/fr\/blog\/wp-content\/uploads\/2025\/03\/avant-apres-renovation-chambre-sous-combles-224x300.jpg 224w, https:\/\/www.sesmoreres.com\/fr\/blog\/wp-content\/uploads\/2025\/03\/avant-apres-renovation-chambre-sous-combles-766x1024.jpg 766w, https:\/\/www.sesmoreres.com\/fr\/blog\/wp-content\/uploads\/2025\/03\/avant-apres-renovation-chambre-sous-combles-768x1027.jpg 768w, https:\/\/www.sesmoreres.com\/fr\/blog\/wp-content\/uploads\/2025\/03\/avant-apres-renovation-chambre-sous-combles-1148x1536.jpg 1148w, https:\/\/www.sesmoreres.com\/fr\/blog\/wp-content\/uploads\/2025\/03\/avant-apres-renovation-chambre-sous-combles-1531x2048.jpg 1531w, https:\/\/www.sesmoreres.com\/fr\/blog\/wp-content\/uploads\/2025\/03\/avant-apres-renovation-chambre-sous-combles.jpg 1603w\" data-sizes=\"(max-width: 224px) 100vw, 224px\" src=\"data:image\/svg+xml;base64,PHN2ZyB3aWR0aD0iMSIgaGVpZ2h0PSIxIiB4bWxucz0iaHR0cDovL3d3dy53My5vcmcvMjAwMC9zdmciPjwvc3ZnPg==\" style=\"--smush-placeholder-width: 224px; --smush-placeholder-aspect-ratio: 224\/300;\" \/><\/a><\/td>\n<\/tr>\n<\/tbody>\n<\/table>\n<p><strong>Nous transformons les espaces en respectant leur histoire. Contactez-nous <a href=\"https:\/\/www.sesmoreres.com\/contactar\/\">ici<\/a> pour donner vie \u00e0 votre projet.<\/strong><\/p>\n<p>&nbsp;<\/p>\n<p>&nbsp;<\/p>\n","protected":false},"excerpt":{"rendered":"<p>Menorca est une \u00eele au charme architectural unique, marqu\u00e9e par l&rsquo;influence de son histoire en tant que point strat\u00e9gique en M\u00e9diterran\u00e9e. Au fil des si\u00e8cles, l&rsquo;\u00eele a absorb\u00e9 des \u00e9l\u00e9ments des cultures talayotique, arabe et britannique, refl\u00e9t\u00e9s dans ses constructions &hellip; <a href=\"https:\/\/www.sesmoreres.com\/fr\/blog\/renovations-a-menorca-tradition-et-design-contemporain\/\">Lire la suite\u00ad\u00ad<\/a><\/p>\n","protected":false},"author":6,"featured_media":1755,"comment_status":"open","ping_status":"open","sticky":false,"template":"","format":"standard","meta":{"footnotes":""},"categories":[952,956,957,955,959,954,958,953],"tags":[964,961,967,966,976,971,936,974,963,968,774,972,969,965,970,960,975,973,962],"class_list":["post-1748","post","type-post","status-publish","format-standard","has-post-thumbnail","hentry","category-architecture-traditionnelle-minorquine","category-design-dinterieur-et-decoration","category-efficacite-energetique-et-modernisation","category-gestion-de-projets-de-renovation","category-integration-du-contemporain-et-de-lancien","category-materiaux-et-artisanat-local","category-patrimoine-et-histoire-architecturale","category-renovation-et-restauration-de-maisons","tag-architectural","tag-architecture","tag-authenticite","tag-design","tag-exclusive","tag-gestion","tag-immobilier","tag-investissement","tag-maisons","tag-materiaux","tag-menorca","tag-modernite","tag-naturels","tag-patrimoine","tag-projet","tag-renovation","tag-restauration","tag-tradition","tag-traditionnelle"],"yoast_head":"<!-- This site is optimized with the Yoast SEO plugin v27.3 - https:\/\/yoast.com\/product\/yoast-seo-wordpress\/ -->\n<title>R\u00e9novations \u00e0 Menorca : Tradition et Design Contemporain - Blog sur Minorque - Ses Moreres<\/title>\n<meta name=\"description\" content=\"Chez Ses Moreres, nous comprenons l&#039;importance de pr\u00e9server l&#039;essence des maisons menorquines lors d&#039;une r\u00e9novation. Notre approche repose sur\" \/>\n<meta name=\"robots\" content=\"index, follow, max-snippet:-1, max-image-preview:large, max-video-preview:-1\" \/>\n<link rel=\"canonical\" href=\"https:\/\/www.sesmoreres.com\/fr\/blog\/renovations-a-menorca-tradition-et-design-contemporain\/\" \/>\n<meta property=\"og:locale\" content=\"fr_FR\" \/>\n<meta property=\"og:type\" content=\"article\" \/>\n<meta property=\"og:title\" content=\"R\u00e9novations \u00e0 Menorca : Tradition et Design Contemporain - Blog sur Minorque - Ses Moreres\" \/>\n<meta property=\"og:description\" content=\"Chez Ses Moreres, nous comprenons l&#039;importance de pr\u00e9server l&#039;essence des maisons menorquines lors d&#039;une r\u00e9novation. Notre approche repose sur\" \/>\n<meta property=\"og:url\" content=\"https:\/\/www.sesmoreres.com\/fr\/blog\/renovations-a-menorca-tradition-et-design-contemporain\/\" \/>\n<meta property=\"og:site_name\" content=\"Blog sur Minorque - Ses Moreres\" \/>\n<meta property=\"article:published_time\" content=\"2025-03-06T16:30:10+00:00\" \/>\n<meta property=\"article:modified_time\" content=\"2025-03-06T17:31:21+00:00\" \/>\n<meta property=\"og:image\" content=\"https:\/\/www.sesmoreres.com\/fr\/blog\/wp-content\/uploads\/2025\/03\/avant-apres-renovation-ferme-rustique-Menorca.jpg\" \/>\n\t<meta property=\"og:image:width\" content=\"1603\" \/>\n\t<meta property=\"og:image:height\" content=\"2144\" \/>\n\t<meta property=\"og:image:type\" content=\"image\/jpeg\" \/>\n<meta name=\"author\" content=\"Gustavo Taboada\" \/>\n<meta name=\"twitter:card\" content=\"summary_large_image\" \/>\n<meta name=\"twitter:label1\" content=\"\u00c9crit par\" \/>\n\t<meta name=\"twitter:data1\" content=\"Gustavo Taboada\" \/>\n\t<meta name=\"twitter:label2\" content=\"Dur\u00e9e de lecture estim\u00e9e\" \/>\n\t<meta name=\"twitter:data2\" content=\"5 minutes\" \/>\n<script type=\"application\/ld+json\" class=\"yoast-schema-graph\">{\"@context\":\"https:\\\/\\\/schema.org\",\"@graph\":[{\"@type\":\"Article\",\"@id\":\"https:\\\/\\\/www.sesmoreres.com\\\/fr\\\/blog\\\/renovations-a-menorca-tradition-et-design-contemporain\\\/#article\",\"isPartOf\":{\"@id\":\"https:\\\/\\\/www.sesmoreres.com\\\/fr\\\/blog\\\/renovations-a-menorca-tradition-et-design-contemporain\\\/\"},\"author\":{\"name\":\"Gustavo Taboada\",\"@id\":\"https:\\\/\\\/www.sesmoreres.com\\\/fr\\\/blog\\\/#\\\/schema\\\/person\\\/59709c295f35631caaed4ae15c278e5d\"},\"headline\":\"R\u00e9novations \u00e0 Menorca : Tradition et Design Contemporain\",\"datePublished\":\"2025-03-06T16:30:10+00:00\",\"dateModified\":\"2025-03-06T17:31:21+00:00\",\"mainEntityOfPage\":{\"@id\":\"https:\\\/\\\/www.sesmoreres.com\\\/fr\\\/blog\\\/renovations-a-menorca-tradition-et-design-contemporain\\\/\"},\"wordCount\":500,\"commentCount\":0,\"image\":{\"@id\":\"https:\\\/\\\/www.sesmoreres.com\\\/fr\\\/blog\\\/renovations-a-menorca-tradition-et-design-contemporain\\\/#primaryimage\"},\"thumbnailUrl\":\"https:\\\/\\\/www.sesmoreres.com\\\/fr\\\/blog\\\/wp-content\\\/uploads\\\/2025\\\/03\\\/avant-apres-renovation-ferme-rustique-Menorca.jpg\",\"keywords\":[\"Architectural\",\"Architecture\",\"Authenticit\u00e9\",\"Design\",\"Exclusive\",\"Gestion\",\"immobilier\",\"Investissement\",\"Maisons\",\"Mat\u00e9riaux\",\"menorca\",\"Modernit\u00e9\",\"Naturels\",\"Patrimoine\",\"Projet\",\"R\u00e9novation\",\"Restauration\",\"Tradition\",\"Traditionnelle\"],\"articleSection\":[\"Architecture traditionnelle minorquine\",\"Design d'int\u00e9rieur et d\u00e9coration\",\"Efficacit\u00e9 \u00e9nerg\u00e9tique et modernisation\",\"Gestion de projets de r\u00e9novation\",\"Int\u00e9gration du contemporain et de l\u2019ancien\",\"Mat\u00e9riaux et artisanat local\",\"Patrimoine et histoire architecturale\",\"R\u00e9novation et restauration de maisons\"],\"inLanguage\":\"fr-FR\",\"potentialAction\":[{\"@type\":\"CommentAction\",\"name\":\"Comment\",\"target\":[\"https:\\\/\\\/www.sesmoreres.com\\\/fr\\\/blog\\\/renovations-a-menorca-tradition-et-design-contemporain\\\/#respond\"]}]},{\"@type\":\"WebPage\",\"@id\":\"https:\\\/\\\/www.sesmoreres.com\\\/fr\\\/blog\\\/renovations-a-menorca-tradition-et-design-contemporain\\\/\",\"url\":\"https:\\\/\\\/www.sesmoreres.com\\\/fr\\\/blog\\\/renovations-a-menorca-tradition-et-design-contemporain\\\/\",\"name\":\"R\u00e9novations \u00e0 Menorca : Tradition et Design Contemporain - Blog sur Minorque - Ses Moreres\",\"isPartOf\":{\"@id\":\"https:\\\/\\\/www.sesmoreres.com\\\/fr\\\/blog\\\/#website\"},\"primaryImageOfPage\":{\"@id\":\"https:\\\/\\\/www.sesmoreres.com\\\/fr\\\/blog\\\/renovations-a-menorca-tradition-et-design-contemporain\\\/#primaryimage\"},\"image\":{\"@id\":\"https:\\\/\\\/www.sesmoreres.com\\\/fr\\\/blog\\\/renovations-a-menorca-tradition-et-design-contemporain\\\/#primaryimage\"},\"thumbnailUrl\":\"https:\\\/\\\/www.sesmoreres.com\\\/fr\\\/blog\\\/wp-content\\\/uploads\\\/2025\\\/03\\\/avant-apres-renovation-ferme-rustique-Menorca.jpg\",\"datePublished\":\"2025-03-06T16:30:10+00:00\",\"dateModified\":\"2025-03-06T17:31:21+00:00\",\"author\":{\"@id\":\"https:\\\/\\\/www.sesmoreres.com\\\/fr\\\/blog\\\/#\\\/schema\\\/person\\\/59709c295f35631caaed4ae15c278e5d\"},\"description\":\"Chez Ses Moreres, nous comprenons l'importance de pr\u00e9server l'essence des maisons menorquines lors d'une r\u00e9novation. Notre approche repose sur\",\"breadcrumb\":{\"@id\":\"https:\\\/\\\/www.sesmoreres.com\\\/fr\\\/blog\\\/renovations-a-menorca-tradition-et-design-contemporain\\\/#breadcrumb\"},\"inLanguage\":\"fr-FR\",\"potentialAction\":[{\"@type\":\"ReadAction\",\"target\":[\"https:\\\/\\\/www.sesmoreres.com\\\/fr\\\/blog\\\/renovations-a-menorca-tradition-et-design-contemporain\\\/\"]}]},{\"@type\":\"ImageObject\",\"inLanguage\":\"fr-FR\",\"@id\":\"https:\\\/\\\/www.sesmoreres.com\\\/fr\\\/blog\\\/renovations-a-menorca-tradition-et-design-contemporain\\\/#primaryimage\",\"url\":\"https:\\\/\\\/www.sesmoreres.com\\\/fr\\\/blog\\\/wp-content\\\/uploads\\\/2025\\\/03\\\/avant-apres-renovation-ferme-rustique-Menorca.jpg\",\"contentUrl\":\"https:\\\/\\\/www.sesmoreres.com\\\/fr\\\/blog\\\/wp-content\\\/uploads\\\/2025\\\/03\\\/avant-apres-renovation-ferme-rustique-Menorca.jpg\",\"width\":1603,\"height\":2144,\"caption\":\"Fa\u00e7ade de finca rustique. Avant et Apr\u00e8s \u2013 R\u00e9novation Exclusive par Ses Moreres\"},{\"@type\":\"BreadcrumbList\",\"@id\":\"https:\\\/\\\/www.sesmoreres.com\\\/fr\\\/blog\\\/renovations-a-menorca-tradition-et-design-contemporain\\\/#breadcrumb\",\"itemListElement\":[{\"@type\":\"ListItem\",\"position\":1,\"name\":\"Portada\",\"item\":\"https:\\\/\\\/www.sesmoreres.com\\\/fr\\\/blog\\\/\"},{\"@type\":\"ListItem\",\"position\":2,\"name\":\"R\u00e9novations \u00e0 Menorca : Tradition et Design Contemporain\"}]},{\"@type\":\"WebSite\",\"@id\":\"https:\\\/\\\/www.sesmoreres.com\\\/fr\\\/blog\\\/#website\",\"url\":\"https:\\\/\\\/www.sesmoreres.com\\\/fr\\\/blog\\\/\",\"name\":\"Blog sur Minorque - Ses Moreres\",\"description\":\"Immobili\u00e8res \u00e0 Minorque - Leader dans la vente de propri\u00e9t\u00e9s de luxe Fermes rustiques, maisons de campagne, chalets, terrains\",\"potentialAction\":[{\"@type\":\"SearchAction\",\"target\":{\"@type\":\"EntryPoint\",\"urlTemplate\":\"https:\\\/\\\/www.sesmoreres.com\\\/fr\\\/blog\\\/?s={search_term_string}\"},\"query-input\":{\"@type\":\"PropertyValueSpecification\",\"valueRequired\":true,\"valueName\":\"search_term_string\"}}],\"inLanguage\":\"fr-FR\"},{\"@type\":\"Person\",\"@id\":\"https:\\\/\\\/www.sesmoreres.com\\\/fr\\\/blog\\\/#\\\/schema\\\/person\\\/59709c295f35631caaed4ae15c278e5d\",\"name\":\"Gustavo Taboada\",\"image\":{\"@type\":\"ImageObject\",\"inLanguage\":\"fr-FR\",\"@id\":\"https:\\\/\\\/secure.gravatar.com\\\/avatar\\\/3ccbd5a7e12a4c7eeba203d071c5597afe0897ae6421977a46b52d5141848077?s=96&d=mm&r=g\",\"url\":\"https:\\\/\\\/secure.gravatar.com\\\/avatar\\\/3ccbd5a7e12a4c7eeba203d071c5597afe0897ae6421977a46b52d5141848077?s=96&d=mm&r=g\",\"contentUrl\":\"https:\\\/\\\/secure.gravatar.com\\\/avatar\\\/3ccbd5a7e12a4c7eeba203d071c5597afe0897ae6421977a46b52d5141848077?s=96&d=mm&r=g\",\"caption\":\"Gustavo Taboada\"},\"url\":\"https:\\\/\\\/www.sesmoreres.com\\\/fr\\\/blog\\\/author\\\/gustavo\\\/\"}]}<\/script>\n<!-- \/ Yoast SEO plugin. -->","yoast_head_json":{"title":"R\u00e9novations \u00e0 Menorca : Tradition et Design Contemporain - Blog sur Minorque - Ses Moreres","description":"Chez Ses Moreres, nous comprenons l'importance de pr\u00e9server l'essence des maisons menorquines lors d'une r\u00e9novation. Notre approche repose sur","robots":{"index":"index","follow":"follow","max-snippet":"max-snippet:-1","max-image-preview":"max-image-preview:large","max-video-preview":"max-video-preview:-1"},"canonical":"https:\/\/www.sesmoreres.com\/fr\/blog\/renovations-a-menorca-tradition-et-design-contemporain\/","og_locale":"fr_FR","og_type":"article","og_title":"R\u00e9novations \u00e0 Menorca : Tradition et Design Contemporain - Blog sur Minorque - Ses Moreres","og_description":"Chez Ses Moreres, nous comprenons l'importance de pr\u00e9server l'essence des maisons menorquines lors d'une r\u00e9novation. Notre approche repose sur","og_url":"https:\/\/www.sesmoreres.com\/fr\/blog\/renovations-a-menorca-tradition-et-design-contemporain\/","og_site_name":"Blog sur Minorque - Ses Moreres","article_published_time":"2025-03-06T16:30:10+00:00","article_modified_time":"2025-03-06T17:31:21+00:00","og_image":[{"width":1603,"height":2144,"url":"https:\/\/www.sesmoreres.com\/fr\/blog\/wp-content\/uploads\/2025\/03\/avant-apres-renovation-ferme-rustique-Menorca.jpg","type":"image\/jpeg"}],"author":"Gustavo Taboada","twitter_card":"summary_large_image","twitter_misc":{"\u00c9crit par":"Gustavo Taboada","Dur\u00e9e de lecture estim\u00e9e":"5 minutes"},"schema":{"@context":"https:\/\/schema.org","@graph":[{"@type":"Article","@id":"https:\/\/www.sesmoreres.com\/fr\/blog\/renovations-a-menorca-tradition-et-design-contemporain\/#article","isPartOf":{"@id":"https:\/\/www.sesmoreres.com\/fr\/blog\/renovations-a-menorca-tradition-et-design-contemporain\/"},"author":{"name":"Gustavo Taboada","@id":"https:\/\/www.sesmoreres.com\/fr\/blog\/#\/schema\/person\/59709c295f35631caaed4ae15c278e5d"},"headline":"R\u00e9novations \u00e0 Menorca : Tradition et Design Contemporain","datePublished":"2025-03-06T16:30:10+00:00","dateModified":"2025-03-06T17:31:21+00:00","mainEntityOfPage":{"@id":"https:\/\/www.sesmoreres.com\/fr\/blog\/renovations-a-menorca-tradition-et-design-contemporain\/"},"wordCount":500,"commentCount":0,"image":{"@id":"https:\/\/www.sesmoreres.com\/fr\/blog\/renovations-a-menorca-tradition-et-design-contemporain\/#primaryimage"},"thumbnailUrl":"https:\/\/www.sesmoreres.com\/fr\/blog\/wp-content\/uploads\/2025\/03\/avant-apres-renovation-ferme-rustique-Menorca.jpg","keywords":["Architectural","Architecture","Authenticit\u00e9","Design","Exclusive","Gestion","immobilier","Investissement","Maisons","Mat\u00e9riaux","menorca","Modernit\u00e9","Naturels","Patrimoine","Projet","R\u00e9novation","Restauration","Tradition","Traditionnelle"],"articleSection":["Architecture traditionnelle minorquine","Design d'int\u00e9rieur et d\u00e9coration","Efficacit\u00e9 \u00e9nerg\u00e9tique et modernisation","Gestion de projets de r\u00e9novation","Int\u00e9gration du contemporain et de l\u2019ancien","Mat\u00e9riaux et artisanat local","Patrimoine et histoire architecturale","R\u00e9novation et restauration de maisons"],"inLanguage":"fr-FR","potentialAction":[{"@type":"CommentAction","name":"Comment","target":["https:\/\/www.sesmoreres.com\/fr\/blog\/renovations-a-menorca-tradition-et-design-contemporain\/#respond"]}]},{"@type":"WebPage","@id":"https:\/\/www.sesmoreres.com\/fr\/blog\/renovations-a-menorca-tradition-et-design-contemporain\/","url":"https:\/\/www.sesmoreres.com\/fr\/blog\/renovations-a-menorca-tradition-et-design-contemporain\/","name":"R\u00e9novations \u00e0 Menorca : Tradition et Design Contemporain - Blog sur Minorque - Ses Moreres","isPartOf":{"@id":"https:\/\/www.sesmoreres.com\/fr\/blog\/#website"},"primaryImageOfPage":{"@id":"https:\/\/www.sesmoreres.com\/fr\/blog\/renovations-a-menorca-tradition-et-design-contemporain\/#primaryimage"},"image":{"@id":"https:\/\/www.sesmoreres.com\/fr\/blog\/renovations-a-menorca-tradition-et-design-contemporain\/#primaryimage"},"thumbnailUrl":"https:\/\/www.sesmoreres.com\/fr\/blog\/wp-content\/uploads\/2025\/03\/avant-apres-renovation-ferme-rustique-Menorca.jpg","datePublished":"2025-03-06T16:30:10+00:00","dateModified":"2025-03-06T17:31:21+00:00","author":{"@id":"https:\/\/www.sesmoreres.com\/fr\/blog\/#\/schema\/person\/59709c295f35631caaed4ae15c278e5d"},"description":"Chez Ses Moreres, nous comprenons l'importance de pr\u00e9server l'essence des maisons menorquines lors d'une r\u00e9novation. Notre approche repose sur","breadcrumb":{"@id":"https:\/\/www.sesmoreres.com\/fr\/blog\/renovations-a-menorca-tradition-et-design-contemporain\/#breadcrumb"},"inLanguage":"fr-FR","potentialAction":[{"@type":"ReadAction","target":["https:\/\/www.sesmoreres.com\/fr\/blog\/renovations-a-menorca-tradition-et-design-contemporain\/"]}]},{"@type":"ImageObject","inLanguage":"fr-FR","@id":"https:\/\/www.sesmoreres.com\/fr\/blog\/renovations-a-menorca-tradition-et-design-contemporain\/#primaryimage","url":"https:\/\/www.sesmoreres.com\/fr\/blog\/wp-content\/uploads\/2025\/03\/avant-apres-renovation-ferme-rustique-Menorca.jpg","contentUrl":"https:\/\/www.sesmoreres.com\/fr\/blog\/wp-content\/uploads\/2025\/03\/avant-apres-renovation-ferme-rustique-Menorca.jpg","width":1603,"height":2144,"caption":"Fa\u00e7ade de finca rustique. Avant et Apr\u00e8s \u2013 R\u00e9novation Exclusive par Ses Moreres"},{"@type":"BreadcrumbList","@id":"https:\/\/www.sesmoreres.com\/fr\/blog\/renovations-a-menorca-tradition-et-design-contemporain\/#breadcrumb","itemListElement":[{"@type":"ListItem","position":1,"name":"Portada","item":"https:\/\/www.sesmoreres.com\/fr\/blog\/"},{"@type":"ListItem","position":2,"name":"R\u00e9novations \u00e0 Menorca : Tradition et Design Contemporain"}]},{"@type":"WebSite","@id":"https:\/\/www.sesmoreres.com\/fr\/blog\/#website","url":"https:\/\/www.sesmoreres.com\/fr\/blog\/","name":"Blog sur Minorque - Ses Moreres","description":"Immobili\u00e8res \u00e0 Minorque - Leader dans la vente de propri\u00e9t\u00e9s de luxe Fermes rustiques, maisons de campagne, chalets, terrains","potentialAction":[{"@type":"SearchAction","target":{"@type":"EntryPoint","urlTemplate":"https:\/\/www.sesmoreres.com\/fr\/blog\/?s={search_term_string}"},"query-input":{"@type":"PropertyValueSpecification","valueRequired":true,"valueName":"search_term_string"}}],"inLanguage":"fr-FR"},{"@type":"Person","@id":"https:\/\/www.sesmoreres.com\/fr\/blog\/#\/schema\/person\/59709c295f35631caaed4ae15c278e5d","name":"Gustavo Taboada","image":{"@type":"ImageObject","inLanguage":"fr-FR","@id":"https:\/\/secure.gravatar.com\/avatar\/3ccbd5a7e12a4c7eeba203d071c5597afe0897ae6421977a46b52d5141848077?s=96&d=mm&r=g","url":"https:\/\/secure.gravatar.com\/avatar\/3ccbd5a7e12a4c7eeba203d071c5597afe0897ae6421977a46b52d5141848077?s=96&d=mm&r=g","contentUrl":"https:\/\/secure.gravatar.com\/avatar\/3ccbd5a7e12a4c7eeba203d071c5597afe0897ae6421977a46b52d5141848077?s=96&d=mm&r=g","caption":"Gustavo Taboada"},"url":"https:\/\/www.sesmoreres.com\/fr\/blog\/author\/gustavo\/"}]}},"_links":{"self":[{"href":"https:\/\/www.sesmoreres.com\/fr\/blog\/wp-json\/wp\/v2\/posts\/1748","targetHints":{"allow":["GET"]}}],"collection":[{"href":"https:\/\/www.sesmoreres.com\/fr\/blog\/wp-json\/wp\/v2\/posts"}],"about":[{"href":"https:\/\/www.sesmoreres.com\/fr\/blog\/wp-json\/wp\/v2\/types\/post"}],"author":[{"embeddable":true,"href":"https:\/\/www.sesmoreres.com\/fr\/blog\/wp-json\/wp\/v2\/users\/6"}],"replies":[{"embeddable":true,"href":"https:\/\/www.sesmoreres.com\/fr\/blog\/wp-json\/wp\/v2\/comments?post=1748"}],"version-history":[{"count":3,"href":"https:\/\/www.sesmoreres.com\/fr\/blog\/wp-json\/wp\/v2\/posts\/1748\/revisions"}],"predecessor-version":[{"id":1762,"href":"https:\/\/www.sesmoreres.com\/fr\/blog\/wp-json\/wp\/v2\/posts\/1748\/revisions\/1762"}],"wp:featuredmedia":[{"embeddable":true,"href":"https:\/\/www.sesmoreres.com\/fr\/blog\/wp-json\/wp\/v2\/media\/1755"}],"wp:attachment":[{"href":"https:\/\/www.sesmoreres.com\/fr\/blog\/wp-json\/wp\/v2\/media?parent=1748"}],"wp:term":[{"taxonomy":"category","embeddable":true,"href":"https:\/\/www.sesmoreres.com\/fr\/blog\/wp-json\/wp\/v2\/categories?post=1748"},{"taxonomy":"post_tag","embeddable":true,"href":"https:\/\/www.sesmoreres.com\/fr\/blog\/wp-json\/wp\/v2\/tags?post=1748"}],"curies":[{"name":"wp","href":"https:\/\/api.w.org\/{rel}","templated":true}]}}