{"id":1664,"date":"2024-11-13T18:45:06","date_gmt":"2024-11-13T17:45:06","guid":{"rendered":"https:\/\/www.sesmoreres.com\/fr\/blog\/?p=1664"},"modified":"2025-01-16T18:46:10","modified_gmt":"2025-01-16T17:46:10","slug":"maisons-de-design-a-minorque-un-reve-devenu-realite-sur-la-cote-de-binibeca","status":"publish","type":"post","link":"https:\/\/www.sesmoreres.com\/fr\/blog\/maisons-de-design-a-minorque-un-reve-devenu-realite-sur-la-cote-de-binibeca\/","title":{"rendered":"Maisons de Design \u00e0 Minorque \u2013 Un R\u00eave Devenu R\u00e9alit\u00e9 sur la C\u00f4te de Binibeca"},"content":{"rendered":"<p>&nbsp;<\/p>\n<p>Menorca est une \u00eele qui s\u00e9duit par sa beaut\u00e9 naturelle et son style de vie d\u00e9contract\u00e9, et au c\u0153ur de sa c\u00f4te la plus pris\u00e9e se trouve un chef-d&rsquo;\u0153uvre de design qui red\u00e9finit le luxe de la vie m\u00e9diterran\u00e9enne. Cette maison offre non seulement des vues panoramiques sur la mer et un acc\u00e8s direct \u00e0 la plage, mais elle se distingue aussi par son architecture et son souci du d\u00e9tail, en faisant le refuge parfait pour ceux qui recherchent une exp\u00e9rience exclusive.<\/p>\n<p>&nbsp;<\/p>\n<h4><strong>Un Design qui Embrasse l\u2019Environnement Naturel<\/strong><\/h4>\n<p>Cette r\u00e9sidence a \u00e9t\u00e9 con\u00e7ue pour s&rsquo;int\u00e9grer pleinement dans le paysage de Minorque. Sa fa\u00e7ade combine blanc et pierre naturelle, se fondant harmonieusement dans l&rsquo;environnement. Les grandes fen\u00eatres permettent aux espaces de s&rsquo;ouvrir compl\u00e8tement sur l&rsquo;ext\u00e9rieur, cr\u00e9ant une fusion parfaite entre l&rsquo;int\u00e9rieur et le paysage naturel qui entoure la maison. Ce d\u00e9tail rend hommage \u00e0 la s\u00e9r\u00e9nit\u00e9 et \u00e0 la beaut\u00e9 de Minorque, int\u00e9grant la maison \u00e0 l&rsquo;horizon m\u00e9diterran\u00e9en et permettant \u00e0 la lumi\u00e8re et \u00e0 la brise de circuler librement dans chaque coin.<\/p>\n<table width=\"100%\">\n<tbody>\n<tr>\n<td><img decoding=\"async\" class=\"size-medium wp-image-1665 aligncenter lazyload\" data-src=\"https:\/\/www.sesmoreres.com\/fr\/blog\/wp-content\/uploads\/2024\/11\/01-Maison-de-designer-a-Minorque-300x200.jpg\" alt=\"Maison de designer \u00e0 Minorque\" width=\"300\" height=\"200\" data-srcset=\"https:\/\/www.sesmoreres.com\/fr\/blog\/wp-content\/uploads\/2024\/11\/01-Maison-de-designer-a-Minorque-300x200.jpg 300w, https:\/\/www.sesmoreres.com\/fr\/blog\/wp-content\/uploads\/2024\/11\/01-Maison-de-designer-a-Minorque-1024x684.jpg 1024w, https:\/\/www.sesmoreres.com\/fr\/blog\/wp-content\/uploads\/2024\/11\/01-Maison-de-designer-a-Minorque-768x513.jpg 768w, https:\/\/www.sesmoreres.com\/fr\/blog\/wp-content\/uploads\/2024\/11\/01-Maison-de-designer-a-Minorque-1536x1026.jpg 1536w, https:\/\/www.sesmoreres.com\/fr\/blog\/wp-content\/uploads\/2024\/11\/01-Maison-de-designer-a-Minorque.jpg 1920w\" data-sizes=\"(max-width: 300px) 100vw, 300px\" src=\"data:image\/svg+xml;base64,PHN2ZyB3aWR0aD0iMSIgaGVpZ2h0PSIxIiB4bWxucz0iaHR0cDovL3d3dy53My5vcmcvMjAwMC9zdmciPjwvc3ZnPg==\" style=\"--smush-placeholder-width: 300px; --smush-placeholder-aspect-ratio: 300\/200;\" \/><\/td>\n<td><img decoding=\"async\" class=\"size-medium wp-image-1674 aligncenter lazyload\" data-src=\"https:\/\/www.sesmoreres.com\/fr\/blog\/wp-content\/uploads\/2024\/11\/03-designer-house-in-menorca-300x200.jpg\" alt=\"Maison de designer \u00e0 Minorque\" width=\"300\" height=\"200\" data-srcset=\"https:\/\/www.sesmoreres.com\/fr\/blog\/wp-content\/uploads\/2024\/11\/03-designer-house-in-menorca-300x200.jpg 300w, https:\/\/www.sesmoreres.com\/fr\/blog\/wp-content\/uploads\/2024\/11\/03-designer-house-in-menorca-1024x684.jpg 1024w, https:\/\/www.sesmoreres.com\/fr\/blog\/wp-content\/uploads\/2024\/11\/03-designer-house-in-menorca-768x513.jpg 768w, https:\/\/www.sesmoreres.com\/fr\/blog\/wp-content\/uploads\/2024\/11\/03-designer-house-in-menorca-1536x1026.jpg 1536w, https:\/\/www.sesmoreres.com\/fr\/blog\/wp-content\/uploads\/2024\/11\/03-designer-house-in-menorca.jpg 1920w\" data-sizes=\"(max-width: 300px) 100vw, 300px\" src=\"data:image\/svg+xml;base64,PHN2ZyB3aWR0aD0iMSIgaGVpZ2h0PSIxIiB4bWxucz0iaHR0cDovL3d3dy53My5vcmcvMjAwMC9zdmciPjwvc3ZnPg==\" style=\"--smush-placeholder-width: 300px; --smush-placeholder-aspect-ratio: 300\/200;\" \/><\/td>\n<\/tr>\n<\/tbody>\n<\/table>\n<p>&nbsp;<\/p>\n<h4><strong>Des Espaces Inond\u00e9s de Lumi\u00e8re et des Mat\u00e9riaux Nobles<\/strong><\/h4>\n<p>Le design de cette propri\u00e9t\u00e9 mise sur la maximisation de la lumi\u00e8re naturelle dans chaque recoin, en utilisant des mat\u00e9riaux nobles comme le bois et la pierre. Ces mat\u00e9riaux, combin\u00e9s \u00e0 une palette de couleurs naturelles, apportent une chaleur unique \u00e0 son style contemporain. Les six suites spacieuses sont con\u00e7ues pour offrir intimit\u00e9 et confort, tandis que les espaces communs se pr\u00e9sentent comme des espaces ouverts et accueillants, id\u00e9aux pour la convivialit\u00e9 et le repos.<\/p>\n<table width=\"100%\">\n<tbody>\n<tr>\n<td><img decoding=\"async\" class=\"size-medium wp-image-1669 aligncenter lazyload\" data-src=\"https:\/\/www.sesmoreres.com\/fr\/blog\/wp-content\/uploads\/2024\/11\/05-Maison-de-designer-a-Minorque-300x200.jpg\" alt=\"Maison de designer \u00e0 Minorque\" width=\"300\" height=\"200\" data-srcset=\"https:\/\/www.sesmoreres.com\/fr\/blog\/wp-content\/uploads\/2024\/11\/05-Maison-de-designer-a-Minorque-300x200.jpg 300w, https:\/\/www.sesmoreres.com\/fr\/blog\/wp-content\/uploads\/2024\/11\/05-Maison-de-designer-a-Minorque-1024x684.jpg 1024w, https:\/\/www.sesmoreres.com\/fr\/blog\/wp-content\/uploads\/2024\/11\/05-Maison-de-designer-a-Minorque-768x513.jpg 768w, https:\/\/www.sesmoreres.com\/fr\/blog\/wp-content\/uploads\/2024\/11\/05-Maison-de-designer-a-Minorque-1536x1026.jpg 1536w, https:\/\/www.sesmoreres.com\/fr\/blog\/wp-content\/uploads\/2024\/11\/05-Maison-de-designer-a-Minorque.jpg 1920w\" data-sizes=\"(max-width: 300px) 100vw, 300px\" src=\"data:image\/svg+xml;base64,PHN2ZyB3aWR0aD0iMSIgaGVpZ2h0PSIxIiB4bWxucz0iaHR0cDovL3d3dy53My5vcmcvMjAwMC9zdmciPjwvc3ZnPg==\" style=\"--smush-placeholder-width: 300px; --smush-placeholder-aspect-ratio: 300\/200;\" \/><\/td>\n<td><img decoding=\"async\" class=\"size-medium wp-image-1675 aligncenter lazyload\" data-src=\"https:\/\/www.sesmoreres.com\/fr\/blog\/wp-content\/uploads\/2024\/11\/10-designer-house-in-menorca-300x200.jpg\" alt=\"Maison de designer \u00e0 Minorque\" width=\"300\" height=\"200\" data-srcset=\"https:\/\/www.sesmoreres.com\/fr\/blog\/wp-content\/uploads\/2024\/11\/10-designer-house-in-menorca-300x200.jpg 300w, https:\/\/www.sesmoreres.com\/fr\/blog\/wp-content\/uploads\/2024\/11\/10-designer-house-in-menorca-1024x684.jpg 1024w, https:\/\/www.sesmoreres.com\/fr\/blog\/wp-content\/uploads\/2024\/11\/10-designer-house-in-menorca-768x513.jpg 768w, https:\/\/www.sesmoreres.com\/fr\/blog\/wp-content\/uploads\/2024\/11\/10-designer-house-in-menorca-1536x1026.jpg 1536w, https:\/\/www.sesmoreres.com\/fr\/blog\/wp-content\/uploads\/2024\/11\/10-designer-house-in-menorca.jpg 1920w\" data-sizes=\"(max-width: 300px) 100vw, 300px\" src=\"data:image\/svg+xml;base64,PHN2ZyB3aWR0aD0iMSIgaGVpZ2h0PSIxIiB4bWxucz0iaHR0cDovL3d3dy53My5vcmcvMjAwMC9zdmciPjwvc3ZnPg==\" style=\"--smush-placeholder-width: 300px; --smush-placeholder-aspect-ratio: 300\/200;\" \/><\/td>\n<\/tr>\n<\/tbody>\n<\/table>\n<p>&nbsp;<\/p>\n<h4><strong>Terrasses et Piscine : Le Luxe de Vivre en Plein Air<\/strong><\/h4>\n<p>Les espaces ext\u00e9rieurs de cette maison sont une extension de son design impeccable. Les vastes terrasses et la piscine s&rsquo;int\u00e8grent parfaitement dans l\u2019environnement, offrant des zones de d\u00e9tente o\u00f9 l\u2019on peut profiter du climat m\u00e9diterran\u00e9en et des vues ininterrompues sur la mer. Cette r\u00e9sidence n\u2019est pas seulement une maison, mais une exp\u00e9rience compl\u00e8te de vie en plein air, o\u00f9 design et nature se rencontrent en parfaite harmonie.<\/p>\n<table width=\"100%\">\n<tbody>\n<tr>\n<td><img decoding=\"async\" class=\"size-medium wp-image-1677 aligncenter lazyload\" data-src=\"https:\/\/www.sesmoreres.com\/fr\/blog\/wp-content\/uploads\/2024\/11\/02-Maison-de-designer-a-Minorque-1-300x200.jpg\" alt=\"Maison de designer \u00e0 Minorque\" width=\"300\" height=\"200\" data-srcset=\"https:\/\/www.sesmoreres.com\/fr\/blog\/wp-content\/uploads\/2024\/11\/02-Maison-de-designer-a-Minorque-1-300x200.jpg 300w, https:\/\/www.sesmoreres.com\/fr\/blog\/wp-content\/uploads\/2024\/11\/02-Maison-de-designer-a-Minorque-1-1024x684.jpg 1024w, https:\/\/www.sesmoreres.com\/fr\/blog\/wp-content\/uploads\/2024\/11\/02-Maison-de-designer-a-Minorque-1-768x513.jpg 768w, https:\/\/www.sesmoreres.com\/fr\/blog\/wp-content\/uploads\/2024\/11\/02-Maison-de-designer-a-Minorque-1-1536x1026.jpg 1536w, https:\/\/www.sesmoreres.com\/fr\/blog\/wp-content\/uploads\/2024\/11\/02-Maison-de-designer-a-Minorque-1.jpg 1920w\" data-sizes=\"(max-width: 300px) 100vw, 300px\" src=\"data:image\/svg+xml;base64,PHN2ZyB3aWR0aD0iMSIgaGVpZ2h0PSIxIiB4bWxucz0iaHR0cDovL3d3dy53My5vcmcvMjAwMC9zdmciPjwvc3ZnPg==\" style=\"--smush-placeholder-width: 300px; --smush-placeholder-aspect-ratio: 300\/200;\" \/><\/td>\n<td><\/td>\n<td><img decoding=\"async\" class=\"size-medium wp-image-1671 aligncenter lazyload\" data-src=\"https:\/\/www.sesmoreres.com\/fr\/blog\/wp-content\/uploads\/2024\/11\/07-Maison-de-designer-a-Minorque-300x200.jpg\" alt=\"Maison de designer \u00e0 Minorque\" width=\"300\" height=\"200\" data-srcset=\"https:\/\/www.sesmoreres.com\/fr\/blog\/wp-content\/uploads\/2024\/11\/07-Maison-de-designer-a-Minorque-300x200.jpg 300w, https:\/\/www.sesmoreres.com\/fr\/blog\/wp-content\/uploads\/2024\/11\/07-Maison-de-designer-a-Minorque-1024x684.jpg 1024w, https:\/\/www.sesmoreres.com\/fr\/blog\/wp-content\/uploads\/2024\/11\/07-Maison-de-designer-a-Minorque-768x513.jpg 768w, https:\/\/www.sesmoreres.com\/fr\/blog\/wp-content\/uploads\/2024\/11\/07-Maison-de-designer-a-Minorque-1536x1026.jpg 1536w, https:\/\/www.sesmoreres.com\/fr\/blog\/wp-content\/uploads\/2024\/11\/07-Maison-de-designer-a-Minorque.jpg 1920w\" data-sizes=\"(max-width: 300px) 100vw, 300px\" src=\"data:image\/svg+xml;base64,PHN2ZyB3aWR0aD0iMSIgaGVpZ2h0PSIxIiB4bWxucz0iaHR0cDovL3d3dy53My5vcmcvMjAwMC9zdmciPjwvc3ZnPg==\" style=\"--smush-placeholder-width: 300px; --smush-placeholder-aspect-ratio: 300\/200;\" \/><\/td>\n<\/tr>\n<\/tbody>\n<\/table>\n<p>&nbsp;<\/p>\n<h4><strong>Technologie et Confort Toute l\u2019Ann\u00e9e<\/strong><\/h4>\n<p>En plus de sa beaut\u00e9 architecturale, la maison est \u00e9quip\u00e9e de syst\u00e8mes de climatisation avanc\u00e9s, garantissant un confort maximal en toute saison. Chaque d\u00e9tail a \u00e9t\u00e9 pens\u00e9 pour offrir une atmosph\u00e8re de s\u00e9r\u00e9nit\u00e9 sans renoncer aux commodit\u00e9s modernes. Cette combinaison de technologie, de design et de connexion avec la nature fait de cette propri\u00e9t\u00e9 un joyau unique \u00e0 Minorque.<\/p>\n<table width=\"100%\">\n<tbody>\n<tr>\n<td><img decoding=\"async\" class=\"size-medium wp-image-1679 aligncenter lazyload\" data-src=\"https:\/\/www.sesmoreres.com\/fr\/blog\/wp-content\/uploads\/2024\/11\/04-Maison-de-designer-a-Minorque-1-300x200.jpg\" alt=\"Maison de designer \u00e0 Minorque\" width=\"300\" height=\"200\" data-srcset=\"https:\/\/www.sesmoreres.com\/fr\/blog\/wp-content\/uploads\/2024\/11\/04-Maison-de-designer-a-Minorque-1-300x200.jpg 300w, https:\/\/www.sesmoreres.com\/fr\/blog\/wp-content\/uploads\/2024\/11\/04-Maison-de-designer-a-Minorque-1-1024x684.jpg 1024w, https:\/\/www.sesmoreres.com\/fr\/blog\/wp-content\/uploads\/2024\/11\/04-Maison-de-designer-a-Minorque-1-768x513.jpg 768w, https:\/\/www.sesmoreres.com\/fr\/blog\/wp-content\/uploads\/2024\/11\/04-Maison-de-designer-a-Minorque-1-1536x1026.jpg 1536w, https:\/\/www.sesmoreres.com\/fr\/blog\/wp-content\/uploads\/2024\/11\/04-Maison-de-designer-a-Minorque-1.jpg 1920w\" data-sizes=\"(max-width: 300px) 100vw, 300px\" src=\"data:image\/svg+xml;base64,PHN2ZyB3aWR0aD0iMSIgaGVpZ2h0PSIxIiB4bWxucz0iaHR0cDovL3d3dy53My5vcmcvMjAwMC9zdmciPjwvc3ZnPg==\" style=\"--smush-placeholder-width: 300px; --smush-placeholder-aspect-ratio: 300\/200;\" \/><\/td>\n<td><\/td>\n<td><img decoding=\"async\" class=\"size-medium wp-image-1680 aligncenter lazyload\" data-src=\"https:\/\/www.sesmoreres.com\/fr\/blog\/wp-content\/uploads\/2024\/11\/06-designer-house-in-menorca-300x200.jpg\" alt=\"Maison de designer \u00e0 Minorque\" width=\"300\" height=\"200\" data-srcset=\"https:\/\/www.sesmoreres.com\/fr\/blog\/wp-content\/uploads\/2024\/11\/06-designer-house-in-menorca-300x200.jpg 300w, https:\/\/www.sesmoreres.com\/fr\/blog\/wp-content\/uploads\/2024\/11\/06-designer-house-in-menorca-1024x684.jpg 1024w, https:\/\/www.sesmoreres.com\/fr\/blog\/wp-content\/uploads\/2024\/11\/06-designer-house-in-menorca-768x513.jpg 768w, https:\/\/www.sesmoreres.com\/fr\/blog\/wp-content\/uploads\/2024\/11\/06-designer-house-in-menorca-1536x1026.jpg 1536w, https:\/\/www.sesmoreres.com\/fr\/blog\/wp-content\/uploads\/2024\/11\/06-designer-house-in-menorca.jpg 1920w\" data-sizes=\"(max-width: 300px) 100vw, 300px\" src=\"data:image\/svg+xml;base64,PHN2ZyB3aWR0aD0iMSIgaGVpZ2h0PSIxIiB4bWxucz0iaHR0cDovL3d3dy53My5vcmcvMjAwMC9zdmciPjwvc3ZnPg==\" style=\"--smush-placeholder-width: 300px; --smush-placeholder-aspect-ratio: 300\/200;\" \/><\/td>\n<\/tr>\n<\/tbody>\n<\/table>\n<p>&nbsp;<\/p>\n<p>Pour ceux qui recherchent une propri\u00e9t\u00e9 alliant luxe, design et un emplacement privil\u00e9gi\u00e9, cette r\u00e9sidence sur la c\u00f4te de Binibeca repr\u00e9sente un r\u00eave devenu r\u00e9alit\u00e9. Ici, l&rsquo;\u00e9l\u00e9gance contemporaine se fond avec l&rsquo;authenticit\u00e9 de la vie m\u00e9diterran\u00e9enne, cr\u00e9ant un espace unique qui red\u00e9finit le concept de maison.<\/p>\n<p>Pour d\u00e9couvrir plus de d\u00e9tails et de photos de cette maison de designer exclusive sur la c\u00f4te de Binibeca-Minorque, <a href=\"https:\/\/www.sesmoreres.com\/fr\/a-vendre\/maison-au-design-exceptionnel-a-binibeca-menorca-minorque\/5476\/\"><strong>cliquez ici pour acc\u00e9der \u00e0 la fiche compl\u00e8te de la propri\u00e9t\u00e9<\/strong><\/a><\/p>\n<p>&nbsp;<\/p>\n","protected":false},"excerpt":{"rendered":"<p>&nbsp; Menorca est une \u00eele qui s\u00e9duit par sa beaut\u00e9 naturelle et son style de vie d\u00e9contract\u00e9, et au c\u0153ur de sa c\u00f4te la plus pris\u00e9e se trouve un chef-d&rsquo;\u0153uvre de design qui red\u00e9finit le luxe de la vie m\u00e9diterran\u00e9enne. &hellip; <a href=\"https:\/\/www.sesmoreres.com\/fr\/blog\/maisons-de-design-a-minorque-un-reve-devenu-realite-sur-la-cote-de-binibeca\/\">Lire la suite\u00ad\u00ad<\/a><\/p>\n","protected":false},"author":6,"featured_media":1665,"comment_status":"open","ping_status":"open","sticky":false,"template":"","format":"standard","meta":{"footnotes":""},"categories":[839,815,860,832],"tags":[939,940,941,826],"class_list":["post-1664","post","type-post","status-publish","format-standard","has-post-thumbnail","hentry","category-limmobilier-a-minorque","category-minorque","category-travailler-a-minorque","category-vivre-a-minorque","tag-maison-de-design-a-minorque","tag-maison-de-luxe-a-minorque","tag-maisons-de-design","tag-vivre-a-minorque"],"yoast_head":"<!-- This site is optimized with the Yoast SEO plugin v27.3 - https:\/\/yoast.com\/product\/yoast-seo-wordpress\/ -->\n<title>Maisons de Design \u00e0 Minorque \u2013 Un R\u00eave Devenu R\u00e9alit\u00e9 sur la C\u00f4te de Binibeca - Blog sur Minorque - Ses Moreres<\/title>\n<meta name=\"description\" content=\"Le design de cette propri\u00e9t\u00e9 mise sur la maximisation de la lumi\u00e8re naturelle dans chaque recoin, en utilisant des mat\u00e9riaux nobles comme le bois et la pierre\" \/>\n<meta name=\"robots\" content=\"index, follow, max-snippet:-1, max-image-preview:large, max-video-preview:-1\" \/>\n<link rel=\"canonical\" href=\"https:\/\/www.sesmoreres.com\/fr\/blog\/maisons-de-design-a-minorque-un-reve-devenu-realite-sur-la-cote-de-binibeca\/\" \/>\n<meta property=\"og:locale\" content=\"fr_FR\" \/>\n<meta property=\"og:type\" content=\"article\" \/>\n<meta property=\"og:title\" content=\"Maisons de Design \u00e0 Minorque \u2013 Un R\u00eave Devenu R\u00e9alit\u00e9 sur la C\u00f4te de Binibeca - Blog sur Minorque - Ses Moreres\" \/>\n<meta property=\"og:description\" content=\"Le design de cette propri\u00e9t\u00e9 mise sur la maximisation de la lumi\u00e8re naturelle dans chaque recoin, en utilisant des mat\u00e9riaux nobles comme le bois et la pierre\" \/>\n<meta property=\"og:url\" content=\"https:\/\/www.sesmoreres.com\/fr\/blog\/maisons-de-design-a-minorque-un-reve-devenu-realite-sur-la-cote-de-binibeca\/\" \/>\n<meta property=\"og:site_name\" content=\"Blog sur Minorque - Ses Moreres\" \/>\n<meta property=\"article:published_time\" content=\"2024-11-13T17:45:06+00:00\" \/>\n<meta property=\"article:modified_time\" content=\"2025-01-16T17:46:10+00:00\" \/>\n<meta property=\"og:image\" content=\"https:\/\/www.sesmoreres.com\/fr\/blog\/wp-content\/uploads\/2024\/11\/01-Maison-de-designer-a-Minorque.jpg\" \/>\n\t<meta property=\"og:image:width\" content=\"1920\" \/>\n\t<meta property=\"og:image:height\" content=\"1282\" \/>\n\t<meta property=\"og:image:type\" content=\"image\/jpeg\" \/>\n<meta name=\"author\" content=\"Gustavo Taboada\" \/>\n<meta name=\"twitter:card\" content=\"summary_large_image\" \/>\n<meta name=\"twitter:label1\" content=\"\u00c9crit par\" \/>\n\t<meta name=\"twitter:data1\" content=\"Gustavo Taboada\" \/>\n\t<meta name=\"twitter:label2\" content=\"Dur\u00e9e de lecture estim\u00e9e\" \/>\n\t<meta name=\"twitter:data2\" content=\"5 minutes\" \/>\n<script type=\"application\/ld+json\" class=\"yoast-schema-graph\">{\"@context\":\"https:\\\/\\\/schema.org\",\"@graph\":[{\"@type\":\"Article\",\"@id\":\"https:\\\/\\\/www.sesmoreres.com\\\/fr\\\/blog\\\/maisons-de-design-a-minorque-un-reve-devenu-realite-sur-la-cote-de-binibeca\\\/#article\",\"isPartOf\":{\"@id\":\"https:\\\/\\\/www.sesmoreres.com\\\/fr\\\/blog\\\/maisons-de-design-a-minorque-un-reve-devenu-realite-sur-la-cote-de-binibeca\\\/\"},\"author\":{\"name\":\"Gustavo Taboada\",\"@id\":\"https:\\\/\\\/www.sesmoreres.com\\\/fr\\\/blog\\\/#\\\/schema\\\/person\\\/59709c295f35631caaed4ae15c278e5d\"},\"headline\":\"Maisons de Design \u00e0 Minorque \u2013 Un R\u00eave Devenu R\u00e9alit\u00e9 sur la C\u00f4te de Binibeca\",\"datePublished\":\"2024-11-13T17:45:06+00:00\",\"dateModified\":\"2025-01-16T17:46:10+00:00\",\"mainEntityOfPage\":{\"@id\":\"https:\\\/\\\/www.sesmoreres.com\\\/fr\\\/blog\\\/maisons-de-design-a-minorque-un-reve-devenu-realite-sur-la-cote-de-binibeca\\\/\"},\"wordCount\":567,\"commentCount\":0,\"image\":{\"@id\":\"https:\\\/\\\/www.sesmoreres.com\\\/fr\\\/blog\\\/maisons-de-design-a-minorque-un-reve-devenu-realite-sur-la-cote-de-binibeca\\\/#primaryimage\"},\"thumbnailUrl\":\"https:\\\/\\\/www.sesmoreres.com\\\/fr\\\/blog\\\/wp-content\\\/uploads\\\/2024\\\/11\\\/01-Maison-de-designer-a-Minorque.jpg\",\"keywords\":[\"Maison de design \u00e0 Minorque\",\"Maison de luxe \u00e0 Minorque\",\"Maisons de design\",\"vivre \u00e0 Minorque\"],\"articleSection\":[\"l'immobilier \u00e0 Minorque\",\"Minorque\",\"travailler \u00e0 minorque\",\"Vivre \u00e0 Minorque\"],\"inLanguage\":\"fr-FR\",\"potentialAction\":[{\"@type\":\"CommentAction\",\"name\":\"Comment\",\"target\":[\"https:\\\/\\\/www.sesmoreres.com\\\/fr\\\/blog\\\/maisons-de-design-a-minorque-un-reve-devenu-realite-sur-la-cote-de-binibeca\\\/#respond\"]}]},{\"@type\":\"WebPage\",\"@id\":\"https:\\\/\\\/www.sesmoreres.com\\\/fr\\\/blog\\\/maisons-de-design-a-minorque-un-reve-devenu-realite-sur-la-cote-de-binibeca\\\/\",\"url\":\"https:\\\/\\\/www.sesmoreres.com\\\/fr\\\/blog\\\/maisons-de-design-a-minorque-un-reve-devenu-realite-sur-la-cote-de-binibeca\\\/\",\"name\":\"Maisons de Design \u00e0 Minorque \u2013 Un R\u00eave Devenu R\u00e9alit\u00e9 sur la C\u00f4te de Binibeca - Blog sur Minorque - Ses Moreres\",\"isPartOf\":{\"@id\":\"https:\\\/\\\/www.sesmoreres.com\\\/fr\\\/blog\\\/#website\"},\"primaryImageOfPage\":{\"@id\":\"https:\\\/\\\/www.sesmoreres.com\\\/fr\\\/blog\\\/maisons-de-design-a-minorque-un-reve-devenu-realite-sur-la-cote-de-binibeca\\\/#primaryimage\"},\"image\":{\"@id\":\"https:\\\/\\\/www.sesmoreres.com\\\/fr\\\/blog\\\/maisons-de-design-a-minorque-un-reve-devenu-realite-sur-la-cote-de-binibeca\\\/#primaryimage\"},\"thumbnailUrl\":\"https:\\\/\\\/www.sesmoreres.com\\\/fr\\\/blog\\\/wp-content\\\/uploads\\\/2024\\\/11\\\/01-Maison-de-designer-a-Minorque.jpg\",\"datePublished\":\"2024-11-13T17:45:06+00:00\",\"dateModified\":\"2025-01-16T17:46:10+00:00\",\"author\":{\"@id\":\"https:\\\/\\\/www.sesmoreres.com\\\/fr\\\/blog\\\/#\\\/schema\\\/person\\\/59709c295f35631caaed4ae15c278e5d\"},\"description\":\"Le design de cette propri\u00e9t\u00e9 mise sur la maximisation de la lumi\u00e8re naturelle dans chaque recoin, en utilisant des mat\u00e9riaux nobles comme le bois et la pierre\",\"breadcrumb\":{\"@id\":\"https:\\\/\\\/www.sesmoreres.com\\\/fr\\\/blog\\\/maisons-de-design-a-minorque-un-reve-devenu-realite-sur-la-cote-de-binibeca\\\/#breadcrumb\"},\"inLanguage\":\"fr-FR\",\"potentialAction\":[{\"@type\":\"ReadAction\",\"target\":[\"https:\\\/\\\/www.sesmoreres.com\\\/fr\\\/blog\\\/maisons-de-design-a-minorque-un-reve-devenu-realite-sur-la-cote-de-binibeca\\\/\"]}]},{\"@type\":\"ImageObject\",\"inLanguage\":\"fr-FR\",\"@id\":\"https:\\\/\\\/www.sesmoreres.com\\\/fr\\\/blog\\\/maisons-de-design-a-minorque-un-reve-devenu-realite-sur-la-cote-de-binibeca\\\/#primaryimage\",\"url\":\"https:\\\/\\\/www.sesmoreres.com\\\/fr\\\/blog\\\/wp-content\\\/uploads\\\/2024\\\/11\\\/01-Maison-de-designer-a-Minorque.jpg\",\"contentUrl\":\"https:\\\/\\\/www.sesmoreres.com\\\/fr\\\/blog\\\/wp-content\\\/uploads\\\/2024\\\/11\\\/01-Maison-de-designer-a-Minorque.jpg\",\"width\":1920,\"height\":1282,\"caption\":\"Maison de designer \u00e0 Minorque\"},{\"@type\":\"BreadcrumbList\",\"@id\":\"https:\\\/\\\/www.sesmoreres.com\\\/fr\\\/blog\\\/maisons-de-design-a-minorque-un-reve-devenu-realite-sur-la-cote-de-binibeca\\\/#breadcrumb\",\"itemListElement\":[{\"@type\":\"ListItem\",\"position\":1,\"name\":\"Portada\",\"item\":\"https:\\\/\\\/www.sesmoreres.com\\\/fr\\\/blog\\\/\"},{\"@type\":\"ListItem\",\"position\":2,\"name\":\"Maisons de Design \u00e0 Minorque \u2013 Un R\u00eave Devenu R\u00e9alit\u00e9 sur la C\u00f4te de Binibeca\"}]},{\"@type\":\"WebSite\",\"@id\":\"https:\\\/\\\/www.sesmoreres.com\\\/fr\\\/blog\\\/#website\",\"url\":\"https:\\\/\\\/www.sesmoreres.com\\\/fr\\\/blog\\\/\",\"name\":\"Blog sur Minorque - Ses Moreres\",\"description\":\"Immobili\u00e8res \u00e0 Minorque - Leader dans la vente de propri\u00e9t\u00e9s de luxe Fermes rustiques, maisons de campagne, chalets, terrains\",\"potentialAction\":[{\"@type\":\"SearchAction\",\"target\":{\"@type\":\"EntryPoint\",\"urlTemplate\":\"https:\\\/\\\/www.sesmoreres.com\\\/fr\\\/blog\\\/?s={search_term_string}\"},\"query-input\":{\"@type\":\"PropertyValueSpecification\",\"valueRequired\":true,\"valueName\":\"search_term_string\"}}],\"inLanguage\":\"fr-FR\"},{\"@type\":\"Person\",\"@id\":\"https:\\\/\\\/www.sesmoreres.com\\\/fr\\\/blog\\\/#\\\/schema\\\/person\\\/59709c295f35631caaed4ae15c278e5d\",\"name\":\"Gustavo Taboada\",\"image\":{\"@type\":\"ImageObject\",\"inLanguage\":\"fr-FR\",\"@id\":\"https:\\\/\\\/secure.gravatar.com\\\/avatar\\\/3ccbd5a7e12a4c7eeba203d071c5597afe0897ae6421977a46b52d5141848077?s=96&d=mm&r=g\",\"url\":\"https:\\\/\\\/secure.gravatar.com\\\/avatar\\\/3ccbd5a7e12a4c7eeba203d071c5597afe0897ae6421977a46b52d5141848077?s=96&d=mm&r=g\",\"contentUrl\":\"https:\\\/\\\/secure.gravatar.com\\\/avatar\\\/3ccbd5a7e12a4c7eeba203d071c5597afe0897ae6421977a46b52d5141848077?s=96&d=mm&r=g\",\"caption\":\"Gustavo Taboada\"},\"url\":\"https:\\\/\\\/www.sesmoreres.com\\\/fr\\\/blog\\\/author\\\/gustavo\\\/\"}]}<\/script>\n<!-- \/ Yoast SEO plugin. -->","yoast_head_json":{"title":"Maisons de Design \u00e0 Minorque \u2013 Un R\u00eave Devenu R\u00e9alit\u00e9 sur la C\u00f4te de Binibeca - Blog sur Minorque - Ses Moreres","description":"Le design de cette propri\u00e9t\u00e9 mise sur la maximisation de la lumi\u00e8re naturelle dans chaque recoin, en utilisant des mat\u00e9riaux nobles comme le bois et la pierre","robots":{"index":"index","follow":"follow","max-snippet":"max-snippet:-1","max-image-preview":"max-image-preview:large","max-video-preview":"max-video-preview:-1"},"canonical":"https:\/\/www.sesmoreres.com\/fr\/blog\/maisons-de-design-a-minorque-un-reve-devenu-realite-sur-la-cote-de-binibeca\/","og_locale":"fr_FR","og_type":"article","og_title":"Maisons de Design \u00e0 Minorque \u2013 Un R\u00eave Devenu R\u00e9alit\u00e9 sur la C\u00f4te de Binibeca - Blog sur Minorque - Ses Moreres","og_description":"Le design de cette propri\u00e9t\u00e9 mise sur la maximisation de la lumi\u00e8re naturelle dans chaque recoin, en utilisant des mat\u00e9riaux nobles comme le bois et la pierre","og_url":"https:\/\/www.sesmoreres.com\/fr\/blog\/maisons-de-design-a-minorque-un-reve-devenu-realite-sur-la-cote-de-binibeca\/","og_site_name":"Blog sur Minorque - Ses Moreres","article_published_time":"2024-11-13T17:45:06+00:00","article_modified_time":"2025-01-16T17:46:10+00:00","og_image":[{"width":1920,"height":1282,"url":"https:\/\/www.sesmoreres.com\/fr\/blog\/wp-content\/uploads\/2024\/11\/01-Maison-de-designer-a-Minorque.jpg","type":"image\/jpeg"}],"author":"Gustavo Taboada","twitter_card":"summary_large_image","twitter_misc":{"\u00c9crit par":"Gustavo Taboada","Dur\u00e9e de lecture estim\u00e9e":"5 minutes"},"schema":{"@context":"https:\/\/schema.org","@graph":[{"@type":"Article","@id":"https:\/\/www.sesmoreres.com\/fr\/blog\/maisons-de-design-a-minorque-un-reve-devenu-realite-sur-la-cote-de-binibeca\/#article","isPartOf":{"@id":"https:\/\/www.sesmoreres.com\/fr\/blog\/maisons-de-design-a-minorque-un-reve-devenu-realite-sur-la-cote-de-binibeca\/"},"author":{"name":"Gustavo Taboada","@id":"https:\/\/www.sesmoreres.com\/fr\/blog\/#\/schema\/person\/59709c295f35631caaed4ae15c278e5d"},"headline":"Maisons de Design \u00e0 Minorque \u2013 Un R\u00eave Devenu R\u00e9alit\u00e9 sur la C\u00f4te de Binibeca","datePublished":"2024-11-13T17:45:06+00:00","dateModified":"2025-01-16T17:46:10+00:00","mainEntityOfPage":{"@id":"https:\/\/www.sesmoreres.com\/fr\/blog\/maisons-de-design-a-minorque-un-reve-devenu-realite-sur-la-cote-de-binibeca\/"},"wordCount":567,"commentCount":0,"image":{"@id":"https:\/\/www.sesmoreres.com\/fr\/blog\/maisons-de-design-a-minorque-un-reve-devenu-realite-sur-la-cote-de-binibeca\/#primaryimage"},"thumbnailUrl":"https:\/\/www.sesmoreres.com\/fr\/blog\/wp-content\/uploads\/2024\/11\/01-Maison-de-designer-a-Minorque.jpg","keywords":["Maison de design \u00e0 Minorque","Maison de luxe \u00e0 Minorque","Maisons de design","vivre \u00e0 Minorque"],"articleSection":["l'immobilier \u00e0 Minorque","Minorque","travailler \u00e0 minorque","Vivre \u00e0 Minorque"],"inLanguage":"fr-FR","potentialAction":[{"@type":"CommentAction","name":"Comment","target":["https:\/\/www.sesmoreres.com\/fr\/blog\/maisons-de-design-a-minorque-un-reve-devenu-realite-sur-la-cote-de-binibeca\/#respond"]}]},{"@type":"WebPage","@id":"https:\/\/www.sesmoreres.com\/fr\/blog\/maisons-de-design-a-minorque-un-reve-devenu-realite-sur-la-cote-de-binibeca\/","url":"https:\/\/www.sesmoreres.com\/fr\/blog\/maisons-de-design-a-minorque-un-reve-devenu-realite-sur-la-cote-de-binibeca\/","name":"Maisons de Design \u00e0 Minorque \u2013 Un R\u00eave Devenu R\u00e9alit\u00e9 sur la C\u00f4te de Binibeca - Blog sur Minorque - Ses Moreres","isPartOf":{"@id":"https:\/\/www.sesmoreres.com\/fr\/blog\/#website"},"primaryImageOfPage":{"@id":"https:\/\/www.sesmoreres.com\/fr\/blog\/maisons-de-design-a-minorque-un-reve-devenu-realite-sur-la-cote-de-binibeca\/#primaryimage"},"image":{"@id":"https:\/\/www.sesmoreres.com\/fr\/blog\/maisons-de-design-a-minorque-un-reve-devenu-realite-sur-la-cote-de-binibeca\/#primaryimage"},"thumbnailUrl":"https:\/\/www.sesmoreres.com\/fr\/blog\/wp-content\/uploads\/2024\/11\/01-Maison-de-designer-a-Minorque.jpg","datePublished":"2024-11-13T17:45:06+00:00","dateModified":"2025-01-16T17:46:10+00:00","author":{"@id":"https:\/\/www.sesmoreres.com\/fr\/blog\/#\/schema\/person\/59709c295f35631caaed4ae15c278e5d"},"description":"Le design de cette propri\u00e9t\u00e9 mise sur la maximisation de la lumi\u00e8re naturelle dans chaque recoin, en utilisant des mat\u00e9riaux nobles comme le bois et la pierre","breadcrumb":{"@id":"https:\/\/www.sesmoreres.com\/fr\/blog\/maisons-de-design-a-minorque-un-reve-devenu-realite-sur-la-cote-de-binibeca\/#breadcrumb"},"inLanguage":"fr-FR","potentialAction":[{"@type":"ReadAction","target":["https:\/\/www.sesmoreres.com\/fr\/blog\/maisons-de-design-a-minorque-un-reve-devenu-realite-sur-la-cote-de-binibeca\/"]}]},{"@type":"ImageObject","inLanguage":"fr-FR","@id":"https:\/\/www.sesmoreres.com\/fr\/blog\/maisons-de-design-a-minorque-un-reve-devenu-realite-sur-la-cote-de-binibeca\/#primaryimage","url":"https:\/\/www.sesmoreres.com\/fr\/blog\/wp-content\/uploads\/2024\/11\/01-Maison-de-designer-a-Minorque.jpg","contentUrl":"https:\/\/www.sesmoreres.com\/fr\/blog\/wp-content\/uploads\/2024\/11\/01-Maison-de-designer-a-Minorque.jpg","width":1920,"height":1282,"caption":"Maison de designer \u00e0 Minorque"},{"@type":"BreadcrumbList","@id":"https:\/\/www.sesmoreres.com\/fr\/blog\/maisons-de-design-a-minorque-un-reve-devenu-realite-sur-la-cote-de-binibeca\/#breadcrumb","itemListElement":[{"@type":"ListItem","position":1,"name":"Portada","item":"https:\/\/www.sesmoreres.com\/fr\/blog\/"},{"@type":"ListItem","position":2,"name":"Maisons de Design \u00e0 Minorque \u2013 Un R\u00eave Devenu R\u00e9alit\u00e9 sur la C\u00f4te de Binibeca"}]},{"@type":"WebSite","@id":"https:\/\/www.sesmoreres.com\/fr\/blog\/#website","url":"https:\/\/www.sesmoreres.com\/fr\/blog\/","name":"Blog sur Minorque - Ses Moreres","description":"Immobili\u00e8res \u00e0 Minorque - Leader dans la vente de propri\u00e9t\u00e9s de luxe Fermes rustiques, maisons de campagne, chalets, terrains","potentialAction":[{"@type":"SearchAction","target":{"@type":"EntryPoint","urlTemplate":"https:\/\/www.sesmoreres.com\/fr\/blog\/?s={search_term_string}"},"query-input":{"@type":"PropertyValueSpecification","valueRequired":true,"valueName":"search_term_string"}}],"inLanguage":"fr-FR"},{"@type":"Person","@id":"https:\/\/www.sesmoreres.com\/fr\/blog\/#\/schema\/person\/59709c295f35631caaed4ae15c278e5d","name":"Gustavo Taboada","image":{"@type":"ImageObject","inLanguage":"fr-FR","@id":"https:\/\/secure.gravatar.com\/avatar\/3ccbd5a7e12a4c7eeba203d071c5597afe0897ae6421977a46b52d5141848077?s=96&d=mm&r=g","url":"https:\/\/secure.gravatar.com\/avatar\/3ccbd5a7e12a4c7eeba203d071c5597afe0897ae6421977a46b52d5141848077?s=96&d=mm&r=g","contentUrl":"https:\/\/secure.gravatar.com\/avatar\/3ccbd5a7e12a4c7eeba203d071c5597afe0897ae6421977a46b52d5141848077?s=96&d=mm&r=g","caption":"Gustavo Taboada"},"url":"https:\/\/www.sesmoreres.com\/fr\/blog\/author\/gustavo\/"}]}},"_links":{"self":[{"href":"https:\/\/www.sesmoreres.com\/fr\/blog\/wp-json\/wp\/v2\/posts\/1664","targetHints":{"allow":["GET"]}}],"collection":[{"href":"https:\/\/www.sesmoreres.com\/fr\/blog\/wp-json\/wp\/v2\/posts"}],"about":[{"href":"https:\/\/www.sesmoreres.com\/fr\/blog\/wp-json\/wp\/v2\/types\/post"}],"author":[{"embeddable":true,"href":"https:\/\/www.sesmoreres.com\/fr\/blog\/wp-json\/wp\/v2\/users\/6"}],"replies":[{"embeddable":true,"href":"https:\/\/www.sesmoreres.com\/fr\/blog\/wp-json\/wp\/v2\/comments?post=1664"}],"version-history":[{"count":3,"href":"https:\/\/www.sesmoreres.com\/fr\/blog\/wp-json\/wp\/v2\/posts\/1664\/revisions"}],"predecessor-version":[{"id":1683,"href":"https:\/\/www.sesmoreres.com\/fr\/blog\/wp-json\/wp\/v2\/posts\/1664\/revisions\/1683"}],"wp:featuredmedia":[{"embeddable":true,"href":"https:\/\/www.sesmoreres.com\/fr\/blog\/wp-json\/wp\/v2\/media\/1665"}],"wp:attachment":[{"href":"https:\/\/www.sesmoreres.com\/fr\/blog\/wp-json\/wp\/v2\/media?parent=1664"}],"wp:term":[{"taxonomy":"category","embeddable":true,"href":"https:\/\/www.sesmoreres.com\/fr\/blog\/wp-json\/wp\/v2\/categories?post=1664"},{"taxonomy":"post_tag","embeddable":true,"href":"https:\/\/www.sesmoreres.com\/fr\/blog\/wp-json\/wp\/v2\/tags?post=1664"}],"curies":[{"name":"wp","href":"https:\/\/api.w.org\/{rel}","templated":true}]}}