{"id":1521,"date":"2021-04-08T11:13:30","date_gmt":"2021-04-08T09:13:30","guid":{"rendered":"https:\/\/www.sesmoreres.com\/fr\/blog\/?p=1521"},"modified":"2021-04-08T11:16:34","modified_gmt":"2021-04-08T09:16:34","slug":"minorque-a-paques","status":"publish","type":"post","link":"https:\/\/www.sesmoreres.com\/fr\/blog\/minorque-a-paques\/","title":{"rendered":"Minorque \u00e0 P\u00e2ques"},"content":{"rendered":"<p>Tout comme en photographie il y a une \u00ab\u2009heure magique\u2009\u00bb o\u00f9 la lumi\u00e8re est parfaite pour prendre de bonnes photos, \u00ab\u2009P\u00e2ques est le moment magique pour profiter de Minorque\u2009\u00bb.<\/p>\n<p>&nbsp;<\/p>\n<p>Pendant la journ\u00e9e, la temp\u00e9rature augmente suffisamment pour que vous puissiez vous lib\u00e9rer de la tyrannie des v\u00eatements d\u2019hiver (au moins pour quelques heures), et porter des manches courtes tout en profitant des longues randonn\u00e9es le long du <a href=\"https:\/\/fr.wikipedia.org\/wiki\/Cam%C3%AD_de_Cavalls\">Cami de Cavalls<\/a>. Et n\u2019oubliez pas un chapeau car le soleil est tra\u00eetre en ce d\u00e9but de printemps peut vous assommer\u2009!<\/p>\n<p>&nbsp;<\/p>\n<p>Si vous b\u00e9n\u00e9ficiez d\u2019une journ\u00e9e ensoleill\u00e9e, la temp\u00e9rature de la journ\u00e9e vous permettra de marcher pieds nus sur quelques m\u00e8tres le long du rivage de n\u2019importe quelle crique que vous trouverez, presque d\u00e9serte, et les plus courageux pourront faire un plongeon de quelques minutes qui revitalisera \u00e0 la fois le corps et l\u2019\u00e2me (mieux que les puits d\u2019eau froide d\u2019un Spa, et c\u2019est gratuit\u2009!).<\/p>\n<p>&nbsp;<\/p>\n<p>Et la nuit, la temp\u00e9rature baisse progressivement, si bien que passer quelques heures au coin d\u2019un feu de chemin\u00e9e est l\u2019un des plus grands plaisirs de la vie.<\/p>\n<p>&nbsp;<\/p>\n<p>C\u2019est \u00e9galement le meilleur moment pour profiter des offres gastronomiques et culturelles de l\u2019\u00eele. C\u2019est le moment de visiter les mus\u00e9es sans la cohue et les files d\u2019attente et de faire une r\u00e9servation dans ce restaurant que l\u2019on nous a recommand\u00e9 et qui est toujours plein en \u00e9t\u00e9.<\/p>\n<p>&nbsp;<\/p>\n<p>Par exemple,<a href=\"https:\/\/www.fortalesalamola.com\/es\/noticias\/post\/semana-santa-2021\/1036\"> le mus\u00e9e militaire de La Mola<\/a> n\u2019est pas tr\u00e8s recommandable en plein \u00e9t\u00e9 en raison de la mauvaise combinaison de la chaleur torride et des longues distances \u00e0 parcourir, mais \u00e0 cette p\u00e9riode de l\u2019ann\u00e9e, il se transforme en une exp\u00e9rience tr\u00e8s agr\u00e9able.<\/p>\n<p>&nbsp;<\/p>\n<p>Obtenir la meilleure table dans le meilleur restaurant de l\u2019\u00eele et \u00eatre servi avec toute l\u2019attention que vous pouvez souhaiter est quelque chose qui ne peut se faire qu\u2019\u00e0 P\u00e2ques. M\u00eame les serveurs sont frais et d\u00e9bordants d\u2019amabilit\u00e9 en ce d\u00e9but de saison.<\/p>\n<p>&nbsp;<\/p>\n<p>Mais ce serait un oubli impardonnable de conclure ce post sans \u00e9voquer les merveilleuses couleurs qui habillent l\u2019\u00eele de Minorque au printemps.<\/p>\n<p>&nbsp;<\/p>\n<p>Le d\u00e9but de la floraison de milliers d\u2019esp\u00e8ces de plantes, ajout\u00e9 aux oiseaux qui voltigent dans un ciel d\u2019un bleu intense, qui se combine \u00e0 un fond marin turquoise transparent, c\u2019est un spectacle que l\u2019on ne peut appr\u00e9cier qu\u2019en le vivant en personne.<\/p>\n<p><img decoding=\"async\" class=\"wp-image-1522 alignleft lazyload\" data-src=\"https:\/\/www.sesmoreres.com\/fr\/blog\/wp-content\/uploads\/2021\/04\/Easter-in-Menorca-1-300x200-1.jpg\" alt=\"\" width=\"175\" height=\"117\" src=\"data:image\/svg+xml;base64,PHN2ZyB3aWR0aD0iMSIgaGVpZ2h0PSIxIiB4bWxucz0iaHR0cDovL3d3dy53My5vcmcvMjAwMC9zdmciPjwvc3ZnPg==\" style=\"--smush-placeholder-width: 175px; --smush-placeholder-aspect-ratio: 175\/117;\" \/><img decoding=\"async\" class=\"wp-image-1524 alignleft lazyload\" data-src=\"https:\/\/www.sesmoreres.com\/fr\/blog\/wp-content\/uploads\/2021\/04\/Easter-in-Menorca-3.jpg\" alt=\"\" width=\"175\" height=\"117\" src=\"data:image\/svg+xml;base64,PHN2ZyB3aWR0aD0iMSIgaGVpZ2h0PSIxIiB4bWxucz0iaHR0cDovL3d3dy53My5vcmcvMjAwMC9zdmciPjwvc3ZnPg==\" style=\"--smush-placeholder-width: 175px; --smush-placeholder-aspect-ratio: 175\/117;\" \/><img decoding=\"async\" class=\"wp-image-1523 alignleft lazyload\" data-src=\"https:\/\/www.sesmoreres.com\/fr\/blog\/wp-content\/uploads\/2021\/04\/Easter-in-Menorca-2.jpg\" alt=\"\" width=\"175\" height=\"117\" src=\"data:image\/svg+xml;base64,PHN2ZyB3aWR0aD0iMSIgaGVpZ2h0PSIxIiB4bWxucz0iaHR0cDovL3d3dy53My5vcmcvMjAwMC9zdmciPjwvc3ZnPg==\" style=\"--smush-placeholder-width: 175px; --smush-placeholder-aspect-ratio: 175\/117;\" \/><\/p>\n<p>&nbsp;<\/p>\n<div style=\"width: 240px;\" class=\"wp-video\"><video class=\"wp-video-shortcode\" id=\"video-1521-1\" width=\"240\" height=\"424\" loop autoplay preload=\"metadata\" controls=\"controls\"><source type=\"video\/mp4\" src=\"https:\/\/www.sesmoreres.com\/fr\/blog\/wp-content\/uploads\/2021\/04\/Fireplace-Menorca-2.mp4?_=1\" \/><a href=\"https:\/\/www.sesmoreres.com\/fr\/blog\/wp-content\/uploads\/2021\/04\/Fireplace-Menorca-2.mp4\">https:\/\/www.sesmoreres.com\/fr\/blog\/wp-content\/uploads\/2021\/04\/Fireplace-Menorca-2.mp4<\/a><\/video><\/div>\n<p>&nbsp;<\/p>\n<p>Nous souhaitons \u00eatre votre<a href=\"https:\/\/www.sesmoreres.com\/fr\/\"> agent immobilier \u00e0 Minorque<\/a>, contactez-nous et nous vous aiderons \u00e0 faire de votre r\u00eave une r\u00e9alit\u00e9. L\u2019honn\u00eatet\u00e9 et le professionnalisme sont nos principales pr\u00e9misses, laissez-nous vous le prouver.<\/p>\n","protected":false},"excerpt":{"rendered":"<p>Tout comme en photographie il y a une \u00ab\u2009heure magique\u2009\u00bb o\u00f9 la lumi\u00e8re est parfaite pour prendre de bonnes photos, \u00ab\u2009P\u00e2ques est le moment magique pour profiter de Minorque\u2009\u00bb. &nbsp; Pendant la journ\u00e9e, la temp\u00e9rature augmente suffisamment pour que vous &hellip; <a href=\"https:\/\/www.sesmoreres.com\/fr\/blog\/minorque-a-paques\/\">Lire la suite\u00ad\u00ad<\/a><\/p>\n","protected":false},"author":4,"featured_media":1523,"comment_status":"open","ping_status":"open","sticky":false,"template":"","format":"standard","meta":{"footnotes":""},"categories":[815,877,832],"tags":[818,878,826],"class_list":["post-1521","post","type-post","status-publish","format-standard","has-post-thumbnail","hentry","category-minorque","category-minorque-a-paques","category-vivre-a-minorque","tag-minorque","tag-minorque-a-paques","tag-vivre-a-minorque"],"yoast_head":"<!-- This site is optimized with the Yoast SEO plugin v27.3 - https:\/\/yoast.com\/product\/yoast-seo-wordpress\/ -->\n<title>Minorque \u00e0 P\u00e2ques - Blog sur Minorque - Ses Moreres<\/title>\n<meta name=\"description\" content=\"Tout comme en photographie il y a une \u00ab\u2009heure magique\u2009\u00bb o\u00f9 la lumi\u00e8re est parfaite pour prendre de bonnes photos, \u00ab\u2009P\u00e2ques est le moment magique pour profiter de Minorque\u2009\u00bb.\" \/>\n<meta name=\"robots\" content=\"index, follow, max-snippet:-1, max-image-preview:large, max-video-preview:-1\" \/>\n<link rel=\"canonical\" href=\"https:\/\/www.sesmoreres.com\/fr\/blog\/minorque-a-paques\/\" \/>\n<meta property=\"og:locale\" content=\"fr_FR\" \/>\n<meta property=\"og:type\" content=\"article\" \/>\n<meta property=\"og:title\" content=\"Minorque \u00e0 P\u00e2ques - Blog sur Minorque - Ses Moreres\" \/>\n<meta property=\"og:description\" content=\"Tout comme en photographie il y a une \u00ab\u2009heure magique\u2009\u00bb o\u00f9 la lumi\u00e8re est parfaite pour prendre de bonnes photos, \u00ab\u2009P\u00e2ques est le moment magique pour profiter de Minorque\u2009\u00bb.\" \/>\n<meta property=\"og:url\" content=\"https:\/\/www.sesmoreres.com\/fr\/blog\/minorque-a-paques\/\" \/>\n<meta property=\"og:site_name\" content=\"Blog sur Minorque - Ses Moreres\" \/>\n<meta property=\"article:published_time\" content=\"2021-04-08T09:13:30+00:00\" \/>\n<meta property=\"article:modified_time\" content=\"2021-04-08T09:16:34+00:00\" \/>\n<meta property=\"og:image\" content=\"https:\/\/www.sesmoreres.com\/fr\/blog\/wp-content\/uploads\/2021\/04\/Easter-in-Menorca-2.jpg\" \/>\n\t<meta property=\"og:image:width\" content=\"300\" \/>\n\t<meta property=\"og:image:height\" content=\"200\" \/>\n\t<meta property=\"og:image:type\" content=\"image\/jpeg\" \/>\n<meta name=\"author\" content=\"Malcolm Price\" \/>\n<meta name=\"twitter:card\" content=\"summary_large_image\" \/>\n<meta name=\"twitter:label1\" content=\"\u00c9crit par\" \/>\n\t<meta name=\"twitter:data1\" content=\"Malcolm Price\" \/>\n\t<meta name=\"twitter:label2\" content=\"Dur\u00e9e de lecture estim\u00e9e\" \/>\n\t<meta name=\"twitter:data2\" content=\"3 minutes\" \/>\n<script type=\"application\/ld+json\" class=\"yoast-schema-graph\">{\"@context\":\"https:\\\/\\\/schema.org\",\"@graph\":[{\"@type\":\"Article\",\"@id\":\"https:\\\/\\\/www.sesmoreres.com\\\/fr\\\/blog\\\/minorque-a-paques\\\/#article\",\"isPartOf\":{\"@id\":\"https:\\\/\\\/www.sesmoreres.com\\\/fr\\\/blog\\\/minorque-a-paques\\\/\"},\"author\":{\"name\":\"Malcolm Price\",\"@id\":\"https:\\\/\\\/www.sesmoreres.com\\\/fr\\\/blog\\\/#\\\/schema\\\/person\\\/d89a443e211c25b8d95dc78acaa51465\"},\"headline\":\"Minorque \u00e0 P\u00e2ques\",\"datePublished\":\"2021-04-08T09:13:30+00:00\",\"dateModified\":\"2021-04-08T09:16:34+00:00\",\"mainEntityOfPage\":{\"@id\":\"https:\\\/\\\/www.sesmoreres.com\\\/fr\\\/blog\\\/minorque-a-paques\\\/\"},\"wordCount\":505,\"commentCount\":0,\"image\":{\"@id\":\"https:\\\/\\\/www.sesmoreres.com\\\/fr\\\/blog\\\/minorque-a-paques\\\/#primaryimage\"},\"thumbnailUrl\":\"https:\\\/\\\/www.sesmoreres.com\\\/fr\\\/blog\\\/wp-content\\\/uploads\\\/2021\\\/04\\\/Easter-in-Menorca-2.jpg\",\"keywords\":[\"Minorque\",\"Minorque \u00e0 P\u00e2ques\",\"vivre \u00e0 Minorque\"],\"articleSection\":[\"Minorque\",\"Minorque \u00e0 P\u00e2ques\",\"Vivre \u00e0 Minorque\"],\"inLanguage\":\"fr-FR\",\"potentialAction\":[{\"@type\":\"CommentAction\",\"name\":\"Comment\",\"target\":[\"https:\\\/\\\/www.sesmoreres.com\\\/fr\\\/blog\\\/minorque-a-paques\\\/#respond\"]}]},{\"@type\":\"WebPage\",\"@id\":\"https:\\\/\\\/www.sesmoreres.com\\\/fr\\\/blog\\\/minorque-a-paques\\\/\",\"url\":\"https:\\\/\\\/www.sesmoreres.com\\\/fr\\\/blog\\\/minorque-a-paques\\\/\",\"name\":\"Minorque \u00e0 P\u00e2ques - Blog sur Minorque - Ses Moreres\",\"isPartOf\":{\"@id\":\"https:\\\/\\\/www.sesmoreres.com\\\/fr\\\/blog\\\/#website\"},\"primaryImageOfPage\":{\"@id\":\"https:\\\/\\\/www.sesmoreres.com\\\/fr\\\/blog\\\/minorque-a-paques\\\/#primaryimage\"},\"image\":{\"@id\":\"https:\\\/\\\/www.sesmoreres.com\\\/fr\\\/blog\\\/minorque-a-paques\\\/#primaryimage\"},\"thumbnailUrl\":\"https:\\\/\\\/www.sesmoreres.com\\\/fr\\\/blog\\\/wp-content\\\/uploads\\\/2021\\\/04\\\/Easter-in-Menorca-2.jpg\",\"datePublished\":\"2021-04-08T09:13:30+00:00\",\"dateModified\":\"2021-04-08T09:16:34+00:00\",\"author\":{\"@id\":\"https:\\\/\\\/www.sesmoreres.com\\\/fr\\\/blog\\\/#\\\/schema\\\/person\\\/d89a443e211c25b8d95dc78acaa51465\"},\"description\":\"Tout comme en photographie il y a une \u00ab\u2009heure magique\u2009\u00bb o\u00f9 la lumi\u00e8re est parfaite pour prendre de bonnes photos, \u00ab\u2009P\u00e2ques est le moment magique pour profiter de Minorque\u2009\u00bb.\",\"breadcrumb\":{\"@id\":\"https:\\\/\\\/www.sesmoreres.com\\\/fr\\\/blog\\\/minorque-a-paques\\\/#breadcrumb\"},\"inLanguage\":\"fr-FR\",\"potentialAction\":[{\"@type\":\"ReadAction\",\"target\":[\"https:\\\/\\\/www.sesmoreres.com\\\/fr\\\/blog\\\/minorque-a-paques\\\/\"]}]},{\"@type\":\"ImageObject\",\"inLanguage\":\"fr-FR\",\"@id\":\"https:\\\/\\\/www.sesmoreres.com\\\/fr\\\/blog\\\/minorque-a-paques\\\/#primaryimage\",\"url\":\"https:\\\/\\\/www.sesmoreres.com\\\/fr\\\/blog\\\/wp-content\\\/uploads\\\/2021\\\/04\\\/Easter-in-Menorca-2.jpg\",\"contentUrl\":\"https:\\\/\\\/www.sesmoreres.com\\\/fr\\\/blog\\\/wp-content\\\/uploads\\\/2021\\\/04\\\/Easter-in-Menorca-2.jpg\",\"width\":300,\"height\":200},{\"@type\":\"BreadcrumbList\",\"@id\":\"https:\\\/\\\/www.sesmoreres.com\\\/fr\\\/blog\\\/minorque-a-paques\\\/#breadcrumb\",\"itemListElement\":[{\"@type\":\"ListItem\",\"position\":1,\"name\":\"Portada\",\"item\":\"https:\\\/\\\/www.sesmoreres.com\\\/fr\\\/blog\\\/\"},{\"@type\":\"ListItem\",\"position\":2,\"name\":\"Minorque \u00e0 P\u00e2ques\"}]},{\"@type\":\"WebSite\",\"@id\":\"https:\\\/\\\/www.sesmoreres.com\\\/fr\\\/blog\\\/#website\",\"url\":\"https:\\\/\\\/www.sesmoreres.com\\\/fr\\\/blog\\\/\",\"name\":\"Blog sur Minorque - Ses Moreres\",\"description\":\"Immobili\u00e8res \u00e0 Minorque - Leader dans la vente de propri\u00e9t\u00e9s de luxe Fermes rustiques, maisons de campagne, chalets, terrains\",\"potentialAction\":[{\"@type\":\"SearchAction\",\"target\":{\"@type\":\"EntryPoint\",\"urlTemplate\":\"https:\\\/\\\/www.sesmoreres.com\\\/fr\\\/blog\\\/?s={search_term_string}\"},\"query-input\":{\"@type\":\"PropertyValueSpecification\",\"valueRequired\":true,\"valueName\":\"search_term_string\"}}],\"inLanguage\":\"fr-FR\"},{\"@type\":\"Person\",\"@id\":\"https:\\\/\\\/www.sesmoreres.com\\\/fr\\\/blog\\\/#\\\/schema\\\/person\\\/d89a443e211c25b8d95dc78acaa51465\",\"name\":\"Malcolm Price\",\"image\":{\"@type\":\"ImageObject\",\"inLanguage\":\"fr-FR\",\"@id\":\"https:\\\/\\\/secure.gravatar.com\\\/avatar\\\/04aadf1dbb20b5e72223e20156f3f34311bddde2409cebb182e0afa3b6053e36?s=96&d=mm&r=g\",\"url\":\"https:\\\/\\\/secure.gravatar.com\\\/avatar\\\/04aadf1dbb20b5e72223e20156f3f34311bddde2409cebb182e0afa3b6053e36?s=96&d=mm&r=g\",\"contentUrl\":\"https:\\\/\\\/secure.gravatar.com\\\/avatar\\\/04aadf1dbb20b5e72223e20156f3f34311bddde2409cebb182e0afa3b6053e36?s=96&d=mm&r=g\",\"caption\":\"Malcolm Price\"},\"url\":\"https:\\\/\\\/www.sesmoreres.com\\\/fr\\\/blog\\\/author\\\/malcolmpricesesmoreres-com\\\/\"}]}<\/script>\n<!-- \/ Yoast SEO plugin. -->","yoast_head_json":{"title":"Minorque \u00e0 P\u00e2ques - Blog sur Minorque - Ses Moreres","description":"Tout comme en photographie il y a une \u00ab\u2009heure magique\u2009\u00bb o\u00f9 la lumi\u00e8re est parfaite pour prendre de bonnes photos, \u00ab\u2009P\u00e2ques est le moment magique pour profiter de Minorque\u2009\u00bb.","robots":{"index":"index","follow":"follow","max-snippet":"max-snippet:-1","max-image-preview":"max-image-preview:large","max-video-preview":"max-video-preview:-1"},"canonical":"https:\/\/www.sesmoreres.com\/fr\/blog\/minorque-a-paques\/","og_locale":"fr_FR","og_type":"article","og_title":"Minorque \u00e0 P\u00e2ques - Blog sur Minorque - Ses Moreres","og_description":"Tout comme en photographie il y a une \u00ab\u2009heure magique\u2009\u00bb o\u00f9 la lumi\u00e8re est parfaite pour prendre de bonnes photos, \u00ab\u2009P\u00e2ques est le moment magique pour profiter de Minorque\u2009\u00bb.","og_url":"https:\/\/www.sesmoreres.com\/fr\/blog\/minorque-a-paques\/","og_site_name":"Blog sur Minorque - Ses Moreres","article_published_time":"2021-04-08T09:13:30+00:00","article_modified_time":"2021-04-08T09:16:34+00:00","og_image":[{"width":300,"height":200,"url":"https:\/\/www.sesmoreres.com\/fr\/blog\/wp-content\/uploads\/2021\/04\/Easter-in-Menorca-2.jpg","type":"image\/jpeg"}],"author":"Malcolm Price","twitter_card":"summary_large_image","twitter_misc":{"\u00c9crit par":"Malcolm Price","Dur\u00e9e de lecture estim\u00e9e":"3 minutes"},"schema":{"@context":"https:\/\/schema.org","@graph":[{"@type":"Article","@id":"https:\/\/www.sesmoreres.com\/fr\/blog\/minorque-a-paques\/#article","isPartOf":{"@id":"https:\/\/www.sesmoreres.com\/fr\/blog\/minorque-a-paques\/"},"author":{"name":"Malcolm Price","@id":"https:\/\/www.sesmoreres.com\/fr\/blog\/#\/schema\/person\/d89a443e211c25b8d95dc78acaa51465"},"headline":"Minorque \u00e0 P\u00e2ques","datePublished":"2021-04-08T09:13:30+00:00","dateModified":"2021-04-08T09:16:34+00:00","mainEntityOfPage":{"@id":"https:\/\/www.sesmoreres.com\/fr\/blog\/minorque-a-paques\/"},"wordCount":505,"commentCount":0,"image":{"@id":"https:\/\/www.sesmoreres.com\/fr\/blog\/minorque-a-paques\/#primaryimage"},"thumbnailUrl":"https:\/\/www.sesmoreres.com\/fr\/blog\/wp-content\/uploads\/2021\/04\/Easter-in-Menorca-2.jpg","keywords":["Minorque","Minorque \u00e0 P\u00e2ques","vivre \u00e0 Minorque"],"articleSection":["Minorque","Minorque \u00e0 P\u00e2ques","Vivre \u00e0 Minorque"],"inLanguage":"fr-FR","potentialAction":[{"@type":"CommentAction","name":"Comment","target":["https:\/\/www.sesmoreres.com\/fr\/blog\/minorque-a-paques\/#respond"]}]},{"@type":"WebPage","@id":"https:\/\/www.sesmoreres.com\/fr\/blog\/minorque-a-paques\/","url":"https:\/\/www.sesmoreres.com\/fr\/blog\/minorque-a-paques\/","name":"Minorque \u00e0 P\u00e2ques - Blog sur Minorque - Ses Moreres","isPartOf":{"@id":"https:\/\/www.sesmoreres.com\/fr\/blog\/#website"},"primaryImageOfPage":{"@id":"https:\/\/www.sesmoreres.com\/fr\/blog\/minorque-a-paques\/#primaryimage"},"image":{"@id":"https:\/\/www.sesmoreres.com\/fr\/blog\/minorque-a-paques\/#primaryimage"},"thumbnailUrl":"https:\/\/www.sesmoreres.com\/fr\/blog\/wp-content\/uploads\/2021\/04\/Easter-in-Menorca-2.jpg","datePublished":"2021-04-08T09:13:30+00:00","dateModified":"2021-04-08T09:16:34+00:00","author":{"@id":"https:\/\/www.sesmoreres.com\/fr\/blog\/#\/schema\/person\/d89a443e211c25b8d95dc78acaa51465"},"description":"Tout comme en photographie il y a une \u00ab\u2009heure magique\u2009\u00bb o\u00f9 la lumi\u00e8re est parfaite pour prendre de bonnes photos, \u00ab\u2009P\u00e2ques est le moment magique pour profiter de Minorque\u2009\u00bb.","breadcrumb":{"@id":"https:\/\/www.sesmoreres.com\/fr\/blog\/minorque-a-paques\/#breadcrumb"},"inLanguage":"fr-FR","potentialAction":[{"@type":"ReadAction","target":["https:\/\/www.sesmoreres.com\/fr\/blog\/minorque-a-paques\/"]}]},{"@type":"ImageObject","inLanguage":"fr-FR","@id":"https:\/\/www.sesmoreres.com\/fr\/blog\/minorque-a-paques\/#primaryimage","url":"https:\/\/www.sesmoreres.com\/fr\/blog\/wp-content\/uploads\/2021\/04\/Easter-in-Menorca-2.jpg","contentUrl":"https:\/\/www.sesmoreres.com\/fr\/blog\/wp-content\/uploads\/2021\/04\/Easter-in-Menorca-2.jpg","width":300,"height":200},{"@type":"BreadcrumbList","@id":"https:\/\/www.sesmoreres.com\/fr\/blog\/minorque-a-paques\/#breadcrumb","itemListElement":[{"@type":"ListItem","position":1,"name":"Portada","item":"https:\/\/www.sesmoreres.com\/fr\/blog\/"},{"@type":"ListItem","position":2,"name":"Minorque \u00e0 P\u00e2ques"}]},{"@type":"WebSite","@id":"https:\/\/www.sesmoreres.com\/fr\/blog\/#website","url":"https:\/\/www.sesmoreres.com\/fr\/blog\/","name":"Blog sur Minorque - Ses Moreres","description":"Immobili\u00e8res \u00e0 Minorque - Leader dans la vente de propri\u00e9t\u00e9s de luxe Fermes rustiques, maisons de campagne, chalets, terrains","potentialAction":[{"@type":"SearchAction","target":{"@type":"EntryPoint","urlTemplate":"https:\/\/www.sesmoreres.com\/fr\/blog\/?s={search_term_string}"},"query-input":{"@type":"PropertyValueSpecification","valueRequired":true,"valueName":"search_term_string"}}],"inLanguage":"fr-FR"},{"@type":"Person","@id":"https:\/\/www.sesmoreres.com\/fr\/blog\/#\/schema\/person\/d89a443e211c25b8d95dc78acaa51465","name":"Malcolm Price","image":{"@type":"ImageObject","inLanguage":"fr-FR","@id":"https:\/\/secure.gravatar.com\/avatar\/04aadf1dbb20b5e72223e20156f3f34311bddde2409cebb182e0afa3b6053e36?s=96&d=mm&r=g","url":"https:\/\/secure.gravatar.com\/avatar\/04aadf1dbb20b5e72223e20156f3f34311bddde2409cebb182e0afa3b6053e36?s=96&d=mm&r=g","contentUrl":"https:\/\/secure.gravatar.com\/avatar\/04aadf1dbb20b5e72223e20156f3f34311bddde2409cebb182e0afa3b6053e36?s=96&d=mm&r=g","caption":"Malcolm Price"},"url":"https:\/\/www.sesmoreres.com\/fr\/blog\/author\/malcolmpricesesmoreres-com\/"}]}},"_links":{"self":[{"href":"https:\/\/www.sesmoreres.com\/fr\/blog\/wp-json\/wp\/v2\/posts\/1521","targetHints":{"allow":["GET"]}}],"collection":[{"href":"https:\/\/www.sesmoreres.com\/fr\/blog\/wp-json\/wp\/v2\/posts"}],"about":[{"href":"https:\/\/www.sesmoreres.com\/fr\/blog\/wp-json\/wp\/v2\/types\/post"}],"author":[{"embeddable":true,"href":"https:\/\/www.sesmoreres.com\/fr\/blog\/wp-json\/wp\/v2\/users\/4"}],"replies":[{"embeddable":true,"href":"https:\/\/www.sesmoreres.com\/fr\/blog\/wp-json\/wp\/v2\/comments?post=1521"}],"version-history":[{"count":3,"href":"https:\/\/www.sesmoreres.com\/fr\/blog\/wp-json\/wp\/v2\/posts\/1521\/revisions"}],"predecessor-version":[{"id":1529,"href":"https:\/\/www.sesmoreres.com\/fr\/blog\/wp-json\/wp\/v2\/posts\/1521\/revisions\/1529"}],"wp:featuredmedia":[{"embeddable":true,"href":"https:\/\/www.sesmoreres.com\/fr\/blog\/wp-json\/wp\/v2\/media\/1523"}],"wp:attachment":[{"href":"https:\/\/www.sesmoreres.com\/fr\/blog\/wp-json\/wp\/v2\/media?parent=1521"}],"wp:term":[{"taxonomy":"category","embeddable":true,"href":"https:\/\/www.sesmoreres.com\/fr\/blog\/wp-json\/wp\/v2\/categories?post=1521"},{"taxonomy":"post_tag","embeddable":true,"href":"https:\/\/www.sesmoreres.com\/fr\/blog\/wp-json\/wp\/v2\/tags?post=1521"}],"curies":[{"name":"wp","href":"https:\/\/api.w.org\/{rel}","templated":true}]}}