{"id":1509,"date":"2021-03-16T11:29:35","date_gmt":"2021-03-16T10:29:35","guid":{"rendered":"https:\/\/www.sesmoreres.com\/fr\/blog\/?p=1509"},"modified":"2021-03-16T11:36:29","modified_gmt":"2021-03-16T10:36:29","slug":"comment-vit-on-a-minorque","status":"publish","type":"post","link":"https:\/\/www.sesmoreres.com\/fr\/blog\/comment-vit-on-a-minorque\/","title":{"rendered":"Comment vit-on \u00e0 Minorque?"},"content":{"rendered":"<p>En tant qu&rsquo;agent immobilier \u00e0 Minorque, la question que l&rsquo;on me pose le plus souvent est\u00a0: comment est-ce qu&rsquo;on vit \u00e0 Minorque\u2009?<\/p>\n<p>&nbsp;<\/p>\n<p>La plupart de mes clients sont des touristes qui r\u00eavent de commencer une nouvelle vie \u00e0 Minorque (je ne leur en veux pas, je souhaiterais la m\u00eame chose, surtout si je vivais dans une jungle de b\u00e9ton).<\/p>\n<p>&nbsp;<\/p>\n<p>Et ma r\u00e9ponse automatique, avec une l\u00e9g\u00e8re variation, est la suivante\u00a0: \u00ab\u2009<strong>on vit tr\u00e8s bien \u00e0 Minorque<\/strong>\u2009\u00bb.<\/p>\n<p>&nbsp;<\/p>\n<p>Mais logiquement, cette r\u00e9ponse enthousiaste, mais br\u00e8ve ne satisfait personne et on me pose des questions en rafale, c&rsquo;est-\u00e0-dire qu\u2019on me pose des questions qui en am\u00e8nent d\u2019autres.<\/p>\n<p>&nbsp;<\/p>\n<p>Que font les gens en hiver&#8230;\u2009? O\u00f9 vont-ils&#8230;\u2009? Quels sont les endroits o\u00f9 l&rsquo;on peut aller&#8230;\u2009? Que font les enfants&#8230;\u2009? O\u00f9 vont-ils&#8230;\u2009? Combien de personnes vivent \u00e0 Minorque&#8230;\u2009? Est-ce qu\u2019il n\u2019y a que des Espagnols qui y vivent&#8230;\u2009? Est-il vrai que beaucoup de Fran\u00e7ais s\u2019y sont install\u00e9s derni\u00e8rement&#8230;\u2009? Etc., etc.<\/p>\n<p>&nbsp;<\/p>\n<p>Et apr\u00e8s cet assaut fr\u00e9n\u00e9tique de d\u00e9sir de savoir, je prends un moment de silence, je respire et je donne ma longue r\u00e9ponse (la bonne) qui, je l&rsquo;esp\u00e8re, pourra servir de guide de base \u00e0 ceux qui souhaitent vivre \u00e0 Minorque.<\/p>\n<p>&nbsp;<\/p>\n<p>\u00c0 Minorque, c&rsquo;est comme partout ailleurs, les gens font ce qu&rsquo;ils aiment faire, sauf que la beaut\u00e9 qui nous entoure nous influence en quelque sorte.<\/p>\n<p>&nbsp;<\/p>\n<p>L&rsquo;\u00eele vous invite \u00e0 l&rsquo;introspection et \u00e0 profiter <strong>des choses les plus importantes de la vie qui, paradoxalement, sont gratuites<\/strong>. Un lever ou <a href=\"https:\/\/www.sesmoreres.com\/fr\/blog\/le-meilleur-lever-du-soleil-a-minorque-et-en-espagne\/\">un coucher de soleil<\/a>, une baignade dans une crique exotique, etc&#8230;<\/p>\n<p>&nbsp;<\/p>\n<p>En hiver, vous pouvez faire une excursion le long du <a href=\"https:\/\/fr.wikipedia.org\/wiki\/Cam%C3%AD_de_Cavalls\">Cami de Cavalls<\/a> sans pratiquement personne aux environs. Vous pourrez aller voir comment les vagues se brisent dans l&rsquo;une des centaines de criques vierges qui vous attendent, vous pourrez discuter autour d&rsquo;un caf\u00e9 sur le port tout en regardant les petits bateaux aller et venir&#8230;<\/p>\n<p>&nbsp;<\/p>\n<p>Cependant, je dirais que ce sont les passions personnelles qui deviennent particuli\u00e8rement pertinentes quand on vit \u00e0 Minorque. Je ne veux pas faire de la m\u00e9taphysique \u00e0 outrance, mais il y a \u00e0 Minorque une \u00e9nergie sp\u00e9ciale qui renforce vos talents naturels.<\/p>\n<p>&nbsp;<\/p>\n<p>Ici, les penchants artistiques sont \u00e0 l&rsquo;honneur (j&rsquo;ai d\u00e9j\u00e0 mentionn\u00e9 dans un article que <a href=\"https:\/\/www.sesmoreres.com\/fr\/blog\/minorque-une-ile-dartistes\/\">Minorque est un aimant pour les artistes<\/a>). Les passe-temps et les int\u00e9r\u00eats sont plus nombreux lorsque vous vivez \u00e0 Minorque.<\/p>\n<p>&nbsp;<\/p>\n<p>Lorsqu&rsquo;on apprend \u00e0 conna\u00eetre les habitants de l&rsquo;\u00eele, on ne cesse d&rsquo;\u00eatre surpris par le nombre de personnes qui peignent, chantent, photographient, sculptent, collectionnent, \u00e9crivent, \u00e9tudient, etc. Et Minorque a vraiment quelque chose de \u00ab<a href=\"https:\/\/fr.wikipedia.org\/wiki\/Biblioth%C3%A8que_d%27Alexandrie\">\u2009la Biblioth\u00e8que d&rsquo;Alexandrie<\/a>\u2009\u00bb.<\/p>\n<p>&nbsp;<\/p>\n<p>Et sans oublier le sport, <strong>les gens pratiquent beaucoup de sport \u00e0 Minorque<\/strong>\u00a0: \u00e9quitation, voile, tennis, golf, p\u00eache, chasse, jogging, gymnastique sous toutes ses formes et beaucoup d&rsquo;autres disciplines.<\/p>\n<p>&nbsp;<\/p>\n<p>Les plus n\u00e9gatifs diront que les gens ont beaucoup de passe-temps \u00e0 Minorque parce qu&rsquo;il n&rsquo;y a rien \u00e0 faire et nulle part o\u00f9 aller, mais ce n&rsquo;est pas vrai et, d&rsquo;ailleurs, n&rsquo;est-il pas plus beau et plus utile de d\u00e9velopper l&rsquo;une de ces nobles activit\u00e9s que de passer les apr\u00e8s-midi entass\u00e9s \u00e0 comparer les prix dans un grand magasin&#8230;\u2009?<\/p>\n<p>&nbsp;<\/p>\n<p><strong>L&rsquo;offre culturelle de Minorque est tr\u00e8s bien proportionn\u00e9e<\/strong>, surtout pour une population de seulement 90\u2009000 habitants permanents. Par exemple, le th\u00e9\u00e2tre de Mah\u00f3n est le plus ancien d&rsquo;Espagne et les biblioth\u00e8ques publiques, les centres culturels et les salles d&rsquo;exposition n&rsquo;ont cess\u00e9 de s&rsquo;am\u00e9liorer et de se multiplier ces derni\u00e8res ann\u00e9es. Cet \u00e9t\u00e9 encore, nous aurons le privil\u00e8ge d&rsquo;avoir l&rsquo;ouverture de la prestigieuse galerie d&rsquo;art internationale du premier niveau de la prestigieuse marque <a href=\"https:\/\/www.hauserwirth.com\/locations\/25040-menorca\">Hauser &amp; Wirth.<\/a><\/p>\n<p>&nbsp;<\/p>\n<p><strong>Des personnes du monde entier vivent \u00e0 Minorque<\/strong>, mais la communaut\u00e9 \u00e9trang\u00e8re la plus importante est celle des Britanniques, suivie par celle des Fran\u00e7ais, qui n&rsquo;a cess\u00e9 de cro\u00eetre ces derni\u00e8res ann\u00e9es.<\/p>\n<p>&nbsp;<\/p>\n<p>La diff\u00e9rence entre ces deux communaut\u00e9s est que les premiers sont venus vivre sur l&rsquo;\u00eele, car ils sont \u00e0 la retraite et que les seconds sont plus actifs professionnellement. <strong>De nombreux Fran\u00e7ais poss\u00e8dent des \u00e9tablissements touristiques<\/strong> et sont impliqu\u00e9s dans la production de vin et l&rsquo;agriculture biologique, entre autres activit\u00e9s.<\/p>\n<p>&nbsp;<\/p>\n<p><strong>Et qu&rsquo;en est-il des enfants \u00e0 Minorque<\/strong>\u2009? Ahh&#8230; c&rsquo;est ma partie pr\u00e9f\u00e9r\u00e9e de la longue r\u00e9ponse. Les enfants peuvent vivre \u00e0 Minorque, pratiquement, comme nous le faisions dans les ann\u00e9es soixante-dix. Qu&rsquo;est-ce que cela signifie\u2009? Qu&rsquo;ils vivent sans t\u00e9l\u00e9phone portable\u2009? Je crains que non, mais ils peuvent sortir et jouer sans aucun risque pour la s\u00e9curit\u00e9. Ils peuvent aller \u00e0 l&rsquo;\u00e9cole \u00e0 pied s&rsquo;ils habitent assez pr\u00e8s, bien s\u00fbr. Ils grandissent dans un environnement merveilleux et privil\u00e9gi\u00e9 o\u00f9 la consommation ne r\u00e8gne pas, \u00e0 l&rsquo;abri de la violence et de l&rsquo;agressivit\u00e9 qui dominent la ville, et o\u00f9 les valeurs traditionnelles sont rest\u00e9es pratiquement inchang\u00e9es.<\/p>\n<p>&nbsp;<\/p>\n<p>Presque tous les enfants pratiquent s\u00e9rieusement une forme de sport. Beaucoup font de l&rsquo;\u00e9quitation ou de la voile (les prix \u00e0 Minorque sont tr\u00e8s bon march\u00e9 pour ces sports, qui sont plus chers et consid\u00e9r\u00e9s comme \u00e9litistes dans les villes).<\/p>\n<p>&nbsp;<\/p>\n<p>Enfin, je voudrais pr\u00e9ciser que lorsque je dis que la vie est tr\u00e8s agr\u00e9able, en dehors de toutes les bonnes choses que j&rsquo;ai mentionn\u00e9es pr\u00e9c\u00e9demment, je veux dire que nous avons de bons soins m\u00e9dicaux (en cas d&rsquo;urgence, vous \u00eates pris en charge en un clin d&rsquo;\u0153il), de bonnes communications t\u00e9l\u00e9matiques, nous ne sommes qu&rsquo;\u00e0 30 minutes de vol de Barcelone, nous avons des magasins et des boutiques de qualit\u00e9 et les achats sur Internet arrivent en 48 heures. Et n&rsquo;oublions pas que nous nous sommes \u00e9galement sentis plus en s\u00e9curit\u00e9 ici face \u00e0 une pand\u00e9mie mondiale telle que le Covid.<\/p>\n<p>&nbsp;<\/p>\n<p>En r\u00e9sum\u00e9, <strong>vivre \u00e0 Minorque est un luxe<\/strong>, surtout en raison de la quantit\u00e9 de choses merveilleuses que vous pouvez faire et que vous ne pouvez pas acheter.<\/p>\n<p>&nbsp;<\/p>\n<p><img decoding=\"async\" class=\"alignleft wp-image-1513 lazyload\" data-src=\"https:\/\/www.sesmoreres.com\/fr\/blog\/wp-content\/uploads\/2021\/03\/lvivre-\u00e0-minorque-300x200-1.jpg\" alt=\"\" width=\"175\" height=\"117\" src=\"data:image\/svg+xml;base64,PHN2ZyB3aWR0aD0iMSIgaGVpZ2h0PSIxIiB4bWxucz0iaHR0cDovL3d3dy53My5vcmcvMjAwMC9zdmciPjwvc3ZnPg==\" style=\"--smush-placeholder-width: 175px; --smush-placeholder-aspect-ratio: 175\/117;\" \/> <img decoding=\"async\" class=\"alignleft wp-image-1512 lazyload\" data-src=\"https:\/\/www.sesmoreres.com\/fr\/blog\/wp-content\/uploads\/2021\/03\/comment-vit-on-\u00e0-minorque-1-300x200.jpg\" alt=\"\" width=\"175\" height=\"117\" data-srcset=\"https:\/\/www.sesmoreres.com\/fr\/blog\/wp-content\/uploads\/2021\/03\/comment-vit-on-\u00e0-minorque-1-300x200.jpg 300w, https:\/\/www.sesmoreres.com\/fr\/blog\/wp-content\/uploads\/2021\/03\/comment-vit-on-\u00e0-minorque-1-768x512.jpg 768w, https:\/\/www.sesmoreres.com\/fr\/blog\/wp-content\/uploads\/2021\/03\/comment-vit-on-\u00e0-minorque-1.jpg 850w\" data-sizes=\"(max-width: 175px) 100vw, 175px\" src=\"data:image\/svg+xml;base64,PHN2ZyB3aWR0aD0iMSIgaGVpZ2h0PSIxIiB4bWxucz0iaHR0cDovL3d3dy53My5vcmcvMjAwMC9zdmciPjwvc3ZnPg==\" style=\"--smush-placeholder-width: 175px; --smush-placeholder-aspect-ratio: 175\/117;\" \/> <img decoding=\"async\" class=\"alignleft wp-image-1511 lazyload\" data-src=\"https:\/\/www.sesmoreres.com\/fr\/blog\/wp-content\/uploads\/2021\/03\/bateaux-classiques-regata-panerai-300x200-1.jpg\" alt=\"\" width=\"175\" height=\"117\" src=\"data:image\/svg+xml;base64,PHN2ZyB3aWR0aD0iMSIgaGVpZ2h0PSIxIiB4bWxucz0iaHR0cDovL3d3dy53My5vcmcvMjAwMC9zdmciPjwvc3ZnPg==\" style=\"--smush-placeholder-width: 175px; --smush-placeholder-aspect-ratio: 175\/117;\" \/><\/p>\n<p>&nbsp;<\/p>\n<p>&nbsp;<\/p>\n<p>&nbsp;<\/p>\n<p>&nbsp;<\/p>\n<p>&nbsp;<\/p>\n<p>Si vous avez d\u00e9cid\u00e9 de venir vivre sur notre merveilleuse \u00eele, <a href=\"https:\/\/www.sesmoreres.com\/fr\/\">nous voulons \u00eatre votre agent immobilier \u00e0 Minorque.<\/a><\/p>\n","protected":false},"excerpt":{"rendered":"<p>En tant qu&rsquo;agent immobilier \u00e0 Minorque, la question que l&rsquo;on me pose le plus souvent est\u00a0: comment est-ce qu&rsquo;on vit \u00e0 Minorque\u2009? &nbsp; La plupart de mes clients sont des touristes qui r\u00eavent de commencer une nouvelle vie \u00e0 Minorque &hellip; <a href=\"https:\/\/www.sesmoreres.com\/fr\/blog\/comment-vit-on-a-minorque\/\">Lire la suite\u00ad\u00ad<\/a><\/p>\n","protected":false},"author":4,"featured_media":1510,"comment_status":"open","ping_status":"open","sticky":false,"template":"","format":"standard","meta":{"footnotes":""},"categories":[815,832],"tags":[818,826],"class_list":["post-1509","post","type-post","status-publish","format-standard","has-post-thumbnail","hentry","category-minorque","category-vivre-a-minorque","tag-minorque","tag-vivre-a-minorque"],"yoast_head":"<!-- This site is optimized with the Yoast SEO plugin v27.3 - https:\/\/yoast.com\/product\/yoast-seo-wordpress\/ -->\n<title>Comment vit-on \u00e0 Minorque? - Blog sur Minorque - Ses Moreres<\/title>\n<meta name=\"robots\" content=\"index, follow, max-snippet:-1, max-image-preview:large, max-video-preview:-1\" \/>\n<link rel=\"canonical\" href=\"https:\/\/www.sesmoreres.com\/fr\/blog\/comment-vit-on-a-minorque\/\" \/>\n<meta property=\"og:locale\" content=\"fr_FR\" \/>\n<meta property=\"og:type\" content=\"article\" \/>\n<meta property=\"og:title\" content=\"Comment vit-on \u00e0 Minorque? - Blog sur Minorque - Ses Moreres\" \/>\n<meta property=\"og:description\" content=\"En tant qu&rsquo;agent immobilier \u00e0 Minorque, la question que l&rsquo;on me pose le plus souvent est\u00a0: comment est-ce qu&rsquo;on vit \u00e0 Minorque\u2009? &nbsp; La plupart de mes clients sont des touristes qui r\u00eavent de commencer une nouvelle vie \u00e0 Minorque &hellip; Lire la suite\u00ad\u00ad\" \/>\n<meta property=\"og:url\" content=\"https:\/\/www.sesmoreres.com\/fr\/blog\/comment-vit-on-a-minorque\/\" \/>\n<meta property=\"og:site_name\" content=\"Blog sur Minorque - Ses Moreres\" \/>\n<meta property=\"article:published_time\" content=\"2021-03-16T10:29:35+00:00\" \/>\n<meta property=\"article:modified_time\" content=\"2021-03-16T10:36:29+00:00\" \/>\n<meta property=\"og:image\" content=\"https:\/\/www.sesmoreres.com\/fr\/blog\/wp-content\/uploads\/2021\/03\/comment-vit-on-\u00e0-minorque.jpg\" \/>\n\t<meta property=\"og:image:width\" content=\"850\" \/>\n\t<meta property=\"og:image:height\" content=\"567\" \/>\n\t<meta property=\"og:image:type\" content=\"image\/jpeg\" \/>\n<meta name=\"author\" content=\"Malcolm Price\" \/>\n<meta name=\"twitter:card\" content=\"summary_large_image\" \/>\n<meta name=\"twitter:label1\" content=\"\u00c9crit par\" \/>\n\t<meta name=\"twitter:data1\" content=\"Malcolm Price\" \/>\n\t<meta name=\"twitter:label2\" content=\"Dur\u00e9e de lecture estim\u00e9e\" \/>\n\t<meta name=\"twitter:data2\" content=\"5 minutes\" \/>\n<script type=\"application\/ld+json\" class=\"yoast-schema-graph\">{\"@context\":\"https:\\\/\\\/schema.org\",\"@graph\":[{\"@type\":\"Article\",\"@id\":\"https:\\\/\\\/www.sesmoreres.com\\\/fr\\\/blog\\\/comment-vit-on-a-minorque\\\/#article\",\"isPartOf\":{\"@id\":\"https:\\\/\\\/www.sesmoreres.com\\\/fr\\\/blog\\\/comment-vit-on-a-minorque\\\/\"},\"author\":{\"name\":\"Malcolm Price\",\"@id\":\"https:\\\/\\\/www.sesmoreres.com\\\/fr\\\/blog\\\/#\\\/schema\\\/person\\\/d89a443e211c25b8d95dc78acaa51465\"},\"headline\":\"Comment vit-on \u00e0 Minorque?\",\"datePublished\":\"2021-03-16T10:29:35+00:00\",\"dateModified\":\"2021-03-16T10:36:29+00:00\",\"mainEntityOfPage\":{\"@id\":\"https:\\\/\\\/www.sesmoreres.com\\\/fr\\\/blog\\\/comment-vit-on-a-minorque\\\/\"},\"wordCount\":1052,\"commentCount\":1,\"image\":{\"@id\":\"https:\\\/\\\/www.sesmoreres.com\\\/fr\\\/blog\\\/comment-vit-on-a-minorque\\\/#primaryimage\"},\"thumbnailUrl\":\"https:\\\/\\\/www.sesmoreres.com\\\/fr\\\/blog\\\/wp-content\\\/uploads\\\/2021\\\/03\\\/comment-vit-on-\u00e0-minorque.jpg\",\"keywords\":[\"Minorque\",\"vivre \u00e0 Minorque\"],\"articleSection\":[\"Minorque\",\"Vivre \u00e0 Minorque\"],\"inLanguage\":\"fr-FR\",\"potentialAction\":[{\"@type\":\"CommentAction\",\"name\":\"Comment\",\"target\":[\"https:\\\/\\\/www.sesmoreres.com\\\/fr\\\/blog\\\/comment-vit-on-a-minorque\\\/#respond\"]}]},{\"@type\":\"WebPage\",\"@id\":\"https:\\\/\\\/www.sesmoreres.com\\\/fr\\\/blog\\\/comment-vit-on-a-minorque\\\/\",\"url\":\"https:\\\/\\\/www.sesmoreres.com\\\/fr\\\/blog\\\/comment-vit-on-a-minorque\\\/\",\"name\":\"Comment vit-on \u00e0 Minorque? - Blog sur Minorque - Ses Moreres\",\"isPartOf\":{\"@id\":\"https:\\\/\\\/www.sesmoreres.com\\\/fr\\\/blog\\\/#website\"},\"primaryImageOfPage\":{\"@id\":\"https:\\\/\\\/www.sesmoreres.com\\\/fr\\\/blog\\\/comment-vit-on-a-minorque\\\/#primaryimage\"},\"image\":{\"@id\":\"https:\\\/\\\/www.sesmoreres.com\\\/fr\\\/blog\\\/comment-vit-on-a-minorque\\\/#primaryimage\"},\"thumbnailUrl\":\"https:\\\/\\\/www.sesmoreres.com\\\/fr\\\/blog\\\/wp-content\\\/uploads\\\/2021\\\/03\\\/comment-vit-on-\u00e0-minorque.jpg\",\"datePublished\":\"2021-03-16T10:29:35+00:00\",\"dateModified\":\"2021-03-16T10:36:29+00:00\",\"author\":{\"@id\":\"https:\\\/\\\/www.sesmoreres.com\\\/fr\\\/blog\\\/#\\\/schema\\\/person\\\/d89a443e211c25b8d95dc78acaa51465\"},\"breadcrumb\":{\"@id\":\"https:\\\/\\\/www.sesmoreres.com\\\/fr\\\/blog\\\/comment-vit-on-a-minorque\\\/#breadcrumb\"},\"inLanguage\":\"fr-FR\",\"potentialAction\":[{\"@type\":\"ReadAction\",\"target\":[\"https:\\\/\\\/www.sesmoreres.com\\\/fr\\\/blog\\\/comment-vit-on-a-minorque\\\/\"]}]},{\"@type\":\"ImageObject\",\"inLanguage\":\"fr-FR\",\"@id\":\"https:\\\/\\\/www.sesmoreres.com\\\/fr\\\/blog\\\/comment-vit-on-a-minorque\\\/#primaryimage\",\"url\":\"https:\\\/\\\/www.sesmoreres.com\\\/fr\\\/blog\\\/wp-content\\\/uploads\\\/2021\\\/03\\\/comment-vit-on-\u00e0-minorque.jpg\",\"contentUrl\":\"https:\\\/\\\/www.sesmoreres.com\\\/fr\\\/blog\\\/wp-content\\\/uploads\\\/2021\\\/03\\\/comment-vit-on-\u00e0-minorque.jpg\",\"width\":850,\"height\":567},{\"@type\":\"BreadcrumbList\",\"@id\":\"https:\\\/\\\/www.sesmoreres.com\\\/fr\\\/blog\\\/comment-vit-on-a-minorque\\\/#breadcrumb\",\"itemListElement\":[{\"@type\":\"ListItem\",\"position\":1,\"name\":\"Portada\",\"item\":\"https:\\\/\\\/www.sesmoreres.com\\\/fr\\\/blog\\\/\"},{\"@type\":\"ListItem\",\"position\":2,\"name\":\"Comment vit-on \u00e0 Minorque?\"}]},{\"@type\":\"WebSite\",\"@id\":\"https:\\\/\\\/www.sesmoreres.com\\\/fr\\\/blog\\\/#website\",\"url\":\"https:\\\/\\\/www.sesmoreres.com\\\/fr\\\/blog\\\/\",\"name\":\"Blog sur Minorque - Ses Moreres\",\"description\":\"Immobili\u00e8res \u00e0 Minorque - Leader dans la vente de propri\u00e9t\u00e9s de luxe Fermes rustiques, maisons de campagne, chalets, terrains\",\"potentialAction\":[{\"@type\":\"SearchAction\",\"target\":{\"@type\":\"EntryPoint\",\"urlTemplate\":\"https:\\\/\\\/www.sesmoreres.com\\\/fr\\\/blog\\\/?s={search_term_string}\"},\"query-input\":{\"@type\":\"PropertyValueSpecification\",\"valueRequired\":true,\"valueName\":\"search_term_string\"}}],\"inLanguage\":\"fr-FR\"},{\"@type\":\"Person\",\"@id\":\"https:\\\/\\\/www.sesmoreres.com\\\/fr\\\/blog\\\/#\\\/schema\\\/person\\\/d89a443e211c25b8d95dc78acaa51465\",\"name\":\"Malcolm Price\",\"image\":{\"@type\":\"ImageObject\",\"inLanguage\":\"fr-FR\",\"@id\":\"https:\\\/\\\/secure.gravatar.com\\\/avatar\\\/04aadf1dbb20b5e72223e20156f3f34311bddde2409cebb182e0afa3b6053e36?s=96&d=mm&r=g\",\"url\":\"https:\\\/\\\/secure.gravatar.com\\\/avatar\\\/04aadf1dbb20b5e72223e20156f3f34311bddde2409cebb182e0afa3b6053e36?s=96&d=mm&r=g\",\"contentUrl\":\"https:\\\/\\\/secure.gravatar.com\\\/avatar\\\/04aadf1dbb20b5e72223e20156f3f34311bddde2409cebb182e0afa3b6053e36?s=96&d=mm&r=g\",\"caption\":\"Malcolm Price\"},\"url\":\"https:\\\/\\\/www.sesmoreres.com\\\/fr\\\/blog\\\/author\\\/malcolmpricesesmoreres-com\\\/\"}]}<\/script>\n<!-- \/ Yoast SEO plugin. -->","yoast_head_json":{"title":"Comment vit-on \u00e0 Minorque? - Blog sur Minorque - Ses Moreres","robots":{"index":"index","follow":"follow","max-snippet":"max-snippet:-1","max-image-preview":"max-image-preview:large","max-video-preview":"max-video-preview:-1"},"canonical":"https:\/\/www.sesmoreres.com\/fr\/blog\/comment-vit-on-a-minorque\/","og_locale":"fr_FR","og_type":"article","og_title":"Comment vit-on \u00e0 Minorque? - Blog sur Minorque - Ses Moreres","og_description":"En tant qu&rsquo;agent immobilier \u00e0 Minorque, la question que l&rsquo;on me pose le plus souvent est\u00a0: comment est-ce qu&rsquo;on vit \u00e0 Minorque\u2009? &nbsp; La plupart de mes clients sont des touristes qui r\u00eavent de commencer une nouvelle vie \u00e0 Minorque &hellip; Lire la suite\u00ad\u00ad","og_url":"https:\/\/www.sesmoreres.com\/fr\/blog\/comment-vit-on-a-minorque\/","og_site_name":"Blog sur Minorque - Ses Moreres","article_published_time":"2021-03-16T10:29:35+00:00","article_modified_time":"2021-03-16T10:36:29+00:00","og_image":[{"width":850,"height":567,"url":"https:\/\/www.sesmoreres.com\/fr\/blog\/wp-content\/uploads\/2021\/03\/comment-vit-on-\u00e0-minorque.jpg","type":"image\/jpeg"}],"author":"Malcolm Price","twitter_card":"summary_large_image","twitter_misc":{"\u00c9crit par":"Malcolm Price","Dur\u00e9e de lecture estim\u00e9e":"5 minutes"},"schema":{"@context":"https:\/\/schema.org","@graph":[{"@type":"Article","@id":"https:\/\/www.sesmoreres.com\/fr\/blog\/comment-vit-on-a-minorque\/#article","isPartOf":{"@id":"https:\/\/www.sesmoreres.com\/fr\/blog\/comment-vit-on-a-minorque\/"},"author":{"name":"Malcolm Price","@id":"https:\/\/www.sesmoreres.com\/fr\/blog\/#\/schema\/person\/d89a443e211c25b8d95dc78acaa51465"},"headline":"Comment vit-on \u00e0 Minorque?","datePublished":"2021-03-16T10:29:35+00:00","dateModified":"2021-03-16T10:36:29+00:00","mainEntityOfPage":{"@id":"https:\/\/www.sesmoreres.com\/fr\/blog\/comment-vit-on-a-minorque\/"},"wordCount":1052,"commentCount":1,"image":{"@id":"https:\/\/www.sesmoreres.com\/fr\/blog\/comment-vit-on-a-minorque\/#primaryimage"},"thumbnailUrl":"https:\/\/www.sesmoreres.com\/fr\/blog\/wp-content\/uploads\/2021\/03\/comment-vit-on-\u00e0-minorque.jpg","keywords":["Minorque","vivre \u00e0 Minorque"],"articleSection":["Minorque","Vivre \u00e0 Minorque"],"inLanguage":"fr-FR","potentialAction":[{"@type":"CommentAction","name":"Comment","target":["https:\/\/www.sesmoreres.com\/fr\/blog\/comment-vit-on-a-minorque\/#respond"]}]},{"@type":"WebPage","@id":"https:\/\/www.sesmoreres.com\/fr\/blog\/comment-vit-on-a-minorque\/","url":"https:\/\/www.sesmoreres.com\/fr\/blog\/comment-vit-on-a-minorque\/","name":"Comment vit-on \u00e0 Minorque? - Blog sur Minorque - Ses Moreres","isPartOf":{"@id":"https:\/\/www.sesmoreres.com\/fr\/blog\/#website"},"primaryImageOfPage":{"@id":"https:\/\/www.sesmoreres.com\/fr\/blog\/comment-vit-on-a-minorque\/#primaryimage"},"image":{"@id":"https:\/\/www.sesmoreres.com\/fr\/blog\/comment-vit-on-a-minorque\/#primaryimage"},"thumbnailUrl":"https:\/\/www.sesmoreres.com\/fr\/blog\/wp-content\/uploads\/2021\/03\/comment-vit-on-\u00e0-minorque.jpg","datePublished":"2021-03-16T10:29:35+00:00","dateModified":"2021-03-16T10:36:29+00:00","author":{"@id":"https:\/\/www.sesmoreres.com\/fr\/blog\/#\/schema\/person\/d89a443e211c25b8d95dc78acaa51465"},"breadcrumb":{"@id":"https:\/\/www.sesmoreres.com\/fr\/blog\/comment-vit-on-a-minorque\/#breadcrumb"},"inLanguage":"fr-FR","potentialAction":[{"@type":"ReadAction","target":["https:\/\/www.sesmoreres.com\/fr\/blog\/comment-vit-on-a-minorque\/"]}]},{"@type":"ImageObject","inLanguage":"fr-FR","@id":"https:\/\/www.sesmoreres.com\/fr\/blog\/comment-vit-on-a-minorque\/#primaryimage","url":"https:\/\/www.sesmoreres.com\/fr\/blog\/wp-content\/uploads\/2021\/03\/comment-vit-on-\u00e0-minorque.jpg","contentUrl":"https:\/\/www.sesmoreres.com\/fr\/blog\/wp-content\/uploads\/2021\/03\/comment-vit-on-\u00e0-minorque.jpg","width":850,"height":567},{"@type":"BreadcrumbList","@id":"https:\/\/www.sesmoreres.com\/fr\/blog\/comment-vit-on-a-minorque\/#breadcrumb","itemListElement":[{"@type":"ListItem","position":1,"name":"Portada","item":"https:\/\/www.sesmoreres.com\/fr\/blog\/"},{"@type":"ListItem","position":2,"name":"Comment vit-on \u00e0 Minorque?"}]},{"@type":"WebSite","@id":"https:\/\/www.sesmoreres.com\/fr\/blog\/#website","url":"https:\/\/www.sesmoreres.com\/fr\/blog\/","name":"Blog sur Minorque - Ses Moreres","description":"Immobili\u00e8res \u00e0 Minorque - Leader dans la vente de propri\u00e9t\u00e9s de luxe Fermes rustiques, maisons de campagne, chalets, terrains","potentialAction":[{"@type":"SearchAction","target":{"@type":"EntryPoint","urlTemplate":"https:\/\/www.sesmoreres.com\/fr\/blog\/?s={search_term_string}"},"query-input":{"@type":"PropertyValueSpecification","valueRequired":true,"valueName":"search_term_string"}}],"inLanguage":"fr-FR"},{"@type":"Person","@id":"https:\/\/www.sesmoreres.com\/fr\/blog\/#\/schema\/person\/d89a443e211c25b8d95dc78acaa51465","name":"Malcolm Price","image":{"@type":"ImageObject","inLanguage":"fr-FR","@id":"https:\/\/secure.gravatar.com\/avatar\/04aadf1dbb20b5e72223e20156f3f34311bddde2409cebb182e0afa3b6053e36?s=96&d=mm&r=g","url":"https:\/\/secure.gravatar.com\/avatar\/04aadf1dbb20b5e72223e20156f3f34311bddde2409cebb182e0afa3b6053e36?s=96&d=mm&r=g","contentUrl":"https:\/\/secure.gravatar.com\/avatar\/04aadf1dbb20b5e72223e20156f3f34311bddde2409cebb182e0afa3b6053e36?s=96&d=mm&r=g","caption":"Malcolm Price"},"url":"https:\/\/www.sesmoreres.com\/fr\/blog\/author\/malcolmpricesesmoreres-com\/"}]}},"_links":{"self":[{"href":"https:\/\/www.sesmoreres.com\/fr\/blog\/wp-json\/wp\/v2\/posts\/1509","targetHints":{"allow":["GET"]}}],"collection":[{"href":"https:\/\/www.sesmoreres.com\/fr\/blog\/wp-json\/wp\/v2\/posts"}],"about":[{"href":"https:\/\/www.sesmoreres.com\/fr\/blog\/wp-json\/wp\/v2\/types\/post"}],"author":[{"embeddable":true,"href":"https:\/\/www.sesmoreres.com\/fr\/blog\/wp-json\/wp\/v2\/users\/4"}],"replies":[{"embeddable":true,"href":"https:\/\/www.sesmoreres.com\/fr\/blog\/wp-json\/wp\/v2\/comments?post=1509"}],"version-history":[{"count":7,"href":"https:\/\/www.sesmoreres.com\/fr\/blog\/wp-json\/wp\/v2\/posts\/1509\/revisions"}],"predecessor-version":[{"id":1520,"href":"https:\/\/www.sesmoreres.com\/fr\/blog\/wp-json\/wp\/v2\/posts\/1509\/revisions\/1520"}],"wp:featuredmedia":[{"embeddable":true,"href":"https:\/\/www.sesmoreres.com\/fr\/blog\/wp-json\/wp\/v2\/media\/1510"}],"wp:attachment":[{"href":"https:\/\/www.sesmoreres.com\/fr\/blog\/wp-json\/wp\/v2\/media?parent=1509"}],"wp:term":[{"taxonomy":"category","embeddable":true,"href":"https:\/\/www.sesmoreres.com\/fr\/blog\/wp-json\/wp\/v2\/categories?post=1509"},{"taxonomy":"post_tag","embeddable":true,"href":"https:\/\/www.sesmoreres.com\/fr\/blog\/wp-json\/wp\/v2\/tags?post=1509"}],"curies":[{"name":"wp","href":"https:\/\/api.w.org\/{rel}","templated":true}]}}