{"id":1486,"date":"2020-10-09T10:45:49","date_gmt":"2020-10-09T08:45:49","guid":{"rendered":"https:\/\/www.sesmoreres.com\/fr\/blog\/?p=1486"},"modified":"2020-10-09T10:45:49","modified_gmt":"2020-10-09T08:45:49","slug":"vivre-et-teletravailler-a-minorque","status":"publish","type":"post","link":"https:\/\/www.sesmoreres.com\/fr\/blog\/vivre-et-teletravailler-a-minorque\/","title":{"rendered":"Vivre et t\u00e9l\u00e9travailler \u00e0 Minorque"},"content":{"rendered":"<p>Des poulains timides et graciles regardent avec curiosit\u00e9 par-dessus un mur de pierres s\u00e8ches de Minorque et vous observent. Des senteurs enivrantes de plantes et de fleurs envahissent votre chambre par la fen\u00eatre ouverte. En m\u00eame temps, vos oreilles se plaisent \u00e0 \u00e9couter le chant symphonique d\u2019oiseaux interrompu de temps \u00e0 autre, par les braiments d\u2019un \u00e2ne paresseux se plaignant de son ennui\u2026<\/p>\n<p>&nbsp;<\/p>\n<p>Voil\u00e0 ce que furent la plupart de mes journ\u00e9es de t\u00e9l\u00e9travail \u00e0 Minorque au printemps dernier, lorsque nous avons \u00e9t\u00e9 contraints au confinement provoqu\u00e9 par la <a href=\"https:\/\/fr.wikipedia.org\/wiki\/Pand%C3%A9mie_de_Covid-19_en_France\">pand\u00e9mie du coronavirus.<\/a><\/p>\n<p>&nbsp;<\/p>\n<p>Alors que des millions de personnes se sentaient angoiss\u00e9es d\u2019\u00eatre confin\u00e9es dans les villes, nous, les habitants privil\u00e9gi\u00e9s de Minorque avons v\u00e9cu une exp\u00e9rience que j\u2019ose qualifier de quasi mystique.<\/p>\n<p>&nbsp;<\/p>\n<p>Ce ne fut pas du tout la m\u00eame chose de subir l\u2019avalanche de nouvelles inhumaines et apocalyptiques sur la <a href=\"https:\/\/fr.wikipedia.org\/wiki\/Maladie_%C3%A0_coronavirus_2019\">covid-19<\/a>, en \u00e9tant pi\u00e9g\u00e9s dans un environnement urbain aux avenues d\u00e9sert\u00e9es o\u00f9 seules des voitures de police lan\u00e7aient des messages punitifs que d\u2019\u00eatre \u00e0 Minorque dans le cocon pacifique et spirituel de la campagne et de la mer\u2026<\/p>\n<p>&nbsp;<\/p>\n<p>Et la sagesse populaire le dit d\u00e9j\u00e0\u00a0: \u00ab\u2009\u00c0 toute chose malheur est bon\u2009\u00bb Gr\u00e2ce au silence d\u00fb \u00e0 la cessation de l\u2019activit\u00e9 humaine, les habitants de l\u2019\u00eele ont pu entendre le bruissement de la nature, la voix de la sagesse qui nous a rappel\u00e9s les v\u00e9ritables priorit\u00e9s de la vie.<\/p>\n<p>&nbsp;<\/p>\n<p>Nous avons d\u00e9couvert avec \u00e9tonnement que pour beaucoup d\u2019entre nous, la plupart des t\u00e2ches professionnelles que nous accomplissons habituellement peuvent \u00eatre r\u00e9alis\u00e9es confortablement chez soi.<\/p>\n<p>&nbsp;<\/p>\n<p>Nous avons appris \u00e0 concilier notre vie familiale et notre travail, et nous avons m\u00eame \u00e9t\u00e9 capables de nous arr\u00eater quelques instants pour profiter d\u2019une belle aube ou d\u2019un exaltant coucher de soleil.<\/p>\n<p>&nbsp;<\/p>\n<p>Nous nous sommes rendu compte que gr\u00e2ce \u00e0 la technologie existante, avec un simple \u00e9cran d\u2019appareil \u00e9lectronique, il est possible d\u2019\u00e9viter de voyager, conduire, se garer et consommer d\u2019innombrables ressources\u2026<\/p>\n<p>&nbsp;<\/p>\n<p>De plus, au moins en ce qui me concerne, j\u2019ai remarqu\u00e9 que les relations avec les autres dans un cadre plus intime comme la maison deviennent en quelque sorte plus proches et plus agr\u00e9ables, et cet \u00e9tat d\u2019esprit se traduit m\u00eame par une productivit\u00e9 accrue.<\/p>\n<p>&nbsp;<\/p>\n<p>En d\u00e9finitive, si vous r\u00eavez de vivre \u00e0 Minorque et que votre profession vous le permet, n\u2019h\u00e9sitez plus, Minorque est le paradis du t\u00e9l\u00e9travail. Nous avons de <a href=\"https:\/\/www.sesmoreres.com\/fr\/resultats-recherche\/?a=casa_campo\">merveilleuses maisons de campagne<\/a> ou proches de la mer susceptibles de devenir votre bureau.<\/p>\n<p>&nbsp;<\/p>\n<p>D\u2019autres articles qui pourraient vous int\u00e9resser.<\/p>\n<p>&nbsp;<\/p>\n<p><a href=\"https:\/\/www.sesmoreres.com\/fr\/blog\/travailler-a-minorque\/\">Travailler \u00e0 Minorque<\/a><\/p>\n","protected":false},"excerpt":{"rendered":"<p>Des poulains timides et graciles regardent avec curiosit\u00e9 par-dessus un mur de pierres s\u00e8ches de Minorque et vous observent. Des senteurs enivrantes de plantes et de fleurs envahissent votre chambre par la fen\u00eatre ouverte. En m\u00eame temps, vos oreilles se &hellip; <a href=\"https:\/\/www.sesmoreres.com\/fr\/blog\/vivre-et-teletravailler-a-minorque\/\">Lire la suite\u00ad\u00ad<\/a><\/p>\n","protected":false},"author":4,"featured_media":1488,"comment_status":"open","ping_status":"open","sticky":false,"template":"","format":"standard","meta":{"footnotes":""},"categories":[815,1,860],"tags":[818,865,864],"class_list":["post-1486","post","type-post","status-publish","format-standard","has-post-thumbnail","hentry","category-minorque","category-sin-categoria","category-travailler-a-minorque","tag-minorque","tag-travailler-a-minorque","tag-trouver-du-travail-a-minorque"],"yoast_head":"<!-- This site is optimized with the Yoast SEO plugin v27.3 - https:\/\/yoast.com\/product\/yoast-seo-wordpress\/ -->\n<title>Vivre et t\u00e9l\u00e9travailler \u00e0 Minorque - Blog sur Minorque - Ses Moreres<\/title>\n<meta name=\"description\" content=\"Alors que des millions de personnes se sentaient angoiss\u00e9es d\u2019\u00eatre confin\u00e9es dans les villes, nous, les habitants privil\u00e9gi\u00e9s de Minorque avons v\u00e9cu une exp\u00e9rience que j\u2019ose qualifier de quasi mystique.\" \/>\n<meta name=\"robots\" content=\"index, follow, max-snippet:-1, max-image-preview:large, max-video-preview:-1\" \/>\n<link rel=\"canonical\" href=\"https:\/\/www.sesmoreres.com\/fr\/blog\/vivre-et-teletravailler-a-minorque\/\" \/>\n<meta property=\"og:locale\" content=\"fr_FR\" \/>\n<meta property=\"og:type\" content=\"article\" \/>\n<meta property=\"og:title\" content=\"Vivre et t\u00e9l\u00e9travailler \u00e0 Minorque - Blog sur Minorque - Ses Moreres\" \/>\n<meta property=\"og:description\" content=\"Alors que des millions de personnes se sentaient angoiss\u00e9es d\u2019\u00eatre confin\u00e9es dans les villes, nous, les habitants privil\u00e9gi\u00e9s de Minorque avons v\u00e9cu une exp\u00e9rience que j\u2019ose qualifier de quasi mystique.\" \/>\n<meta property=\"og:url\" content=\"https:\/\/www.sesmoreres.com\/fr\/blog\/vivre-et-teletravailler-a-minorque\/\" \/>\n<meta property=\"og:site_name\" content=\"Blog sur Minorque - Ses Moreres\" \/>\n<meta property=\"article:published_time\" content=\"2020-10-09T08:45:49+00:00\" \/>\n<meta property=\"og:image\" content=\"https:\/\/www.sesmoreres.com\/fr\/blog\/wp-content\/uploads\/2020\/10\/Vivre-et-t\u00e9l\u00e9travailler-\u00e0-Minorque.jpg\" \/>\n\t<meta property=\"og:image:width\" content=\"850\" \/>\n\t<meta property=\"og:image:height\" content=\"568\" \/>\n\t<meta property=\"og:image:type\" content=\"image\/jpeg\" \/>\n<meta name=\"author\" content=\"Malcolm Price\" \/>\n<meta name=\"twitter:card\" content=\"summary_large_image\" \/>\n<meta name=\"twitter:label1\" content=\"\u00c9crit par\" \/>\n\t<meta name=\"twitter:data1\" content=\"Malcolm Price\" \/>\n\t<meta name=\"twitter:label2\" content=\"Dur\u00e9e de lecture estim\u00e9e\" \/>\n\t<meta name=\"twitter:data2\" content=\"2 minutes\" \/>\n<script type=\"application\/ld+json\" class=\"yoast-schema-graph\">{\"@context\":\"https:\\\/\\\/schema.org\",\"@graph\":[{\"@type\":\"Article\",\"@id\":\"https:\\\/\\\/www.sesmoreres.com\\\/fr\\\/blog\\\/vivre-et-teletravailler-a-minorque\\\/#article\",\"isPartOf\":{\"@id\":\"https:\\\/\\\/www.sesmoreres.com\\\/fr\\\/blog\\\/vivre-et-teletravailler-a-minorque\\\/\"},\"author\":{\"name\":\"Malcolm Price\",\"@id\":\"https:\\\/\\\/www.sesmoreres.com\\\/fr\\\/blog\\\/#\\\/schema\\\/person\\\/d89a443e211c25b8d95dc78acaa51465\"},\"headline\":\"Vivre et t\u00e9l\u00e9travailler \u00e0 Minorque\",\"datePublished\":\"2020-10-09T08:45:49+00:00\",\"mainEntityOfPage\":{\"@id\":\"https:\\\/\\\/www.sesmoreres.com\\\/fr\\\/blog\\\/vivre-et-teletravailler-a-minorque\\\/\"},\"wordCount\":476,\"commentCount\":0,\"image\":{\"@id\":\"https:\\\/\\\/www.sesmoreres.com\\\/fr\\\/blog\\\/vivre-et-teletravailler-a-minorque\\\/#primaryimage\"},\"thumbnailUrl\":\"https:\\\/\\\/www.sesmoreres.com\\\/fr\\\/blog\\\/wp-content\\\/uploads\\\/2020\\\/10\\\/Vivre-et-t\u00e9l\u00e9travailler-\u00e0-Minorque.jpg\",\"keywords\":[\"Minorque\",\"travailler \u00e0 minorque\",\"trouver du travail a minorque\"],\"articleSection\":[\"Minorque\",\"Sin categor\u00eda\",\"travailler \u00e0 minorque\"],\"inLanguage\":\"fr-FR\",\"potentialAction\":[{\"@type\":\"CommentAction\",\"name\":\"Comment\",\"target\":[\"https:\\\/\\\/www.sesmoreres.com\\\/fr\\\/blog\\\/vivre-et-teletravailler-a-minorque\\\/#respond\"]}]},{\"@type\":\"WebPage\",\"@id\":\"https:\\\/\\\/www.sesmoreres.com\\\/fr\\\/blog\\\/vivre-et-teletravailler-a-minorque\\\/\",\"url\":\"https:\\\/\\\/www.sesmoreres.com\\\/fr\\\/blog\\\/vivre-et-teletravailler-a-minorque\\\/\",\"name\":\"Vivre et t\u00e9l\u00e9travailler \u00e0 Minorque - Blog sur Minorque - Ses Moreres\",\"isPartOf\":{\"@id\":\"https:\\\/\\\/www.sesmoreres.com\\\/fr\\\/blog\\\/#website\"},\"primaryImageOfPage\":{\"@id\":\"https:\\\/\\\/www.sesmoreres.com\\\/fr\\\/blog\\\/vivre-et-teletravailler-a-minorque\\\/#primaryimage\"},\"image\":{\"@id\":\"https:\\\/\\\/www.sesmoreres.com\\\/fr\\\/blog\\\/vivre-et-teletravailler-a-minorque\\\/#primaryimage\"},\"thumbnailUrl\":\"https:\\\/\\\/www.sesmoreres.com\\\/fr\\\/blog\\\/wp-content\\\/uploads\\\/2020\\\/10\\\/Vivre-et-t\u00e9l\u00e9travailler-\u00e0-Minorque.jpg\",\"datePublished\":\"2020-10-09T08:45:49+00:00\",\"author\":{\"@id\":\"https:\\\/\\\/www.sesmoreres.com\\\/fr\\\/blog\\\/#\\\/schema\\\/person\\\/d89a443e211c25b8d95dc78acaa51465\"},\"description\":\"Alors que des millions de personnes se sentaient angoiss\u00e9es d\u2019\u00eatre confin\u00e9es dans les villes, nous, les habitants privil\u00e9gi\u00e9s de Minorque avons v\u00e9cu une exp\u00e9rience que j\u2019ose qualifier de quasi mystique.\",\"breadcrumb\":{\"@id\":\"https:\\\/\\\/www.sesmoreres.com\\\/fr\\\/blog\\\/vivre-et-teletravailler-a-minorque\\\/#breadcrumb\"},\"inLanguage\":\"fr-FR\",\"potentialAction\":[{\"@type\":\"ReadAction\",\"target\":[\"https:\\\/\\\/www.sesmoreres.com\\\/fr\\\/blog\\\/vivre-et-teletravailler-a-minorque\\\/\"]}]},{\"@type\":\"ImageObject\",\"inLanguage\":\"fr-FR\",\"@id\":\"https:\\\/\\\/www.sesmoreres.com\\\/fr\\\/blog\\\/vivre-et-teletravailler-a-minorque\\\/#primaryimage\",\"url\":\"https:\\\/\\\/www.sesmoreres.com\\\/fr\\\/blog\\\/wp-content\\\/uploads\\\/2020\\\/10\\\/Vivre-et-t\u00e9l\u00e9travailler-\u00e0-Minorque.jpg\",\"contentUrl\":\"https:\\\/\\\/www.sesmoreres.com\\\/fr\\\/blog\\\/wp-content\\\/uploads\\\/2020\\\/10\\\/Vivre-et-t\u00e9l\u00e9travailler-\u00e0-Minorque.jpg\",\"width\":850,\"height\":568},{\"@type\":\"BreadcrumbList\",\"@id\":\"https:\\\/\\\/www.sesmoreres.com\\\/fr\\\/blog\\\/vivre-et-teletravailler-a-minorque\\\/#breadcrumb\",\"itemListElement\":[{\"@type\":\"ListItem\",\"position\":1,\"name\":\"Portada\",\"item\":\"https:\\\/\\\/www.sesmoreres.com\\\/fr\\\/blog\\\/\"},{\"@type\":\"ListItem\",\"position\":2,\"name\":\"Vivre et t\u00e9l\u00e9travailler \u00e0 Minorque\"}]},{\"@type\":\"WebSite\",\"@id\":\"https:\\\/\\\/www.sesmoreres.com\\\/fr\\\/blog\\\/#website\",\"url\":\"https:\\\/\\\/www.sesmoreres.com\\\/fr\\\/blog\\\/\",\"name\":\"Blog sur Minorque - Ses Moreres\",\"description\":\"Immobili\u00e8res \u00e0 Minorque - Leader dans la vente de propri\u00e9t\u00e9s de luxe Fermes rustiques, maisons de campagne, chalets, terrains\",\"potentialAction\":[{\"@type\":\"SearchAction\",\"target\":{\"@type\":\"EntryPoint\",\"urlTemplate\":\"https:\\\/\\\/www.sesmoreres.com\\\/fr\\\/blog\\\/?s={search_term_string}\"},\"query-input\":{\"@type\":\"PropertyValueSpecification\",\"valueRequired\":true,\"valueName\":\"search_term_string\"}}],\"inLanguage\":\"fr-FR\"},{\"@type\":\"Person\",\"@id\":\"https:\\\/\\\/www.sesmoreres.com\\\/fr\\\/blog\\\/#\\\/schema\\\/person\\\/d89a443e211c25b8d95dc78acaa51465\",\"name\":\"Malcolm Price\",\"image\":{\"@type\":\"ImageObject\",\"inLanguage\":\"fr-FR\",\"@id\":\"https:\\\/\\\/secure.gravatar.com\\\/avatar\\\/04aadf1dbb20b5e72223e20156f3f34311bddde2409cebb182e0afa3b6053e36?s=96&d=mm&r=g\",\"url\":\"https:\\\/\\\/secure.gravatar.com\\\/avatar\\\/04aadf1dbb20b5e72223e20156f3f34311bddde2409cebb182e0afa3b6053e36?s=96&d=mm&r=g\",\"contentUrl\":\"https:\\\/\\\/secure.gravatar.com\\\/avatar\\\/04aadf1dbb20b5e72223e20156f3f34311bddde2409cebb182e0afa3b6053e36?s=96&d=mm&r=g\",\"caption\":\"Malcolm Price\"},\"url\":\"https:\\\/\\\/www.sesmoreres.com\\\/fr\\\/blog\\\/author\\\/malcolmpricesesmoreres-com\\\/\"}]}<\/script>\n<!-- \/ Yoast SEO plugin. -->","yoast_head_json":{"title":"Vivre et t\u00e9l\u00e9travailler \u00e0 Minorque - Blog sur Minorque - Ses Moreres","description":"Alors que des millions de personnes se sentaient angoiss\u00e9es d\u2019\u00eatre confin\u00e9es dans les villes, nous, les habitants privil\u00e9gi\u00e9s de Minorque avons v\u00e9cu une exp\u00e9rience que j\u2019ose qualifier de quasi mystique.","robots":{"index":"index","follow":"follow","max-snippet":"max-snippet:-1","max-image-preview":"max-image-preview:large","max-video-preview":"max-video-preview:-1"},"canonical":"https:\/\/www.sesmoreres.com\/fr\/blog\/vivre-et-teletravailler-a-minorque\/","og_locale":"fr_FR","og_type":"article","og_title":"Vivre et t\u00e9l\u00e9travailler \u00e0 Minorque - Blog sur Minorque - Ses Moreres","og_description":"Alors que des millions de personnes se sentaient angoiss\u00e9es d\u2019\u00eatre confin\u00e9es dans les villes, nous, les habitants privil\u00e9gi\u00e9s de Minorque avons v\u00e9cu une exp\u00e9rience que j\u2019ose qualifier de quasi mystique.","og_url":"https:\/\/www.sesmoreres.com\/fr\/blog\/vivre-et-teletravailler-a-minorque\/","og_site_name":"Blog sur Minorque - Ses Moreres","article_published_time":"2020-10-09T08:45:49+00:00","og_image":[{"width":850,"height":568,"url":"https:\/\/www.sesmoreres.com\/fr\/blog\/wp-content\/uploads\/2020\/10\/Vivre-et-t\u00e9l\u00e9travailler-\u00e0-Minorque.jpg","type":"image\/jpeg"}],"author":"Malcolm Price","twitter_card":"summary_large_image","twitter_misc":{"\u00c9crit par":"Malcolm Price","Dur\u00e9e de lecture estim\u00e9e":"2 minutes"},"schema":{"@context":"https:\/\/schema.org","@graph":[{"@type":"Article","@id":"https:\/\/www.sesmoreres.com\/fr\/blog\/vivre-et-teletravailler-a-minorque\/#article","isPartOf":{"@id":"https:\/\/www.sesmoreres.com\/fr\/blog\/vivre-et-teletravailler-a-minorque\/"},"author":{"name":"Malcolm Price","@id":"https:\/\/www.sesmoreres.com\/fr\/blog\/#\/schema\/person\/d89a443e211c25b8d95dc78acaa51465"},"headline":"Vivre et t\u00e9l\u00e9travailler \u00e0 Minorque","datePublished":"2020-10-09T08:45:49+00:00","mainEntityOfPage":{"@id":"https:\/\/www.sesmoreres.com\/fr\/blog\/vivre-et-teletravailler-a-minorque\/"},"wordCount":476,"commentCount":0,"image":{"@id":"https:\/\/www.sesmoreres.com\/fr\/blog\/vivre-et-teletravailler-a-minorque\/#primaryimage"},"thumbnailUrl":"https:\/\/www.sesmoreres.com\/fr\/blog\/wp-content\/uploads\/2020\/10\/Vivre-et-t\u00e9l\u00e9travailler-\u00e0-Minorque.jpg","keywords":["Minorque","travailler \u00e0 minorque","trouver du travail a minorque"],"articleSection":["Minorque","Sin categor\u00eda","travailler \u00e0 minorque"],"inLanguage":"fr-FR","potentialAction":[{"@type":"CommentAction","name":"Comment","target":["https:\/\/www.sesmoreres.com\/fr\/blog\/vivre-et-teletravailler-a-minorque\/#respond"]}]},{"@type":"WebPage","@id":"https:\/\/www.sesmoreres.com\/fr\/blog\/vivre-et-teletravailler-a-minorque\/","url":"https:\/\/www.sesmoreres.com\/fr\/blog\/vivre-et-teletravailler-a-minorque\/","name":"Vivre et t\u00e9l\u00e9travailler \u00e0 Minorque - Blog sur Minorque - Ses Moreres","isPartOf":{"@id":"https:\/\/www.sesmoreres.com\/fr\/blog\/#website"},"primaryImageOfPage":{"@id":"https:\/\/www.sesmoreres.com\/fr\/blog\/vivre-et-teletravailler-a-minorque\/#primaryimage"},"image":{"@id":"https:\/\/www.sesmoreres.com\/fr\/blog\/vivre-et-teletravailler-a-minorque\/#primaryimage"},"thumbnailUrl":"https:\/\/www.sesmoreres.com\/fr\/blog\/wp-content\/uploads\/2020\/10\/Vivre-et-t\u00e9l\u00e9travailler-\u00e0-Minorque.jpg","datePublished":"2020-10-09T08:45:49+00:00","author":{"@id":"https:\/\/www.sesmoreres.com\/fr\/blog\/#\/schema\/person\/d89a443e211c25b8d95dc78acaa51465"},"description":"Alors que des millions de personnes se sentaient angoiss\u00e9es d\u2019\u00eatre confin\u00e9es dans les villes, nous, les habitants privil\u00e9gi\u00e9s de Minorque avons v\u00e9cu une exp\u00e9rience que j\u2019ose qualifier de quasi mystique.","breadcrumb":{"@id":"https:\/\/www.sesmoreres.com\/fr\/blog\/vivre-et-teletravailler-a-minorque\/#breadcrumb"},"inLanguage":"fr-FR","potentialAction":[{"@type":"ReadAction","target":["https:\/\/www.sesmoreres.com\/fr\/blog\/vivre-et-teletravailler-a-minorque\/"]}]},{"@type":"ImageObject","inLanguage":"fr-FR","@id":"https:\/\/www.sesmoreres.com\/fr\/blog\/vivre-et-teletravailler-a-minorque\/#primaryimage","url":"https:\/\/www.sesmoreres.com\/fr\/blog\/wp-content\/uploads\/2020\/10\/Vivre-et-t\u00e9l\u00e9travailler-\u00e0-Minorque.jpg","contentUrl":"https:\/\/www.sesmoreres.com\/fr\/blog\/wp-content\/uploads\/2020\/10\/Vivre-et-t\u00e9l\u00e9travailler-\u00e0-Minorque.jpg","width":850,"height":568},{"@type":"BreadcrumbList","@id":"https:\/\/www.sesmoreres.com\/fr\/blog\/vivre-et-teletravailler-a-minorque\/#breadcrumb","itemListElement":[{"@type":"ListItem","position":1,"name":"Portada","item":"https:\/\/www.sesmoreres.com\/fr\/blog\/"},{"@type":"ListItem","position":2,"name":"Vivre et t\u00e9l\u00e9travailler \u00e0 Minorque"}]},{"@type":"WebSite","@id":"https:\/\/www.sesmoreres.com\/fr\/blog\/#website","url":"https:\/\/www.sesmoreres.com\/fr\/blog\/","name":"Blog sur Minorque - Ses Moreres","description":"Immobili\u00e8res \u00e0 Minorque - Leader dans la vente de propri\u00e9t\u00e9s de luxe Fermes rustiques, maisons de campagne, chalets, terrains","potentialAction":[{"@type":"SearchAction","target":{"@type":"EntryPoint","urlTemplate":"https:\/\/www.sesmoreres.com\/fr\/blog\/?s={search_term_string}"},"query-input":{"@type":"PropertyValueSpecification","valueRequired":true,"valueName":"search_term_string"}}],"inLanguage":"fr-FR"},{"@type":"Person","@id":"https:\/\/www.sesmoreres.com\/fr\/blog\/#\/schema\/person\/d89a443e211c25b8d95dc78acaa51465","name":"Malcolm Price","image":{"@type":"ImageObject","inLanguage":"fr-FR","@id":"https:\/\/secure.gravatar.com\/avatar\/04aadf1dbb20b5e72223e20156f3f34311bddde2409cebb182e0afa3b6053e36?s=96&d=mm&r=g","url":"https:\/\/secure.gravatar.com\/avatar\/04aadf1dbb20b5e72223e20156f3f34311bddde2409cebb182e0afa3b6053e36?s=96&d=mm&r=g","contentUrl":"https:\/\/secure.gravatar.com\/avatar\/04aadf1dbb20b5e72223e20156f3f34311bddde2409cebb182e0afa3b6053e36?s=96&d=mm&r=g","caption":"Malcolm Price"},"url":"https:\/\/www.sesmoreres.com\/fr\/blog\/author\/malcolmpricesesmoreres-com\/"}]}},"_links":{"self":[{"href":"https:\/\/www.sesmoreres.com\/fr\/blog\/wp-json\/wp\/v2\/posts\/1486","targetHints":{"allow":["GET"]}}],"collection":[{"href":"https:\/\/www.sesmoreres.com\/fr\/blog\/wp-json\/wp\/v2\/posts"}],"about":[{"href":"https:\/\/www.sesmoreres.com\/fr\/blog\/wp-json\/wp\/v2\/types\/post"}],"author":[{"embeddable":true,"href":"https:\/\/www.sesmoreres.com\/fr\/blog\/wp-json\/wp\/v2\/users\/4"}],"replies":[{"embeddable":true,"href":"https:\/\/www.sesmoreres.com\/fr\/blog\/wp-json\/wp\/v2\/comments?post=1486"}],"version-history":[{"count":2,"href":"https:\/\/www.sesmoreres.com\/fr\/blog\/wp-json\/wp\/v2\/posts\/1486\/revisions"}],"predecessor-version":[{"id":1489,"href":"https:\/\/www.sesmoreres.com\/fr\/blog\/wp-json\/wp\/v2\/posts\/1486\/revisions\/1489"}],"wp:featuredmedia":[{"embeddable":true,"href":"https:\/\/www.sesmoreres.com\/fr\/blog\/wp-json\/wp\/v2\/media\/1488"}],"wp:attachment":[{"href":"https:\/\/www.sesmoreres.com\/fr\/blog\/wp-json\/wp\/v2\/media?parent=1486"}],"wp:term":[{"taxonomy":"category","embeddable":true,"href":"https:\/\/www.sesmoreres.com\/fr\/blog\/wp-json\/wp\/v2\/categories?post=1486"},{"taxonomy":"post_tag","embeddable":true,"href":"https:\/\/www.sesmoreres.com\/fr\/blog\/wp-json\/wp\/v2\/tags?post=1486"}],"curies":[{"name":"wp","href":"https:\/\/api.w.org\/{rel}","templated":true}]}}