{"id":1439,"date":"2020-05-13T13:11:02","date_gmt":"2020-05-13T11:11:02","guid":{"rendered":"https:\/\/www.sesmoreres.com\/fr\/blog\/?p=1439"},"modified":"2020-05-13T14:50:25","modified_gmt":"2020-05-13T12:50:25","slug":"minorque-reserve-du-jardin-bio","status":"publish","type":"post","link":"https:\/\/www.sesmoreres.com\/fr\/blog\/minorque-reserve-du-jardin-bio\/","title":{"rendered":"Minorque R\u00e9serve du Jardin Bio"},"content":{"rendered":"<p>Alors que nous nous livrons \u00e0 un d\u00e9bat anim\u00e9 sur la gestion de chaque m\u00b2 de plage pour cet \u00e9t\u00e9, s\u2019il faut installer ou pas des parois de s\u00e9paration entre les serviettes, ou si l\u2019on doit pratiquer le snorkeling avec sans masque, un \u00e9v\u00e9nement inattendu est en train de se produire \u00e0 Minorque&#8230;<\/p>\n<p>Un ph\u00e9nom\u00e8ne naturel engloutit des hectares et des hectares de terres, telle une esp\u00e8ce invasive : c\u2019est le jardin bio!<\/p>\n<p>Apr\u00e8s un confinement interminable de plusieurs semaines, qui a laiss\u00e9 quelques s\u00e9quelles, \u00e0 la mani\u00e8re du <a href=\"https:\/\/fr.wikipedia.org\/wiki\/Le_Comte_de_Monte-Cristo\">Comte de Monte-Cristo<\/a>, des millions de petits cerveaux humains travaillant en r\u00e9seau ont atteint des niveaux de sagesse inconnus jusqu\u2019\u00e0 pr\u00e9sent. Et le pouvoir de la pens\u00e9 collective a \u00e9clos (comme le ferait une poule constip\u00e9e) pour arriver \u00e0 la conclusion suivante \u00eatre autosuffisant est indispensable pour survivre\u00a0!<\/p>\n<p>Beaucoup de ceux qui pensaient avoir tout accompli dans la vie (une belle r\u00e9sidence secondaire \u00e0 Minorque, une voiture de collection dans leur garage et m\u00eame un voilier romantique trop grand pour <a href=\"https:\/\/enmenorca.wordpress.com\/2014\/07\/30\/lilla-que-no-ho-era\/\">le canal de Port Mahon<\/a>) ont d\u00e9couvert avec \u00e9tonnement qu\u2019il leur manquait la chose la plus \u00e9l\u00e9mentaire : leur propre nourriture.<\/p>\n<p>Oui, je suis s\u00fbr que vous aussi, cher lecteur, y avez pens\u00e9.<\/p>\n<p>Et il est vrai qu\u2019il y a quelques ann\u00e9es d\u00e9j\u00e0, nous avons pris conscience de l\u2019importance du secteur primaire, des produits bios, du fait de cultiver son propre jardin. Certaines comunes ont lanc\u00e9 des initiatives louables, comme les jardins partag\u00e9s. Toutefois, soyons francs, cette prise de conscience n\u2019a dans la plupart des cas pas \u00e9t\u00e9 suivie par des actes concrets.<\/p>\n<p>Mais voil\u00e0 que les \u00e9v\u00e9nements d\u00e9clench\u00e9s par la pand\u00e9mie de <a href=\"https:\/\/fr.wikipedia.org\/wiki\/Maladie_%C3%A0_coronavirus_2019\">Covid-19<\/a> ont provoqu\u00e9 en peu de temps un changement dans notre fa\u00e7on d\u2019appr\u00e9hender la vie et nous avons commenc\u00e9 \u00e0 accorder \u00e0 la question de l\u2019agriculture toute l\u2019importance qu\u2019elle m\u00e9rite.<\/p>\n<p>On ne compte plus le nombre de personnes &#8211; et j\u2019en fais partie &#8211; ayant sacrifi\u00e9 une bonne partie de leur terrain pour se lancer dans un projet de <a href=\"https:\/\/fr.wikipedia.org\/wiki\/Botanic\">jardin bio <\/a>et d\u2019autoconsommation.<\/p>\n<p>Faire pousser chez soi des arbres fruitiers, des l\u00e9gumes et m\u00eame des herbes aromatiques (produits de premi\u00e8re n\u00e9cessit\u00e9) semble maintenant beaucoup plus important que d\u2019avoir des<a href=\"https:\/\/fr.wikipedia.org\/wiki\/Bitcoin\"> bitcoins<\/a> invisibles dans un compte bancaire virtuel dont vous ignorez s\u2019il survivra \u00e0 la prochaine crise financi\u00e8re&#8230;<\/p>\n<p>Et bien s\u00fbr, notre \u00eele bien-aim\u00e9e est l\u2019un des meilleurs endroits au monde pour mener une si belle aventure et devenir \u00ab\u00a0Minorque R\u00e9serve du Jardin Bio.\u00a0\u00bb<\/p>\n<p>En guise de conclusion, je vous laisse avec une liste de commerces o\u00f9 vous pourrez vous procurer des <a href=\"https:\/\/www.google.com\/maps\/d\/viewer?hl=ca&amp;mid=1-sLI_1J7DTQHhJdwOxFKv2IJgoM&amp;ll=39.94066783064936%2C4.009827475451971&amp;z=11\">produits bios et locaux<\/a>.<\/p>\n<p><img decoding=\"async\" class=\"wp-image-1440 alignleft lazyload\" data-src=\"https:\/\/www.sesmoreres.com\/fr\/blog\/wp-content\/uploads\/2020\/05\/ecological-fruit-menorca-225x300-1.jpg\" alt=\"\" width=\"200\" height=\"267\" src=\"data:image\/svg+xml;base64,PHN2ZyB3aWR0aD0iMSIgaGVpZ2h0PSIxIiB4bWxucz0iaHR0cDovL3d3dy53My5vcmcvMjAwMC9zdmciPjwvc3ZnPg==\" style=\"--smush-placeholder-width: 200px; --smush-placeholder-aspect-ratio: 200\/267;\" \/> \u00a0<img decoding=\"async\" class=\"wp-image-1441 alignleft lazyload\" data-src=\"https:\/\/www.sesmoreres.com\/fr\/blog\/wp-content\/uploads\/2020\/05\/ecological-products-menorca-225x300-1.jpg\" alt=\"\" width=\"200\" height=\"267\" src=\"data:image\/svg+xml;base64,PHN2ZyB3aWR0aD0iMSIgaGVpZ2h0PSIxIiB4bWxucz0iaHR0cDovL3d3dy53My5vcmcvMjAwMC9zdmciPjwvc3ZnPg==\" style=\"--smush-placeholder-width: 200px; --smush-placeholder-aspect-ratio: 200\/267;\" \/>\u00a0 <img decoding=\"async\" class=\"wp-image-1442 alignleft lazyload\" data-src=\"https:\/\/www.sesmoreres.com\/fr\/blog\/wp-content\/uploads\/2020\/05\/tomatoes-menorca-225x300-1.jpg\" alt=\"\" width=\"200\" height=\"267\" src=\"data:image\/svg+xml;base64,PHN2ZyB3aWR0aD0iMSIgaGVpZ2h0PSIxIiB4bWxucz0iaHR0cDovL3d3dy53My5vcmcvMjAwMC9zdmciPjwvc3ZnPg==\" style=\"--smush-placeholder-width: 200px; --smush-placeholder-aspect-ratio: 200\/267;\" \/><\/p>\n<p>&nbsp;<\/p>\n<p>&nbsp;<\/p>\n<p>&nbsp;<\/p>\n<p>&nbsp;<\/p>\n<p>&nbsp;<\/p>\n<p>&nbsp;<\/p>\n<p>&nbsp;<\/p>\n<p>Et si vous \u00eates d\u00e9j\u00e0 \u00e0 la recherche de votre maison de campagne avec un jardin potager \u00e0 Minorque, <a href=\"https:\/\/www.sesmoreres.com\/fr\/resultats-recherche\/?a=casa_campo\">cliquez ici<\/a>.<\/p>\n","protected":false},"excerpt":{"rendered":"<p>Alors que nous nous livrons \u00e0 un d\u00e9bat anim\u00e9 sur la gestion de chaque m\u00b2 de plage pour cet \u00e9t\u00e9, s\u2019il faut installer ou pas des parois de s\u00e9paration entre les serviettes, ou si l\u2019on doit pratiquer le snorkeling avec &hellip; <a href=\"https:\/\/www.sesmoreres.com\/fr\/blog\/minorque-reserve-du-jardin-bio\/\">Lire la suite\u00ad\u00ad<\/a><\/p>\n","protected":false},"author":4,"featured_media":1443,"comment_status":"open","ping_status":"open","sticky":false,"template":"","format":"standard","meta":{"footnotes":""},"categories":[829,815,830,831,832],"tags":[833,835,834,826],"class_list":["post-1439","post","type-post","status-publish","format-standard","has-post-thumbnail","hentry","category-ecologique","category-minorque","category-potager-ecologique","category-produits-ecologiques-menorca","category-vivre-a-minorque","tag-ecologique","tag-potager-ecologique","tag-produits-ecologiques-menorca","tag-vivre-a-minorque"],"yoast_head":"<!-- This site is optimized with the Yoast SEO plugin v27.3 - https:\/\/yoast.com\/product\/yoast-seo-wordpress\/ -->\n<title>Minorque R\u00e9serve du Jardin Bio - Blog sur Minorque - Ses Moreres<\/title>\n<meta name=\"description\" content=\"Alors que nous nous livrons \u00e0 un d\u00e9bat anim\u00e9 sur la gestion de chaque m\u00b2 de plage pour cet \u00e9t\u00e9, s\u2019il faut installer ou pas des parois de s\u00e9paration entre les serviettes, ou si l\u2019on doit pratiquer le snorkeling avec sans masque, un \u00e9v\u00e9nement inattendu est en train de se produire \u00e0 Minorque...\" \/>\n<meta name=\"robots\" content=\"index, follow, max-snippet:-1, max-image-preview:large, max-video-preview:-1\" \/>\n<link rel=\"canonical\" href=\"https:\/\/www.sesmoreres.com\/fr\/blog\/minorque-reserve-du-jardin-bio\/\" \/>\n<meta property=\"og:locale\" content=\"fr_FR\" \/>\n<meta property=\"og:type\" content=\"article\" \/>\n<meta property=\"og:title\" content=\"Minorque R\u00e9serve du Jardin Bio - Blog sur Minorque - Ses Moreres\" \/>\n<meta property=\"og:description\" content=\"Alors que nous nous livrons \u00e0 un d\u00e9bat anim\u00e9 sur la gestion de chaque m\u00b2 de plage pour cet \u00e9t\u00e9, s\u2019il faut installer ou pas des parois de s\u00e9paration entre les serviettes, ou si l\u2019on doit pratiquer le snorkeling avec sans masque, un \u00e9v\u00e9nement inattendu est en train de se produire \u00e0 Minorque...\" \/>\n<meta property=\"og:url\" content=\"https:\/\/www.sesmoreres.com\/fr\/blog\/minorque-reserve-du-jardin-bio\/\" \/>\n<meta property=\"og:site_name\" content=\"Blog sur Minorque - Ses Moreres\" \/>\n<meta property=\"article:published_time\" content=\"2020-05-13T11:11:02+00:00\" \/>\n<meta property=\"article:modified_time\" content=\"2020-05-13T12:50:25+00:00\" \/>\n<meta property=\"og:image\" content=\"https:\/\/www.sesmoreres.com\/fr\/blog\/wp-content\/uploads\/2020\/05\/reserva-biogarden-menorca-growing-at-home-scaled-1.jpg\" \/>\n\t<meta property=\"og:image:width\" content=\"850\" \/>\n\t<meta property=\"og:image:height\" content=\"566\" \/>\n\t<meta property=\"og:image:type\" content=\"image\/jpeg\" \/>\n<meta name=\"author\" content=\"Malcolm Price\" \/>\n<meta name=\"twitter:card\" content=\"summary_large_image\" \/>\n<meta name=\"twitter:label1\" content=\"\u00c9crit par\" \/>\n\t<meta name=\"twitter:data1\" content=\"Malcolm Price\" \/>\n\t<meta name=\"twitter:label2\" content=\"Dur\u00e9e de lecture estim\u00e9e\" \/>\n\t<meta name=\"twitter:data2\" content=\"2 minutes\" \/>\n<script type=\"application\/ld+json\" class=\"yoast-schema-graph\">{\"@context\":\"https:\\\/\\\/schema.org\",\"@graph\":[{\"@type\":\"Article\",\"@id\":\"https:\\\/\\\/www.sesmoreres.com\\\/fr\\\/blog\\\/minorque-reserve-du-jardin-bio\\\/#article\",\"isPartOf\":{\"@id\":\"https:\\\/\\\/www.sesmoreres.com\\\/fr\\\/blog\\\/minorque-reserve-du-jardin-bio\\\/\"},\"author\":{\"name\":\"Malcolm Price\",\"@id\":\"https:\\\/\\\/www.sesmoreres.com\\\/fr\\\/blog\\\/#\\\/schema\\\/person\\\/d89a443e211c25b8d95dc78acaa51465\"},\"headline\":\"Minorque R\u00e9serve du Jardin Bio\",\"datePublished\":\"2020-05-13T11:11:02+00:00\",\"dateModified\":\"2020-05-13T12:50:25+00:00\",\"mainEntityOfPage\":{\"@id\":\"https:\\\/\\\/www.sesmoreres.com\\\/fr\\\/blog\\\/minorque-reserve-du-jardin-bio\\\/\"},\"wordCount\":500,\"commentCount\":0,\"image\":{\"@id\":\"https:\\\/\\\/www.sesmoreres.com\\\/fr\\\/blog\\\/minorque-reserve-du-jardin-bio\\\/#primaryimage\"},\"thumbnailUrl\":\"https:\\\/\\\/www.sesmoreres.com\\\/fr\\\/blog\\\/wp-content\\\/uploads\\\/2020\\\/05\\\/reserva-biogarden-menorca-growing-at-home-scaled-1.jpg\",\"keywords\":[\"\u00e9cologique\",\"potager \u00e9cologique\",\"produits \u00e9cologiques menorca\",\"vivre \u00e0 Minorque\"],\"articleSection\":[\"\u00e9cologique\",\"Minorque\",\"potager \u00e9cologique\",\"produits \u00e9cologiques menorca\",\"Vivre \u00e0 Minorque\"],\"inLanguage\":\"fr-FR\",\"potentialAction\":[{\"@type\":\"CommentAction\",\"name\":\"Comment\",\"target\":[\"https:\\\/\\\/www.sesmoreres.com\\\/fr\\\/blog\\\/minorque-reserve-du-jardin-bio\\\/#respond\"]}]},{\"@type\":\"WebPage\",\"@id\":\"https:\\\/\\\/www.sesmoreres.com\\\/fr\\\/blog\\\/minorque-reserve-du-jardin-bio\\\/\",\"url\":\"https:\\\/\\\/www.sesmoreres.com\\\/fr\\\/blog\\\/minorque-reserve-du-jardin-bio\\\/\",\"name\":\"Minorque R\u00e9serve du Jardin Bio - Blog sur Minorque - Ses Moreres\",\"isPartOf\":{\"@id\":\"https:\\\/\\\/www.sesmoreres.com\\\/fr\\\/blog\\\/#website\"},\"primaryImageOfPage\":{\"@id\":\"https:\\\/\\\/www.sesmoreres.com\\\/fr\\\/blog\\\/minorque-reserve-du-jardin-bio\\\/#primaryimage\"},\"image\":{\"@id\":\"https:\\\/\\\/www.sesmoreres.com\\\/fr\\\/blog\\\/minorque-reserve-du-jardin-bio\\\/#primaryimage\"},\"thumbnailUrl\":\"https:\\\/\\\/www.sesmoreres.com\\\/fr\\\/blog\\\/wp-content\\\/uploads\\\/2020\\\/05\\\/reserva-biogarden-menorca-growing-at-home-scaled-1.jpg\",\"datePublished\":\"2020-05-13T11:11:02+00:00\",\"dateModified\":\"2020-05-13T12:50:25+00:00\",\"author\":{\"@id\":\"https:\\\/\\\/www.sesmoreres.com\\\/fr\\\/blog\\\/#\\\/schema\\\/person\\\/d89a443e211c25b8d95dc78acaa51465\"},\"description\":\"Alors que nous nous livrons \u00e0 un d\u00e9bat anim\u00e9 sur la gestion de chaque m\u00b2 de plage pour cet \u00e9t\u00e9, s\u2019il faut installer ou pas des parois de s\u00e9paration entre les serviettes, ou si l\u2019on doit pratiquer le snorkeling avec sans masque, un \u00e9v\u00e9nement inattendu est en train de se produire \u00e0 Minorque...\",\"breadcrumb\":{\"@id\":\"https:\\\/\\\/www.sesmoreres.com\\\/fr\\\/blog\\\/minorque-reserve-du-jardin-bio\\\/#breadcrumb\"},\"inLanguage\":\"fr-FR\",\"potentialAction\":[{\"@type\":\"ReadAction\",\"target\":[\"https:\\\/\\\/www.sesmoreres.com\\\/fr\\\/blog\\\/minorque-reserve-du-jardin-bio\\\/\"]}]},{\"@type\":\"ImageObject\",\"inLanguage\":\"fr-FR\",\"@id\":\"https:\\\/\\\/www.sesmoreres.com\\\/fr\\\/blog\\\/minorque-reserve-du-jardin-bio\\\/#primaryimage\",\"url\":\"https:\\\/\\\/www.sesmoreres.com\\\/fr\\\/blog\\\/wp-content\\\/uploads\\\/2020\\\/05\\\/reserva-biogarden-menorca-growing-at-home-scaled-1.jpg\",\"contentUrl\":\"https:\\\/\\\/www.sesmoreres.com\\\/fr\\\/blog\\\/wp-content\\\/uploads\\\/2020\\\/05\\\/reserva-biogarden-menorca-growing-at-home-scaled-1.jpg\",\"width\":850,\"height\":566},{\"@type\":\"BreadcrumbList\",\"@id\":\"https:\\\/\\\/www.sesmoreres.com\\\/fr\\\/blog\\\/minorque-reserve-du-jardin-bio\\\/#breadcrumb\",\"itemListElement\":[{\"@type\":\"ListItem\",\"position\":1,\"name\":\"Portada\",\"item\":\"https:\\\/\\\/www.sesmoreres.com\\\/fr\\\/blog\\\/\"},{\"@type\":\"ListItem\",\"position\":2,\"name\":\"Minorque R\u00e9serve du Jardin Bio\"}]},{\"@type\":\"WebSite\",\"@id\":\"https:\\\/\\\/www.sesmoreres.com\\\/fr\\\/blog\\\/#website\",\"url\":\"https:\\\/\\\/www.sesmoreres.com\\\/fr\\\/blog\\\/\",\"name\":\"Blog sur Minorque - Ses Moreres\",\"description\":\"Immobili\u00e8res \u00e0 Minorque - Leader dans la vente de propri\u00e9t\u00e9s de luxe Fermes rustiques, maisons de campagne, chalets, terrains\",\"potentialAction\":[{\"@type\":\"SearchAction\",\"target\":{\"@type\":\"EntryPoint\",\"urlTemplate\":\"https:\\\/\\\/www.sesmoreres.com\\\/fr\\\/blog\\\/?s={search_term_string}\"},\"query-input\":{\"@type\":\"PropertyValueSpecification\",\"valueRequired\":true,\"valueName\":\"search_term_string\"}}],\"inLanguage\":\"fr-FR\"},{\"@type\":\"Person\",\"@id\":\"https:\\\/\\\/www.sesmoreres.com\\\/fr\\\/blog\\\/#\\\/schema\\\/person\\\/d89a443e211c25b8d95dc78acaa51465\",\"name\":\"Malcolm Price\",\"image\":{\"@type\":\"ImageObject\",\"inLanguage\":\"fr-FR\",\"@id\":\"https:\\\/\\\/secure.gravatar.com\\\/avatar\\\/04aadf1dbb20b5e72223e20156f3f34311bddde2409cebb182e0afa3b6053e36?s=96&d=mm&r=g\",\"url\":\"https:\\\/\\\/secure.gravatar.com\\\/avatar\\\/04aadf1dbb20b5e72223e20156f3f34311bddde2409cebb182e0afa3b6053e36?s=96&d=mm&r=g\",\"contentUrl\":\"https:\\\/\\\/secure.gravatar.com\\\/avatar\\\/04aadf1dbb20b5e72223e20156f3f34311bddde2409cebb182e0afa3b6053e36?s=96&d=mm&r=g\",\"caption\":\"Malcolm Price\"},\"url\":\"https:\\\/\\\/www.sesmoreres.com\\\/fr\\\/blog\\\/author\\\/malcolmpricesesmoreres-com\\\/\"}]}<\/script>\n<!-- \/ Yoast SEO plugin. -->","yoast_head_json":{"title":"Minorque R\u00e9serve du Jardin Bio - Blog sur Minorque - Ses Moreres","description":"Alors que nous nous livrons \u00e0 un d\u00e9bat anim\u00e9 sur la gestion de chaque m\u00b2 de plage pour cet \u00e9t\u00e9, s\u2019il faut installer ou pas des parois de s\u00e9paration entre les serviettes, ou si l\u2019on doit pratiquer le snorkeling avec sans masque, un \u00e9v\u00e9nement inattendu est en train de se produire \u00e0 Minorque...","robots":{"index":"index","follow":"follow","max-snippet":"max-snippet:-1","max-image-preview":"max-image-preview:large","max-video-preview":"max-video-preview:-1"},"canonical":"https:\/\/www.sesmoreres.com\/fr\/blog\/minorque-reserve-du-jardin-bio\/","og_locale":"fr_FR","og_type":"article","og_title":"Minorque R\u00e9serve du Jardin Bio - Blog sur Minorque - Ses Moreres","og_description":"Alors que nous nous livrons \u00e0 un d\u00e9bat anim\u00e9 sur la gestion de chaque m\u00b2 de plage pour cet \u00e9t\u00e9, s\u2019il faut installer ou pas des parois de s\u00e9paration entre les serviettes, ou si l\u2019on doit pratiquer le snorkeling avec sans masque, un \u00e9v\u00e9nement inattendu est en train de se produire \u00e0 Minorque...","og_url":"https:\/\/www.sesmoreres.com\/fr\/blog\/minorque-reserve-du-jardin-bio\/","og_site_name":"Blog sur Minorque - Ses Moreres","article_published_time":"2020-05-13T11:11:02+00:00","article_modified_time":"2020-05-13T12:50:25+00:00","og_image":[{"width":850,"height":566,"url":"https:\/\/www.sesmoreres.com\/fr\/blog\/wp-content\/uploads\/2020\/05\/reserva-biogarden-menorca-growing-at-home-scaled-1.jpg","type":"image\/jpeg"}],"author":"Malcolm Price","twitter_card":"summary_large_image","twitter_misc":{"\u00c9crit par":"Malcolm Price","Dur\u00e9e de lecture estim\u00e9e":"2 minutes"},"schema":{"@context":"https:\/\/schema.org","@graph":[{"@type":"Article","@id":"https:\/\/www.sesmoreres.com\/fr\/blog\/minorque-reserve-du-jardin-bio\/#article","isPartOf":{"@id":"https:\/\/www.sesmoreres.com\/fr\/blog\/minorque-reserve-du-jardin-bio\/"},"author":{"name":"Malcolm Price","@id":"https:\/\/www.sesmoreres.com\/fr\/blog\/#\/schema\/person\/d89a443e211c25b8d95dc78acaa51465"},"headline":"Minorque R\u00e9serve du Jardin Bio","datePublished":"2020-05-13T11:11:02+00:00","dateModified":"2020-05-13T12:50:25+00:00","mainEntityOfPage":{"@id":"https:\/\/www.sesmoreres.com\/fr\/blog\/minorque-reserve-du-jardin-bio\/"},"wordCount":500,"commentCount":0,"image":{"@id":"https:\/\/www.sesmoreres.com\/fr\/blog\/minorque-reserve-du-jardin-bio\/#primaryimage"},"thumbnailUrl":"https:\/\/www.sesmoreres.com\/fr\/blog\/wp-content\/uploads\/2020\/05\/reserva-biogarden-menorca-growing-at-home-scaled-1.jpg","keywords":["\u00e9cologique","potager \u00e9cologique","produits \u00e9cologiques menorca","vivre \u00e0 Minorque"],"articleSection":["\u00e9cologique","Minorque","potager \u00e9cologique","produits \u00e9cologiques menorca","Vivre \u00e0 Minorque"],"inLanguage":"fr-FR","potentialAction":[{"@type":"CommentAction","name":"Comment","target":["https:\/\/www.sesmoreres.com\/fr\/blog\/minorque-reserve-du-jardin-bio\/#respond"]}]},{"@type":"WebPage","@id":"https:\/\/www.sesmoreres.com\/fr\/blog\/minorque-reserve-du-jardin-bio\/","url":"https:\/\/www.sesmoreres.com\/fr\/blog\/minorque-reserve-du-jardin-bio\/","name":"Minorque R\u00e9serve du Jardin Bio - Blog sur Minorque - Ses Moreres","isPartOf":{"@id":"https:\/\/www.sesmoreres.com\/fr\/blog\/#website"},"primaryImageOfPage":{"@id":"https:\/\/www.sesmoreres.com\/fr\/blog\/minorque-reserve-du-jardin-bio\/#primaryimage"},"image":{"@id":"https:\/\/www.sesmoreres.com\/fr\/blog\/minorque-reserve-du-jardin-bio\/#primaryimage"},"thumbnailUrl":"https:\/\/www.sesmoreres.com\/fr\/blog\/wp-content\/uploads\/2020\/05\/reserva-biogarden-menorca-growing-at-home-scaled-1.jpg","datePublished":"2020-05-13T11:11:02+00:00","dateModified":"2020-05-13T12:50:25+00:00","author":{"@id":"https:\/\/www.sesmoreres.com\/fr\/blog\/#\/schema\/person\/d89a443e211c25b8d95dc78acaa51465"},"description":"Alors que nous nous livrons \u00e0 un d\u00e9bat anim\u00e9 sur la gestion de chaque m\u00b2 de plage pour cet \u00e9t\u00e9, s\u2019il faut installer ou pas des parois de s\u00e9paration entre les serviettes, ou si l\u2019on doit pratiquer le snorkeling avec sans masque, un \u00e9v\u00e9nement inattendu est en train de se produire \u00e0 Minorque...","breadcrumb":{"@id":"https:\/\/www.sesmoreres.com\/fr\/blog\/minorque-reserve-du-jardin-bio\/#breadcrumb"},"inLanguage":"fr-FR","potentialAction":[{"@type":"ReadAction","target":["https:\/\/www.sesmoreres.com\/fr\/blog\/minorque-reserve-du-jardin-bio\/"]}]},{"@type":"ImageObject","inLanguage":"fr-FR","@id":"https:\/\/www.sesmoreres.com\/fr\/blog\/minorque-reserve-du-jardin-bio\/#primaryimage","url":"https:\/\/www.sesmoreres.com\/fr\/blog\/wp-content\/uploads\/2020\/05\/reserva-biogarden-menorca-growing-at-home-scaled-1.jpg","contentUrl":"https:\/\/www.sesmoreres.com\/fr\/blog\/wp-content\/uploads\/2020\/05\/reserva-biogarden-menorca-growing-at-home-scaled-1.jpg","width":850,"height":566},{"@type":"BreadcrumbList","@id":"https:\/\/www.sesmoreres.com\/fr\/blog\/minorque-reserve-du-jardin-bio\/#breadcrumb","itemListElement":[{"@type":"ListItem","position":1,"name":"Portada","item":"https:\/\/www.sesmoreres.com\/fr\/blog\/"},{"@type":"ListItem","position":2,"name":"Minorque R\u00e9serve du Jardin Bio"}]},{"@type":"WebSite","@id":"https:\/\/www.sesmoreres.com\/fr\/blog\/#website","url":"https:\/\/www.sesmoreres.com\/fr\/blog\/","name":"Blog sur Minorque - Ses Moreres","description":"Immobili\u00e8res \u00e0 Minorque - Leader dans la vente de propri\u00e9t\u00e9s de luxe Fermes rustiques, maisons de campagne, chalets, terrains","potentialAction":[{"@type":"SearchAction","target":{"@type":"EntryPoint","urlTemplate":"https:\/\/www.sesmoreres.com\/fr\/blog\/?s={search_term_string}"},"query-input":{"@type":"PropertyValueSpecification","valueRequired":true,"valueName":"search_term_string"}}],"inLanguage":"fr-FR"},{"@type":"Person","@id":"https:\/\/www.sesmoreres.com\/fr\/blog\/#\/schema\/person\/d89a443e211c25b8d95dc78acaa51465","name":"Malcolm Price","image":{"@type":"ImageObject","inLanguage":"fr-FR","@id":"https:\/\/secure.gravatar.com\/avatar\/04aadf1dbb20b5e72223e20156f3f34311bddde2409cebb182e0afa3b6053e36?s=96&d=mm&r=g","url":"https:\/\/secure.gravatar.com\/avatar\/04aadf1dbb20b5e72223e20156f3f34311bddde2409cebb182e0afa3b6053e36?s=96&d=mm&r=g","contentUrl":"https:\/\/secure.gravatar.com\/avatar\/04aadf1dbb20b5e72223e20156f3f34311bddde2409cebb182e0afa3b6053e36?s=96&d=mm&r=g","caption":"Malcolm Price"},"url":"https:\/\/www.sesmoreres.com\/fr\/blog\/author\/malcolmpricesesmoreres-com\/"}]}},"_links":{"self":[{"href":"https:\/\/www.sesmoreres.com\/fr\/blog\/wp-json\/wp\/v2\/posts\/1439","targetHints":{"allow":["GET"]}}],"collection":[{"href":"https:\/\/www.sesmoreres.com\/fr\/blog\/wp-json\/wp\/v2\/posts"}],"about":[{"href":"https:\/\/www.sesmoreres.com\/fr\/blog\/wp-json\/wp\/v2\/types\/post"}],"author":[{"embeddable":true,"href":"https:\/\/www.sesmoreres.com\/fr\/blog\/wp-json\/wp\/v2\/users\/4"}],"replies":[{"embeddable":true,"href":"https:\/\/www.sesmoreres.com\/fr\/blog\/wp-json\/wp\/v2\/comments?post=1439"}],"version-history":[{"count":5,"href":"https:\/\/www.sesmoreres.com\/fr\/blog\/wp-json\/wp\/v2\/posts\/1439\/revisions"}],"predecessor-version":[{"id":1448,"href":"https:\/\/www.sesmoreres.com\/fr\/blog\/wp-json\/wp\/v2\/posts\/1439\/revisions\/1448"}],"wp:featuredmedia":[{"embeddable":true,"href":"https:\/\/www.sesmoreres.com\/fr\/blog\/wp-json\/wp\/v2\/media\/1443"}],"wp:attachment":[{"href":"https:\/\/www.sesmoreres.com\/fr\/blog\/wp-json\/wp\/v2\/media?parent=1439"}],"wp:term":[{"taxonomy":"category","embeddable":true,"href":"https:\/\/www.sesmoreres.com\/fr\/blog\/wp-json\/wp\/v2\/categories?post=1439"},{"taxonomy":"post_tag","embeddable":true,"href":"https:\/\/www.sesmoreres.com\/fr\/blog\/wp-json\/wp\/v2\/tags?post=1439"}],"curies":[{"name":"wp","href":"https:\/\/api.w.org\/{rel}","templated":true}]}}