{"id":1433,"date":"2020-05-04T12:11:15","date_gmt":"2020-05-04T10:11:15","guid":{"rendered":"https:\/\/www.sesmoreres.com\/fr\/blog\/?p=1433"},"modified":"2020-05-08T20:45:24","modified_gmt":"2020-05-08T18:45:24","slug":"vers-une-baisse-ou-une-intensification-de-la-frenesie-ambiante-a-minorque","status":"publish","type":"post","link":"https:\/\/www.sesmoreres.com\/fr\/blog\/vers-une-baisse-ou-une-intensification-de-la-frenesie-ambiante-a-minorque\/","title":{"rendered":"Vers une baisse ou une intensification de la fr\u00e9n\u00e9sie ambiante \u00e0 Minorque ?"},"content":{"rendered":"<p>Alors que Minorque n\u2019a pas recens\u00e9 de nouvelles infections au coronavirus depuis pr\u00e8s d\u2019une semaine et que le <a href=\"https:\/\/fr.wikipedia.org\/wiki\/Gouvernement_des_%C3%AEles_Bal%C3%A9ares\">gouvernement des \u00eeles Bal\u00e9ares<\/a> ainsi que le <a href=\"https:\/\/fr.wikipedia.org\/wiki\/Conseil_insulaire_de_Minorque\">Conseil insulaire de Minorque<\/a> luttent contre le gouvernement central pour amorcer un d\u00e9confinement avant les autres, on observe dans notre territoire une tr\u00e8s forte envie de sortir \u00e0 l\u2019ext\u00e9rieur et de profiter de Minorque.<\/p>\n<p>L\u2019appel de la nature est tr\u00e8s puissant (certains, apr\u00e8s 40 jours entre les murs, \u00e9coutent d\u00e9j\u00e0 le bruit des vagues de <a href=\"https:\/\/fr.wikipedia.org\/wiki\/Phare_de_Fav%C3%A0ritx\">Favaritx<\/a> sous la douche et voient les montagnes d\u2019<a href=\"https:\/\/fr.wikipedia.org\/wiki\/Es_Mercadal\">Es Mercadal<\/a> appara\u00eetre derri\u00e8re le mur de pierres s\u00e8ches du jardin de leur voisin \u00e0 Port Mahon).<\/p>\n<p>Un signal si intense qu\u2019il en am\u00e8ne certains \u00e0 rompre le confinement, tels des loups-garous encha\u00een\u00e9s dans un donjon par une nuit de pleine lune.<\/p>\n<p>La population de l\u2019\u00eele est divis\u00e9e en deux camps, dont les d\u00e9saccords sont encore plus marqu\u00e9s par la perspective d\u2019un d\u00e9confinement. D\u2019une part, nous avons une partie de la population qui est terrifi\u00e9e \u00e0 l\u2019id\u00e9e d\u2019un assouplissement trop pr\u00e9matur\u00e9 des mesures de protection. Et d\u2019autre part, nous avons le camp des plus t\u00e9m\u00e9raires, qui pr\u00e9f\u00e8reraient passer une journ\u00e9e enti\u00e8re \u00e0 pique-niquer nus \u00e0 <a href=\"https:\/\/fr.wikipedia.org\/wiki\/Catastrophe_nucl%C3%A9aire_de_Tchernobyl\">Tchernobyl<\/a> plut\u00f4t que de rester confin\u00e9s un jour de plus.<\/p>\n<p>Les premiers font valoir leur crainte d\u2019une r\u00e9surgence des contaminations et mettent en \u0153uvre une strat\u00e9gie de r\u00e9sistance, en se retranchant dans la s\u00e9curit\u00e9 de leurs foyers pour vaincre le <a href=\"https:\/\/fr.wikipedia.org\/wiki\/Maladie_%C3%A0_coronavirus_2019\">Covid-19<\/a>. Alors que les opposants au confinement d\u00e9clarent combattre le virus en plein air, prot\u00e9g\u00e9s gr\u00e2ce \u00e0 un bain de soleil qui renforce leur syst\u00e8me immunitaire, et affirment que nous devons apprendre \u00e0 vivre ensemble au plus vite et \u00e0 faire face \u00e0 cet envahisseur invisible, bien d\u00e9cid\u00e9 \u00e0 s\u2019installer durablement.<\/p>\n<p>Au fur et \u00e0 mesure que les jours passent et que le virus se dissipe tel un brouillard matinal, la balance commence \u00e0 pencher du c\u00f4t\u00e9 des plus intr\u00e9pides. Il suffit d\u2019\u00e9couter nos clients et amis, qui nous appellent, d\u00e9sesp\u00e9r\u00e9s, depuis leurs villes-prisons, pour nous informer qu\u2019ils viendront d\u00e8s qu\u2019un avion d\u00e9collera Minorque, m\u00eame si ce dernier ne comporte qu\u2019une aile, et ils nous supplient de leur fournir une liste des h\u00f4tels et restaurants qui seront ouverts&#8230; Si vous \u00eates d\u00e9termin\u00e9 \u00e0 faire l\u2019acquisition d\u2019un refuge sur l\u2019\u00eele, voici une s\u00e9lection de maisons en vente \u00e0 Minorque.<\/p>\n<p><img decoding=\"async\" class=\"alignnone size-medium wp-image-1434 lazyload\" data-src=\"https:\/\/www.sesmoreres.com\/fr\/blog\/wp-content\/uploads\/2020\/05\/lockdown-deescalation-covid-19-menorca-300x169.jpg\" alt=\"Vers une baisse ou une intensification de la fr\u00e9n\u00e9sie ambiante \u00e0 Minorque\" width=\"300\" height=\"169\" data-srcset=\"https:\/\/www.sesmoreres.com\/fr\/blog\/wp-content\/uploads\/2020\/05\/lockdown-deescalation-covid-19-menorca-300x169.jpg 300w, https:\/\/www.sesmoreres.com\/fr\/blog\/wp-content\/uploads\/2020\/05\/lockdown-deescalation-covid-19-menorca-768x432.jpg 768w, https:\/\/www.sesmoreres.com\/fr\/blog\/wp-content\/uploads\/2020\/05\/lockdown-deescalation-covid-19-menorca.jpg 850w\" data-sizes=\"(max-width: 300px) 100vw, 300px\" src=\"data:image\/svg+xml;base64,PHN2ZyB3aWR0aD0iMSIgaGVpZ2h0PSIxIiB4bWxucz0iaHR0cDovL3d3dy53My5vcmcvMjAwMC9zdmciPjwvc3ZnPg==\" style=\"--smush-placeholder-width: 300px; --smush-placeholder-aspect-ratio: 300\/169;\" \/><\/p>\n<p>Et si vous \u00eates d\u00e9j\u00e0 s\u00fbr de vouloir vous r\u00e9fugier sur l&rsquo;\u00eele, voici une s\u00e9lection de <a href=\"https:\/\/www.sesmoreres.com\/fr\/resultats-recherche\/?a=finca_rustica&amp;pag=&amp;o=&amp;s=&amp;pp=&amp;a=comun&amp;poblacion=todos&amp;zona=todos&amp;precio=todos&amp;habitaciones=0&amp;estado=todos&amp;metros=0&amp;solar=0&amp;banos=0&amp;primera=0&amp;vista=0&amp;ultimo=0&amp;jardin=0&amp;garaje=0&amp;trastero=0&amp;calefaccion=0&amp;ascensor=0&amp;aire=0&amp;piscina=0&amp;terraza=0&amp;lavadero=0&amp;pozo=0&amp;edificaciones=0&amp;electricidad=0&amp;sw_ava=1\">maisons \u00e0 vendre \u00e0 Minorque<\/a><\/p>\n","protected":false},"excerpt":{"rendered":"<p>Alors que Minorque n\u2019a pas recens\u00e9 de nouvelles infections au coronavirus depuis pr\u00e8s d\u2019une semaine et que le gouvernement des \u00eeles Bal\u00e9ares ainsi que le Conseil insulaire de Minorque luttent contre le gouvernement central pour amorcer un d\u00e9confinement avant les &hellip; <a href=\"https:\/\/www.sesmoreres.com\/fr\/blog\/vers-une-baisse-ou-une-intensification-de-la-frenesie-ambiante-a-minorque\/\">Lire la suite\u00ad\u00ad<\/a><\/p>\n","protected":false},"author":4,"featured_media":1434,"comment_status":"open","ping_status":"open","sticky":false,"template":"","format":"standard","meta":{"footnotes":""},"categories":[821,822,815],"tags":[824,825,826],"class_list":["post-1433","post","type-post","status-publish","format-standard","has-post-thumbnail","hentry","category-coronavirus","category-covid-19","category-minorque","tag-covid-19","tag-minorque-covid-19","tag-vivre-a-minorque"],"yoast_head":"<!-- This site is optimized with the Yoast SEO plugin v27.3 - https:\/\/yoast.com\/product\/yoast-seo-wordpress\/ -->\n<title>Vers une baisse ou une intensification de la fr\u00e9n\u00e9sie ambiante \u00e0 Minorque ? - Blog sur Minorque - Ses Moreres<\/title>\n<meta name=\"description\" content=\"Alors que Minorque n\u2019a pas recens\u00e9 de nouvelles infections au coronavirus depuis pr\u00e8s d\u2019une semaine et que le gouvernement des \u00eeles Bal\u00e9ares ainsi que le Conseil insulaire de Minorque luttent contre le gouvernement central pour amorcer un d\u00e9confinement avant les autres, on observe dans notre territoire une tr\u00e8s forte envie de sortir \u00e0 l\u2019ext\u00e9rieur et de profiter de Minorque.\" \/>\n<meta name=\"robots\" content=\"index, follow, max-snippet:-1, max-image-preview:large, max-video-preview:-1\" \/>\n<link rel=\"canonical\" href=\"https:\/\/www.sesmoreres.com\/fr\/blog\/vers-une-baisse-ou-une-intensification-de-la-frenesie-ambiante-a-minorque\/\" \/>\n<meta property=\"og:locale\" content=\"fr_FR\" \/>\n<meta property=\"og:type\" content=\"article\" \/>\n<meta property=\"og:title\" content=\"Vers une baisse ou une intensification de la fr\u00e9n\u00e9sie ambiante \u00e0 Minorque ? - Blog sur Minorque - Ses Moreres\" \/>\n<meta property=\"og:description\" content=\"Alors que Minorque n\u2019a pas recens\u00e9 de nouvelles infections au coronavirus depuis pr\u00e8s d\u2019une semaine et que le gouvernement des \u00eeles Bal\u00e9ares ainsi que le Conseil insulaire de Minorque luttent contre le gouvernement central pour amorcer un d\u00e9confinement avant les autres, on observe dans notre territoire une tr\u00e8s forte envie de sortir \u00e0 l\u2019ext\u00e9rieur et de profiter de Minorque.\" \/>\n<meta property=\"og:url\" content=\"https:\/\/www.sesmoreres.com\/fr\/blog\/vers-une-baisse-ou-une-intensification-de-la-frenesie-ambiante-a-minorque\/\" \/>\n<meta property=\"og:site_name\" content=\"Blog sur Minorque - Ses Moreres\" \/>\n<meta property=\"article:published_time\" content=\"2020-05-04T10:11:15+00:00\" \/>\n<meta property=\"article:modified_time\" content=\"2020-05-08T18:45:24+00:00\" \/>\n<meta property=\"og:image\" content=\"https:\/\/www.sesmoreres.com\/fr\/blog\/wp-content\/uploads\/2020\/05\/lockdown-deescalation-covid-19-menorca.jpg\" \/>\n\t<meta property=\"og:image:width\" content=\"850\" \/>\n\t<meta property=\"og:image:height\" content=\"478\" \/>\n\t<meta property=\"og:image:type\" content=\"image\/jpeg\" \/>\n<meta name=\"author\" content=\"Malcolm Price\" \/>\n<meta name=\"twitter:card\" content=\"summary_large_image\" \/>\n<meta name=\"twitter:label1\" content=\"\u00c9crit par\" \/>\n\t<meta name=\"twitter:data1\" content=\"Malcolm Price\" \/>\n\t<meta name=\"twitter:label2\" content=\"Dur\u00e9e de lecture estim\u00e9e\" \/>\n\t<meta name=\"twitter:data2\" content=\"2 minutes\" \/>\n<script type=\"application\/ld+json\" class=\"yoast-schema-graph\">{\"@context\":\"https:\\\/\\\/schema.org\",\"@graph\":[{\"@type\":\"Article\",\"@id\":\"https:\\\/\\\/www.sesmoreres.com\\\/fr\\\/blog\\\/vers-une-baisse-ou-une-intensification-de-la-frenesie-ambiante-a-minorque\\\/#article\",\"isPartOf\":{\"@id\":\"https:\\\/\\\/www.sesmoreres.com\\\/fr\\\/blog\\\/vers-une-baisse-ou-une-intensification-de-la-frenesie-ambiante-a-minorque\\\/\"},\"author\":{\"name\":\"Malcolm Price\",\"@id\":\"https:\\\/\\\/www.sesmoreres.com\\\/fr\\\/blog\\\/#\\\/schema\\\/person\\\/d89a443e211c25b8d95dc78acaa51465\"},\"headline\":\"Vers une baisse ou une intensification de la fr\u00e9n\u00e9sie ambiante \u00e0 Minorque ?\",\"datePublished\":\"2020-05-04T10:11:15+00:00\",\"dateModified\":\"2020-05-08T18:45:24+00:00\",\"mainEntityOfPage\":{\"@id\":\"https:\\\/\\\/www.sesmoreres.com\\\/fr\\\/blog\\\/vers-une-baisse-ou-une-intensification-de-la-frenesie-ambiante-a-minorque\\\/\"},\"wordCount\":473,\"commentCount\":0,\"image\":{\"@id\":\"https:\\\/\\\/www.sesmoreres.com\\\/fr\\\/blog\\\/vers-une-baisse-ou-une-intensification-de-la-frenesie-ambiante-a-minorque\\\/#primaryimage\"},\"thumbnailUrl\":\"https:\\\/\\\/www.sesmoreres.com\\\/fr\\\/blog\\\/wp-content\\\/uploads\\\/2020\\\/05\\\/lockdown-deescalation-covid-19-menorca.jpg\",\"keywords\":[\"COVID-19\",\"Minorque Covid-19\",\"vivre \u00e0 Minorque\"],\"articleSection\":[\"Coronavirus\",\"COVID-19\",\"Minorque\"],\"inLanguage\":\"fr-FR\",\"potentialAction\":[{\"@type\":\"CommentAction\",\"name\":\"Comment\",\"target\":[\"https:\\\/\\\/www.sesmoreres.com\\\/fr\\\/blog\\\/vers-une-baisse-ou-une-intensification-de-la-frenesie-ambiante-a-minorque\\\/#respond\"]}]},{\"@type\":\"WebPage\",\"@id\":\"https:\\\/\\\/www.sesmoreres.com\\\/fr\\\/blog\\\/vers-une-baisse-ou-une-intensification-de-la-frenesie-ambiante-a-minorque\\\/\",\"url\":\"https:\\\/\\\/www.sesmoreres.com\\\/fr\\\/blog\\\/vers-une-baisse-ou-une-intensification-de-la-frenesie-ambiante-a-minorque\\\/\",\"name\":\"Vers une baisse ou une intensification de la fr\u00e9n\u00e9sie ambiante \u00e0 Minorque ? - Blog sur Minorque - Ses Moreres\",\"isPartOf\":{\"@id\":\"https:\\\/\\\/www.sesmoreres.com\\\/fr\\\/blog\\\/#website\"},\"primaryImageOfPage\":{\"@id\":\"https:\\\/\\\/www.sesmoreres.com\\\/fr\\\/blog\\\/vers-une-baisse-ou-une-intensification-de-la-frenesie-ambiante-a-minorque\\\/#primaryimage\"},\"image\":{\"@id\":\"https:\\\/\\\/www.sesmoreres.com\\\/fr\\\/blog\\\/vers-une-baisse-ou-une-intensification-de-la-frenesie-ambiante-a-minorque\\\/#primaryimage\"},\"thumbnailUrl\":\"https:\\\/\\\/www.sesmoreres.com\\\/fr\\\/blog\\\/wp-content\\\/uploads\\\/2020\\\/05\\\/lockdown-deescalation-covid-19-menorca.jpg\",\"datePublished\":\"2020-05-04T10:11:15+00:00\",\"dateModified\":\"2020-05-08T18:45:24+00:00\",\"author\":{\"@id\":\"https:\\\/\\\/www.sesmoreres.com\\\/fr\\\/blog\\\/#\\\/schema\\\/person\\\/d89a443e211c25b8d95dc78acaa51465\"},\"description\":\"Alors que Minorque n\u2019a pas recens\u00e9 de nouvelles infections au coronavirus depuis pr\u00e8s d\u2019une semaine et que le gouvernement des \u00eeles Bal\u00e9ares ainsi que le Conseil insulaire de Minorque luttent contre le gouvernement central pour amorcer un d\u00e9confinement avant les autres, on observe dans notre territoire une tr\u00e8s forte envie de sortir \u00e0 l\u2019ext\u00e9rieur et de profiter de Minorque.\",\"breadcrumb\":{\"@id\":\"https:\\\/\\\/www.sesmoreres.com\\\/fr\\\/blog\\\/vers-une-baisse-ou-une-intensification-de-la-frenesie-ambiante-a-minorque\\\/#breadcrumb\"},\"inLanguage\":\"fr-FR\",\"potentialAction\":[{\"@type\":\"ReadAction\",\"target\":[\"https:\\\/\\\/www.sesmoreres.com\\\/fr\\\/blog\\\/vers-une-baisse-ou-une-intensification-de-la-frenesie-ambiante-a-minorque\\\/\"]}]},{\"@type\":\"ImageObject\",\"inLanguage\":\"fr-FR\",\"@id\":\"https:\\\/\\\/www.sesmoreres.com\\\/fr\\\/blog\\\/vers-une-baisse-ou-une-intensification-de-la-frenesie-ambiante-a-minorque\\\/#primaryimage\",\"url\":\"https:\\\/\\\/www.sesmoreres.com\\\/fr\\\/blog\\\/wp-content\\\/uploads\\\/2020\\\/05\\\/lockdown-deescalation-covid-19-menorca.jpg\",\"contentUrl\":\"https:\\\/\\\/www.sesmoreres.com\\\/fr\\\/blog\\\/wp-content\\\/uploads\\\/2020\\\/05\\\/lockdown-deescalation-covid-19-menorca.jpg\",\"width\":850,\"height\":478,\"caption\":\"Vers une baisse ou une intensification de la fr\u00e9n\u00e9sie ambiante \u00e0 Minorque\"},{\"@type\":\"BreadcrumbList\",\"@id\":\"https:\\\/\\\/www.sesmoreres.com\\\/fr\\\/blog\\\/vers-une-baisse-ou-une-intensification-de-la-frenesie-ambiante-a-minorque\\\/#breadcrumb\",\"itemListElement\":[{\"@type\":\"ListItem\",\"position\":1,\"name\":\"Portada\",\"item\":\"https:\\\/\\\/www.sesmoreres.com\\\/fr\\\/blog\\\/\"},{\"@type\":\"ListItem\",\"position\":2,\"name\":\"Vers une baisse ou une intensification de la fr\u00e9n\u00e9sie ambiante \u00e0 Minorque ?\"}]},{\"@type\":\"WebSite\",\"@id\":\"https:\\\/\\\/www.sesmoreres.com\\\/fr\\\/blog\\\/#website\",\"url\":\"https:\\\/\\\/www.sesmoreres.com\\\/fr\\\/blog\\\/\",\"name\":\"Blog sur Minorque - Ses Moreres\",\"description\":\"Immobili\u00e8res \u00e0 Minorque - Leader dans la vente de propri\u00e9t\u00e9s de luxe Fermes rustiques, maisons de campagne, chalets, terrains\",\"potentialAction\":[{\"@type\":\"SearchAction\",\"target\":{\"@type\":\"EntryPoint\",\"urlTemplate\":\"https:\\\/\\\/www.sesmoreres.com\\\/fr\\\/blog\\\/?s={search_term_string}\"},\"query-input\":{\"@type\":\"PropertyValueSpecification\",\"valueRequired\":true,\"valueName\":\"search_term_string\"}}],\"inLanguage\":\"fr-FR\"},{\"@type\":\"Person\",\"@id\":\"https:\\\/\\\/www.sesmoreres.com\\\/fr\\\/blog\\\/#\\\/schema\\\/person\\\/d89a443e211c25b8d95dc78acaa51465\",\"name\":\"Malcolm Price\",\"image\":{\"@type\":\"ImageObject\",\"inLanguage\":\"fr-FR\",\"@id\":\"https:\\\/\\\/secure.gravatar.com\\\/avatar\\\/04aadf1dbb20b5e72223e20156f3f34311bddde2409cebb182e0afa3b6053e36?s=96&d=mm&r=g\",\"url\":\"https:\\\/\\\/secure.gravatar.com\\\/avatar\\\/04aadf1dbb20b5e72223e20156f3f34311bddde2409cebb182e0afa3b6053e36?s=96&d=mm&r=g\",\"contentUrl\":\"https:\\\/\\\/secure.gravatar.com\\\/avatar\\\/04aadf1dbb20b5e72223e20156f3f34311bddde2409cebb182e0afa3b6053e36?s=96&d=mm&r=g\",\"caption\":\"Malcolm Price\"},\"url\":\"https:\\\/\\\/www.sesmoreres.com\\\/fr\\\/blog\\\/author\\\/malcolmpricesesmoreres-com\\\/\"}]}<\/script>\n<!-- \/ Yoast SEO plugin. -->","yoast_head_json":{"title":"Vers une baisse ou une intensification de la fr\u00e9n\u00e9sie ambiante \u00e0 Minorque ? - Blog sur Minorque - Ses Moreres","description":"Alors que Minorque n\u2019a pas recens\u00e9 de nouvelles infections au coronavirus depuis pr\u00e8s d\u2019une semaine et que le gouvernement des \u00eeles Bal\u00e9ares ainsi que le Conseil insulaire de Minorque luttent contre le gouvernement central pour amorcer un d\u00e9confinement avant les autres, on observe dans notre territoire une tr\u00e8s forte envie de sortir \u00e0 l\u2019ext\u00e9rieur et de profiter de Minorque.","robots":{"index":"index","follow":"follow","max-snippet":"max-snippet:-1","max-image-preview":"max-image-preview:large","max-video-preview":"max-video-preview:-1"},"canonical":"https:\/\/www.sesmoreres.com\/fr\/blog\/vers-une-baisse-ou-une-intensification-de-la-frenesie-ambiante-a-minorque\/","og_locale":"fr_FR","og_type":"article","og_title":"Vers une baisse ou une intensification de la fr\u00e9n\u00e9sie ambiante \u00e0 Minorque ? - Blog sur Minorque - Ses Moreres","og_description":"Alors que Minorque n\u2019a pas recens\u00e9 de nouvelles infections au coronavirus depuis pr\u00e8s d\u2019une semaine et que le gouvernement des \u00eeles Bal\u00e9ares ainsi que le Conseil insulaire de Minorque luttent contre le gouvernement central pour amorcer un d\u00e9confinement avant les autres, on observe dans notre territoire une tr\u00e8s forte envie de sortir \u00e0 l\u2019ext\u00e9rieur et de profiter de Minorque.","og_url":"https:\/\/www.sesmoreres.com\/fr\/blog\/vers-une-baisse-ou-une-intensification-de-la-frenesie-ambiante-a-minorque\/","og_site_name":"Blog sur Minorque - Ses Moreres","article_published_time":"2020-05-04T10:11:15+00:00","article_modified_time":"2020-05-08T18:45:24+00:00","og_image":[{"width":850,"height":478,"url":"https:\/\/www.sesmoreres.com\/fr\/blog\/wp-content\/uploads\/2020\/05\/lockdown-deescalation-covid-19-menorca.jpg","type":"image\/jpeg"}],"author":"Malcolm Price","twitter_card":"summary_large_image","twitter_misc":{"\u00c9crit par":"Malcolm Price","Dur\u00e9e de lecture estim\u00e9e":"2 minutes"},"schema":{"@context":"https:\/\/schema.org","@graph":[{"@type":"Article","@id":"https:\/\/www.sesmoreres.com\/fr\/blog\/vers-une-baisse-ou-une-intensification-de-la-frenesie-ambiante-a-minorque\/#article","isPartOf":{"@id":"https:\/\/www.sesmoreres.com\/fr\/blog\/vers-une-baisse-ou-une-intensification-de-la-frenesie-ambiante-a-minorque\/"},"author":{"name":"Malcolm Price","@id":"https:\/\/www.sesmoreres.com\/fr\/blog\/#\/schema\/person\/d89a443e211c25b8d95dc78acaa51465"},"headline":"Vers une baisse ou une intensification de la fr\u00e9n\u00e9sie ambiante \u00e0 Minorque ?","datePublished":"2020-05-04T10:11:15+00:00","dateModified":"2020-05-08T18:45:24+00:00","mainEntityOfPage":{"@id":"https:\/\/www.sesmoreres.com\/fr\/blog\/vers-une-baisse-ou-une-intensification-de-la-frenesie-ambiante-a-minorque\/"},"wordCount":473,"commentCount":0,"image":{"@id":"https:\/\/www.sesmoreres.com\/fr\/blog\/vers-une-baisse-ou-une-intensification-de-la-frenesie-ambiante-a-minorque\/#primaryimage"},"thumbnailUrl":"https:\/\/www.sesmoreres.com\/fr\/blog\/wp-content\/uploads\/2020\/05\/lockdown-deescalation-covid-19-menorca.jpg","keywords":["COVID-19","Minorque Covid-19","vivre \u00e0 Minorque"],"articleSection":["Coronavirus","COVID-19","Minorque"],"inLanguage":"fr-FR","potentialAction":[{"@type":"CommentAction","name":"Comment","target":["https:\/\/www.sesmoreres.com\/fr\/blog\/vers-une-baisse-ou-une-intensification-de-la-frenesie-ambiante-a-minorque\/#respond"]}]},{"@type":"WebPage","@id":"https:\/\/www.sesmoreres.com\/fr\/blog\/vers-une-baisse-ou-une-intensification-de-la-frenesie-ambiante-a-minorque\/","url":"https:\/\/www.sesmoreres.com\/fr\/blog\/vers-une-baisse-ou-une-intensification-de-la-frenesie-ambiante-a-minorque\/","name":"Vers une baisse ou une intensification de la fr\u00e9n\u00e9sie ambiante \u00e0 Minorque ? - Blog sur Minorque - Ses Moreres","isPartOf":{"@id":"https:\/\/www.sesmoreres.com\/fr\/blog\/#website"},"primaryImageOfPage":{"@id":"https:\/\/www.sesmoreres.com\/fr\/blog\/vers-une-baisse-ou-une-intensification-de-la-frenesie-ambiante-a-minorque\/#primaryimage"},"image":{"@id":"https:\/\/www.sesmoreres.com\/fr\/blog\/vers-une-baisse-ou-une-intensification-de-la-frenesie-ambiante-a-minorque\/#primaryimage"},"thumbnailUrl":"https:\/\/www.sesmoreres.com\/fr\/blog\/wp-content\/uploads\/2020\/05\/lockdown-deescalation-covid-19-menorca.jpg","datePublished":"2020-05-04T10:11:15+00:00","dateModified":"2020-05-08T18:45:24+00:00","author":{"@id":"https:\/\/www.sesmoreres.com\/fr\/blog\/#\/schema\/person\/d89a443e211c25b8d95dc78acaa51465"},"description":"Alors que Minorque n\u2019a pas recens\u00e9 de nouvelles infections au coronavirus depuis pr\u00e8s d\u2019une semaine et que le gouvernement des \u00eeles Bal\u00e9ares ainsi que le Conseil insulaire de Minorque luttent contre le gouvernement central pour amorcer un d\u00e9confinement avant les autres, on observe dans notre territoire une tr\u00e8s forte envie de sortir \u00e0 l\u2019ext\u00e9rieur et de profiter de Minorque.","breadcrumb":{"@id":"https:\/\/www.sesmoreres.com\/fr\/blog\/vers-une-baisse-ou-une-intensification-de-la-frenesie-ambiante-a-minorque\/#breadcrumb"},"inLanguage":"fr-FR","potentialAction":[{"@type":"ReadAction","target":["https:\/\/www.sesmoreres.com\/fr\/blog\/vers-une-baisse-ou-une-intensification-de-la-frenesie-ambiante-a-minorque\/"]}]},{"@type":"ImageObject","inLanguage":"fr-FR","@id":"https:\/\/www.sesmoreres.com\/fr\/blog\/vers-une-baisse-ou-une-intensification-de-la-frenesie-ambiante-a-minorque\/#primaryimage","url":"https:\/\/www.sesmoreres.com\/fr\/blog\/wp-content\/uploads\/2020\/05\/lockdown-deescalation-covid-19-menorca.jpg","contentUrl":"https:\/\/www.sesmoreres.com\/fr\/blog\/wp-content\/uploads\/2020\/05\/lockdown-deescalation-covid-19-menorca.jpg","width":850,"height":478,"caption":"Vers une baisse ou une intensification de la fr\u00e9n\u00e9sie ambiante \u00e0 Minorque"},{"@type":"BreadcrumbList","@id":"https:\/\/www.sesmoreres.com\/fr\/blog\/vers-une-baisse-ou-une-intensification-de-la-frenesie-ambiante-a-minorque\/#breadcrumb","itemListElement":[{"@type":"ListItem","position":1,"name":"Portada","item":"https:\/\/www.sesmoreres.com\/fr\/blog\/"},{"@type":"ListItem","position":2,"name":"Vers une baisse ou une intensification de la fr\u00e9n\u00e9sie ambiante \u00e0 Minorque ?"}]},{"@type":"WebSite","@id":"https:\/\/www.sesmoreres.com\/fr\/blog\/#website","url":"https:\/\/www.sesmoreres.com\/fr\/blog\/","name":"Blog sur Minorque - Ses Moreres","description":"Immobili\u00e8res \u00e0 Minorque - Leader dans la vente de propri\u00e9t\u00e9s de luxe Fermes rustiques, maisons de campagne, chalets, terrains","potentialAction":[{"@type":"SearchAction","target":{"@type":"EntryPoint","urlTemplate":"https:\/\/www.sesmoreres.com\/fr\/blog\/?s={search_term_string}"},"query-input":{"@type":"PropertyValueSpecification","valueRequired":true,"valueName":"search_term_string"}}],"inLanguage":"fr-FR"},{"@type":"Person","@id":"https:\/\/www.sesmoreres.com\/fr\/blog\/#\/schema\/person\/d89a443e211c25b8d95dc78acaa51465","name":"Malcolm Price","image":{"@type":"ImageObject","inLanguage":"fr-FR","@id":"https:\/\/secure.gravatar.com\/avatar\/04aadf1dbb20b5e72223e20156f3f34311bddde2409cebb182e0afa3b6053e36?s=96&d=mm&r=g","url":"https:\/\/secure.gravatar.com\/avatar\/04aadf1dbb20b5e72223e20156f3f34311bddde2409cebb182e0afa3b6053e36?s=96&d=mm&r=g","contentUrl":"https:\/\/secure.gravatar.com\/avatar\/04aadf1dbb20b5e72223e20156f3f34311bddde2409cebb182e0afa3b6053e36?s=96&d=mm&r=g","caption":"Malcolm Price"},"url":"https:\/\/www.sesmoreres.com\/fr\/blog\/author\/malcolmpricesesmoreres-com\/"}]}},"_links":{"self":[{"href":"https:\/\/www.sesmoreres.com\/fr\/blog\/wp-json\/wp\/v2\/posts\/1433","targetHints":{"allow":["GET"]}}],"collection":[{"href":"https:\/\/www.sesmoreres.com\/fr\/blog\/wp-json\/wp\/v2\/posts"}],"about":[{"href":"https:\/\/www.sesmoreres.com\/fr\/blog\/wp-json\/wp\/v2\/types\/post"}],"author":[{"embeddable":true,"href":"https:\/\/www.sesmoreres.com\/fr\/blog\/wp-json\/wp\/v2\/users\/4"}],"replies":[{"embeddable":true,"href":"https:\/\/www.sesmoreres.com\/fr\/blog\/wp-json\/wp\/v2\/comments?post=1433"}],"version-history":[{"count":1,"href":"https:\/\/www.sesmoreres.com\/fr\/blog\/wp-json\/wp\/v2\/posts\/1433\/revisions"}],"predecessor-version":[{"id":1435,"href":"https:\/\/www.sesmoreres.com\/fr\/blog\/wp-json\/wp\/v2\/posts\/1433\/revisions\/1435"}],"wp:featuredmedia":[{"embeddable":true,"href":"https:\/\/www.sesmoreres.com\/fr\/blog\/wp-json\/wp\/v2\/media\/1434"}],"wp:attachment":[{"href":"https:\/\/www.sesmoreres.com\/fr\/blog\/wp-json\/wp\/v2\/media?parent=1433"}],"wp:term":[{"taxonomy":"category","embeddable":true,"href":"https:\/\/www.sesmoreres.com\/fr\/blog\/wp-json\/wp\/v2\/categories?post=1433"},{"taxonomy":"post_tag","embeddable":true,"href":"https:\/\/www.sesmoreres.com\/fr\/blog\/wp-json\/wp\/v2\/tags?post=1433"}],"curies":[{"name":"wp","href":"https:\/\/api.w.org\/{rel}","templated":true}]}}