{"id":558,"date":"2009-05-22T10:41:00","date_gmt":"2009-05-22T08:41:00","guid":{"rendered":"https:\/\/www.sesmoreres.com\/blog\/2009\/05\/22\/propiedad-en-primera-linea-en-cala-morell-menorca-para-reformar\/"},"modified":"2020-03-31T13:45:23","modified_gmt":"2020-03-31T11:45:23","slug":"propiedad-en-primera-linea-en-cala-morell-menorca-para-reformar","status":"publish","type":"post","link":"https:\/\/www.sesmoreres.com\/blog\/propiedad-en-primera-linea-en-cala-morell-menorca-para-reformar\/","title":{"rendered":"Propiedad en primera l\u00ednea en Cala Morell &#8211; Menorca para reformar!!"},"content":{"rendered":"<p>&nbsp;<\/p>\n<p>Como ya ha llegado el verano, esta semana hemos buscado junto al mar, para ofreceros una propiedad \u00fanica a pie de playa, en <a href=\"https:\/\/www.sesmoreres.com\/resultado-busqueda\/?search=cala%20morell\">Cala Morell<\/a> &#8211; Menorca. Comprobad vosotros mismos en el v\u00eddeo esta joya de la costa norte menorquina!!<\/p>\n<p><iframe data-src=\"https:\/\/www.youtube.com\/embed\/ati6i1-0i78\" width=\"480\" height=\"360\" frameborder=\"0\" allowfullscreen=\"allowfullscreen\" src=\"data:image\/svg+xml;base64,PHN2ZyB3aWR0aD0iMSIgaGVpZ2h0PSIxIiB4bWxucz0iaHR0cDovL3d3dy53My5vcmcvMjAwMC9zdmciPjwvc3ZnPg==\" class=\"lazyload\" data-load-mode=\"1\"><\/iframe><\/p>\n<p>Si a\u00fan conoc\u00e9is esta m\u00e1gica cala de aguas cristalinas, no os perd\u00e1is el v\u00eddeo debajo. <a href=\"http:\/\/maps.google.es\/maps?f=q&amp;source=s_q&amp;hl=es&amp;geocode=&amp;q=cala+morell&amp;sll=40.396764,-3.713379&amp;sspn=6.975944,14.0625&amp;ie=UTF8&amp;ll=40.053973,3.882932&amp;spn=0.001712,0.003433&amp;t=h&amp;z=18\">Tambi\u00e9n pod\u00e9is ver la ubicaci\u00f3n en este mapa<\/a>.<\/p>\n<p><iframe data-src=\"https:\/\/www.youtube.com\/embed\/aDXwdeJFRak\" width=\"480\" height=\"360\" frameborder=\"0\" allowfullscreen=\"allowfullscreen\" src=\"data:image\/svg+xml;base64,PHN2ZyB3aWR0aD0iMSIgaGVpZ2h0PSIxIiB4bWxucz0iaHR0cDovL3d3dy53My5vcmcvMjAwMC9zdmciPjwvc3ZnPg==\" class=\"lazyload\" data-load-mode=\"1\"><\/iframe><\/p>\n<p>&nbsp;<\/p>\n<p>M\u00e1s informaci\u00f3n <a href=\"mailto:info@sesmoreres.com?subject=Info%20Casa%203%20platas%20en%20Mahon%20Menorca&amp;body=Quiero%20mas%20informacion\">info@sesmoreres.com<\/a> o llama al <a href=\"tel:+34971351530\">Tel +34 971 35 15 30<\/a><\/p>\n<p>&nbsp;<\/p>\n","protected":false},"excerpt":{"rendered":"<p>&nbsp; Como ya ha llegado el verano, esta semana hemos buscado junto al mar, para ofreceros una propiedad \u00fanica a pie de playa, en Cala Morell &#8211; Menorca. Comprobad vosotros mismos en el v\u00eddeo esta joya de la costa norte &hellip; <a href=\"https:\/\/www.sesmoreres.com\/blog\/propiedad-en-primera-linea-en-cala-morell-menorca-para-reformar\/\">Continuar<\/a><\/p>\n","protected":false},"author":2,"featured_media":1325,"comment_status":"open","ping_status":"open","sticky":false,"template":"","format":"standard","meta":{"footnotes":""},"categories":[584],"tags":[657,634,624,673,683,637,702,610,625],"class_list":["post-558","post","type-post","status-publish","format-standard","has-post-thumbnail","hentry","category-cala-morell-ciutadella-primera-linea-menorca-front-line-oportuidad-inmobiliaria-embargo-chollo-ganga","tag-cala-morell","tag-casa-de-lujo","tag-chalet","tag-ciutadella","tag-comprar-chalet","tag-lujo","tag-mar","tag-menorca","tag-primera-linea"],"yoast_head":"<!-- This site is optimized with the Yoast SEO plugin v27.5 - https:\/\/yoast.com\/product\/yoast-seo-wordpress\/ -->\n<title>Propiedad en primera l\u00ednea en Cala Morell - Menorca para reformar!! Blog sobre Menorca - Ses Moreres<\/title>\n<meta name=\"description\" content=\"Primera l\u00ednea en Cala Morell Menorca para reformar, queremos ofreceros una propiedad \u00fanica a pie de playa, en la costa norte de...\" \/>\n<meta name=\"robots\" content=\"index, follow, max-snippet:-1, max-image-preview:large, max-video-preview:-1\" \/>\n<link rel=\"canonical\" href=\"https:\/\/www.sesmoreres.com\/blog\/propiedad-en-primera-linea-en-cala-morell-menorca-para-reformar\/\" \/>\n<meta property=\"og:locale\" content=\"es_ES\" \/>\n<meta property=\"og:type\" content=\"article\" \/>\n<meta property=\"og:title\" content=\"Propiedad en primera l\u00ednea en Cala Morell - Menorca para reformar!! Blog sobre Menorca - Ses Moreres\" \/>\n<meta property=\"og:description\" content=\"Primera l\u00ednea en Cala Morell Menorca para reformar, queremos ofreceros una propiedad \u00fanica a pie de playa, en la costa norte de...\" \/>\n<meta property=\"og:url\" content=\"https:\/\/www.sesmoreres.com\/blog\/propiedad-en-primera-linea-en-cala-morell-menorca-para-reformar\/\" \/>\n<meta property=\"og:site_name\" content=\"Blog sobre Menorca - Ses Moreres\" \/>\n<meta property=\"article:publisher\" content=\"https:\/\/www.facebook.com\/sesmoreres\/\" \/>\n<meta property=\"article:published_time\" content=\"2009-05-22T08:41:00+00:00\" \/>\n<meta property=\"article:modified_time\" content=\"2020-03-31T11:45:23+00:00\" \/>\n<meta property=\"og:image\" content=\"https:\/\/www.sesmoreres.com\/blog\/wp-content\/uploads\/2009\/05\/chalet-property-for-sale-cala-morell-ciutadella-menorca.jpg\" \/>\n\t<meta property=\"og:image:width\" content=\"598\" \/>\n\t<meta property=\"og:image:height\" content=\"453\" \/>\n\t<meta property=\"og:image:type\" content=\"image\/jpeg\" \/>\n<meta name=\"author\" content=\"Jose\" \/>\n<meta name=\"twitter:card\" content=\"summary_large_image\" \/>\n<meta name=\"twitter:label1\" content=\"Escrito por\" \/>\n\t<meta name=\"twitter:data1\" content=\"Jose\" \/>\n<script type=\"application\/ld+json\" class=\"yoast-schema-graph\">{\"@context\":\"https:\\\/\\\/schema.org\",\"@graph\":[{\"@type\":\"Article\",\"@id\":\"https:\\\/\\\/www.sesmoreres.com\\\/blog\\\/propiedad-en-primera-linea-en-cala-morell-menorca-para-reformar\\\/#article\",\"isPartOf\":{\"@id\":\"https:\\\/\\\/www.sesmoreres.com\\\/blog\\\/propiedad-en-primera-linea-en-cala-morell-menorca-para-reformar\\\/\"},\"author\":{\"name\":\"Jose\",\"@id\":\"https:\\\/\\\/www.sesmoreres.com\\\/blog\\\/#\\\/schema\\\/person\\\/7c7e14840c5091c536f2386f87710e37\"},\"headline\":\"Propiedad en primera l\u00ednea en Cala Morell &#8211; Menorca para reformar!!\",\"datePublished\":\"2009-05-22T08:41:00+00:00\",\"dateModified\":\"2020-03-31T11:45:23+00:00\",\"mainEntityOfPage\":{\"@id\":\"https:\\\/\\\/www.sesmoreres.com\\\/blog\\\/propiedad-en-primera-linea-en-cala-morell-menorca-para-reformar\\\/\"},\"wordCount\":98,\"commentCount\":0,\"publisher\":{\"@id\":\"https:\\\/\\\/www.sesmoreres.com\\\/blog\\\/#organization\"},\"image\":{\"@id\":\"https:\\\/\\\/www.sesmoreres.com\\\/blog\\\/propiedad-en-primera-linea-en-cala-morell-menorca-para-reformar\\\/#primaryimage\"},\"thumbnailUrl\":\"https:\\\/\\\/www.sesmoreres.com\\\/blog\\\/wp-content\\\/uploads\\\/2009\\\/05\\\/chalet-property-for-sale-cala-morell-ciutadella-menorca.jpg\",\"keywords\":[\"cala morell\",\"casa de lujo\",\"chalet\",\"Ciutadella\",\"comprar chalet\",\"lujo\",\"mar\",\"menorca\",\"primera l\u00ednea\"],\"articleSection\":[\"cala morell ciutadella primera linea menorca front line oportuidad inmobiliaria embargo chollo ganga\"],\"inLanguage\":\"es\",\"potentialAction\":[{\"@type\":\"CommentAction\",\"name\":\"Comment\",\"target\":[\"https:\\\/\\\/www.sesmoreres.com\\\/blog\\\/propiedad-en-primera-linea-en-cala-morell-menorca-para-reformar\\\/#respond\"]}]},{\"@type\":\"WebPage\",\"@id\":\"https:\\\/\\\/www.sesmoreres.com\\\/blog\\\/propiedad-en-primera-linea-en-cala-morell-menorca-para-reformar\\\/\",\"url\":\"https:\\\/\\\/www.sesmoreres.com\\\/blog\\\/propiedad-en-primera-linea-en-cala-morell-menorca-para-reformar\\\/\",\"name\":\"Propiedad en primera l\u00ednea en Cala Morell - Menorca para reformar!! Blog sobre Menorca - Ses Moreres\",\"isPartOf\":{\"@id\":\"https:\\\/\\\/www.sesmoreres.com\\\/blog\\\/#website\"},\"primaryImageOfPage\":{\"@id\":\"https:\\\/\\\/www.sesmoreres.com\\\/blog\\\/propiedad-en-primera-linea-en-cala-morell-menorca-para-reformar\\\/#primaryimage\"},\"image\":{\"@id\":\"https:\\\/\\\/www.sesmoreres.com\\\/blog\\\/propiedad-en-primera-linea-en-cala-morell-menorca-para-reformar\\\/#primaryimage\"},\"thumbnailUrl\":\"https:\\\/\\\/www.sesmoreres.com\\\/blog\\\/wp-content\\\/uploads\\\/2009\\\/05\\\/chalet-property-for-sale-cala-morell-ciutadella-menorca.jpg\",\"datePublished\":\"2009-05-22T08:41:00+00:00\",\"dateModified\":\"2020-03-31T11:45:23+00:00\",\"description\":\"Primera l\u00ednea en Cala Morell Menorca para reformar, queremos ofreceros una propiedad \u00fanica a pie de playa, en la costa norte de...\",\"breadcrumb\":{\"@id\":\"https:\\\/\\\/www.sesmoreres.com\\\/blog\\\/propiedad-en-primera-linea-en-cala-morell-menorca-para-reformar\\\/#breadcrumb\"},\"inLanguage\":\"es\",\"potentialAction\":[{\"@type\":\"ReadAction\",\"target\":[\"https:\\\/\\\/www.sesmoreres.com\\\/blog\\\/propiedad-en-primera-linea-en-cala-morell-menorca-para-reformar\\\/\"]}]},{\"@type\":\"ImageObject\",\"inLanguage\":\"es\",\"@id\":\"https:\\\/\\\/www.sesmoreres.com\\\/blog\\\/propiedad-en-primera-linea-en-cala-morell-menorca-para-reformar\\\/#primaryimage\",\"url\":\"https:\\\/\\\/www.sesmoreres.com\\\/blog\\\/wp-content\\\/uploads\\\/2009\\\/05\\\/chalet-property-for-sale-cala-morell-ciutadella-menorca.jpg\",\"contentUrl\":\"https:\\\/\\\/www.sesmoreres.com\\\/blog\\\/wp-content\\\/uploads\\\/2009\\\/05\\\/chalet-property-for-sale-cala-morell-ciutadella-menorca.jpg\",\"width\":598,\"height\":453,\"caption\":\"Propiedad en primera l\u00ednea en Cala Morell \u2013 Menorca para reformar\"},{\"@type\":\"BreadcrumbList\",\"@id\":\"https:\\\/\\\/www.sesmoreres.com\\\/blog\\\/propiedad-en-primera-linea-en-cala-morell-menorca-para-reformar\\\/#breadcrumb\",\"itemListElement\":[{\"@type\":\"ListItem\",\"position\":1,\"name\":\"Portada\",\"item\":\"https:\\\/\\\/www.sesmoreres.com\\\/blog\\\/\"},{\"@type\":\"ListItem\",\"position\":2,\"name\":\"Propiedad en primera l\u00ednea en Cala Morell &#8211; Menorca para reformar!!\"}]},{\"@type\":\"WebSite\",\"@id\":\"https:\\\/\\\/www.sesmoreres.com\\\/blog\\\/#website\",\"url\":\"https:\\\/\\\/www.sesmoreres.com\\\/blog\\\/\",\"name\":\"Blog sobre Menorca - Ses Moreres\",\"description\":\"Agencia inmobiliaria de Menorca lider en la venta de propiedades de lujo. Fincas r\u00fasticas, casas de campo, chalets, terrenos.\",\"publisher\":{\"@id\":\"https:\\\/\\\/www.sesmoreres.com\\\/blog\\\/#organization\"},\"potentialAction\":[{\"@type\":\"SearchAction\",\"target\":{\"@type\":\"EntryPoint\",\"urlTemplate\":\"https:\\\/\\\/www.sesmoreres.com\\\/blog\\\/?s={search_term_string}\"},\"query-input\":{\"@type\":\"PropertyValueSpecification\",\"valueRequired\":true,\"valueName\":\"search_term_string\"}}],\"inLanguage\":\"es\"},{\"@type\":\"Organization\",\"@id\":\"https:\\\/\\\/www.sesmoreres.com\\\/blog\\\/#organization\",\"name\":\"Ses Moreres\",\"url\":\"https:\\\/\\\/www.sesmoreres.com\\\/blog\\\/\",\"logo\":{\"@type\":\"ImageObject\",\"inLanguage\":\"es\",\"@id\":\"https:\\\/\\\/www.sesmoreres.com\\\/blog\\\/#\\\/schema\\\/logo\\\/image\\\/\",\"url\":\"https:\\\/\\\/www.sesmoreres.com\\\/blog\\\/wp-content\\\/uploads\\\/2019\\\/07\\\/ses-moreres-inmobiliaria-menorca.gif\",\"contentUrl\":\"https:\\\/\\\/www.sesmoreres.com\\\/blog\\\/wp-content\\\/uploads\\\/2019\\\/07\\\/ses-moreres-inmobiliaria-menorca.gif\",\"width\":170,\"height\":95,\"caption\":\"Ses Moreres\"},\"image\":{\"@id\":\"https:\\\/\\\/www.sesmoreres.com\\\/blog\\\/#\\\/schema\\\/logo\\\/image\\\/\"},\"sameAs\":[\"https:\\\/\\\/www.facebook.com\\\/sesmoreres\\\/\",\"https:\\\/\\\/www.instagram.com\\\/inmobiliariasesmoreres\\\/?hl=es\",\"https:\\\/\\\/www.youtube.com\\\/user\\\/sesmoreres\"]},{\"@type\":\"Person\",\"@id\":\"https:\\\/\\\/www.sesmoreres.com\\\/blog\\\/#\\\/schema\\\/person\\\/7c7e14840c5091c536f2386f87710e37\",\"name\":\"Jose\",\"image\":{\"@type\":\"ImageObject\",\"inLanguage\":\"es\",\"@id\":\"https:\\\/\\\/secure.gravatar.com\\\/avatar\\\/b4fc98d81ad2dabadc7b38d8d9cc7d784080dca9704b983ca16b1fd2926445dc?s=96&d=mm&r=g\",\"url\":\"https:\\\/\\\/secure.gravatar.com\\\/avatar\\\/b4fc98d81ad2dabadc7b38d8d9cc7d784080dca9704b983ca16b1fd2926445dc?s=96&d=mm&r=g\",\"contentUrl\":\"https:\\\/\\\/secure.gravatar.com\\\/avatar\\\/b4fc98d81ad2dabadc7b38d8d9cc7d784080dca9704b983ca16b1fd2926445dc?s=96&d=mm&r=g\",\"caption\":\"Jose\"},\"url\":\"https:\\\/\\\/www.sesmoreres.com\\\/blog\\\/author\\\/jose\\\/\"}]}<\/script>\n<!-- \/ Yoast SEO plugin. -->","yoast_head_json":{"title":"Propiedad en primera l\u00ednea en Cala Morell - Menorca para reformar!! Blog sobre Menorca - Ses Moreres","description":"Primera l\u00ednea en Cala Morell Menorca para reformar, queremos ofreceros una propiedad \u00fanica a pie de playa, en la costa norte de...","robots":{"index":"index","follow":"follow","max-snippet":"max-snippet:-1","max-image-preview":"max-image-preview:large","max-video-preview":"max-video-preview:-1"},"canonical":"https:\/\/www.sesmoreres.com\/blog\/propiedad-en-primera-linea-en-cala-morell-menorca-para-reformar\/","og_locale":"es_ES","og_type":"article","og_title":"Propiedad en primera l\u00ednea en Cala Morell - Menorca para reformar!! Blog sobre Menorca - Ses Moreres","og_description":"Primera l\u00ednea en Cala Morell Menorca para reformar, queremos ofreceros una propiedad \u00fanica a pie de playa, en la costa norte de...","og_url":"https:\/\/www.sesmoreres.com\/blog\/propiedad-en-primera-linea-en-cala-morell-menorca-para-reformar\/","og_site_name":"Blog sobre Menorca - Ses Moreres","article_publisher":"https:\/\/www.facebook.com\/sesmoreres\/","article_published_time":"2009-05-22T08:41:00+00:00","article_modified_time":"2020-03-31T11:45:23+00:00","og_image":[{"width":598,"height":453,"url":"https:\/\/www.sesmoreres.com\/blog\/wp-content\/uploads\/2009\/05\/chalet-property-for-sale-cala-morell-ciutadella-menorca.jpg","type":"image\/jpeg"}],"author":"Jose","twitter_card":"summary_large_image","twitter_misc":{"Escrito por":"Jose"},"schema":{"@context":"https:\/\/schema.org","@graph":[{"@type":"Article","@id":"https:\/\/www.sesmoreres.com\/blog\/propiedad-en-primera-linea-en-cala-morell-menorca-para-reformar\/#article","isPartOf":{"@id":"https:\/\/www.sesmoreres.com\/blog\/propiedad-en-primera-linea-en-cala-morell-menorca-para-reformar\/"},"author":{"name":"Jose","@id":"https:\/\/www.sesmoreres.com\/blog\/#\/schema\/person\/7c7e14840c5091c536f2386f87710e37"},"headline":"Propiedad en primera l\u00ednea en Cala Morell &#8211; Menorca para reformar!!","datePublished":"2009-05-22T08:41:00+00:00","dateModified":"2020-03-31T11:45:23+00:00","mainEntityOfPage":{"@id":"https:\/\/www.sesmoreres.com\/blog\/propiedad-en-primera-linea-en-cala-morell-menorca-para-reformar\/"},"wordCount":98,"commentCount":0,"publisher":{"@id":"https:\/\/www.sesmoreres.com\/blog\/#organization"},"image":{"@id":"https:\/\/www.sesmoreres.com\/blog\/propiedad-en-primera-linea-en-cala-morell-menorca-para-reformar\/#primaryimage"},"thumbnailUrl":"https:\/\/www.sesmoreres.com\/blog\/wp-content\/uploads\/2009\/05\/chalet-property-for-sale-cala-morell-ciutadella-menorca.jpg","keywords":["cala morell","casa de lujo","chalet","Ciutadella","comprar chalet","lujo","mar","menorca","primera l\u00ednea"],"articleSection":["cala morell ciutadella primera linea menorca front line oportuidad inmobiliaria embargo chollo ganga"],"inLanguage":"es","potentialAction":[{"@type":"CommentAction","name":"Comment","target":["https:\/\/www.sesmoreres.com\/blog\/propiedad-en-primera-linea-en-cala-morell-menorca-para-reformar\/#respond"]}]},{"@type":"WebPage","@id":"https:\/\/www.sesmoreres.com\/blog\/propiedad-en-primera-linea-en-cala-morell-menorca-para-reformar\/","url":"https:\/\/www.sesmoreres.com\/blog\/propiedad-en-primera-linea-en-cala-morell-menorca-para-reformar\/","name":"Propiedad en primera l\u00ednea en Cala Morell - Menorca para reformar!! Blog sobre Menorca - Ses Moreres","isPartOf":{"@id":"https:\/\/www.sesmoreres.com\/blog\/#website"},"primaryImageOfPage":{"@id":"https:\/\/www.sesmoreres.com\/blog\/propiedad-en-primera-linea-en-cala-morell-menorca-para-reformar\/#primaryimage"},"image":{"@id":"https:\/\/www.sesmoreres.com\/blog\/propiedad-en-primera-linea-en-cala-morell-menorca-para-reformar\/#primaryimage"},"thumbnailUrl":"https:\/\/www.sesmoreres.com\/blog\/wp-content\/uploads\/2009\/05\/chalet-property-for-sale-cala-morell-ciutadella-menorca.jpg","datePublished":"2009-05-22T08:41:00+00:00","dateModified":"2020-03-31T11:45:23+00:00","description":"Primera l\u00ednea en Cala Morell Menorca para reformar, queremos ofreceros una propiedad \u00fanica a pie de playa, en la costa norte de...","breadcrumb":{"@id":"https:\/\/www.sesmoreres.com\/blog\/propiedad-en-primera-linea-en-cala-morell-menorca-para-reformar\/#breadcrumb"},"inLanguage":"es","potentialAction":[{"@type":"ReadAction","target":["https:\/\/www.sesmoreres.com\/blog\/propiedad-en-primera-linea-en-cala-morell-menorca-para-reformar\/"]}]},{"@type":"ImageObject","inLanguage":"es","@id":"https:\/\/www.sesmoreres.com\/blog\/propiedad-en-primera-linea-en-cala-morell-menorca-para-reformar\/#primaryimage","url":"https:\/\/www.sesmoreres.com\/blog\/wp-content\/uploads\/2009\/05\/chalet-property-for-sale-cala-morell-ciutadella-menorca.jpg","contentUrl":"https:\/\/www.sesmoreres.com\/blog\/wp-content\/uploads\/2009\/05\/chalet-property-for-sale-cala-morell-ciutadella-menorca.jpg","width":598,"height":453,"caption":"Propiedad en primera l\u00ednea en Cala Morell \u2013 Menorca para reformar"},{"@type":"BreadcrumbList","@id":"https:\/\/www.sesmoreres.com\/blog\/propiedad-en-primera-linea-en-cala-morell-menorca-para-reformar\/#breadcrumb","itemListElement":[{"@type":"ListItem","position":1,"name":"Portada","item":"https:\/\/www.sesmoreres.com\/blog\/"},{"@type":"ListItem","position":2,"name":"Propiedad en primera l\u00ednea en Cala Morell &#8211; Menorca para reformar!!"}]},{"@type":"WebSite","@id":"https:\/\/www.sesmoreres.com\/blog\/#website","url":"https:\/\/www.sesmoreres.com\/blog\/","name":"Blog sobre Menorca - Ses Moreres","description":"Agencia inmobiliaria de Menorca lider en la venta de propiedades de lujo. Fincas r\u00fasticas, casas de campo, chalets, terrenos.","publisher":{"@id":"https:\/\/www.sesmoreres.com\/blog\/#organization"},"potentialAction":[{"@type":"SearchAction","target":{"@type":"EntryPoint","urlTemplate":"https:\/\/www.sesmoreres.com\/blog\/?s={search_term_string}"},"query-input":{"@type":"PropertyValueSpecification","valueRequired":true,"valueName":"search_term_string"}}],"inLanguage":"es"},{"@type":"Organization","@id":"https:\/\/www.sesmoreres.com\/blog\/#organization","name":"Ses Moreres","url":"https:\/\/www.sesmoreres.com\/blog\/","logo":{"@type":"ImageObject","inLanguage":"es","@id":"https:\/\/www.sesmoreres.com\/blog\/#\/schema\/logo\/image\/","url":"https:\/\/www.sesmoreres.com\/blog\/wp-content\/uploads\/2019\/07\/ses-moreres-inmobiliaria-menorca.gif","contentUrl":"https:\/\/www.sesmoreres.com\/blog\/wp-content\/uploads\/2019\/07\/ses-moreres-inmobiliaria-menorca.gif","width":170,"height":95,"caption":"Ses Moreres"},"image":{"@id":"https:\/\/www.sesmoreres.com\/blog\/#\/schema\/logo\/image\/"},"sameAs":["https:\/\/www.facebook.com\/sesmoreres\/","https:\/\/www.instagram.com\/inmobiliariasesmoreres\/?hl=es","https:\/\/www.youtube.com\/user\/sesmoreres"]},{"@type":"Person","@id":"https:\/\/www.sesmoreres.com\/blog\/#\/schema\/person\/7c7e14840c5091c536f2386f87710e37","name":"Jose","image":{"@type":"ImageObject","inLanguage":"es","@id":"https:\/\/secure.gravatar.com\/avatar\/b4fc98d81ad2dabadc7b38d8d9cc7d784080dca9704b983ca16b1fd2926445dc?s=96&d=mm&r=g","url":"https:\/\/secure.gravatar.com\/avatar\/b4fc98d81ad2dabadc7b38d8d9cc7d784080dca9704b983ca16b1fd2926445dc?s=96&d=mm&r=g","contentUrl":"https:\/\/secure.gravatar.com\/avatar\/b4fc98d81ad2dabadc7b38d8d9cc7d784080dca9704b983ca16b1fd2926445dc?s=96&d=mm&r=g","caption":"Jose"},"url":"https:\/\/www.sesmoreres.com\/blog\/author\/jose\/"}]}},"_links":{"self":[{"href":"https:\/\/www.sesmoreres.com\/blog\/wp-json\/wp\/v2\/posts\/558","targetHints":{"allow":["GET"]}}],"collection":[{"href":"https:\/\/www.sesmoreres.com\/blog\/wp-json\/wp\/v2\/posts"}],"about":[{"href":"https:\/\/www.sesmoreres.com\/blog\/wp-json\/wp\/v2\/types\/post"}],"author":[{"embeddable":true,"href":"https:\/\/www.sesmoreres.com\/blog\/wp-json\/wp\/v2\/users\/2"}],"replies":[{"embeddable":true,"href":"https:\/\/www.sesmoreres.com\/blog\/wp-json\/wp\/v2\/comments?post=558"}],"version-history":[{"count":4,"href":"https:\/\/www.sesmoreres.com\/blog\/wp-json\/wp\/v2\/posts\/558\/revisions"}],"predecessor-version":[{"id":1326,"href":"https:\/\/www.sesmoreres.com\/blog\/wp-json\/wp\/v2\/posts\/558\/revisions\/1326"}],"wp:featuredmedia":[{"embeddable":true,"href":"https:\/\/www.sesmoreres.com\/blog\/wp-json\/wp\/v2\/media\/1325"}],"wp:attachment":[{"href":"https:\/\/www.sesmoreres.com\/blog\/wp-json\/wp\/v2\/media?parent=558"}],"wp:term":[{"taxonomy":"category","embeddable":true,"href":"https:\/\/www.sesmoreres.com\/blog\/wp-json\/wp\/v2\/categories?post=558"},{"taxonomy":"post_tag","embeddable":true,"href":"https:\/\/www.sesmoreres.com\/blog\/wp-json\/wp\/v2\/tags?post=558"}],"curies":[{"name":"wp","href":"https:\/\/api.w.org\/{rel}","templated":true}]}}