{"id":557,"date":"2009-05-29T12:46:00","date_gmt":"2009-05-29T10:46:00","guid":{"rendered":"https:\/\/www.sesmoreres.com\/blog\/2009\/05\/29\/ocasion-apartamento-en-primer-linea-en-cap-de-artrutx-ciutadella\/"},"modified":"2020-03-31T14:22:56","modified_gmt":"2020-03-31T12:22:56","slug":"ocasion-apartamento-en-primer-linea-en-cap-de-artrutx-ciutadella","status":"publish","type":"post","link":"https:\/\/www.sesmoreres.com\/blog\/ocasion-apartamento-en-primer-linea-en-cap-de-artrutx-ciutadella\/","title":{"rendered":"Ocasi\u00f3n, apartamento en primera l\u00ednea en Cap de Artrutx &#8211; Ciutadella!!!"},"content":{"rendered":"<p>&nbsp;<\/p>\n<p>Esta semana os hemos encontrado un <a href=\"https:\/\/www.sesmoreres.com\/resultado-busqueda\/?a=&amp;pag=0&amp;o=&amp;s=&amp;pp=&amp;search=Apartamento&amp;op=\">apartamento<\/a> muy atractivo a pocos metros del mar con unas vistas estupendas por <strong>\u00fanicamente 129.000 Euros<\/strong>. Se ubica dentro de un peque\u00f1o complejo muy coqueto en <a href=\"http:\/\/maps.google.es\/?ie=UTF8&amp;ll=39.922804,3.824337&amp;spn=0.003431,0.006866&amp;t=h&amp;z=17\">Cap d\u00b4Artrutx<\/a>, donde las zonas comunes y su gran piscina est\u00e1n magn\u00edficamente mantenidas. Debajo ten\u00e9is el v\u00eddeo con el reportaje.<\/p>\n<p>&nbsp;<\/p>\n<p><iframe data-src=\"https:\/\/www.youtube.com\/embed\/VgG0ptDpxO8\" width=\"480\" height=\"360\" frameborder=\"0\" allowfullscreen=\"allowfullscreen\" src=\"data:image\/svg+xml;base64,PHN2ZyB3aWR0aD0iMSIgaGVpZ2h0PSIxIiB4bWxucz0iaHR0cDovL3d3dy53My5vcmcvMjAwMC9zdmciPjwvc3ZnPg==\" class=\"lazyload\" data-load-mode=\"1\"><\/iframe><\/p>\n<p>M\u00e1s informaci\u00f3n <a href=\"mailto:info@sesmoreres.com?subject=Info%20Casa%203%20platas%20en%20Mahon%20Menorca&amp;body=Quiero%20mas%20informacion\">info@sesmoreres.com<\/a> o llama al <a href=\"tel:+34971351530\">Tel +34 971 35 15 30<\/a><\/p>\n<p>&nbsp;<\/p>\n","protected":false},"excerpt":{"rendered":"<p>&nbsp; Esta semana os hemos encontrado un apartamento muy atractivo a pocos metros del mar con unas vistas estupendas por \u00fanicamente 129.000 Euros. Se ubica dentro de un peque\u00f1o complejo muy coqueto en Cap d\u00b4Artrutx, donde las zonas comunes y &hellip; <a href=\"https:\/\/www.sesmoreres.com\/blog\/ocasion-apartamento-en-primer-linea-en-cap-de-artrutx-ciutadella\/\">Continuar<\/a><\/p>\n","protected":false},"author":2,"featured_media":1329,"comment_status":"open","ping_status":"open","sticky":false,"template":"","format":"standard","meta":{"footnotes":""},"categories":[583],"tags":[646,712,673,626,610,615,625,688],"class_list":["post-557","post","type-post","status-publish","format-standard","has-post-thumbnail","hentry","category-primera-linea-front-line-cap-de-artrutx-apartamento-chollo-ganga-embargo-apartamento","tag-apartamento","tag-cap-de-artrutx","tag-ciutadella","tag-comprar-una-casa-en-menorca","tag-menorca","tag-playa","tag-primera-linea","tag-vistas-al-mar"],"yoast_head":"<!-- This site is optimized with the Yoast SEO plugin v27.5 - https:\/\/yoast.com\/product\/yoast-seo-wordpress\/ -->\n<title>Ocasi\u00f3n, apartamento en primera l\u00ednea en Cap de Artrutx - Ciutadella!!! - Blog sobre Menorca - Ses Moreres<\/title>\n<meta name=\"description\" content=\"Ocasi\u00f3n apartamento en primera l\u00ednea en Cap de Artrutx Ciutadella un apartamento muy atractivo a pocos metros del mar con unas vistas estupendas...\" \/>\n<meta name=\"robots\" content=\"index, follow, max-snippet:-1, max-image-preview:large, max-video-preview:-1\" \/>\n<link rel=\"canonical\" href=\"https:\/\/www.sesmoreres.com\/blog\/ocasion-apartamento-en-primer-linea-en-cap-de-artrutx-ciutadella\/\" \/>\n<meta property=\"og:locale\" content=\"es_ES\" \/>\n<meta property=\"og:type\" content=\"article\" \/>\n<meta property=\"og:title\" content=\"Ocasi\u00f3n, apartamento en primera l\u00ednea en Cap de Artrutx - Ciutadella!!! - Blog sobre Menorca - Ses Moreres\" \/>\n<meta property=\"og:description\" content=\"Ocasi\u00f3n apartamento en primera l\u00ednea en Cap de Artrutx Ciutadella un apartamento muy atractivo a pocos metros del mar con unas vistas estupendas...\" \/>\n<meta property=\"og:url\" content=\"https:\/\/www.sesmoreres.com\/blog\/ocasion-apartamento-en-primer-linea-en-cap-de-artrutx-ciutadella\/\" \/>\n<meta property=\"og:site_name\" content=\"Blog sobre Menorca - Ses Moreres\" \/>\n<meta property=\"article:publisher\" content=\"https:\/\/www.facebook.com\/sesmoreres\/\" \/>\n<meta property=\"article:published_time\" content=\"2009-05-29T10:46:00+00:00\" \/>\n<meta property=\"article:modified_time\" content=\"2020-03-31T12:22:56+00:00\" \/>\n<meta property=\"og:image\" content=\"https:\/\/www.sesmoreres.com\/blog\/wp-content\/uploads\/2009\/05\/02-property-for-sale-in-ciutadella-cap-de-artrutx-scaled.jpg\" \/>\n\t<meta property=\"og:image:width\" content=\"850\" \/>\n\t<meta property=\"og:image:height\" content=\"567\" \/>\n\t<meta property=\"og:image:type\" content=\"image\/jpeg\" \/>\n<meta name=\"author\" content=\"Jose\" \/>\n<meta name=\"twitter:card\" content=\"summary_large_image\" \/>\n<meta name=\"twitter:label1\" content=\"Escrito por\" \/>\n\t<meta name=\"twitter:data1\" content=\"Jose\" \/>\n<script type=\"application\/ld+json\" class=\"yoast-schema-graph\">{\"@context\":\"https:\\\/\\\/schema.org\",\"@graph\":[{\"@type\":\"Article\",\"@id\":\"https:\\\/\\\/www.sesmoreres.com\\\/blog\\\/ocasion-apartamento-en-primer-linea-en-cap-de-artrutx-ciutadella\\\/#article\",\"isPartOf\":{\"@id\":\"https:\\\/\\\/www.sesmoreres.com\\\/blog\\\/ocasion-apartamento-en-primer-linea-en-cap-de-artrutx-ciutadella\\\/\"},\"author\":{\"name\":\"Jose\",\"@id\":\"https:\\\/\\\/www.sesmoreres.com\\\/blog\\\/#\\\/schema\\\/person\\\/7c7e14840c5091c536f2386f87710e37\"},\"headline\":\"Ocasi\u00f3n, apartamento en primera l\u00ednea en Cap de Artrutx &#8211; Ciutadella!!!\",\"datePublished\":\"2009-05-29T10:46:00+00:00\",\"dateModified\":\"2020-03-31T12:22:56+00:00\",\"mainEntityOfPage\":{\"@id\":\"https:\\\/\\\/www.sesmoreres.com\\\/blog\\\/ocasion-apartamento-en-primer-linea-en-cap-de-artrutx-ciutadella\\\/\"},\"wordCount\":84,\"commentCount\":0,\"publisher\":{\"@id\":\"https:\\\/\\\/www.sesmoreres.com\\\/blog\\\/#organization\"},\"image\":{\"@id\":\"https:\\\/\\\/www.sesmoreres.com\\\/blog\\\/ocasion-apartamento-en-primer-linea-en-cap-de-artrutx-ciutadella\\\/#primaryimage\"},\"thumbnailUrl\":\"https:\\\/\\\/www.sesmoreres.com\\\/blog\\\/wp-content\\\/uploads\\\/2009\\\/05\\\/02-property-for-sale-in-ciutadella-cap-de-artrutx-scaled.jpg\",\"keywords\":[\"apartamento\",\"cap de artrutx\",\"Ciutadella\",\"comprar una casa en Menorca\",\"menorca\",\"playa\",\"primera l\u00ednea\",\"vistas al mar\"],\"articleSection\":[\"primera linea front line cap de artrutx apartamento chollo ganga embargo apartamento\"],\"inLanguage\":\"es\",\"potentialAction\":[{\"@type\":\"CommentAction\",\"name\":\"Comment\",\"target\":[\"https:\\\/\\\/www.sesmoreres.com\\\/blog\\\/ocasion-apartamento-en-primer-linea-en-cap-de-artrutx-ciutadella\\\/#respond\"]}]},{\"@type\":\"WebPage\",\"@id\":\"https:\\\/\\\/www.sesmoreres.com\\\/blog\\\/ocasion-apartamento-en-primer-linea-en-cap-de-artrutx-ciutadella\\\/\",\"url\":\"https:\\\/\\\/www.sesmoreres.com\\\/blog\\\/ocasion-apartamento-en-primer-linea-en-cap-de-artrutx-ciutadella\\\/\",\"name\":\"Ocasi\u00f3n, apartamento en primera l\u00ednea en Cap de Artrutx - Ciutadella!!! - Blog sobre Menorca - Ses Moreres\",\"isPartOf\":{\"@id\":\"https:\\\/\\\/www.sesmoreres.com\\\/blog\\\/#website\"},\"primaryImageOfPage\":{\"@id\":\"https:\\\/\\\/www.sesmoreres.com\\\/blog\\\/ocasion-apartamento-en-primer-linea-en-cap-de-artrutx-ciutadella\\\/#primaryimage\"},\"image\":{\"@id\":\"https:\\\/\\\/www.sesmoreres.com\\\/blog\\\/ocasion-apartamento-en-primer-linea-en-cap-de-artrutx-ciutadella\\\/#primaryimage\"},\"thumbnailUrl\":\"https:\\\/\\\/www.sesmoreres.com\\\/blog\\\/wp-content\\\/uploads\\\/2009\\\/05\\\/02-property-for-sale-in-ciutadella-cap-de-artrutx-scaled.jpg\",\"datePublished\":\"2009-05-29T10:46:00+00:00\",\"dateModified\":\"2020-03-31T12:22:56+00:00\",\"description\":\"Ocasi\u00f3n apartamento en primera l\u00ednea en Cap de Artrutx Ciutadella un apartamento muy atractivo a pocos metros del mar con unas vistas estupendas...\",\"breadcrumb\":{\"@id\":\"https:\\\/\\\/www.sesmoreres.com\\\/blog\\\/ocasion-apartamento-en-primer-linea-en-cap-de-artrutx-ciutadella\\\/#breadcrumb\"},\"inLanguage\":\"es\",\"potentialAction\":[{\"@type\":\"ReadAction\",\"target\":[\"https:\\\/\\\/www.sesmoreres.com\\\/blog\\\/ocasion-apartamento-en-primer-linea-en-cap-de-artrutx-ciutadella\\\/\"]}]},{\"@type\":\"ImageObject\",\"inLanguage\":\"es\",\"@id\":\"https:\\\/\\\/www.sesmoreres.com\\\/blog\\\/ocasion-apartamento-en-primer-linea-en-cap-de-artrutx-ciutadella\\\/#primaryimage\",\"url\":\"https:\\\/\\\/www.sesmoreres.com\\\/blog\\\/wp-content\\\/uploads\\\/2009\\\/05\\\/02-property-for-sale-in-ciutadella-cap-de-artrutx-scaled.jpg\",\"contentUrl\":\"https:\\\/\\\/www.sesmoreres.com\\\/blog\\\/wp-content\\\/uploads\\\/2009\\\/05\\\/02-property-for-sale-in-ciutadella-cap-de-artrutx-scaled.jpg\",\"width\":850,\"height\":567,\"caption\":\"Ocasi\u00f3n, apartamento en primer l\u00ednea en Cap de Artrutx Ciutadella\"},{\"@type\":\"BreadcrumbList\",\"@id\":\"https:\\\/\\\/www.sesmoreres.com\\\/blog\\\/ocasion-apartamento-en-primer-linea-en-cap-de-artrutx-ciutadella\\\/#breadcrumb\",\"itemListElement\":[{\"@type\":\"ListItem\",\"position\":1,\"name\":\"Portada\",\"item\":\"https:\\\/\\\/www.sesmoreres.com\\\/blog\\\/\"},{\"@type\":\"ListItem\",\"position\":2,\"name\":\"Ocasi\u00f3n, apartamento en primera l\u00ednea en Cap de Artrutx &#8211; Ciutadella!!!\"}]},{\"@type\":\"WebSite\",\"@id\":\"https:\\\/\\\/www.sesmoreres.com\\\/blog\\\/#website\",\"url\":\"https:\\\/\\\/www.sesmoreres.com\\\/blog\\\/\",\"name\":\"Blog sobre Menorca - Ses Moreres\",\"description\":\"Agencia inmobiliaria de Menorca lider en la venta de propiedades de lujo. Fincas r\u00fasticas, casas de campo, chalets, terrenos.\",\"publisher\":{\"@id\":\"https:\\\/\\\/www.sesmoreres.com\\\/blog\\\/#organization\"},\"potentialAction\":[{\"@type\":\"SearchAction\",\"target\":{\"@type\":\"EntryPoint\",\"urlTemplate\":\"https:\\\/\\\/www.sesmoreres.com\\\/blog\\\/?s={search_term_string}\"},\"query-input\":{\"@type\":\"PropertyValueSpecification\",\"valueRequired\":true,\"valueName\":\"search_term_string\"}}],\"inLanguage\":\"es\"},{\"@type\":\"Organization\",\"@id\":\"https:\\\/\\\/www.sesmoreres.com\\\/blog\\\/#organization\",\"name\":\"Ses Moreres\",\"url\":\"https:\\\/\\\/www.sesmoreres.com\\\/blog\\\/\",\"logo\":{\"@type\":\"ImageObject\",\"inLanguage\":\"es\",\"@id\":\"https:\\\/\\\/www.sesmoreres.com\\\/blog\\\/#\\\/schema\\\/logo\\\/image\\\/\",\"url\":\"https:\\\/\\\/www.sesmoreres.com\\\/blog\\\/wp-content\\\/uploads\\\/2019\\\/07\\\/ses-moreres-inmobiliaria-menorca.gif\",\"contentUrl\":\"https:\\\/\\\/www.sesmoreres.com\\\/blog\\\/wp-content\\\/uploads\\\/2019\\\/07\\\/ses-moreres-inmobiliaria-menorca.gif\",\"width\":170,\"height\":95,\"caption\":\"Ses Moreres\"},\"image\":{\"@id\":\"https:\\\/\\\/www.sesmoreres.com\\\/blog\\\/#\\\/schema\\\/logo\\\/image\\\/\"},\"sameAs\":[\"https:\\\/\\\/www.facebook.com\\\/sesmoreres\\\/\",\"https:\\\/\\\/www.instagram.com\\\/inmobiliariasesmoreres\\\/?hl=es\",\"https:\\\/\\\/www.youtube.com\\\/user\\\/sesmoreres\"]},{\"@type\":\"Person\",\"@id\":\"https:\\\/\\\/www.sesmoreres.com\\\/blog\\\/#\\\/schema\\\/person\\\/7c7e14840c5091c536f2386f87710e37\",\"name\":\"Jose\",\"image\":{\"@type\":\"ImageObject\",\"inLanguage\":\"es\",\"@id\":\"https:\\\/\\\/secure.gravatar.com\\\/avatar\\\/b4fc98d81ad2dabadc7b38d8d9cc7d784080dca9704b983ca16b1fd2926445dc?s=96&d=mm&r=g\",\"url\":\"https:\\\/\\\/secure.gravatar.com\\\/avatar\\\/b4fc98d81ad2dabadc7b38d8d9cc7d784080dca9704b983ca16b1fd2926445dc?s=96&d=mm&r=g\",\"contentUrl\":\"https:\\\/\\\/secure.gravatar.com\\\/avatar\\\/b4fc98d81ad2dabadc7b38d8d9cc7d784080dca9704b983ca16b1fd2926445dc?s=96&d=mm&r=g\",\"caption\":\"Jose\"},\"url\":\"https:\\\/\\\/www.sesmoreres.com\\\/blog\\\/author\\\/jose\\\/\"}]}<\/script>\n<!-- \/ Yoast SEO plugin. -->","yoast_head_json":{"title":"Ocasi\u00f3n, apartamento en primera l\u00ednea en Cap de Artrutx - Ciutadella!!! - Blog sobre Menorca - Ses Moreres","description":"Ocasi\u00f3n apartamento en primera l\u00ednea en Cap de Artrutx Ciutadella un apartamento muy atractivo a pocos metros del mar con unas vistas estupendas...","robots":{"index":"index","follow":"follow","max-snippet":"max-snippet:-1","max-image-preview":"max-image-preview:large","max-video-preview":"max-video-preview:-1"},"canonical":"https:\/\/www.sesmoreres.com\/blog\/ocasion-apartamento-en-primer-linea-en-cap-de-artrutx-ciutadella\/","og_locale":"es_ES","og_type":"article","og_title":"Ocasi\u00f3n, apartamento en primera l\u00ednea en Cap de Artrutx - Ciutadella!!! - Blog sobre Menorca - Ses Moreres","og_description":"Ocasi\u00f3n apartamento en primera l\u00ednea en Cap de Artrutx Ciutadella un apartamento muy atractivo a pocos metros del mar con unas vistas estupendas...","og_url":"https:\/\/www.sesmoreres.com\/blog\/ocasion-apartamento-en-primer-linea-en-cap-de-artrutx-ciutadella\/","og_site_name":"Blog sobre Menorca - Ses Moreres","article_publisher":"https:\/\/www.facebook.com\/sesmoreres\/","article_published_time":"2009-05-29T10:46:00+00:00","article_modified_time":"2020-03-31T12:22:56+00:00","og_image":[{"width":850,"height":567,"url":"https:\/\/www.sesmoreres.com\/blog\/wp-content\/uploads\/2009\/05\/02-property-for-sale-in-ciutadella-cap-de-artrutx-scaled.jpg","type":"image\/jpeg"}],"author":"Jose","twitter_card":"summary_large_image","twitter_misc":{"Escrito por":"Jose"},"schema":{"@context":"https:\/\/schema.org","@graph":[{"@type":"Article","@id":"https:\/\/www.sesmoreres.com\/blog\/ocasion-apartamento-en-primer-linea-en-cap-de-artrutx-ciutadella\/#article","isPartOf":{"@id":"https:\/\/www.sesmoreres.com\/blog\/ocasion-apartamento-en-primer-linea-en-cap-de-artrutx-ciutadella\/"},"author":{"name":"Jose","@id":"https:\/\/www.sesmoreres.com\/blog\/#\/schema\/person\/7c7e14840c5091c536f2386f87710e37"},"headline":"Ocasi\u00f3n, apartamento en primera l\u00ednea en Cap de Artrutx &#8211; Ciutadella!!!","datePublished":"2009-05-29T10:46:00+00:00","dateModified":"2020-03-31T12:22:56+00:00","mainEntityOfPage":{"@id":"https:\/\/www.sesmoreres.com\/blog\/ocasion-apartamento-en-primer-linea-en-cap-de-artrutx-ciutadella\/"},"wordCount":84,"commentCount":0,"publisher":{"@id":"https:\/\/www.sesmoreres.com\/blog\/#organization"},"image":{"@id":"https:\/\/www.sesmoreres.com\/blog\/ocasion-apartamento-en-primer-linea-en-cap-de-artrutx-ciutadella\/#primaryimage"},"thumbnailUrl":"https:\/\/www.sesmoreres.com\/blog\/wp-content\/uploads\/2009\/05\/02-property-for-sale-in-ciutadella-cap-de-artrutx-scaled.jpg","keywords":["apartamento","cap de artrutx","Ciutadella","comprar una casa en Menorca","menorca","playa","primera l\u00ednea","vistas al mar"],"articleSection":["primera linea front line cap de artrutx apartamento chollo ganga embargo apartamento"],"inLanguage":"es","potentialAction":[{"@type":"CommentAction","name":"Comment","target":["https:\/\/www.sesmoreres.com\/blog\/ocasion-apartamento-en-primer-linea-en-cap-de-artrutx-ciutadella\/#respond"]}]},{"@type":"WebPage","@id":"https:\/\/www.sesmoreres.com\/blog\/ocasion-apartamento-en-primer-linea-en-cap-de-artrutx-ciutadella\/","url":"https:\/\/www.sesmoreres.com\/blog\/ocasion-apartamento-en-primer-linea-en-cap-de-artrutx-ciutadella\/","name":"Ocasi\u00f3n, apartamento en primera l\u00ednea en Cap de Artrutx - Ciutadella!!! - Blog sobre Menorca - Ses Moreres","isPartOf":{"@id":"https:\/\/www.sesmoreres.com\/blog\/#website"},"primaryImageOfPage":{"@id":"https:\/\/www.sesmoreres.com\/blog\/ocasion-apartamento-en-primer-linea-en-cap-de-artrutx-ciutadella\/#primaryimage"},"image":{"@id":"https:\/\/www.sesmoreres.com\/blog\/ocasion-apartamento-en-primer-linea-en-cap-de-artrutx-ciutadella\/#primaryimage"},"thumbnailUrl":"https:\/\/www.sesmoreres.com\/blog\/wp-content\/uploads\/2009\/05\/02-property-for-sale-in-ciutadella-cap-de-artrutx-scaled.jpg","datePublished":"2009-05-29T10:46:00+00:00","dateModified":"2020-03-31T12:22:56+00:00","description":"Ocasi\u00f3n apartamento en primera l\u00ednea en Cap de Artrutx Ciutadella un apartamento muy atractivo a pocos metros del mar con unas vistas estupendas...","breadcrumb":{"@id":"https:\/\/www.sesmoreres.com\/blog\/ocasion-apartamento-en-primer-linea-en-cap-de-artrutx-ciutadella\/#breadcrumb"},"inLanguage":"es","potentialAction":[{"@type":"ReadAction","target":["https:\/\/www.sesmoreres.com\/blog\/ocasion-apartamento-en-primer-linea-en-cap-de-artrutx-ciutadella\/"]}]},{"@type":"ImageObject","inLanguage":"es","@id":"https:\/\/www.sesmoreres.com\/blog\/ocasion-apartamento-en-primer-linea-en-cap-de-artrutx-ciutadella\/#primaryimage","url":"https:\/\/www.sesmoreres.com\/blog\/wp-content\/uploads\/2009\/05\/02-property-for-sale-in-ciutadella-cap-de-artrutx-scaled.jpg","contentUrl":"https:\/\/www.sesmoreres.com\/blog\/wp-content\/uploads\/2009\/05\/02-property-for-sale-in-ciutadella-cap-de-artrutx-scaled.jpg","width":850,"height":567,"caption":"Ocasi\u00f3n, apartamento en primer l\u00ednea en Cap de Artrutx Ciutadella"},{"@type":"BreadcrumbList","@id":"https:\/\/www.sesmoreres.com\/blog\/ocasion-apartamento-en-primer-linea-en-cap-de-artrutx-ciutadella\/#breadcrumb","itemListElement":[{"@type":"ListItem","position":1,"name":"Portada","item":"https:\/\/www.sesmoreres.com\/blog\/"},{"@type":"ListItem","position":2,"name":"Ocasi\u00f3n, apartamento en primera l\u00ednea en Cap de Artrutx &#8211; Ciutadella!!!"}]},{"@type":"WebSite","@id":"https:\/\/www.sesmoreres.com\/blog\/#website","url":"https:\/\/www.sesmoreres.com\/blog\/","name":"Blog sobre Menorca - Ses Moreres","description":"Agencia inmobiliaria de Menorca lider en la venta de propiedades de lujo. Fincas r\u00fasticas, casas de campo, chalets, terrenos.","publisher":{"@id":"https:\/\/www.sesmoreres.com\/blog\/#organization"},"potentialAction":[{"@type":"SearchAction","target":{"@type":"EntryPoint","urlTemplate":"https:\/\/www.sesmoreres.com\/blog\/?s={search_term_string}"},"query-input":{"@type":"PropertyValueSpecification","valueRequired":true,"valueName":"search_term_string"}}],"inLanguage":"es"},{"@type":"Organization","@id":"https:\/\/www.sesmoreres.com\/blog\/#organization","name":"Ses Moreres","url":"https:\/\/www.sesmoreres.com\/blog\/","logo":{"@type":"ImageObject","inLanguage":"es","@id":"https:\/\/www.sesmoreres.com\/blog\/#\/schema\/logo\/image\/","url":"https:\/\/www.sesmoreres.com\/blog\/wp-content\/uploads\/2019\/07\/ses-moreres-inmobiliaria-menorca.gif","contentUrl":"https:\/\/www.sesmoreres.com\/blog\/wp-content\/uploads\/2019\/07\/ses-moreres-inmobiliaria-menorca.gif","width":170,"height":95,"caption":"Ses Moreres"},"image":{"@id":"https:\/\/www.sesmoreres.com\/blog\/#\/schema\/logo\/image\/"},"sameAs":["https:\/\/www.facebook.com\/sesmoreres\/","https:\/\/www.instagram.com\/inmobiliariasesmoreres\/?hl=es","https:\/\/www.youtube.com\/user\/sesmoreres"]},{"@type":"Person","@id":"https:\/\/www.sesmoreres.com\/blog\/#\/schema\/person\/7c7e14840c5091c536f2386f87710e37","name":"Jose","image":{"@type":"ImageObject","inLanguage":"es","@id":"https:\/\/secure.gravatar.com\/avatar\/b4fc98d81ad2dabadc7b38d8d9cc7d784080dca9704b983ca16b1fd2926445dc?s=96&d=mm&r=g","url":"https:\/\/secure.gravatar.com\/avatar\/b4fc98d81ad2dabadc7b38d8d9cc7d784080dca9704b983ca16b1fd2926445dc?s=96&d=mm&r=g","contentUrl":"https:\/\/secure.gravatar.com\/avatar\/b4fc98d81ad2dabadc7b38d8d9cc7d784080dca9704b983ca16b1fd2926445dc?s=96&d=mm&r=g","caption":"Jose"},"url":"https:\/\/www.sesmoreres.com\/blog\/author\/jose\/"}]}},"_links":{"self":[{"href":"https:\/\/www.sesmoreres.com\/blog\/wp-json\/wp\/v2\/posts\/557","targetHints":{"allow":["GET"]}}],"collection":[{"href":"https:\/\/www.sesmoreres.com\/blog\/wp-json\/wp\/v2\/posts"}],"about":[{"href":"https:\/\/www.sesmoreres.com\/blog\/wp-json\/wp\/v2\/types\/post"}],"author":[{"embeddable":true,"href":"https:\/\/www.sesmoreres.com\/blog\/wp-json\/wp\/v2\/users\/2"}],"replies":[{"embeddable":true,"href":"https:\/\/www.sesmoreres.com\/blog\/wp-json\/wp\/v2\/comments?post=557"}],"version-history":[{"count":2,"href":"https:\/\/www.sesmoreres.com\/blog\/wp-json\/wp\/v2\/posts\/557\/revisions"}],"predecessor-version":[{"id":1330,"href":"https:\/\/www.sesmoreres.com\/blog\/wp-json\/wp\/v2\/posts\/557\/revisions\/1330"}],"wp:featuredmedia":[{"embeddable":true,"href":"https:\/\/www.sesmoreres.com\/blog\/wp-json\/wp\/v2\/media\/1329"}],"wp:attachment":[{"href":"https:\/\/www.sesmoreres.com\/blog\/wp-json\/wp\/v2\/media?parent=557"}],"wp:term":[{"taxonomy":"category","embeddable":true,"href":"https:\/\/www.sesmoreres.com\/blog\/wp-json\/wp\/v2\/categories?post=557"},{"taxonomy":"post_tag","embeddable":true,"href":"https:\/\/www.sesmoreres.com\/blog\/wp-json\/wp\/v2\/tags?post=557"}],"curies":[{"name":"wp","href":"https:\/\/api.w.org\/{rel}","templated":true}]}}