{"id":543,"date":"2009-09-21T10:53:00","date_gmt":"2009-09-21T08:53:00","guid":{"rendered":"https:\/\/www.sesmoreres.com\/blog\/2009\/09\/21\/finca-rustica-en-es-mercadal-menorca\/"},"modified":"2023-11-20T17:55:16","modified_gmt":"2023-11-20T16:55:16","slug":"finca-rustica-en-es-mercadal-menorca","status":"publish","type":"post","link":"https:\/\/www.sesmoreres.com\/blog\/finca-rustica-en-es-mercadal-menorca\/","title":{"rendered":"Finca r\u00fastica en Es Mercadal Menorca!!"},"content":{"rendered":"<p>&nbsp;<\/p>\n<p>En esta ocasi\u00f3n os mostramos una peque\u00f1a finca r\u00fastica con encanto que se encuentra oculta en el bosque de <a href=\"https:\/\/www.sesmoreres.com\/resultado-busqueda\/?search=mercadal\">Es Mercadal<\/a>. Tiene una casa en buen estado de 4 habitaciones y 2 ba\u00f1os. Como siempre pod\u00e9is ver toda la informaci\u00f3n en el v\u00eddeo debajo.<\/p>\n<p>&nbsp;<\/p>\n<p><iframe data-src=\"https:\/\/www.youtube.com\/embed\/veTJahGDrPs\" width=\"540\" height=\"300\" frameborder=\"0\" allowfullscreen=\"allowfullscreen\" src=\"data:image\/svg+xml;base64,PHN2ZyB3aWR0aD0iMSIgaGVpZ2h0PSIxIiB4bWxucz0iaHR0cDovL3d3dy53My5vcmcvMjAwMC9zdmciPjwvc3ZnPg==\" class=\"lazyload\" data-load-mode=\"1\"><\/iframe><\/p>\n<p>Para saber el precio o visitar, llama al <strong>Tel +34 971 35 15 30<\/strong>, o env\u00eda un correo electr\u00f3nico a <a href=\"mailto:inversiones@sesmoreres.com?subject=Info%20Finca%20r%C3%BAstica%20Es%20Mercadal&amp;body=Me%20gustaria%20saber%20el%20precio\">inversiones@sesmoreres.com<\/a><\/p>\n<p>&nbsp;<\/p>\n<p>Y como viene siendo habitual os incluimos una nueva entrega de \u00abLugares secretos de Menorca\u00bb donde os descubrimos<br \/>\n<a href=\"http:\/\/maps.google.es\/?ie=UTF8&amp;ll=39.913242,4.289539&amp;spn=0.007159,0.021887&amp;t=h&amp;z=16\">Sa Mesquida <\/a>(Cala Mezquida) y las calas menos conocidas como \u00ab<a href=\"http:\/\/maps.google.es\/?ie=UTF8&amp;ll=39.918426,4.285655&amp;spn=0.003579,0.010943&amp;t=h&amp;z=17\">Sa Raconada Vella<\/a>\u00bb y <a href=\"http:\/\/maps.google.es\/?ie=UTF8&amp;ll=39.925424,4.282688&amp;spn=0.00179,0.005472&amp;t=h&amp;z=18\">\u00abCaleta de Binillauti\u00bb<\/a><\/p>\n<p><iframe data-src=\"https:\/\/www.youtube.com\/embed\/AkAl5ehUchE\" width=\"540\" height=\"300\" frameborder=\"0\" allowfullscreen=\"allowfullscreen\" src=\"data:image\/svg+xml;base64,PHN2ZyB3aWR0aD0iMSIgaGVpZ2h0PSIxIiB4bWxucz0iaHR0cDovL3d3dy53My5vcmcvMjAwMC9zdmciPjwvc3ZnPg==\" class=\"lazyload\" data-load-mode=\"1\"><\/iframe><\/p>\n<p>&nbsp;<\/p>\n","protected":false},"excerpt":{"rendered":"<p>&nbsp; En esta ocasi\u00f3n os mostramos una peque\u00f1a finca r\u00fastica con encanto que se encuentra oculta en el bosque de Es Mercadal. Tiene una casa en buen estado de 4 habitaciones y 2 ba\u00f1os. Como siempre pod\u00e9is ver toda la &hellip; <a href=\"https:\/\/www.sesmoreres.com\/blog\/finca-rustica-en-es-mercadal-menorca\/\">Continuar<\/a><\/p>\n","protected":false},"author":2,"featured_media":1373,"comment_status":"open","ping_status":"open","sticky":false,"template":"","format":"standard","meta":{"footnotes":""},"categories":[571,322,238,232],"tags":[753,752,722,750,603,610,751],"class_list":["post-543","post","type-post","status-publish","format-standard","has-post-thumbnail","hentry","category-finca-rustica-es-mercadal-casa-de-campo-sa-mesquida-sa-raconada-vella-binillauti-menorca-turismo-inmobiliaria-secretos-lugares","category-inmobiliaria","category-lujo","category-menorca","tag-bosque","tag-campo","tag-comprar-en-menorca","tag-country-estate","tag-finca-rustica","tag-menorca","tag-mercadal"],"yoast_head":"<!-- This site is optimized with the Yoast SEO plugin v27.5 - https:\/\/yoast.com\/product\/yoast-seo-wordpress\/ -->\n<title>Finca r\u00fastica en Es Mercadal Menorca!! - Blog sobre Menorca - Ses Moreres<\/title>\n<meta name=\"description\" content=\"Finca r\u00fastica en Es Mercadal Menorca. Tiene una casa en buen estado de 4 habitaciones y 2 ba\u00f1os. Como siempre pod\u00e9is ver toda...\" \/>\n<meta name=\"robots\" content=\"index, follow, max-snippet:-1, max-image-preview:large, max-video-preview:-1\" \/>\n<link rel=\"canonical\" href=\"https:\/\/www.sesmoreres.com\/blog\/finca-rustica-en-es-mercadal-menorca\/\" \/>\n<meta property=\"og:locale\" content=\"es_ES\" \/>\n<meta property=\"og:type\" content=\"article\" \/>\n<meta property=\"og:title\" content=\"Finca r\u00fastica en Es Mercadal Menorca!! - Blog sobre Menorca - Ses Moreres\" \/>\n<meta property=\"og:description\" content=\"Finca r\u00fastica en Es Mercadal Menorca. Tiene una casa en buen estado de 4 habitaciones y 2 ba\u00f1os. Como siempre pod\u00e9is ver toda...\" \/>\n<meta property=\"og:url\" content=\"https:\/\/www.sesmoreres.com\/blog\/finca-rustica-en-es-mercadal-menorca\/\" \/>\n<meta property=\"og:site_name\" content=\"Blog sobre Menorca - Ses Moreres\" \/>\n<meta property=\"article:publisher\" content=\"https:\/\/www.facebook.com\/sesmoreres\/\" \/>\n<meta property=\"article:published_time\" content=\"2009-09-21T08:53:00+00:00\" \/>\n<meta property=\"article:modified_time\" content=\"2023-11-20T16:55:16+00:00\" \/>\n<meta property=\"og:image\" content=\"https:\/\/www.sesmoreres.com\/blog\/wp-content\/uploads\/2009\/09\/finca-rustica-venta-mercadal-menorca.jpg\" \/>\n\t<meta property=\"og:image:width\" content=\"800\" \/>\n\t<meta property=\"og:image:height\" content=\"534\" \/>\n\t<meta property=\"og:image:type\" content=\"image\/jpeg\" \/>\n<meta name=\"author\" content=\"Jose\" \/>\n<meta name=\"twitter:card\" content=\"summary_large_image\" \/>\n<meta name=\"twitter:label1\" content=\"Escrito por\" \/>\n\t<meta name=\"twitter:data1\" content=\"Jose\" \/>\n\t<meta name=\"twitter:label2\" content=\"Tiempo de lectura\" \/>\n\t<meta name=\"twitter:data2\" content=\"1 minuto\" \/>\n<script type=\"application\/ld+json\" class=\"yoast-schema-graph\">{\"@context\":\"https:\\\/\\\/schema.org\",\"@graph\":[{\"@type\":\"Article\",\"@id\":\"https:\\\/\\\/www.sesmoreres.com\\\/blog\\\/finca-rustica-en-es-mercadal-menorca\\\/#article\",\"isPartOf\":{\"@id\":\"https:\\\/\\\/www.sesmoreres.com\\\/blog\\\/finca-rustica-en-es-mercadal-menorca\\\/\"},\"author\":{\"name\":\"Jose\",\"@id\":\"https:\\\/\\\/www.sesmoreres.com\\\/blog\\\/#\\\/schema\\\/person\\\/7c7e14840c5091c536f2386f87710e37\"},\"headline\":\"Finca r\u00fastica en Es Mercadal Menorca!!\",\"datePublished\":\"2009-09-21T08:53:00+00:00\",\"dateModified\":\"2023-11-20T16:55:16+00:00\",\"mainEntityOfPage\":{\"@id\":\"https:\\\/\\\/www.sesmoreres.com\\\/blog\\\/finca-rustica-en-es-mercadal-menorca\\\/\"},\"wordCount\":115,\"commentCount\":0,\"publisher\":{\"@id\":\"https:\\\/\\\/www.sesmoreres.com\\\/blog\\\/#organization\"},\"image\":{\"@id\":\"https:\\\/\\\/www.sesmoreres.com\\\/blog\\\/finca-rustica-en-es-mercadal-menorca\\\/#primaryimage\"},\"thumbnailUrl\":\"https:\\\/\\\/www.sesmoreres.com\\\/blog\\\/wp-content\\\/uploads\\\/2009\\\/09\\\/finca-rustica-venta-mercadal-menorca.jpg\",\"keywords\":[\"bosque\",\"campo\",\"comprar en menorca\",\"country estate\",\"finca rustica\",\"menorca\",\"mercadal\"],\"articleSection\":[\"Finca r\u00fastica \\\"es Mercadal\\\" \\\"casa de campo\\\" \\\"sa Mesquida\\\" \\\"Sa Raconada Vella\\\" binillauti menorca turismo inmobiliaria secretos lugares\",\"inmobiliaria\",\"lujo\",\"menorca\"],\"inLanguage\":\"es\",\"potentialAction\":[{\"@type\":\"CommentAction\",\"name\":\"Comment\",\"target\":[\"https:\\\/\\\/www.sesmoreres.com\\\/blog\\\/finca-rustica-en-es-mercadal-menorca\\\/#respond\"]}]},{\"@type\":\"WebPage\",\"@id\":\"https:\\\/\\\/www.sesmoreres.com\\\/blog\\\/finca-rustica-en-es-mercadal-menorca\\\/\",\"url\":\"https:\\\/\\\/www.sesmoreres.com\\\/blog\\\/finca-rustica-en-es-mercadal-menorca\\\/\",\"name\":\"Finca r\u00fastica en Es Mercadal Menorca!! - Blog sobre Menorca - Ses Moreres\",\"isPartOf\":{\"@id\":\"https:\\\/\\\/www.sesmoreres.com\\\/blog\\\/#website\"},\"primaryImageOfPage\":{\"@id\":\"https:\\\/\\\/www.sesmoreres.com\\\/blog\\\/finca-rustica-en-es-mercadal-menorca\\\/#primaryimage\"},\"image\":{\"@id\":\"https:\\\/\\\/www.sesmoreres.com\\\/blog\\\/finca-rustica-en-es-mercadal-menorca\\\/#primaryimage\"},\"thumbnailUrl\":\"https:\\\/\\\/www.sesmoreres.com\\\/blog\\\/wp-content\\\/uploads\\\/2009\\\/09\\\/finca-rustica-venta-mercadal-menorca.jpg\",\"datePublished\":\"2009-09-21T08:53:00+00:00\",\"dateModified\":\"2023-11-20T16:55:16+00:00\",\"description\":\"Finca r\u00fastica en Es Mercadal Menorca. Tiene una casa en buen estado de 4 habitaciones y 2 ba\u00f1os. Como siempre pod\u00e9is ver toda...\",\"breadcrumb\":{\"@id\":\"https:\\\/\\\/www.sesmoreres.com\\\/blog\\\/finca-rustica-en-es-mercadal-menorca\\\/#breadcrumb\"},\"inLanguage\":\"es\",\"potentialAction\":[{\"@type\":\"ReadAction\",\"target\":[\"https:\\\/\\\/www.sesmoreres.com\\\/blog\\\/finca-rustica-en-es-mercadal-menorca\\\/\"]}]},{\"@type\":\"ImageObject\",\"inLanguage\":\"es\",\"@id\":\"https:\\\/\\\/www.sesmoreres.com\\\/blog\\\/finca-rustica-en-es-mercadal-menorca\\\/#primaryimage\",\"url\":\"https:\\\/\\\/www.sesmoreres.com\\\/blog\\\/wp-content\\\/uploads\\\/2009\\\/09\\\/finca-rustica-venta-mercadal-menorca.jpg\",\"contentUrl\":\"https:\\\/\\\/www.sesmoreres.com\\\/blog\\\/wp-content\\\/uploads\\\/2009\\\/09\\\/finca-rustica-venta-mercadal-menorca.jpg\",\"width\":800,\"height\":534,\"caption\":\"finca r\u00fastica con encanto que se encuentra oculta en el bosque de Es Mercadal\"},{\"@type\":\"BreadcrumbList\",\"@id\":\"https:\\\/\\\/www.sesmoreres.com\\\/blog\\\/finca-rustica-en-es-mercadal-menorca\\\/#breadcrumb\",\"itemListElement\":[{\"@type\":\"ListItem\",\"position\":1,\"name\":\"Portada\",\"item\":\"https:\\\/\\\/www.sesmoreres.com\\\/blog\\\/\"},{\"@type\":\"ListItem\",\"position\":2,\"name\":\"Finca r\u00fastica en Es Mercadal Menorca!!\"}]},{\"@type\":\"WebSite\",\"@id\":\"https:\\\/\\\/www.sesmoreres.com\\\/blog\\\/#website\",\"url\":\"https:\\\/\\\/www.sesmoreres.com\\\/blog\\\/\",\"name\":\"Blog sobre Menorca - Ses Moreres\",\"description\":\"Agencia inmobiliaria de Menorca lider en la venta de propiedades de lujo. Fincas r\u00fasticas, casas de campo, chalets, terrenos.\",\"publisher\":{\"@id\":\"https:\\\/\\\/www.sesmoreres.com\\\/blog\\\/#organization\"},\"potentialAction\":[{\"@type\":\"SearchAction\",\"target\":{\"@type\":\"EntryPoint\",\"urlTemplate\":\"https:\\\/\\\/www.sesmoreres.com\\\/blog\\\/?s={search_term_string}\"},\"query-input\":{\"@type\":\"PropertyValueSpecification\",\"valueRequired\":true,\"valueName\":\"search_term_string\"}}],\"inLanguage\":\"es\"},{\"@type\":\"Organization\",\"@id\":\"https:\\\/\\\/www.sesmoreres.com\\\/blog\\\/#organization\",\"name\":\"Ses Moreres\",\"url\":\"https:\\\/\\\/www.sesmoreres.com\\\/blog\\\/\",\"logo\":{\"@type\":\"ImageObject\",\"inLanguage\":\"es\",\"@id\":\"https:\\\/\\\/www.sesmoreres.com\\\/blog\\\/#\\\/schema\\\/logo\\\/image\\\/\",\"url\":\"https:\\\/\\\/www.sesmoreres.com\\\/blog\\\/wp-content\\\/uploads\\\/2019\\\/07\\\/ses-moreres-inmobiliaria-menorca.gif\",\"contentUrl\":\"https:\\\/\\\/www.sesmoreres.com\\\/blog\\\/wp-content\\\/uploads\\\/2019\\\/07\\\/ses-moreres-inmobiliaria-menorca.gif\",\"width\":170,\"height\":95,\"caption\":\"Ses Moreres\"},\"image\":{\"@id\":\"https:\\\/\\\/www.sesmoreres.com\\\/blog\\\/#\\\/schema\\\/logo\\\/image\\\/\"},\"sameAs\":[\"https:\\\/\\\/www.facebook.com\\\/sesmoreres\\\/\",\"https:\\\/\\\/www.instagram.com\\\/inmobiliariasesmoreres\\\/?hl=es\",\"https:\\\/\\\/www.youtube.com\\\/user\\\/sesmoreres\"]},{\"@type\":\"Person\",\"@id\":\"https:\\\/\\\/www.sesmoreres.com\\\/blog\\\/#\\\/schema\\\/person\\\/7c7e14840c5091c536f2386f87710e37\",\"name\":\"Jose\",\"image\":{\"@type\":\"ImageObject\",\"inLanguage\":\"es\",\"@id\":\"https:\\\/\\\/secure.gravatar.com\\\/avatar\\\/b4fc98d81ad2dabadc7b38d8d9cc7d784080dca9704b983ca16b1fd2926445dc?s=96&d=mm&r=g\",\"url\":\"https:\\\/\\\/secure.gravatar.com\\\/avatar\\\/b4fc98d81ad2dabadc7b38d8d9cc7d784080dca9704b983ca16b1fd2926445dc?s=96&d=mm&r=g\",\"contentUrl\":\"https:\\\/\\\/secure.gravatar.com\\\/avatar\\\/b4fc98d81ad2dabadc7b38d8d9cc7d784080dca9704b983ca16b1fd2926445dc?s=96&d=mm&r=g\",\"caption\":\"Jose\"},\"url\":\"https:\\\/\\\/www.sesmoreres.com\\\/blog\\\/author\\\/jose\\\/\"}]}<\/script>\n<!-- \/ Yoast SEO plugin. -->","yoast_head_json":{"title":"Finca r\u00fastica en Es Mercadal Menorca!! - Blog sobre Menorca - Ses Moreres","description":"Finca r\u00fastica en Es Mercadal Menorca. Tiene una casa en buen estado de 4 habitaciones y 2 ba\u00f1os. Como siempre pod\u00e9is ver toda...","robots":{"index":"index","follow":"follow","max-snippet":"max-snippet:-1","max-image-preview":"max-image-preview:large","max-video-preview":"max-video-preview:-1"},"canonical":"https:\/\/www.sesmoreres.com\/blog\/finca-rustica-en-es-mercadal-menorca\/","og_locale":"es_ES","og_type":"article","og_title":"Finca r\u00fastica en Es Mercadal Menorca!! - Blog sobre Menorca - Ses Moreres","og_description":"Finca r\u00fastica en Es Mercadal Menorca. Tiene una casa en buen estado de 4 habitaciones y 2 ba\u00f1os. Como siempre pod\u00e9is ver toda...","og_url":"https:\/\/www.sesmoreres.com\/blog\/finca-rustica-en-es-mercadal-menorca\/","og_site_name":"Blog sobre Menorca - Ses Moreres","article_publisher":"https:\/\/www.facebook.com\/sesmoreres\/","article_published_time":"2009-09-21T08:53:00+00:00","article_modified_time":"2023-11-20T16:55:16+00:00","og_image":[{"width":800,"height":534,"url":"https:\/\/www.sesmoreres.com\/blog\/wp-content\/uploads\/2009\/09\/finca-rustica-venta-mercadal-menorca.jpg","type":"image\/jpeg"}],"author":"Jose","twitter_card":"summary_large_image","twitter_misc":{"Escrito por":"Jose","Tiempo de lectura":"1 minuto"},"schema":{"@context":"https:\/\/schema.org","@graph":[{"@type":"Article","@id":"https:\/\/www.sesmoreres.com\/blog\/finca-rustica-en-es-mercadal-menorca\/#article","isPartOf":{"@id":"https:\/\/www.sesmoreres.com\/blog\/finca-rustica-en-es-mercadal-menorca\/"},"author":{"name":"Jose","@id":"https:\/\/www.sesmoreres.com\/blog\/#\/schema\/person\/7c7e14840c5091c536f2386f87710e37"},"headline":"Finca r\u00fastica en Es Mercadal Menorca!!","datePublished":"2009-09-21T08:53:00+00:00","dateModified":"2023-11-20T16:55:16+00:00","mainEntityOfPage":{"@id":"https:\/\/www.sesmoreres.com\/blog\/finca-rustica-en-es-mercadal-menorca\/"},"wordCount":115,"commentCount":0,"publisher":{"@id":"https:\/\/www.sesmoreres.com\/blog\/#organization"},"image":{"@id":"https:\/\/www.sesmoreres.com\/blog\/finca-rustica-en-es-mercadal-menorca\/#primaryimage"},"thumbnailUrl":"https:\/\/www.sesmoreres.com\/blog\/wp-content\/uploads\/2009\/09\/finca-rustica-venta-mercadal-menorca.jpg","keywords":["bosque","campo","comprar en menorca","country estate","finca rustica","menorca","mercadal"],"articleSection":["Finca r\u00fastica \"es Mercadal\" \"casa de campo\" \"sa Mesquida\" \"Sa Raconada Vella\" binillauti menorca turismo inmobiliaria secretos lugares","inmobiliaria","lujo","menorca"],"inLanguage":"es","potentialAction":[{"@type":"CommentAction","name":"Comment","target":["https:\/\/www.sesmoreres.com\/blog\/finca-rustica-en-es-mercadal-menorca\/#respond"]}]},{"@type":"WebPage","@id":"https:\/\/www.sesmoreres.com\/blog\/finca-rustica-en-es-mercadal-menorca\/","url":"https:\/\/www.sesmoreres.com\/blog\/finca-rustica-en-es-mercadal-menorca\/","name":"Finca r\u00fastica en Es Mercadal Menorca!! - Blog sobre Menorca - Ses Moreres","isPartOf":{"@id":"https:\/\/www.sesmoreres.com\/blog\/#website"},"primaryImageOfPage":{"@id":"https:\/\/www.sesmoreres.com\/blog\/finca-rustica-en-es-mercadal-menorca\/#primaryimage"},"image":{"@id":"https:\/\/www.sesmoreres.com\/blog\/finca-rustica-en-es-mercadal-menorca\/#primaryimage"},"thumbnailUrl":"https:\/\/www.sesmoreres.com\/blog\/wp-content\/uploads\/2009\/09\/finca-rustica-venta-mercadal-menorca.jpg","datePublished":"2009-09-21T08:53:00+00:00","dateModified":"2023-11-20T16:55:16+00:00","description":"Finca r\u00fastica en Es Mercadal Menorca. Tiene una casa en buen estado de 4 habitaciones y 2 ba\u00f1os. Como siempre pod\u00e9is ver toda...","breadcrumb":{"@id":"https:\/\/www.sesmoreres.com\/blog\/finca-rustica-en-es-mercadal-menorca\/#breadcrumb"},"inLanguage":"es","potentialAction":[{"@type":"ReadAction","target":["https:\/\/www.sesmoreres.com\/blog\/finca-rustica-en-es-mercadal-menorca\/"]}]},{"@type":"ImageObject","inLanguage":"es","@id":"https:\/\/www.sesmoreres.com\/blog\/finca-rustica-en-es-mercadal-menorca\/#primaryimage","url":"https:\/\/www.sesmoreres.com\/blog\/wp-content\/uploads\/2009\/09\/finca-rustica-venta-mercadal-menorca.jpg","contentUrl":"https:\/\/www.sesmoreres.com\/blog\/wp-content\/uploads\/2009\/09\/finca-rustica-venta-mercadal-menorca.jpg","width":800,"height":534,"caption":"finca r\u00fastica con encanto que se encuentra oculta en el bosque de Es Mercadal"},{"@type":"BreadcrumbList","@id":"https:\/\/www.sesmoreres.com\/blog\/finca-rustica-en-es-mercadal-menorca\/#breadcrumb","itemListElement":[{"@type":"ListItem","position":1,"name":"Portada","item":"https:\/\/www.sesmoreres.com\/blog\/"},{"@type":"ListItem","position":2,"name":"Finca r\u00fastica en Es Mercadal Menorca!!"}]},{"@type":"WebSite","@id":"https:\/\/www.sesmoreres.com\/blog\/#website","url":"https:\/\/www.sesmoreres.com\/blog\/","name":"Blog sobre Menorca - Ses Moreres","description":"Agencia inmobiliaria de Menorca lider en la venta de propiedades de lujo. Fincas r\u00fasticas, casas de campo, chalets, terrenos.","publisher":{"@id":"https:\/\/www.sesmoreres.com\/blog\/#organization"},"potentialAction":[{"@type":"SearchAction","target":{"@type":"EntryPoint","urlTemplate":"https:\/\/www.sesmoreres.com\/blog\/?s={search_term_string}"},"query-input":{"@type":"PropertyValueSpecification","valueRequired":true,"valueName":"search_term_string"}}],"inLanguage":"es"},{"@type":"Organization","@id":"https:\/\/www.sesmoreres.com\/blog\/#organization","name":"Ses Moreres","url":"https:\/\/www.sesmoreres.com\/blog\/","logo":{"@type":"ImageObject","inLanguage":"es","@id":"https:\/\/www.sesmoreres.com\/blog\/#\/schema\/logo\/image\/","url":"https:\/\/www.sesmoreres.com\/blog\/wp-content\/uploads\/2019\/07\/ses-moreres-inmobiliaria-menorca.gif","contentUrl":"https:\/\/www.sesmoreres.com\/blog\/wp-content\/uploads\/2019\/07\/ses-moreres-inmobiliaria-menorca.gif","width":170,"height":95,"caption":"Ses Moreres"},"image":{"@id":"https:\/\/www.sesmoreres.com\/blog\/#\/schema\/logo\/image\/"},"sameAs":["https:\/\/www.facebook.com\/sesmoreres\/","https:\/\/www.instagram.com\/inmobiliariasesmoreres\/?hl=es","https:\/\/www.youtube.com\/user\/sesmoreres"]},{"@type":"Person","@id":"https:\/\/www.sesmoreres.com\/blog\/#\/schema\/person\/7c7e14840c5091c536f2386f87710e37","name":"Jose","image":{"@type":"ImageObject","inLanguage":"es","@id":"https:\/\/secure.gravatar.com\/avatar\/b4fc98d81ad2dabadc7b38d8d9cc7d784080dca9704b983ca16b1fd2926445dc?s=96&d=mm&r=g","url":"https:\/\/secure.gravatar.com\/avatar\/b4fc98d81ad2dabadc7b38d8d9cc7d784080dca9704b983ca16b1fd2926445dc?s=96&d=mm&r=g","contentUrl":"https:\/\/secure.gravatar.com\/avatar\/b4fc98d81ad2dabadc7b38d8d9cc7d784080dca9704b983ca16b1fd2926445dc?s=96&d=mm&r=g","caption":"Jose"},"url":"https:\/\/www.sesmoreres.com\/blog\/author\/jose\/"}]}},"_links":{"self":[{"href":"https:\/\/www.sesmoreres.com\/blog\/wp-json\/wp\/v2\/posts\/543","targetHints":{"allow":["GET"]}}],"collection":[{"href":"https:\/\/www.sesmoreres.com\/blog\/wp-json\/wp\/v2\/posts"}],"about":[{"href":"https:\/\/www.sesmoreres.com\/blog\/wp-json\/wp\/v2\/types\/post"}],"author":[{"embeddable":true,"href":"https:\/\/www.sesmoreres.com\/blog\/wp-json\/wp\/v2\/users\/2"}],"replies":[{"embeddable":true,"href":"https:\/\/www.sesmoreres.com\/blog\/wp-json\/wp\/v2\/comments?post=543"}],"version-history":[{"count":4,"href":"https:\/\/www.sesmoreres.com\/blog\/wp-json\/wp\/v2\/posts\/543\/revisions"}],"predecessor-version":[{"id":1376,"href":"https:\/\/www.sesmoreres.com\/blog\/wp-json\/wp\/v2\/posts\/543\/revisions\/1376"}],"wp:featuredmedia":[{"embeddable":true,"href":"https:\/\/www.sesmoreres.com\/blog\/wp-json\/wp\/v2\/media\/1373"}],"wp:attachment":[{"href":"https:\/\/www.sesmoreres.com\/blog\/wp-json\/wp\/v2\/media?parent=543"}],"wp:term":[{"taxonomy":"category","embeddable":true,"href":"https:\/\/www.sesmoreres.com\/blog\/wp-json\/wp\/v2\/categories?post=543"},{"taxonomy":"post_tag","embeddable":true,"href":"https:\/\/www.sesmoreres.com\/blog\/wp-json\/wp\/v2\/tags?post=543"}],"curies":[{"name":"wp","href":"https:\/\/api.w.org\/{rel}","templated":true}]}}