{"id":529,"date":"2010-02-16T10:18:00","date_gmt":"2010-02-16T09:18:00","guid":{"rendered":"https:\/\/www.sesmoreres.com\/blog\/2010\/02\/16\/ha-nevado-en-menorca-12-de-febrero-2010\/"},"modified":"2020-04-01T19:39:39","modified_gmt":"2020-04-01T17:39:39","slug":"ha-nevado-en-menorca-12-de-febrero-2010","status":"publish","type":"post","link":"https:\/\/www.sesmoreres.com\/blog\/ha-nevado-en-menorca-12-de-febrero-2010\/","title":{"rendered":"\u00a1\u00a1\u00a1 Ha nevado en Menorca !!! 12 de Febrero 2010"},"content":{"rendered":"<p>&nbsp;<\/p>\n<p>Ante los felices rostros de los habitantes de Menorca, los copos de nieve cubrieron la mayor parte de la isla de Menorca, dibujando un paisaje m\u00e1gico sin igual, donde el mar y la nieve se unieron, para formar un ins\u00f3lito decorado, que no dej\u00f3 indiferentes, a los afortunados que disfrutaron ante tal espect\u00e1culo. Sin duda, la fecha del 12 de febrero del a\u00f1o 2010, ocupar\u00e1 un lugar en los anales de la historia menorquina.<\/p>\n<p><iframe data-src=\"https:\/\/www.youtube.com\/embed\/bmBxAmnpTT0\" width=\"540\" height=\"305\" frameborder=\"0\" allowfullscreen=\"allowfullscreen\" src=\"data:image\/svg+xml;base64,PHN2ZyB3aWR0aD0iMSIgaGVpZ2h0PSIxIiB4bWxucz0iaHR0cDovL3d3dy53My5vcmcvMjAwMC9zdmciPjwvc3ZnPg==\" class=\"lazyload\" data-load-mode=\"1\"><\/iframe><\/p>\n","protected":false},"excerpt":{"rendered":"<p>&nbsp; Ante los felices rostros de los habitantes de Menorca, los copos de nieve cubrieron la mayor parte de la isla de Menorca, dibujando un paisaje m\u00e1gico sin igual, donde el mar y la nieve se unieron, para formar un &hellip; <a href=\"https:\/\/www.sesmoreres.com\/blog\/ha-nevado-en-menorca-12-de-febrero-2010\/\">Continuar<\/a><\/p>\n","protected":false},"author":2,"featured_media":1425,"comment_status":"open","ping_status":"open","sticky":false,"template":"","format":"standard","meta":{"footnotes":""},"categories":[558],"tags":[774,606,734,772,773,771],"class_list":["post-529","post","type-post","status-publish","format-standard","has-post-thumbnail","hentry","category-nevada-menorca-snowy-nieve-12-febrero-2010-hielo","tag-historia","tag-isla","tag-menorquina","tag-nevada-menorca","tag-nevando-en-el-mar","tag-nieve-en-menorca"],"yoast_head":"<!-- This site is optimized with the Yoast SEO plugin v27.5 - https:\/\/yoast.com\/product\/yoast-seo-wordpress\/ -->\n<title>\u00a1\u00a1\u00a1 Ha nevado en Menorca !!! 12 de Febrero 2010 Blog sobre Menorca - Ses Moreres<\/title>\n<meta name=\"description\" content=\"Ha nevado en Menorca. Ante los felices rostros de los habitantes, los copos de nieve cubrieron la mayor parte de la isla de Menorca...\" \/>\n<meta name=\"robots\" content=\"index, follow, max-snippet:-1, max-image-preview:large, max-video-preview:-1\" \/>\n<link rel=\"canonical\" href=\"https:\/\/www.sesmoreres.com\/blog\/ha-nevado-en-menorca-12-de-febrero-2010\/\" \/>\n<meta property=\"og:locale\" content=\"es_ES\" \/>\n<meta property=\"og:type\" content=\"article\" \/>\n<meta property=\"og:title\" content=\"\u00a1\u00a1\u00a1 Ha nevado en Menorca !!! 12 de Febrero 2010 Blog sobre Menorca - Ses Moreres\" \/>\n<meta property=\"og:description\" content=\"Ha nevado en Menorca. Ante los felices rostros de los habitantes, los copos de nieve cubrieron la mayor parte de la isla de Menorca...\" \/>\n<meta property=\"og:url\" content=\"https:\/\/www.sesmoreres.com\/blog\/ha-nevado-en-menorca-12-de-febrero-2010\/\" \/>\n<meta property=\"og:site_name\" content=\"Blog sobre Menorca - Ses Moreres\" \/>\n<meta property=\"article:publisher\" content=\"https:\/\/www.facebook.com\/sesmoreres\/\" \/>\n<meta property=\"article:published_time\" content=\"2010-02-16T09:18:00+00:00\" \/>\n<meta property=\"article:modified_time\" content=\"2020-04-01T17:39:39+00:00\" \/>\n<meta property=\"og:image\" content=\"https:\/\/www.sesmoreres.com\/blog\/wp-content\/uploads\/2010\/02\/nieve-en-menorca-ha-nevado-en-menorca.jpg\" \/>\n\t<meta property=\"og:image:width\" content=\"638\" \/>\n\t<meta property=\"og:image:height\" content=\"450\" \/>\n\t<meta property=\"og:image:type\" content=\"image\/jpeg\" \/>\n<meta name=\"author\" content=\"Jose\" \/>\n<meta name=\"twitter:card\" content=\"summary_large_image\" \/>\n<meta name=\"twitter:label1\" content=\"Escrito por\" \/>\n\t<meta name=\"twitter:data1\" content=\"Jose\" \/>\n<script type=\"application\/ld+json\" class=\"yoast-schema-graph\">{\"@context\":\"https:\\\/\\\/schema.org\",\"@graph\":[{\"@type\":\"Article\",\"@id\":\"https:\\\/\\\/www.sesmoreres.com\\\/blog\\\/ha-nevado-en-menorca-12-de-febrero-2010\\\/#article\",\"isPartOf\":{\"@id\":\"https:\\\/\\\/www.sesmoreres.com\\\/blog\\\/ha-nevado-en-menorca-12-de-febrero-2010\\\/\"},\"author\":{\"name\":\"Jose\",\"@id\":\"https:\\\/\\\/www.sesmoreres.com\\\/blog\\\/#\\\/schema\\\/person\\\/7c7e14840c5091c536f2386f87710e37\"},\"headline\":\"\u00a1\u00a1\u00a1 Ha nevado en Menorca !!! 12 de Febrero 2010\",\"datePublished\":\"2010-02-16T09:18:00+00:00\",\"dateModified\":\"2020-04-01T17:39:39+00:00\",\"mainEntityOfPage\":{\"@id\":\"https:\\\/\\\/www.sesmoreres.com\\\/blog\\\/ha-nevado-en-menorca-12-de-febrero-2010\\\/\"},\"wordCount\":83,\"commentCount\":5,\"publisher\":{\"@id\":\"https:\\\/\\\/www.sesmoreres.com\\\/blog\\\/#organization\"},\"image\":{\"@id\":\"https:\\\/\\\/www.sesmoreres.com\\\/blog\\\/ha-nevado-en-menorca-12-de-febrero-2010\\\/#primaryimage\"},\"thumbnailUrl\":\"https:\\\/\\\/www.sesmoreres.com\\\/blog\\\/wp-content\\\/uploads\\\/2010\\\/02\\\/nieve-en-menorca-ha-nevado-en-menorca.jpg\",\"keywords\":[\"historia\",\"isla\",\"menorquina\",\"nevada menorca\",\"nevando en el mar\",\"nieve en menorca\"],\"articleSection\":[\"nevada menorca snowy nieve \\\"12 febrero 2010\\\" hielo\"],\"inLanguage\":\"es\",\"potentialAction\":[{\"@type\":\"CommentAction\",\"name\":\"Comment\",\"target\":[\"https:\\\/\\\/www.sesmoreres.com\\\/blog\\\/ha-nevado-en-menorca-12-de-febrero-2010\\\/#respond\"]}]},{\"@type\":\"WebPage\",\"@id\":\"https:\\\/\\\/www.sesmoreres.com\\\/blog\\\/ha-nevado-en-menorca-12-de-febrero-2010\\\/\",\"url\":\"https:\\\/\\\/www.sesmoreres.com\\\/blog\\\/ha-nevado-en-menorca-12-de-febrero-2010\\\/\",\"name\":\"\u00a1\u00a1\u00a1 Ha nevado en Menorca !!! 12 de Febrero 2010 Blog sobre Menorca - Ses Moreres\",\"isPartOf\":{\"@id\":\"https:\\\/\\\/www.sesmoreres.com\\\/blog\\\/#website\"},\"primaryImageOfPage\":{\"@id\":\"https:\\\/\\\/www.sesmoreres.com\\\/blog\\\/ha-nevado-en-menorca-12-de-febrero-2010\\\/#primaryimage\"},\"image\":{\"@id\":\"https:\\\/\\\/www.sesmoreres.com\\\/blog\\\/ha-nevado-en-menorca-12-de-febrero-2010\\\/#primaryimage\"},\"thumbnailUrl\":\"https:\\\/\\\/www.sesmoreres.com\\\/blog\\\/wp-content\\\/uploads\\\/2010\\\/02\\\/nieve-en-menorca-ha-nevado-en-menorca.jpg\",\"datePublished\":\"2010-02-16T09:18:00+00:00\",\"dateModified\":\"2020-04-01T17:39:39+00:00\",\"description\":\"Ha nevado en Menorca. Ante los felices rostros de los habitantes, los copos de nieve cubrieron la mayor parte de la isla de Menorca...\",\"breadcrumb\":{\"@id\":\"https:\\\/\\\/www.sesmoreres.com\\\/blog\\\/ha-nevado-en-menorca-12-de-febrero-2010\\\/#breadcrumb\"},\"inLanguage\":\"es\",\"potentialAction\":[{\"@type\":\"ReadAction\",\"target\":[\"https:\\\/\\\/www.sesmoreres.com\\\/blog\\\/ha-nevado-en-menorca-12-de-febrero-2010\\\/\"]}]},{\"@type\":\"ImageObject\",\"inLanguage\":\"es\",\"@id\":\"https:\\\/\\\/www.sesmoreres.com\\\/blog\\\/ha-nevado-en-menorca-12-de-febrero-2010\\\/#primaryimage\",\"url\":\"https:\\\/\\\/www.sesmoreres.com\\\/blog\\\/wp-content\\\/uploads\\\/2010\\\/02\\\/nieve-en-menorca-ha-nevado-en-menorca.jpg\",\"contentUrl\":\"https:\\\/\\\/www.sesmoreres.com\\\/blog\\\/wp-content\\\/uploads\\\/2010\\\/02\\\/nieve-en-menorca-ha-nevado-en-menorca.jpg\",\"width\":638,\"height\":450,\"caption\":\"Ha nevado en la isla de menorca, descubrelo en el video\"},{\"@type\":\"BreadcrumbList\",\"@id\":\"https:\\\/\\\/www.sesmoreres.com\\\/blog\\\/ha-nevado-en-menorca-12-de-febrero-2010\\\/#breadcrumb\",\"itemListElement\":[{\"@type\":\"ListItem\",\"position\":1,\"name\":\"Portada\",\"item\":\"https:\\\/\\\/www.sesmoreres.com\\\/blog\\\/\"},{\"@type\":\"ListItem\",\"position\":2,\"name\":\"\u00a1\u00a1\u00a1 Ha nevado en Menorca !!! 12 de Febrero 2010\"}]},{\"@type\":\"WebSite\",\"@id\":\"https:\\\/\\\/www.sesmoreres.com\\\/blog\\\/#website\",\"url\":\"https:\\\/\\\/www.sesmoreres.com\\\/blog\\\/\",\"name\":\"Blog sobre Menorca - Ses Moreres\",\"description\":\"Agencia inmobiliaria de Menorca lider en la venta de propiedades de lujo. Fincas r\u00fasticas, casas de campo, chalets, terrenos.\",\"publisher\":{\"@id\":\"https:\\\/\\\/www.sesmoreres.com\\\/blog\\\/#organization\"},\"potentialAction\":[{\"@type\":\"SearchAction\",\"target\":{\"@type\":\"EntryPoint\",\"urlTemplate\":\"https:\\\/\\\/www.sesmoreres.com\\\/blog\\\/?s={search_term_string}\"},\"query-input\":{\"@type\":\"PropertyValueSpecification\",\"valueRequired\":true,\"valueName\":\"search_term_string\"}}],\"inLanguage\":\"es\"},{\"@type\":\"Organization\",\"@id\":\"https:\\\/\\\/www.sesmoreres.com\\\/blog\\\/#organization\",\"name\":\"Ses Moreres\",\"url\":\"https:\\\/\\\/www.sesmoreres.com\\\/blog\\\/\",\"logo\":{\"@type\":\"ImageObject\",\"inLanguage\":\"es\",\"@id\":\"https:\\\/\\\/www.sesmoreres.com\\\/blog\\\/#\\\/schema\\\/logo\\\/image\\\/\",\"url\":\"https:\\\/\\\/www.sesmoreres.com\\\/blog\\\/wp-content\\\/uploads\\\/2019\\\/07\\\/ses-moreres-inmobiliaria-menorca.gif\",\"contentUrl\":\"https:\\\/\\\/www.sesmoreres.com\\\/blog\\\/wp-content\\\/uploads\\\/2019\\\/07\\\/ses-moreres-inmobiliaria-menorca.gif\",\"width\":170,\"height\":95,\"caption\":\"Ses Moreres\"},\"image\":{\"@id\":\"https:\\\/\\\/www.sesmoreres.com\\\/blog\\\/#\\\/schema\\\/logo\\\/image\\\/\"},\"sameAs\":[\"https:\\\/\\\/www.facebook.com\\\/sesmoreres\\\/\",\"https:\\\/\\\/www.instagram.com\\\/inmobiliariasesmoreres\\\/?hl=es\",\"https:\\\/\\\/www.youtube.com\\\/user\\\/sesmoreres\"]},{\"@type\":\"Person\",\"@id\":\"https:\\\/\\\/www.sesmoreres.com\\\/blog\\\/#\\\/schema\\\/person\\\/7c7e14840c5091c536f2386f87710e37\",\"name\":\"Jose\",\"image\":{\"@type\":\"ImageObject\",\"inLanguage\":\"es\",\"@id\":\"https:\\\/\\\/secure.gravatar.com\\\/avatar\\\/b4fc98d81ad2dabadc7b38d8d9cc7d784080dca9704b983ca16b1fd2926445dc?s=96&d=mm&r=g\",\"url\":\"https:\\\/\\\/secure.gravatar.com\\\/avatar\\\/b4fc98d81ad2dabadc7b38d8d9cc7d784080dca9704b983ca16b1fd2926445dc?s=96&d=mm&r=g\",\"contentUrl\":\"https:\\\/\\\/secure.gravatar.com\\\/avatar\\\/b4fc98d81ad2dabadc7b38d8d9cc7d784080dca9704b983ca16b1fd2926445dc?s=96&d=mm&r=g\",\"caption\":\"Jose\"},\"url\":\"https:\\\/\\\/www.sesmoreres.com\\\/blog\\\/author\\\/jose\\\/\"}]}<\/script>\n<!-- \/ Yoast SEO plugin. -->","yoast_head_json":{"title":"\u00a1\u00a1\u00a1 Ha nevado en Menorca !!! 12 de Febrero 2010 Blog sobre Menorca - Ses Moreres","description":"Ha nevado en Menorca. Ante los felices rostros de los habitantes, los copos de nieve cubrieron la mayor parte de la isla de Menorca...","robots":{"index":"index","follow":"follow","max-snippet":"max-snippet:-1","max-image-preview":"max-image-preview:large","max-video-preview":"max-video-preview:-1"},"canonical":"https:\/\/www.sesmoreres.com\/blog\/ha-nevado-en-menorca-12-de-febrero-2010\/","og_locale":"es_ES","og_type":"article","og_title":"\u00a1\u00a1\u00a1 Ha nevado en Menorca !!! 12 de Febrero 2010 Blog sobre Menorca - Ses Moreres","og_description":"Ha nevado en Menorca. Ante los felices rostros de los habitantes, los copos de nieve cubrieron la mayor parte de la isla de Menorca...","og_url":"https:\/\/www.sesmoreres.com\/blog\/ha-nevado-en-menorca-12-de-febrero-2010\/","og_site_name":"Blog sobre Menorca - Ses Moreres","article_publisher":"https:\/\/www.facebook.com\/sesmoreres\/","article_published_time":"2010-02-16T09:18:00+00:00","article_modified_time":"2020-04-01T17:39:39+00:00","og_image":[{"width":638,"height":450,"url":"https:\/\/www.sesmoreres.com\/blog\/wp-content\/uploads\/2010\/02\/nieve-en-menorca-ha-nevado-en-menorca.jpg","type":"image\/jpeg"}],"author":"Jose","twitter_card":"summary_large_image","twitter_misc":{"Escrito por":"Jose"},"schema":{"@context":"https:\/\/schema.org","@graph":[{"@type":"Article","@id":"https:\/\/www.sesmoreres.com\/blog\/ha-nevado-en-menorca-12-de-febrero-2010\/#article","isPartOf":{"@id":"https:\/\/www.sesmoreres.com\/blog\/ha-nevado-en-menorca-12-de-febrero-2010\/"},"author":{"name":"Jose","@id":"https:\/\/www.sesmoreres.com\/blog\/#\/schema\/person\/7c7e14840c5091c536f2386f87710e37"},"headline":"\u00a1\u00a1\u00a1 Ha nevado en Menorca !!! 12 de Febrero 2010","datePublished":"2010-02-16T09:18:00+00:00","dateModified":"2020-04-01T17:39:39+00:00","mainEntityOfPage":{"@id":"https:\/\/www.sesmoreres.com\/blog\/ha-nevado-en-menorca-12-de-febrero-2010\/"},"wordCount":83,"commentCount":5,"publisher":{"@id":"https:\/\/www.sesmoreres.com\/blog\/#organization"},"image":{"@id":"https:\/\/www.sesmoreres.com\/blog\/ha-nevado-en-menorca-12-de-febrero-2010\/#primaryimage"},"thumbnailUrl":"https:\/\/www.sesmoreres.com\/blog\/wp-content\/uploads\/2010\/02\/nieve-en-menorca-ha-nevado-en-menorca.jpg","keywords":["historia","isla","menorquina","nevada menorca","nevando en el mar","nieve en menorca"],"articleSection":["nevada menorca snowy nieve \"12 febrero 2010\" hielo"],"inLanguage":"es","potentialAction":[{"@type":"CommentAction","name":"Comment","target":["https:\/\/www.sesmoreres.com\/blog\/ha-nevado-en-menorca-12-de-febrero-2010\/#respond"]}]},{"@type":"WebPage","@id":"https:\/\/www.sesmoreres.com\/blog\/ha-nevado-en-menorca-12-de-febrero-2010\/","url":"https:\/\/www.sesmoreres.com\/blog\/ha-nevado-en-menorca-12-de-febrero-2010\/","name":"\u00a1\u00a1\u00a1 Ha nevado en Menorca !!! 12 de Febrero 2010 Blog sobre Menorca - Ses Moreres","isPartOf":{"@id":"https:\/\/www.sesmoreres.com\/blog\/#website"},"primaryImageOfPage":{"@id":"https:\/\/www.sesmoreres.com\/blog\/ha-nevado-en-menorca-12-de-febrero-2010\/#primaryimage"},"image":{"@id":"https:\/\/www.sesmoreres.com\/blog\/ha-nevado-en-menorca-12-de-febrero-2010\/#primaryimage"},"thumbnailUrl":"https:\/\/www.sesmoreres.com\/blog\/wp-content\/uploads\/2010\/02\/nieve-en-menorca-ha-nevado-en-menorca.jpg","datePublished":"2010-02-16T09:18:00+00:00","dateModified":"2020-04-01T17:39:39+00:00","description":"Ha nevado en Menorca. Ante los felices rostros de los habitantes, los copos de nieve cubrieron la mayor parte de la isla de Menorca...","breadcrumb":{"@id":"https:\/\/www.sesmoreres.com\/blog\/ha-nevado-en-menorca-12-de-febrero-2010\/#breadcrumb"},"inLanguage":"es","potentialAction":[{"@type":"ReadAction","target":["https:\/\/www.sesmoreres.com\/blog\/ha-nevado-en-menorca-12-de-febrero-2010\/"]}]},{"@type":"ImageObject","inLanguage":"es","@id":"https:\/\/www.sesmoreres.com\/blog\/ha-nevado-en-menorca-12-de-febrero-2010\/#primaryimage","url":"https:\/\/www.sesmoreres.com\/blog\/wp-content\/uploads\/2010\/02\/nieve-en-menorca-ha-nevado-en-menorca.jpg","contentUrl":"https:\/\/www.sesmoreres.com\/blog\/wp-content\/uploads\/2010\/02\/nieve-en-menorca-ha-nevado-en-menorca.jpg","width":638,"height":450,"caption":"Ha nevado en la isla de menorca, descubrelo en el video"},{"@type":"BreadcrumbList","@id":"https:\/\/www.sesmoreres.com\/blog\/ha-nevado-en-menorca-12-de-febrero-2010\/#breadcrumb","itemListElement":[{"@type":"ListItem","position":1,"name":"Portada","item":"https:\/\/www.sesmoreres.com\/blog\/"},{"@type":"ListItem","position":2,"name":"\u00a1\u00a1\u00a1 Ha nevado en Menorca !!! 12 de Febrero 2010"}]},{"@type":"WebSite","@id":"https:\/\/www.sesmoreres.com\/blog\/#website","url":"https:\/\/www.sesmoreres.com\/blog\/","name":"Blog sobre Menorca - Ses Moreres","description":"Agencia inmobiliaria de Menorca lider en la venta de propiedades de lujo. Fincas r\u00fasticas, casas de campo, chalets, terrenos.","publisher":{"@id":"https:\/\/www.sesmoreres.com\/blog\/#organization"},"potentialAction":[{"@type":"SearchAction","target":{"@type":"EntryPoint","urlTemplate":"https:\/\/www.sesmoreres.com\/blog\/?s={search_term_string}"},"query-input":{"@type":"PropertyValueSpecification","valueRequired":true,"valueName":"search_term_string"}}],"inLanguage":"es"},{"@type":"Organization","@id":"https:\/\/www.sesmoreres.com\/blog\/#organization","name":"Ses Moreres","url":"https:\/\/www.sesmoreres.com\/blog\/","logo":{"@type":"ImageObject","inLanguage":"es","@id":"https:\/\/www.sesmoreres.com\/blog\/#\/schema\/logo\/image\/","url":"https:\/\/www.sesmoreres.com\/blog\/wp-content\/uploads\/2019\/07\/ses-moreres-inmobiliaria-menorca.gif","contentUrl":"https:\/\/www.sesmoreres.com\/blog\/wp-content\/uploads\/2019\/07\/ses-moreres-inmobiliaria-menorca.gif","width":170,"height":95,"caption":"Ses Moreres"},"image":{"@id":"https:\/\/www.sesmoreres.com\/blog\/#\/schema\/logo\/image\/"},"sameAs":["https:\/\/www.facebook.com\/sesmoreres\/","https:\/\/www.instagram.com\/inmobiliariasesmoreres\/?hl=es","https:\/\/www.youtube.com\/user\/sesmoreres"]},{"@type":"Person","@id":"https:\/\/www.sesmoreres.com\/blog\/#\/schema\/person\/7c7e14840c5091c536f2386f87710e37","name":"Jose","image":{"@type":"ImageObject","inLanguage":"es","@id":"https:\/\/secure.gravatar.com\/avatar\/b4fc98d81ad2dabadc7b38d8d9cc7d784080dca9704b983ca16b1fd2926445dc?s=96&d=mm&r=g","url":"https:\/\/secure.gravatar.com\/avatar\/b4fc98d81ad2dabadc7b38d8d9cc7d784080dca9704b983ca16b1fd2926445dc?s=96&d=mm&r=g","contentUrl":"https:\/\/secure.gravatar.com\/avatar\/b4fc98d81ad2dabadc7b38d8d9cc7d784080dca9704b983ca16b1fd2926445dc?s=96&d=mm&r=g","caption":"Jose"},"url":"https:\/\/www.sesmoreres.com\/blog\/author\/jose\/"}]}},"_links":{"self":[{"href":"https:\/\/www.sesmoreres.com\/blog\/wp-json\/wp\/v2\/posts\/529","targetHints":{"allow":["GET"]}}],"collection":[{"href":"https:\/\/www.sesmoreres.com\/blog\/wp-json\/wp\/v2\/posts"}],"about":[{"href":"https:\/\/www.sesmoreres.com\/blog\/wp-json\/wp\/v2\/types\/post"}],"author":[{"embeddable":true,"href":"https:\/\/www.sesmoreres.com\/blog\/wp-json\/wp\/v2\/users\/2"}],"replies":[{"embeddable":true,"href":"https:\/\/www.sesmoreres.com\/blog\/wp-json\/wp\/v2\/comments?post=529"}],"version-history":[{"count":2,"href":"https:\/\/www.sesmoreres.com\/blog\/wp-json\/wp\/v2\/posts\/529\/revisions"}],"predecessor-version":[{"id":1426,"href":"https:\/\/www.sesmoreres.com\/blog\/wp-json\/wp\/v2\/posts\/529\/revisions\/1426"}],"wp:featuredmedia":[{"embeddable":true,"href":"https:\/\/www.sesmoreres.com\/blog\/wp-json\/wp\/v2\/media\/1425"}],"wp:attachment":[{"href":"https:\/\/www.sesmoreres.com\/blog\/wp-json\/wp\/v2\/media?parent=529"}],"wp:term":[{"taxonomy":"category","embeddable":true,"href":"https:\/\/www.sesmoreres.com\/blog\/wp-json\/wp\/v2\/categories?post=529"},{"taxonomy":"post_tag","embeddable":true,"href":"https:\/\/www.sesmoreres.com\/blog\/wp-json\/wp\/v2\/tags?post=529"}],"curies":[{"name":"wp","href":"https:\/\/api.w.org\/{rel}","templated":true}]}}