{"id":487,"date":"2011-06-30T11:44:00","date_gmt":"2011-06-30T09:44:00","guid":{"rendered":"https:\/\/www.sesmoreres.com\/blog\/2011\/06\/30\/chalet-de-diseno-en-venta-en-fornells-menorca\/"},"modified":"2020-04-14T14:54:23","modified_gmt":"2020-04-14T12:54:23","slug":"chalet-de-diseno-en-venta-en-fornells-menorca","status":"publish","type":"post","link":"https:\/\/www.sesmoreres.com\/blog\/chalet-de-diseno-en-venta-en-fornells-menorca\/","title":{"rendered":"Chalet de dise\u00f1o en venta en Fornells &#8211; Menorca"},"content":{"rendered":"<p>&nbsp;<\/p>\n<p>Os ofrecemos un chalet de dise\u00f1o en el emblem\u00e1tico puerto menorqu\u00edn de <a href=\"http:\/\/maps.google.es\/maps?q=fornells&amp;hl=es&amp;ll=40.049973,4.135945&amp;spn=0.011744,0.032551&amp;sll=39.943436,4.152832&amp;sspn=12.458567,33.33252&amp;t=h&amp;z=16\">Fornells<\/a> que disfruta de unas estupendas vistas de la bah\u00eda. Descubre en el v\u00eddeo todo lo que nos ofrece esta magn\u00edfica propiedad de alto standing.<\/p>\n<p><iframe data-src=\"https:\/\/www.youtube.com\/embed\/zhTZXB4BaNI\" width=\"540\" height=\"305\" frameborder=\"0\" allowfullscreen=\"allowfullscreen\" src=\"data:image\/svg+xml;base64,PHN2ZyB3aWR0aD0iMSIgaGVpZ2h0PSIxIiB4bWxucz0iaHR0cDovL3d3dy53My5vcmcvMjAwMC9zdmciPjwvc3ZnPg==\" class=\"lazyload\" data-load-mode=\"1\"><\/iframe><\/p>\n<p><a href=\"https:\/\/www.sesmoreres.com\/resultado-busqueda\/?a=finca_rustica&amp;pag=0&amp;o=&amp;s=&amp;pp=&amp;search=fornells&amp;op=\">Ver m\u00e1s propiedades en la zona de Fornells.<\/a><\/p>\n<p>&nbsp;<\/p>\n<p>Para reservar o concertar visita, llama al <strong>Tel 971351530<\/strong>, o env\u00eda un correo electr\u00f3nico a <a href=\"mailto:inversiones@sesmoreres.com?subject=Info%20Chalet%20Fornells%20Ref%2003864&amp;body=Me%20gustaria%20visitarla\">inversiones@sesmoreres.com<\/a><\/p>\n<p>&nbsp;<\/p>\n","protected":false},"excerpt":{"rendered":"<p>&nbsp; Os ofrecemos un chalet de dise\u00f1o en el emblem\u00e1tico puerto menorqu\u00edn de Fornells que disfruta de unas estupendas vistas de la bah\u00eda. Descubre en el v\u00eddeo todo lo que nos ofrece esta magn\u00edfica propiedad de alto standing. Ver m\u00e1s &hellip; <a href=\"https:\/\/www.sesmoreres.com\/blog\/chalet-de-diseno-en-venta-en-fornells-menorca\/\">Continuar<\/a><\/p>\n","protected":false},"author":2,"featured_media":1561,"comment_status":"open","ping_status":"open","sticky":false,"template":"","format":"standard","meta":{"footnotes":""},"categories":[516],"tags":[641,719,820,686,788,821,610,751],"class_list":["post-487","post","type-post","status-publish","format-standard","has-post-thumbnail","hentry","category-fornells-es-mercadal-menorca-puerto-chalet-villa-property-propiedad-inmobiliaria-oportunidad-amarre-bahia","tag-agencia-inmobiliaria-menorca","tag-baleares","tag-chalet-de-diseno","tag-chalet-en-venta","tag-chalets-de-lujo","tag-fornells","tag-menorca","tag-mercadal"],"yoast_head":"<!-- This site is optimized with the Yoast SEO plugin v27.5 - https:\/\/yoast.com\/product\/yoast-seo-wordpress\/ -->\n<title>Chalet de dise\u00f1o en venta en Fornells - Menorca - Blog sobre Menorca - Ses Moreres<\/title>\n<meta name=\"description\" content=\"Os ofrecemos un chalet de dise\u00f1o en el emblem\u00e1tico puerto menorqu\u00edn de Fornells que disfruta de unas estupendas vistas de la bah\u00eda. Descubre en el v\u00eddeo...\" \/>\n<meta name=\"robots\" content=\"index, follow, max-snippet:-1, max-image-preview:large, max-video-preview:-1\" \/>\n<link rel=\"canonical\" href=\"https:\/\/www.sesmoreres.com\/blog\/chalet-de-diseno-en-venta-en-fornells-menorca\/\" \/>\n<meta property=\"og:locale\" content=\"es_ES\" \/>\n<meta property=\"og:type\" content=\"article\" \/>\n<meta property=\"og:title\" content=\"Chalet de dise\u00f1o en venta en Fornells - Menorca - Blog sobre Menorca - Ses Moreres\" \/>\n<meta property=\"og:description\" content=\"Os ofrecemos un chalet de dise\u00f1o en el emblem\u00e1tico puerto menorqu\u00edn de Fornells que disfruta de unas estupendas vistas de la bah\u00eda. Descubre en el v\u00eddeo...\" \/>\n<meta property=\"og:url\" content=\"https:\/\/www.sesmoreres.com\/blog\/chalet-de-diseno-en-venta-en-fornells-menorca\/\" \/>\n<meta property=\"og:site_name\" content=\"Blog sobre Menorca - Ses Moreres\" \/>\n<meta property=\"article:publisher\" content=\"https:\/\/www.facebook.com\/sesmoreres\/\" \/>\n<meta property=\"article:published_time\" content=\"2011-06-30T09:44:00+00:00\" \/>\n<meta property=\"article:modified_time\" content=\"2020-04-14T12:54:23+00:00\" \/>\n<meta property=\"og:image\" content=\"https:\/\/www.sesmoreres.com\/blog\/wp-content\/uploads\/2011\/06\/fornells-menorca.jpg\" \/>\n\t<meta property=\"og:image:width\" content=\"640\" \/>\n\t<meta property=\"og:image:height\" content=\"480\" \/>\n\t<meta property=\"og:image:type\" content=\"image\/jpeg\" \/>\n<meta name=\"author\" content=\"Jose\" \/>\n<meta name=\"twitter:card\" content=\"summary_large_image\" \/>\n<meta name=\"twitter:label1\" content=\"Escrito por\" \/>\n\t<meta name=\"twitter:data1\" content=\"Jose\" \/>\n<script type=\"application\/ld+json\" class=\"yoast-schema-graph\">{\"@context\":\"https:\\\/\\\/schema.org\",\"@graph\":[{\"@type\":\"Article\",\"@id\":\"https:\\\/\\\/www.sesmoreres.com\\\/blog\\\/chalet-de-diseno-en-venta-en-fornells-menorca\\\/#article\",\"isPartOf\":{\"@id\":\"https:\\\/\\\/www.sesmoreres.com\\\/blog\\\/chalet-de-diseno-en-venta-en-fornells-menorca\\\/\"},\"author\":{\"name\":\"Jose\",\"@id\":\"https:\\\/\\\/www.sesmoreres.com\\\/blog\\\/#\\\/schema\\\/person\\\/7c7e14840c5091c536f2386f87710e37\"},\"headline\":\"Chalet de dise\u00f1o en venta en Fornells &#8211; Menorca\",\"datePublished\":\"2011-06-30T09:44:00+00:00\",\"dateModified\":\"2020-04-14T12:54:23+00:00\",\"mainEntityOfPage\":{\"@id\":\"https:\\\/\\\/www.sesmoreres.com\\\/blog\\\/chalet-de-diseno-en-venta-en-fornells-menorca\\\/\"},\"wordCount\":84,\"commentCount\":0,\"publisher\":{\"@id\":\"https:\\\/\\\/www.sesmoreres.com\\\/blog\\\/#organization\"},\"image\":{\"@id\":\"https:\\\/\\\/www.sesmoreres.com\\\/blog\\\/chalet-de-diseno-en-venta-en-fornells-menorca\\\/#primaryimage\"},\"thumbnailUrl\":\"https:\\\/\\\/www.sesmoreres.com\\\/blog\\\/wp-content\\\/uploads\\\/2011\\\/06\\\/fornells-menorca.jpg\",\"keywords\":[\"agencia inmobiliaria menorca\",\"baleares\",\"chalet de dise\u00f1o\",\"chalet en venta\",\"chalets de lujo\",\"fornells\",\"menorca\",\"mercadal\"],\"articleSection\":[\"fornells \\\"es mercadal\\\" menorca puerto chalet villa property propiedad inmobiliaria oportunidad amarre bahia\"],\"inLanguage\":\"es\",\"potentialAction\":[{\"@type\":\"CommentAction\",\"name\":\"Comment\",\"target\":[\"https:\\\/\\\/www.sesmoreres.com\\\/blog\\\/chalet-de-diseno-en-venta-en-fornells-menorca\\\/#respond\"]}]},{\"@type\":\"WebPage\",\"@id\":\"https:\\\/\\\/www.sesmoreres.com\\\/blog\\\/chalet-de-diseno-en-venta-en-fornells-menorca\\\/\",\"url\":\"https:\\\/\\\/www.sesmoreres.com\\\/blog\\\/chalet-de-diseno-en-venta-en-fornells-menorca\\\/\",\"name\":\"Chalet de dise\u00f1o en venta en Fornells - Menorca - Blog sobre Menorca - Ses Moreres\",\"isPartOf\":{\"@id\":\"https:\\\/\\\/www.sesmoreres.com\\\/blog\\\/#website\"},\"primaryImageOfPage\":{\"@id\":\"https:\\\/\\\/www.sesmoreres.com\\\/blog\\\/chalet-de-diseno-en-venta-en-fornells-menorca\\\/#primaryimage\"},\"image\":{\"@id\":\"https:\\\/\\\/www.sesmoreres.com\\\/blog\\\/chalet-de-diseno-en-venta-en-fornells-menorca\\\/#primaryimage\"},\"thumbnailUrl\":\"https:\\\/\\\/www.sesmoreres.com\\\/blog\\\/wp-content\\\/uploads\\\/2011\\\/06\\\/fornells-menorca.jpg\",\"datePublished\":\"2011-06-30T09:44:00+00:00\",\"dateModified\":\"2020-04-14T12:54:23+00:00\",\"description\":\"Os ofrecemos un chalet de dise\u00f1o en el emblem\u00e1tico puerto menorqu\u00edn de Fornells que disfruta de unas estupendas vistas de la bah\u00eda. Descubre en el v\u00eddeo...\",\"breadcrumb\":{\"@id\":\"https:\\\/\\\/www.sesmoreres.com\\\/blog\\\/chalet-de-diseno-en-venta-en-fornells-menorca\\\/#breadcrumb\"},\"inLanguage\":\"es\",\"potentialAction\":[{\"@type\":\"ReadAction\",\"target\":[\"https:\\\/\\\/www.sesmoreres.com\\\/blog\\\/chalet-de-diseno-en-venta-en-fornells-menorca\\\/\"]}]},{\"@type\":\"ImageObject\",\"inLanguage\":\"es\",\"@id\":\"https:\\\/\\\/www.sesmoreres.com\\\/blog\\\/chalet-de-diseno-en-venta-en-fornells-menorca\\\/#primaryimage\",\"url\":\"https:\\\/\\\/www.sesmoreres.com\\\/blog\\\/wp-content\\\/uploads\\\/2011\\\/06\\\/fornells-menorca.jpg\",\"contentUrl\":\"https:\\\/\\\/www.sesmoreres.com\\\/blog\\\/wp-content\\\/uploads\\\/2011\\\/06\\\/fornells-menorca.jpg\",\"width\":640,\"height\":480,\"caption\":\"en el emblem\u00e1tico puerto menorqu\u00edn de Fornells que disfruta de unas estupendas vistas de la bah\u00eda\"},{\"@type\":\"BreadcrumbList\",\"@id\":\"https:\\\/\\\/www.sesmoreres.com\\\/blog\\\/chalet-de-diseno-en-venta-en-fornells-menorca\\\/#breadcrumb\",\"itemListElement\":[{\"@type\":\"ListItem\",\"position\":1,\"name\":\"Portada\",\"item\":\"https:\\\/\\\/www.sesmoreres.com\\\/blog\\\/\"},{\"@type\":\"ListItem\",\"position\":2,\"name\":\"Chalet de dise\u00f1o en venta en Fornells &#8211; Menorca\"}]},{\"@type\":\"WebSite\",\"@id\":\"https:\\\/\\\/www.sesmoreres.com\\\/blog\\\/#website\",\"url\":\"https:\\\/\\\/www.sesmoreres.com\\\/blog\\\/\",\"name\":\"Blog sobre Menorca - Ses Moreres\",\"description\":\"Agencia inmobiliaria de Menorca lider en la venta de propiedades de lujo. Fincas r\u00fasticas, casas de campo, chalets, terrenos.\",\"publisher\":{\"@id\":\"https:\\\/\\\/www.sesmoreres.com\\\/blog\\\/#organization\"},\"potentialAction\":[{\"@type\":\"SearchAction\",\"target\":{\"@type\":\"EntryPoint\",\"urlTemplate\":\"https:\\\/\\\/www.sesmoreres.com\\\/blog\\\/?s={search_term_string}\"},\"query-input\":{\"@type\":\"PropertyValueSpecification\",\"valueRequired\":true,\"valueName\":\"search_term_string\"}}],\"inLanguage\":\"es\"},{\"@type\":\"Organization\",\"@id\":\"https:\\\/\\\/www.sesmoreres.com\\\/blog\\\/#organization\",\"name\":\"Ses Moreres\",\"url\":\"https:\\\/\\\/www.sesmoreres.com\\\/blog\\\/\",\"logo\":{\"@type\":\"ImageObject\",\"inLanguage\":\"es\",\"@id\":\"https:\\\/\\\/www.sesmoreres.com\\\/blog\\\/#\\\/schema\\\/logo\\\/image\\\/\",\"url\":\"https:\\\/\\\/www.sesmoreres.com\\\/blog\\\/wp-content\\\/uploads\\\/2019\\\/07\\\/ses-moreres-inmobiliaria-menorca.gif\",\"contentUrl\":\"https:\\\/\\\/www.sesmoreres.com\\\/blog\\\/wp-content\\\/uploads\\\/2019\\\/07\\\/ses-moreres-inmobiliaria-menorca.gif\",\"width\":170,\"height\":95,\"caption\":\"Ses Moreres\"},\"image\":{\"@id\":\"https:\\\/\\\/www.sesmoreres.com\\\/blog\\\/#\\\/schema\\\/logo\\\/image\\\/\"},\"sameAs\":[\"https:\\\/\\\/www.facebook.com\\\/sesmoreres\\\/\",\"https:\\\/\\\/www.instagram.com\\\/inmobiliariasesmoreres\\\/?hl=es\",\"https:\\\/\\\/www.youtube.com\\\/user\\\/sesmoreres\"]},{\"@type\":\"Person\",\"@id\":\"https:\\\/\\\/www.sesmoreres.com\\\/blog\\\/#\\\/schema\\\/person\\\/7c7e14840c5091c536f2386f87710e37\",\"name\":\"Jose\",\"image\":{\"@type\":\"ImageObject\",\"inLanguage\":\"es\",\"@id\":\"https:\\\/\\\/secure.gravatar.com\\\/avatar\\\/b4fc98d81ad2dabadc7b38d8d9cc7d784080dca9704b983ca16b1fd2926445dc?s=96&d=mm&r=g\",\"url\":\"https:\\\/\\\/secure.gravatar.com\\\/avatar\\\/b4fc98d81ad2dabadc7b38d8d9cc7d784080dca9704b983ca16b1fd2926445dc?s=96&d=mm&r=g\",\"contentUrl\":\"https:\\\/\\\/secure.gravatar.com\\\/avatar\\\/b4fc98d81ad2dabadc7b38d8d9cc7d784080dca9704b983ca16b1fd2926445dc?s=96&d=mm&r=g\",\"caption\":\"Jose\"},\"url\":\"https:\\\/\\\/www.sesmoreres.com\\\/blog\\\/author\\\/jose\\\/\"}]}<\/script>\n<!-- \/ Yoast SEO plugin. -->","yoast_head_json":{"title":"Chalet de dise\u00f1o en venta en Fornells - Menorca - Blog sobre Menorca - Ses Moreres","description":"Os ofrecemos un chalet de dise\u00f1o en el emblem\u00e1tico puerto menorqu\u00edn de Fornells que disfruta de unas estupendas vistas de la bah\u00eda. Descubre en el v\u00eddeo...","robots":{"index":"index","follow":"follow","max-snippet":"max-snippet:-1","max-image-preview":"max-image-preview:large","max-video-preview":"max-video-preview:-1"},"canonical":"https:\/\/www.sesmoreres.com\/blog\/chalet-de-diseno-en-venta-en-fornells-menorca\/","og_locale":"es_ES","og_type":"article","og_title":"Chalet de dise\u00f1o en venta en Fornells - Menorca - Blog sobre Menorca - Ses Moreres","og_description":"Os ofrecemos un chalet de dise\u00f1o en el emblem\u00e1tico puerto menorqu\u00edn de Fornells que disfruta de unas estupendas vistas de la bah\u00eda. Descubre en el v\u00eddeo...","og_url":"https:\/\/www.sesmoreres.com\/blog\/chalet-de-diseno-en-venta-en-fornells-menorca\/","og_site_name":"Blog sobre Menorca - Ses Moreres","article_publisher":"https:\/\/www.facebook.com\/sesmoreres\/","article_published_time":"2011-06-30T09:44:00+00:00","article_modified_time":"2020-04-14T12:54:23+00:00","og_image":[{"width":640,"height":480,"url":"https:\/\/www.sesmoreres.com\/blog\/wp-content\/uploads\/2011\/06\/fornells-menorca.jpg","type":"image\/jpeg"}],"author":"Jose","twitter_card":"summary_large_image","twitter_misc":{"Escrito por":"Jose"},"schema":{"@context":"https:\/\/schema.org","@graph":[{"@type":"Article","@id":"https:\/\/www.sesmoreres.com\/blog\/chalet-de-diseno-en-venta-en-fornells-menorca\/#article","isPartOf":{"@id":"https:\/\/www.sesmoreres.com\/blog\/chalet-de-diseno-en-venta-en-fornells-menorca\/"},"author":{"name":"Jose","@id":"https:\/\/www.sesmoreres.com\/blog\/#\/schema\/person\/7c7e14840c5091c536f2386f87710e37"},"headline":"Chalet de dise\u00f1o en venta en Fornells &#8211; Menorca","datePublished":"2011-06-30T09:44:00+00:00","dateModified":"2020-04-14T12:54:23+00:00","mainEntityOfPage":{"@id":"https:\/\/www.sesmoreres.com\/blog\/chalet-de-diseno-en-venta-en-fornells-menorca\/"},"wordCount":84,"commentCount":0,"publisher":{"@id":"https:\/\/www.sesmoreres.com\/blog\/#organization"},"image":{"@id":"https:\/\/www.sesmoreres.com\/blog\/chalet-de-diseno-en-venta-en-fornells-menorca\/#primaryimage"},"thumbnailUrl":"https:\/\/www.sesmoreres.com\/blog\/wp-content\/uploads\/2011\/06\/fornells-menorca.jpg","keywords":["agencia inmobiliaria menorca","baleares","chalet de dise\u00f1o","chalet en venta","chalets de lujo","fornells","menorca","mercadal"],"articleSection":["fornells \"es mercadal\" menorca puerto chalet villa property propiedad inmobiliaria oportunidad amarre bahia"],"inLanguage":"es","potentialAction":[{"@type":"CommentAction","name":"Comment","target":["https:\/\/www.sesmoreres.com\/blog\/chalet-de-diseno-en-venta-en-fornells-menorca\/#respond"]}]},{"@type":"WebPage","@id":"https:\/\/www.sesmoreres.com\/blog\/chalet-de-diseno-en-venta-en-fornells-menorca\/","url":"https:\/\/www.sesmoreres.com\/blog\/chalet-de-diseno-en-venta-en-fornells-menorca\/","name":"Chalet de dise\u00f1o en venta en Fornells - Menorca - Blog sobre Menorca - Ses Moreres","isPartOf":{"@id":"https:\/\/www.sesmoreres.com\/blog\/#website"},"primaryImageOfPage":{"@id":"https:\/\/www.sesmoreres.com\/blog\/chalet-de-diseno-en-venta-en-fornells-menorca\/#primaryimage"},"image":{"@id":"https:\/\/www.sesmoreres.com\/blog\/chalet-de-diseno-en-venta-en-fornells-menorca\/#primaryimage"},"thumbnailUrl":"https:\/\/www.sesmoreres.com\/blog\/wp-content\/uploads\/2011\/06\/fornells-menorca.jpg","datePublished":"2011-06-30T09:44:00+00:00","dateModified":"2020-04-14T12:54:23+00:00","description":"Os ofrecemos un chalet de dise\u00f1o en el emblem\u00e1tico puerto menorqu\u00edn de Fornells que disfruta de unas estupendas vistas de la bah\u00eda. Descubre en el v\u00eddeo...","breadcrumb":{"@id":"https:\/\/www.sesmoreres.com\/blog\/chalet-de-diseno-en-venta-en-fornells-menorca\/#breadcrumb"},"inLanguage":"es","potentialAction":[{"@type":"ReadAction","target":["https:\/\/www.sesmoreres.com\/blog\/chalet-de-diseno-en-venta-en-fornells-menorca\/"]}]},{"@type":"ImageObject","inLanguage":"es","@id":"https:\/\/www.sesmoreres.com\/blog\/chalet-de-diseno-en-venta-en-fornells-menorca\/#primaryimage","url":"https:\/\/www.sesmoreres.com\/blog\/wp-content\/uploads\/2011\/06\/fornells-menorca.jpg","contentUrl":"https:\/\/www.sesmoreres.com\/blog\/wp-content\/uploads\/2011\/06\/fornells-menorca.jpg","width":640,"height":480,"caption":"en el emblem\u00e1tico puerto menorqu\u00edn de Fornells que disfruta de unas estupendas vistas de la bah\u00eda"},{"@type":"BreadcrumbList","@id":"https:\/\/www.sesmoreres.com\/blog\/chalet-de-diseno-en-venta-en-fornells-menorca\/#breadcrumb","itemListElement":[{"@type":"ListItem","position":1,"name":"Portada","item":"https:\/\/www.sesmoreres.com\/blog\/"},{"@type":"ListItem","position":2,"name":"Chalet de dise\u00f1o en venta en Fornells &#8211; Menorca"}]},{"@type":"WebSite","@id":"https:\/\/www.sesmoreres.com\/blog\/#website","url":"https:\/\/www.sesmoreres.com\/blog\/","name":"Blog sobre Menorca - Ses Moreres","description":"Agencia inmobiliaria de Menorca lider en la venta de propiedades de lujo. Fincas r\u00fasticas, casas de campo, chalets, terrenos.","publisher":{"@id":"https:\/\/www.sesmoreres.com\/blog\/#organization"},"potentialAction":[{"@type":"SearchAction","target":{"@type":"EntryPoint","urlTemplate":"https:\/\/www.sesmoreres.com\/blog\/?s={search_term_string}"},"query-input":{"@type":"PropertyValueSpecification","valueRequired":true,"valueName":"search_term_string"}}],"inLanguage":"es"},{"@type":"Organization","@id":"https:\/\/www.sesmoreres.com\/blog\/#organization","name":"Ses Moreres","url":"https:\/\/www.sesmoreres.com\/blog\/","logo":{"@type":"ImageObject","inLanguage":"es","@id":"https:\/\/www.sesmoreres.com\/blog\/#\/schema\/logo\/image\/","url":"https:\/\/www.sesmoreres.com\/blog\/wp-content\/uploads\/2019\/07\/ses-moreres-inmobiliaria-menorca.gif","contentUrl":"https:\/\/www.sesmoreres.com\/blog\/wp-content\/uploads\/2019\/07\/ses-moreres-inmobiliaria-menorca.gif","width":170,"height":95,"caption":"Ses Moreres"},"image":{"@id":"https:\/\/www.sesmoreres.com\/blog\/#\/schema\/logo\/image\/"},"sameAs":["https:\/\/www.facebook.com\/sesmoreres\/","https:\/\/www.instagram.com\/inmobiliariasesmoreres\/?hl=es","https:\/\/www.youtube.com\/user\/sesmoreres"]},{"@type":"Person","@id":"https:\/\/www.sesmoreres.com\/blog\/#\/schema\/person\/7c7e14840c5091c536f2386f87710e37","name":"Jose","image":{"@type":"ImageObject","inLanguage":"es","@id":"https:\/\/secure.gravatar.com\/avatar\/b4fc98d81ad2dabadc7b38d8d9cc7d784080dca9704b983ca16b1fd2926445dc?s=96&d=mm&r=g","url":"https:\/\/secure.gravatar.com\/avatar\/b4fc98d81ad2dabadc7b38d8d9cc7d784080dca9704b983ca16b1fd2926445dc?s=96&d=mm&r=g","contentUrl":"https:\/\/secure.gravatar.com\/avatar\/b4fc98d81ad2dabadc7b38d8d9cc7d784080dca9704b983ca16b1fd2926445dc?s=96&d=mm&r=g","caption":"Jose"},"url":"https:\/\/www.sesmoreres.com\/blog\/author\/jose\/"}]}},"_links":{"self":[{"href":"https:\/\/www.sesmoreres.com\/blog\/wp-json\/wp\/v2\/posts\/487","targetHints":{"allow":["GET"]}}],"collection":[{"href":"https:\/\/www.sesmoreres.com\/blog\/wp-json\/wp\/v2\/posts"}],"about":[{"href":"https:\/\/www.sesmoreres.com\/blog\/wp-json\/wp\/v2\/types\/post"}],"author":[{"embeddable":true,"href":"https:\/\/www.sesmoreres.com\/blog\/wp-json\/wp\/v2\/users\/2"}],"replies":[{"embeddable":true,"href":"https:\/\/www.sesmoreres.com\/blog\/wp-json\/wp\/v2\/comments?post=487"}],"version-history":[{"count":4,"href":"https:\/\/www.sesmoreres.com\/blog\/wp-json\/wp\/v2\/posts\/487\/revisions"}],"predecessor-version":[{"id":1564,"href":"https:\/\/www.sesmoreres.com\/blog\/wp-json\/wp\/v2\/posts\/487\/revisions\/1564"}],"wp:featuredmedia":[{"embeddable":true,"href":"https:\/\/www.sesmoreres.com\/blog\/wp-json\/wp\/v2\/media\/1561"}],"wp:attachment":[{"href":"https:\/\/www.sesmoreres.com\/blog\/wp-json\/wp\/v2\/media?parent=487"}],"wp:term":[{"taxonomy":"category","embeddable":true,"href":"https:\/\/www.sesmoreres.com\/blog\/wp-json\/wp\/v2\/categories?post=487"},{"taxonomy":"post_tag","embeddable":true,"href":"https:\/\/www.sesmoreres.com\/blog\/wp-json\/wp\/v2\/tags?post=487"}],"curies":[{"name":"wp","href":"https:\/\/api.w.org\/{rel}","templated":true}]}}