{"id":480,"date":"2011-09-28T18:49:00","date_gmt":"2011-09-28T16:49:00","guid":{"rendered":"https:\/\/www.sesmoreres.com\/blog\/2011\/09\/28\/chalet-en-primera-linea-con-acceso-privado-al-mar\/"},"modified":"2020-05-15T13:12:36","modified_gmt":"2020-05-15T11:12:36","slug":"chalet-en-primera-linea-con-acceso-privado-al-mar","status":"publish","type":"post","link":"https:\/\/www.sesmoreres.com\/blog\/chalet-en-primera-linea-con-acceso-privado-al-mar\/","title":{"rendered":"\u00a1\u00a1Chalet en primera l\u00ednea con acceso privado al mar!!"},"content":{"rendered":"<p>&nbsp;<\/p>\n<p>Dentro del puerto natural de <a href=\"http:\/\/www.sesmoreres.com\/menorca.html?poblacion=mahon\">Mah\u00f3n<\/a>, el segundo puerto m\u00e1s grande de Europa, y uno de los reclamos paisaj\u00edsticos m\u00e1s importantes de <a href=\"http:\/\/www.sesmoreres.com\/menorca.html\">Menorca<\/a>, \u00a0os presentamos un chalet totalmente reformado construido sobre un enclave privilegiado que ofrece inmejorables vistas panor\u00e1micas del puerto. Y por si esto fuera poco, esta propiedad en primera l\u00ednea tiene un acceso privado al mar y un amarre que permite que nos adentremos en el oc\u00e9ano sin salir de casa.<\/p>\n<p>Aver\u00edgualo todo sobre esta joya inmobiliaria en el v\u00eddeo.<\/p>\n<p><iframe data-src=\"https:\/\/www.youtube.com\/embed\/7p-tFZVPASc?rel=0\" width=\"560\" height=\"315\" frameborder=\"0\" allowfullscreen=\"allowfullscreen\" src=\"data:image\/svg+xml;base64,PHN2ZyB3aWR0aD0iMSIgaGVpZ2h0PSIxIiB4bWxucz0iaHR0cDovL3d3dy53My5vcmcvMjAwMC9zdmciPjwvc3ZnPg==\" class=\"lazyload\" data-load-mode=\"1\"><\/iframe><\/p>\n<p><a style=\"color: #005580; text-decoration-line: underline;\" href=\"https:\/\/www.sesmoreres.com\/resultado-busqueda\/?a=&amp;pag=0&amp;o=&amp;s=&amp;pp=&amp;search=cala%20llonga&amp;op=\">Otras propiedades en la misma zona<\/a><\/p>\n<p>Para reservar o concertar visita, llama al <strong>Tel +34 971351530<\/strong>, o env\u00eda un correo electr\u00f3nico a <a href=\"mailto:inversiones@sesmoreres.com?subject=Info%20Chalet%20Primera%20Linea%20Puerto%20Ref%2003883&amp;body=Me%20gustaria%20visitarla\">inversiones@sesmoreres.com<\/a><\/p>\n<p>Tambi\u00e9n os hemos preparado una peque\u00f1a presentaci\u00f3n para que prob\u00e9is nuestra p\u00e1gina <a href=\"http:\/\/www.sesmoreres.com\/\">Web<\/a> especialmente dise\u00f1ada para vuestro <b>Iphone<\/b> \u00a0o<b> Smartphone<\/b>. \u00a1\u00a1Las fotograf\u00edas y los v\u00eddeos se cargan a gran velocidad!!<\/p>\n<p><iframe data-src=\"https:\/\/www.youtube.com\/embed\/cAZrStIXTdM?rel=0\" width=\"560\" height=\"315\" frameborder=\"0\" allowfullscreen=\"allowfullscreen\" src=\"data:image\/svg+xml;base64,PHN2ZyB3aWR0aD0iMSIgaGVpZ2h0PSIxIiB4bWxucz0iaHR0cDovL3d3dy53My5vcmcvMjAwMC9zdmciPjwvc3ZnPg==\" class=\"lazyload\" data-load-mode=\"1\"><\/iframe><\/p>\n","protected":false},"excerpt":{"rendered":"<p>&nbsp; Dentro del puerto natural de Mah\u00f3n, el segundo puerto m\u00e1s grande de Europa, y uno de los reclamos paisaj\u00edsticos m\u00e1s importantes de Menorca, \u00a0os presentamos un chalet totalmente reformado construido sobre un enclave privilegiado que ofrece inmejorables vistas panor\u00e1micas &hellip; <a href=\"https:\/\/www.sesmoreres.com\/blog\/chalet-en-primera-linea-con-acceso-privado-al-mar\/\">Continuar<\/a><\/p>\n","protected":false},"author":2,"featured_media":1320,"comment_status":"open","ping_status":"open","sticky":false,"template":"","format":"standard","meta":{"footnotes":""},"categories":[508],"tags":[685,782,824,686,683,619],"class_list":["post-480","post","type-post","status-publish","format-standard","has-post-thumbnail","hentry","category-chalet-menorca-puerto-mahon-primera-linea-amarre-joya-inmobiliaria-estatae-agents-casa-finca-inmueble-villa-mar-mao","tag-cala-llonga","tag-casas-en-menorca","tag-chalet-de-lujo","tag-chalet-en-venta","tag-comprar-chalet","tag-vivir-en-menorca"],"yoast_head":"<!-- This site is optimized with the Yoast SEO plugin v27.5 - https:\/\/yoast.com\/product\/yoast-seo-wordpress\/ -->\n<title>\u00a1\u00a1Chalet en primera l\u00ednea con acceso privado al mar!! - Blog sobre Menorca - Ses Moreres<\/title>\n<meta name=\"description\" content=\"Dentro del puerto natural de Mah\u00f3n, el segundo puerto m\u00e1s grande de Europa, y uno de los reclamos paisaj\u00edsticos m\u00e1s importantes de Menorca...\" \/>\n<meta name=\"robots\" content=\"index, follow, max-snippet:-1, max-image-preview:large, max-video-preview:-1\" \/>\n<link rel=\"canonical\" href=\"https:\/\/www.sesmoreres.com\/blog\/chalet-en-primera-linea-con-acceso-privado-al-mar\/\" \/>\n<meta property=\"og:locale\" content=\"es_ES\" \/>\n<meta property=\"og:type\" content=\"article\" \/>\n<meta property=\"og:title\" content=\"\u00a1\u00a1Chalet en primera l\u00ednea con acceso privado al mar!! - Blog sobre Menorca - Ses Moreres\" \/>\n<meta property=\"og:description\" content=\"Dentro del puerto natural de Mah\u00f3n, el segundo puerto m\u00e1s grande de Europa, y uno de los reclamos paisaj\u00edsticos m\u00e1s importantes de Menorca...\" \/>\n<meta property=\"og:url\" content=\"https:\/\/www.sesmoreres.com\/blog\/chalet-en-primera-linea-con-acceso-privado-al-mar\/\" \/>\n<meta property=\"og:site_name\" content=\"Blog sobre Menorca - Ses Moreres\" \/>\n<meta property=\"article:publisher\" content=\"https:\/\/www.facebook.com\/sesmoreres\/\" \/>\n<meta property=\"article:published_time\" content=\"2011-09-28T16:49:00+00:00\" \/>\n<meta property=\"article:modified_time\" content=\"2020-05-15T11:12:36+00:00\" \/>\n<meta property=\"og:image\" content=\"https:\/\/www.sesmoreres.com\/blog\/wp-content\/uploads\/2009\/05\/for-sale-cala-llonga-menorca.jpg\" \/>\n\t<meta property=\"og:image:width\" content=\"598\" \/>\n\t<meta property=\"og:image:height\" content=\"453\" \/>\n\t<meta property=\"og:image:type\" content=\"image\/jpeg\" \/>\n<meta name=\"author\" content=\"Jose\" \/>\n<meta name=\"twitter:card\" content=\"summary_large_image\" \/>\n<meta name=\"twitter:label1\" content=\"Escrito por\" \/>\n\t<meta name=\"twitter:data1\" content=\"Jose\" \/>\n\t<meta name=\"twitter:label2\" content=\"Tiempo de lectura\" \/>\n\t<meta name=\"twitter:data2\" content=\"1 minuto\" \/>\n<script type=\"application\/ld+json\" class=\"yoast-schema-graph\">{\"@context\":\"https:\\\/\\\/schema.org\",\"@graph\":[{\"@type\":\"Article\",\"@id\":\"https:\\\/\\\/www.sesmoreres.com\\\/blog\\\/chalet-en-primera-linea-con-acceso-privado-al-mar\\\/#article\",\"isPartOf\":{\"@id\":\"https:\\\/\\\/www.sesmoreres.com\\\/blog\\\/chalet-en-primera-linea-con-acceso-privado-al-mar\\\/\"},\"author\":{\"name\":\"Jose\",\"@id\":\"https:\\\/\\\/www.sesmoreres.com\\\/blog\\\/#\\\/schema\\\/person\\\/7c7e14840c5091c536f2386f87710e37\"},\"headline\":\"\u00a1\u00a1Chalet en primera l\u00ednea con acceso privado al mar!!\",\"datePublished\":\"2011-09-28T16:49:00+00:00\",\"dateModified\":\"2020-05-15T11:12:36+00:00\",\"mainEntityOfPage\":{\"@id\":\"https:\\\/\\\/www.sesmoreres.com\\\/blog\\\/chalet-en-primera-linea-con-acceso-privado-al-mar\\\/\"},\"wordCount\":165,\"commentCount\":0,\"publisher\":{\"@id\":\"https:\\\/\\\/www.sesmoreres.com\\\/blog\\\/#organization\"},\"image\":{\"@id\":\"https:\\\/\\\/www.sesmoreres.com\\\/blog\\\/chalet-en-primera-linea-con-acceso-privado-al-mar\\\/#primaryimage\"},\"thumbnailUrl\":\"https:\\\/\\\/www.sesmoreres.com\\\/blog\\\/wp-content\\\/uploads\\\/2009\\\/05\\\/for-sale-cala-llonga-menorca.jpg\",\"keywords\":[\"cala llonga\",\"casas en menorca\",\"chalet de lujo\",\"chalet en venta\",\"comprar chalet\",\"vivir en Menorca\"],\"articleSection\":[\"chalet menorca puerto mahon primera linea amarre joya inmobiliaria estatae agents casa finca inmueble villa mar mao\"],\"inLanguage\":\"es\",\"potentialAction\":[{\"@type\":\"CommentAction\",\"name\":\"Comment\",\"target\":[\"https:\\\/\\\/www.sesmoreres.com\\\/blog\\\/chalet-en-primera-linea-con-acceso-privado-al-mar\\\/#respond\"]}]},{\"@type\":\"WebPage\",\"@id\":\"https:\\\/\\\/www.sesmoreres.com\\\/blog\\\/chalet-en-primera-linea-con-acceso-privado-al-mar\\\/\",\"url\":\"https:\\\/\\\/www.sesmoreres.com\\\/blog\\\/chalet-en-primera-linea-con-acceso-privado-al-mar\\\/\",\"name\":\"\u00a1\u00a1Chalet en primera l\u00ednea con acceso privado al mar!! - Blog sobre Menorca - Ses Moreres\",\"isPartOf\":{\"@id\":\"https:\\\/\\\/www.sesmoreres.com\\\/blog\\\/#website\"},\"primaryImageOfPage\":{\"@id\":\"https:\\\/\\\/www.sesmoreres.com\\\/blog\\\/chalet-en-primera-linea-con-acceso-privado-al-mar\\\/#primaryimage\"},\"image\":{\"@id\":\"https:\\\/\\\/www.sesmoreres.com\\\/blog\\\/chalet-en-primera-linea-con-acceso-privado-al-mar\\\/#primaryimage\"},\"thumbnailUrl\":\"https:\\\/\\\/www.sesmoreres.com\\\/blog\\\/wp-content\\\/uploads\\\/2009\\\/05\\\/for-sale-cala-llonga-menorca.jpg\",\"datePublished\":\"2011-09-28T16:49:00+00:00\",\"dateModified\":\"2020-05-15T11:12:36+00:00\",\"description\":\"Dentro del puerto natural de Mah\u00f3n, el segundo puerto m\u00e1s grande de Europa, y uno de los reclamos paisaj\u00edsticos m\u00e1s importantes de Menorca...\",\"breadcrumb\":{\"@id\":\"https:\\\/\\\/www.sesmoreres.com\\\/blog\\\/chalet-en-primera-linea-con-acceso-privado-al-mar\\\/#breadcrumb\"},\"inLanguage\":\"es\",\"potentialAction\":[{\"@type\":\"ReadAction\",\"target\":[\"https:\\\/\\\/www.sesmoreres.com\\\/blog\\\/chalet-en-primera-linea-con-acceso-privado-al-mar\\\/\"]}]},{\"@type\":\"ImageObject\",\"inLanguage\":\"es\",\"@id\":\"https:\\\/\\\/www.sesmoreres.com\\\/blog\\\/chalet-en-primera-linea-con-acceso-privado-al-mar\\\/#primaryimage\",\"url\":\"https:\\\/\\\/www.sesmoreres.com\\\/blog\\\/wp-content\\\/uploads\\\/2009\\\/05\\\/for-sale-cala-llonga-menorca.jpg\",\"contentUrl\":\"https:\\\/\\\/www.sesmoreres.com\\\/blog\\\/wp-content\\\/uploads\\\/2009\\\/05\\\/for-sale-cala-llonga-menorca.jpg\",\"width\":598,\"height\":453,\"caption\":\"Exclusivo chalet de lujo en primera l\u00ednea en Menorca\"},{\"@type\":\"BreadcrumbList\",\"@id\":\"https:\\\/\\\/www.sesmoreres.com\\\/blog\\\/chalet-en-primera-linea-con-acceso-privado-al-mar\\\/#breadcrumb\",\"itemListElement\":[{\"@type\":\"ListItem\",\"position\":1,\"name\":\"Portada\",\"item\":\"https:\\\/\\\/www.sesmoreres.com\\\/blog\\\/\"},{\"@type\":\"ListItem\",\"position\":2,\"name\":\"\u00a1\u00a1Chalet en primera l\u00ednea con acceso privado al mar!!\"}]},{\"@type\":\"WebSite\",\"@id\":\"https:\\\/\\\/www.sesmoreres.com\\\/blog\\\/#website\",\"url\":\"https:\\\/\\\/www.sesmoreres.com\\\/blog\\\/\",\"name\":\"Blog sobre Menorca - Ses Moreres\",\"description\":\"Agencia inmobiliaria de Menorca lider en la venta de propiedades de lujo. Fincas r\u00fasticas, casas de campo, chalets, terrenos.\",\"publisher\":{\"@id\":\"https:\\\/\\\/www.sesmoreres.com\\\/blog\\\/#organization\"},\"potentialAction\":[{\"@type\":\"SearchAction\",\"target\":{\"@type\":\"EntryPoint\",\"urlTemplate\":\"https:\\\/\\\/www.sesmoreres.com\\\/blog\\\/?s={search_term_string}\"},\"query-input\":{\"@type\":\"PropertyValueSpecification\",\"valueRequired\":true,\"valueName\":\"search_term_string\"}}],\"inLanguage\":\"es\"},{\"@type\":\"Organization\",\"@id\":\"https:\\\/\\\/www.sesmoreres.com\\\/blog\\\/#organization\",\"name\":\"Ses Moreres\",\"url\":\"https:\\\/\\\/www.sesmoreres.com\\\/blog\\\/\",\"logo\":{\"@type\":\"ImageObject\",\"inLanguage\":\"es\",\"@id\":\"https:\\\/\\\/www.sesmoreres.com\\\/blog\\\/#\\\/schema\\\/logo\\\/image\\\/\",\"url\":\"https:\\\/\\\/www.sesmoreres.com\\\/blog\\\/wp-content\\\/uploads\\\/2019\\\/07\\\/ses-moreres-inmobiliaria-menorca.gif\",\"contentUrl\":\"https:\\\/\\\/www.sesmoreres.com\\\/blog\\\/wp-content\\\/uploads\\\/2019\\\/07\\\/ses-moreres-inmobiliaria-menorca.gif\",\"width\":170,\"height\":95,\"caption\":\"Ses Moreres\"},\"image\":{\"@id\":\"https:\\\/\\\/www.sesmoreres.com\\\/blog\\\/#\\\/schema\\\/logo\\\/image\\\/\"},\"sameAs\":[\"https:\\\/\\\/www.facebook.com\\\/sesmoreres\\\/\",\"https:\\\/\\\/www.instagram.com\\\/inmobiliariasesmoreres\\\/?hl=es\",\"https:\\\/\\\/www.youtube.com\\\/user\\\/sesmoreres\"]},{\"@type\":\"Person\",\"@id\":\"https:\\\/\\\/www.sesmoreres.com\\\/blog\\\/#\\\/schema\\\/person\\\/7c7e14840c5091c536f2386f87710e37\",\"name\":\"Jose\",\"image\":{\"@type\":\"ImageObject\",\"inLanguage\":\"es\",\"@id\":\"https:\\\/\\\/secure.gravatar.com\\\/avatar\\\/b4fc98d81ad2dabadc7b38d8d9cc7d784080dca9704b983ca16b1fd2926445dc?s=96&d=mm&r=g\",\"url\":\"https:\\\/\\\/secure.gravatar.com\\\/avatar\\\/b4fc98d81ad2dabadc7b38d8d9cc7d784080dca9704b983ca16b1fd2926445dc?s=96&d=mm&r=g\",\"contentUrl\":\"https:\\\/\\\/secure.gravatar.com\\\/avatar\\\/b4fc98d81ad2dabadc7b38d8d9cc7d784080dca9704b983ca16b1fd2926445dc?s=96&d=mm&r=g\",\"caption\":\"Jose\"},\"url\":\"https:\\\/\\\/www.sesmoreres.com\\\/blog\\\/author\\\/jose\\\/\"}]}<\/script>\n<!-- \/ Yoast SEO plugin. -->","yoast_head_json":{"title":"\u00a1\u00a1Chalet en primera l\u00ednea con acceso privado al mar!! - Blog sobre Menorca - Ses Moreres","description":"Dentro del puerto natural de Mah\u00f3n, el segundo puerto m\u00e1s grande de Europa, y uno de los reclamos paisaj\u00edsticos m\u00e1s importantes de Menorca...","robots":{"index":"index","follow":"follow","max-snippet":"max-snippet:-1","max-image-preview":"max-image-preview:large","max-video-preview":"max-video-preview:-1"},"canonical":"https:\/\/www.sesmoreres.com\/blog\/chalet-en-primera-linea-con-acceso-privado-al-mar\/","og_locale":"es_ES","og_type":"article","og_title":"\u00a1\u00a1Chalet en primera l\u00ednea con acceso privado al mar!! - Blog sobre Menorca - Ses Moreres","og_description":"Dentro del puerto natural de Mah\u00f3n, el segundo puerto m\u00e1s grande de Europa, y uno de los reclamos paisaj\u00edsticos m\u00e1s importantes de Menorca...","og_url":"https:\/\/www.sesmoreres.com\/blog\/chalet-en-primera-linea-con-acceso-privado-al-mar\/","og_site_name":"Blog sobre Menorca - Ses Moreres","article_publisher":"https:\/\/www.facebook.com\/sesmoreres\/","article_published_time":"2011-09-28T16:49:00+00:00","article_modified_time":"2020-05-15T11:12:36+00:00","og_image":[{"width":598,"height":453,"url":"https:\/\/www.sesmoreres.com\/blog\/wp-content\/uploads\/2009\/05\/for-sale-cala-llonga-menorca.jpg","type":"image\/jpeg"}],"author":"Jose","twitter_card":"summary_large_image","twitter_misc":{"Escrito por":"Jose","Tiempo de lectura":"1 minuto"},"schema":{"@context":"https:\/\/schema.org","@graph":[{"@type":"Article","@id":"https:\/\/www.sesmoreres.com\/blog\/chalet-en-primera-linea-con-acceso-privado-al-mar\/#article","isPartOf":{"@id":"https:\/\/www.sesmoreres.com\/blog\/chalet-en-primera-linea-con-acceso-privado-al-mar\/"},"author":{"name":"Jose","@id":"https:\/\/www.sesmoreres.com\/blog\/#\/schema\/person\/7c7e14840c5091c536f2386f87710e37"},"headline":"\u00a1\u00a1Chalet en primera l\u00ednea con acceso privado al mar!!","datePublished":"2011-09-28T16:49:00+00:00","dateModified":"2020-05-15T11:12:36+00:00","mainEntityOfPage":{"@id":"https:\/\/www.sesmoreres.com\/blog\/chalet-en-primera-linea-con-acceso-privado-al-mar\/"},"wordCount":165,"commentCount":0,"publisher":{"@id":"https:\/\/www.sesmoreres.com\/blog\/#organization"},"image":{"@id":"https:\/\/www.sesmoreres.com\/blog\/chalet-en-primera-linea-con-acceso-privado-al-mar\/#primaryimage"},"thumbnailUrl":"https:\/\/www.sesmoreres.com\/blog\/wp-content\/uploads\/2009\/05\/for-sale-cala-llonga-menorca.jpg","keywords":["cala llonga","casas en menorca","chalet de lujo","chalet en venta","comprar chalet","vivir en Menorca"],"articleSection":["chalet menorca puerto mahon primera linea amarre joya inmobiliaria estatae agents casa finca inmueble villa mar mao"],"inLanguage":"es","potentialAction":[{"@type":"CommentAction","name":"Comment","target":["https:\/\/www.sesmoreres.com\/blog\/chalet-en-primera-linea-con-acceso-privado-al-mar\/#respond"]}]},{"@type":"WebPage","@id":"https:\/\/www.sesmoreres.com\/blog\/chalet-en-primera-linea-con-acceso-privado-al-mar\/","url":"https:\/\/www.sesmoreres.com\/blog\/chalet-en-primera-linea-con-acceso-privado-al-mar\/","name":"\u00a1\u00a1Chalet en primera l\u00ednea con acceso privado al mar!! - Blog sobre Menorca - Ses Moreres","isPartOf":{"@id":"https:\/\/www.sesmoreres.com\/blog\/#website"},"primaryImageOfPage":{"@id":"https:\/\/www.sesmoreres.com\/blog\/chalet-en-primera-linea-con-acceso-privado-al-mar\/#primaryimage"},"image":{"@id":"https:\/\/www.sesmoreres.com\/blog\/chalet-en-primera-linea-con-acceso-privado-al-mar\/#primaryimage"},"thumbnailUrl":"https:\/\/www.sesmoreres.com\/blog\/wp-content\/uploads\/2009\/05\/for-sale-cala-llonga-menorca.jpg","datePublished":"2011-09-28T16:49:00+00:00","dateModified":"2020-05-15T11:12:36+00:00","description":"Dentro del puerto natural de Mah\u00f3n, el segundo puerto m\u00e1s grande de Europa, y uno de los reclamos paisaj\u00edsticos m\u00e1s importantes de Menorca...","breadcrumb":{"@id":"https:\/\/www.sesmoreres.com\/blog\/chalet-en-primera-linea-con-acceso-privado-al-mar\/#breadcrumb"},"inLanguage":"es","potentialAction":[{"@type":"ReadAction","target":["https:\/\/www.sesmoreres.com\/blog\/chalet-en-primera-linea-con-acceso-privado-al-mar\/"]}]},{"@type":"ImageObject","inLanguage":"es","@id":"https:\/\/www.sesmoreres.com\/blog\/chalet-en-primera-linea-con-acceso-privado-al-mar\/#primaryimage","url":"https:\/\/www.sesmoreres.com\/blog\/wp-content\/uploads\/2009\/05\/for-sale-cala-llonga-menorca.jpg","contentUrl":"https:\/\/www.sesmoreres.com\/blog\/wp-content\/uploads\/2009\/05\/for-sale-cala-llonga-menorca.jpg","width":598,"height":453,"caption":"Exclusivo chalet de lujo en primera l\u00ednea en Menorca"},{"@type":"BreadcrumbList","@id":"https:\/\/www.sesmoreres.com\/blog\/chalet-en-primera-linea-con-acceso-privado-al-mar\/#breadcrumb","itemListElement":[{"@type":"ListItem","position":1,"name":"Portada","item":"https:\/\/www.sesmoreres.com\/blog\/"},{"@type":"ListItem","position":2,"name":"\u00a1\u00a1Chalet en primera l\u00ednea con acceso privado al mar!!"}]},{"@type":"WebSite","@id":"https:\/\/www.sesmoreres.com\/blog\/#website","url":"https:\/\/www.sesmoreres.com\/blog\/","name":"Blog sobre Menorca - Ses Moreres","description":"Agencia inmobiliaria de Menorca lider en la venta de propiedades de lujo. Fincas r\u00fasticas, casas de campo, chalets, terrenos.","publisher":{"@id":"https:\/\/www.sesmoreres.com\/blog\/#organization"},"potentialAction":[{"@type":"SearchAction","target":{"@type":"EntryPoint","urlTemplate":"https:\/\/www.sesmoreres.com\/blog\/?s={search_term_string}"},"query-input":{"@type":"PropertyValueSpecification","valueRequired":true,"valueName":"search_term_string"}}],"inLanguage":"es"},{"@type":"Organization","@id":"https:\/\/www.sesmoreres.com\/blog\/#organization","name":"Ses Moreres","url":"https:\/\/www.sesmoreres.com\/blog\/","logo":{"@type":"ImageObject","inLanguage":"es","@id":"https:\/\/www.sesmoreres.com\/blog\/#\/schema\/logo\/image\/","url":"https:\/\/www.sesmoreres.com\/blog\/wp-content\/uploads\/2019\/07\/ses-moreres-inmobiliaria-menorca.gif","contentUrl":"https:\/\/www.sesmoreres.com\/blog\/wp-content\/uploads\/2019\/07\/ses-moreres-inmobiliaria-menorca.gif","width":170,"height":95,"caption":"Ses Moreres"},"image":{"@id":"https:\/\/www.sesmoreres.com\/blog\/#\/schema\/logo\/image\/"},"sameAs":["https:\/\/www.facebook.com\/sesmoreres\/","https:\/\/www.instagram.com\/inmobiliariasesmoreres\/?hl=es","https:\/\/www.youtube.com\/user\/sesmoreres"]},{"@type":"Person","@id":"https:\/\/www.sesmoreres.com\/blog\/#\/schema\/person\/7c7e14840c5091c536f2386f87710e37","name":"Jose","image":{"@type":"ImageObject","inLanguage":"es","@id":"https:\/\/secure.gravatar.com\/avatar\/b4fc98d81ad2dabadc7b38d8d9cc7d784080dca9704b983ca16b1fd2926445dc?s=96&d=mm&r=g","url":"https:\/\/secure.gravatar.com\/avatar\/b4fc98d81ad2dabadc7b38d8d9cc7d784080dca9704b983ca16b1fd2926445dc?s=96&d=mm&r=g","contentUrl":"https:\/\/secure.gravatar.com\/avatar\/b4fc98d81ad2dabadc7b38d8d9cc7d784080dca9704b983ca16b1fd2926445dc?s=96&d=mm&r=g","caption":"Jose"},"url":"https:\/\/www.sesmoreres.com\/blog\/author\/jose\/"}]}},"_links":{"self":[{"href":"https:\/\/www.sesmoreres.com\/blog\/wp-json\/wp\/v2\/posts\/480","targetHints":{"allow":["GET"]}}],"collection":[{"href":"https:\/\/www.sesmoreres.com\/blog\/wp-json\/wp\/v2\/posts"}],"about":[{"href":"https:\/\/www.sesmoreres.com\/blog\/wp-json\/wp\/v2\/types\/post"}],"author":[{"embeddable":true,"href":"https:\/\/www.sesmoreres.com\/blog\/wp-json\/wp\/v2\/users\/2"}],"replies":[{"embeddable":true,"href":"https:\/\/www.sesmoreres.com\/blog\/wp-json\/wp\/v2\/comments?post=480"}],"version-history":[{"count":2,"href":"https:\/\/www.sesmoreres.com\/blog\/wp-json\/wp\/v2\/posts\/480\/revisions"}],"predecessor-version":[{"id":2053,"href":"https:\/\/www.sesmoreres.com\/blog\/wp-json\/wp\/v2\/posts\/480\/revisions\/2053"}],"wp:featuredmedia":[{"embeddable":true,"href":"https:\/\/www.sesmoreres.com\/blog\/wp-json\/wp\/v2\/media\/1320"}],"wp:attachment":[{"href":"https:\/\/www.sesmoreres.com\/blog\/wp-json\/wp\/v2\/media?parent=480"}],"wp:term":[{"taxonomy":"category","embeddable":true,"href":"https:\/\/www.sesmoreres.com\/blog\/wp-json\/wp\/v2\/categories?post=480"},{"taxonomy":"post_tag","embeddable":true,"href":"https:\/\/www.sesmoreres.com\/blog\/wp-json\/wp\/v2\/tags?post=480"}],"curies":[{"name":"wp","href":"https:\/\/api.w.org\/{rel}","templated":true}]}}