{"id":472,"date":"2012-04-13T13:55:00","date_gmt":"2012-04-13T11:55:00","guid":{"rendered":"https:\/\/www.sesmoreres.com\/blog\/2012\/04\/13\/lugares-secretos-de-menorca\/"},"modified":"2020-05-12T10:22:47","modified_gmt":"2020-05-12T08:22:47","slug":"lugares-secretos-de-menorca","status":"publish","type":"post","link":"https:\/\/www.sesmoreres.com\/blog\/lugares-secretos-de-menorca\/","title":{"rendered":"Lugares Secretos de Menorca"},"content":{"rendered":"<p>Como la mayor\u00eda ya sabr\u00e9is <a href=\"http:\/\/www.sesmoreres.com\/\">Ses Moreres<\/a> patrocina desde hace unos a\u00f1os la serie de v\u00eddeos de naturaleza <a href=\"http:\/\/www.youtube.com\/playlist?list=PLBB6447670CA0CDD8&amp;feature=plcp\">Lugares Secretos de Menorca<\/a>, la cual cuenta con un grupo en Facebook de mas de 3.000 seguidores.<\/p>\n<p>Ahora nos alegra invitaros a visitar nuestra nueva p\u00e1gina de<br \/>\n<a href=\"http:\/\/www.facebook.com\/pages\/Lugares-Secretos-de-Menorca-Menorcas-Secret-Places\/236750309707462\" target=\"_blank\" rel=\"noopener noreferrer\">\u00abLugares Secretos de Menorca\u00bb<\/a> en Facebook, donde encontrar\u00e9is peri\u00f3dicamente reportajes fotogr\u00e1ficos de calidad, as\u00ed como v\u00eddeos de las zonas naturales m\u00e1s interesantes de la isla y art\u00edculos de inter\u00e9s.<\/p>\n<p>\u00a1No os perd\u00e1is el v\u00eddeo de la gran ballena muerta que apareci\u00f3 en Macaret hace unos d\u00edas!<\/p>\n<p>\u00a1\u00a1Tambi\u00e9n contamos contigo, sorpr\u00e9ndenos subiendo tus mejores fotos de espacios naturales de la isla!!<\/p>\n<p><a href=\"http:\/\/www.facebook.com\/pages\/Lugares-Secretos-de-Menorca-Menorcas-Secret-Places\/236750309707462\" target=\"_blank\" rel=\"noopener noreferrer\">Pincha aqu\u00ed para ir a la p\u00e1gina<\/a><\/p>\n<div style=\"clear: both; text-align: center;\"><a style=\"clear: left; float: left; margin-bottom: 1em; margin-right: 1em;\" href=\"http:\/\/3.bp.blogspot.com\/-BIu19fp8C5c\/T4gTiqQqwxI\/AAAAAAAAANQ\/N6bG8qAr9bQ\/s1600\/lugares_secretos_de_menorca_facebook.jpg\"><img decoding=\"async\" data-src=\"http:\/\/3.bp.blogspot.com\/-BIu19fp8C5c\/T4gTiqQqwxI\/AAAAAAAAANQ\/N6bG8qAr9bQ\/s400\/lugares_secretos_de_menorca_facebook.jpg\" width=\"400\" height=\"246\" border=\"0\" src=\"data:image\/svg+xml;base64,PHN2ZyB3aWR0aD0iMSIgaGVpZ2h0PSIxIiB4bWxucz0iaHR0cDovL3d3dy53My5vcmcvMjAwMC9zdmciPjwvc3ZnPg==\" class=\"lazyload\" style=\"--smush-placeholder-width: 400px; --smush-placeholder-aspect-ratio: 400\/246;\" \/><\/a><\/div>\n<p>&nbsp;<\/p>\n","protected":false},"excerpt":{"rendered":"<p>Como la mayor\u00eda ya sabr\u00e9is Ses Moreres patrocina desde hace unos a\u00f1os la serie de v\u00eddeos de naturaleza Lugares Secretos de Menorca, la cual cuenta con un grupo en Facebook de mas de 3.000 seguidores. Ahora nos alegra invitaros a &hellip; <a href=\"https:\/\/www.sesmoreres.com\/blog\/lugares-secretos-de-menorca\/\">Continuar<\/a><\/p>\n","protected":false},"author":2,"featured_media":891,"comment_status":"open","ping_status":"open","sticky":false,"template":"","format":"standard","meta":{"footnotes":""},"categories":[477,334,478,476,377,480,232,313,337,479],"tags":[923,922,610,633],"class_list":["post-472","post","type-post","status-publish","format-standard","has-post-thumbnail","hentry","category-animales","category-baleares","category-caballos","category-calas","category-fiestas","category-lugares-secretos","category-menorca","category-naturaleza","category-playas","category-videos","tag-blog-de-menorca","tag-lugares-secretos","tag-menorca","tag-vacaciones-en-menorca"],"yoast_head":"<!-- This site is optimized with the Yoast SEO plugin v27.5 - https:\/\/yoast.com\/product\/yoast-seo-wordpress\/ -->\n<title>Lugares Secretos de Menorca - Blog sobre Menorca - Ses Moreres<\/title>\n<meta name=\"description\" content=\"Como la mayor\u00eda ya sabr\u00e9is Ses Moreres patrocina desde hace unos a\u00f1os la serie de v\u00eddeos de naturaleza Lugares Secretos de Menorca...\" \/>\n<meta name=\"robots\" content=\"index, follow, max-snippet:-1, max-image-preview:large, max-video-preview:-1\" \/>\n<link rel=\"canonical\" href=\"https:\/\/www.sesmoreres.com\/blog\/lugares-secretos-de-menorca\/\" \/>\n<meta property=\"og:locale\" content=\"es_ES\" \/>\n<meta property=\"og:type\" content=\"article\" \/>\n<meta property=\"og:title\" content=\"Lugares Secretos de Menorca - Blog sobre Menorca - Ses Moreres\" \/>\n<meta property=\"og:description\" content=\"Como la mayor\u00eda ya sabr\u00e9is Ses Moreres patrocina desde hace unos a\u00f1os la serie de v\u00eddeos de naturaleza Lugares Secretos de Menorca...\" \/>\n<meta property=\"og:url\" content=\"https:\/\/www.sesmoreres.com\/blog\/lugares-secretos-de-menorca\/\" \/>\n<meta property=\"og:site_name\" content=\"Blog sobre Menorca - Ses Moreres\" \/>\n<meta property=\"article:publisher\" content=\"https:\/\/www.facebook.com\/sesmoreres\/\" \/>\n<meta property=\"article:published_time\" content=\"2012-04-13T11:55:00+00:00\" \/>\n<meta property=\"article:modified_time\" content=\"2020-05-12T08:22:47+00:00\" \/>\n<meta property=\"og:image\" content=\"https:\/\/www.sesmoreres.com\/blog\/wp-content\/uploads\/2019\/09\/Menorca-en-septiembre.jpg\" \/>\n\t<meta property=\"og:image:width\" content=\"1920\" \/>\n\t<meta property=\"og:image:height\" content=\"1078\" \/>\n\t<meta property=\"og:image:type\" content=\"image\/jpeg\" \/>\n<meta name=\"author\" content=\"Jose\" \/>\n<meta name=\"twitter:card\" content=\"summary_large_image\" \/>\n<meta name=\"twitter:label1\" content=\"Escrito por\" \/>\n\t<meta name=\"twitter:data1\" content=\"Jose\" \/>\n\t<meta name=\"twitter:label2\" content=\"Tiempo de lectura\" \/>\n\t<meta name=\"twitter:data2\" content=\"1 minuto\" \/>\n<script type=\"application\/ld+json\" class=\"yoast-schema-graph\">{\"@context\":\"https:\\\/\\\/schema.org\",\"@graph\":[{\"@type\":\"Article\",\"@id\":\"https:\\\/\\\/www.sesmoreres.com\\\/blog\\\/lugares-secretos-de-menorca\\\/#article\",\"isPartOf\":{\"@id\":\"https:\\\/\\\/www.sesmoreres.com\\\/blog\\\/lugares-secretos-de-menorca\\\/\"},\"author\":{\"name\":\"Jose\",\"@id\":\"https:\\\/\\\/www.sesmoreres.com\\\/blog\\\/#\\\/schema\\\/person\\\/7c7e14840c5091c536f2386f87710e37\"},\"headline\":\"Lugares Secretos de Menorca\",\"datePublished\":\"2012-04-13T11:55:00+00:00\",\"dateModified\":\"2020-05-12T08:22:47+00:00\",\"mainEntityOfPage\":{\"@id\":\"https:\\\/\\\/www.sesmoreres.com\\\/blog\\\/lugares-secretos-de-menorca\\\/\"},\"wordCount\":134,\"commentCount\":0,\"publisher\":{\"@id\":\"https:\\\/\\\/www.sesmoreres.com\\\/blog\\\/#organization\"},\"image\":{\"@id\":\"https:\\\/\\\/www.sesmoreres.com\\\/blog\\\/lugares-secretos-de-menorca\\\/#primaryimage\"},\"thumbnailUrl\":\"https:\\\/\\\/www.sesmoreres.com\\\/blog\\\/wp-content\\\/uploads\\\/2019\\\/09\\\/Menorca-en-septiembre.jpg\",\"keywords\":[\"blog de menorca\",\"lugares secretos\",\"menorca\",\"vacaciones en menorca\"],\"articleSection\":[\"animales\",\"baleares\",\"caballos\",\"calas\",\"fiestas\",\"lugares secretos\",\"menorca\",\"naturaleza\",\"playas\",\"videos\"],\"inLanguage\":\"es\",\"potentialAction\":[{\"@type\":\"CommentAction\",\"name\":\"Comment\",\"target\":[\"https:\\\/\\\/www.sesmoreres.com\\\/blog\\\/lugares-secretos-de-menorca\\\/#respond\"]}]},{\"@type\":\"WebPage\",\"@id\":\"https:\\\/\\\/www.sesmoreres.com\\\/blog\\\/lugares-secretos-de-menorca\\\/\",\"url\":\"https:\\\/\\\/www.sesmoreres.com\\\/blog\\\/lugares-secretos-de-menorca\\\/\",\"name\":\"Lugares Secretos de Menorca - Blog sobre Menorca - Ses Moreres\",\"isPartOf\":{\"@id\":\"https:\\\/\\\/www.sesmoreres.com\\\/blog\\\/#website\"},\"primaryImageOfPage\":{\"@id\":\"https:\\\/\\\/www.sesmoreres.com\\\/blog\\\/lugares-secretos-de-menorca\\\/#primaryimage\"},\"image\":{\"@id\":\"https:\\\/\\\/www.sesmoreres.com\\\/blog\\\/lugares-secretos-de-menorca\\\/#primaryimage\"},\"thumbnailUrl\":\"https:\\\/\\\/www.sesmoreres.com\\\/blog\\\/wp-content\\\/uploads\\\/2019\\\/09\\\/Menorca-en-septiembre.jpg\",\"datePublished\":\"2012-04-13T11:55:00+00:00\",\"dateModified\":\"2020-05-12T08:22:47+00:00\",\"description\":\"Como la mayor\u00eda ya sabr\u00e9is Ses Moreres patrocina desde hace unos a\u00f1os la serie de v\u00eddeos de naturaleza Lugares Secretos de Menorca...\",\"breadcrumb\":{\"@id\":\"https:\\\/\\\/www.sesmoreres.com\\\/blog\\\/lugares-secretos-de-menorca\\\/#breadcrumb\"},\"inLanguage\":\"es\",\"potentialAction\":[{\"@type\":\"ReadAction\",\"target\":[\"https:\\\/\\\/www.sesmoreres.com\\\/blog\\\/lugares-secretos-de-menorca\\\/\"]}]},{\"@type\":\"ImageObject\",\"inLanguage\":\"es\",\"@id\":\"https:\\\/\\\/www.sesmoreres.com\\\/blog\\\/lugares-secretos-de-menorca\\\/#primaryimage\",\"url\":\"https:\\\/\\\/www.sesmoreres.com\\\/blog\\\/wp-content\\\/uploads\\\/2019\\\/09\\\/Menorca-en-septiembre.jpg\",\"contentUrl\":\"https:\\\/\\\/www.sesmoreres.com\\\/blog\\\/wp-content\\\/uploads\\\/2019\\\/09\\\/Menorca-en-septiembre.jpg\",\"width\":1920,\"height\":1078,\"caption\":\"Menorca en Septiembre\"},{\"@type\":\"BreadcrumbList\",\"@id\":\"https:\\\/\\\/www.sesmoreres.com\\\/blog\\\/lugares-secretos-de-menorca\\\/#breadcrumb\",\"itemListElement\":[{\"@type\":\"ListItem\",\"position\":1,\"name\":\"Portada\",\"item\":\"https:\\\/\\\/www.sesmoreres.com\\\/blog\\\/\"},{\"@type\":\"ListItem\",\"position\":2,\"name\":\"Lugares Secretos de Menorca\"}]},{\"@type\":\"WebSite\",\"@id\":\"https:\\\/\\\/www.sesmoreres.com\\\/blog\\\/#website\",\"url\":\"https:\\\/\\\/www.sesmoreres.com\\\/blog\\\/\",\"name\":\"Blog sobre Menorca - Ses Moreres\",\"description\":\"Agencia inmobiliaria de Menorca lider en la venta de propiedades de lujo. Fincas r\u00fasticas, casas de campo, chalets, terrenos.\",\"publisher\":{\"@id\":\"https:\\\/\\\/www.sesmoreres.com\\\/blog\\\/#organization\"},\"potentialAction\":[{\"@type\":\"SearchAction\",\"target\":{\"@type\":\"EntryPoint\",\"urlTemplate\":\"https:\\\/\\\/www.sesmoreres.com\\\/blog\\\/?s={search_term_string}\"},\"query-input\":{\"@type\":\"PropertyValueSpecification\",\"valueRequired\":true,\"valueName\":\"search_term_string\"}}],\"inLanguage\":\"es\"},{\"@type\":\"Organization\",\"@id\":\"https:\\\/\\\/www.sesmoreres.com\\\/blog\\\/#organization\",\"name\":\"Ses Moreres\",\"url\":\"https:\\\/\\\/www.sesmoreres.com\\\/blog\\\/\",\"logo\":{\"@type\":\"ImageObject\",\"inLanguage\":\"es\",\"@id\":\"https:\\\/\\\/www.sesmoreres.com\\\/blog\\\/#\\\/schema\\\/logo\\\/image\\\/\",\"url\":\"https:\\\/\\\/www.sesmoreres.com\\\/blog\\\/wp-content\\\/uploads\\\/2019\\\/07\\\/ses-moreres-inmobiliaria-menorca.gif\",\"contentUrl\":\"https:\\\/\\\/www.sesmoreres.com\\\/blog\\\/wp-content\\\/uploads\\\/2019\\\/07\\\/ses-moreres-inmobiliaria-menorca.gif\",\"width\":170,\"height\":95,\"caption\":\"Ses Moreres\"},\"image\":{\"@id\":\"https:\\\/\\\/www.sesmoreres.com\\\/blog\\\/#\\\/schema\\\/logo\\\/image\\\/\"},\"sameAs\":[\"https:\\\/\\\/www.facebook.com\\\/sesmoreres\\\/\",\"https:\\\/\\\/www.instagram.com\\\/inmobiliariasesmoreres\\\/?hl=es\",\"https:\\\/\\\/www.youtube.com\\\/user\\\/sesmoreres\"]},{\"@type\":\"Person\",\"@id\":\"https:\\\/\\\/www.sesmoreres.com\\\/blog\\\/#\\\/schema\\\/person\\\/7c7e14840c5091c536f2386f87710e37\",\"name\":\"Jose\",\"image\":{\"@type\":\"ImageObject\",\"inLanguage\":\"es\",\"@id\":\"https:\\\/\\\/secure.gravatar.com\\\/avatar\\\/b4fc98d81ad2dabadc7b38d8d9cc7d784080dca9704b983ca16b1fd2926445dc?s=96&d=mm&r=g\",\"url\":\"https:\\\/\\\/secure.gravatar.com\\\/avatar\\\/b4fc98d81ad2dabadc7b38d8d9cc7d784080dca9704b983ca16b1fd2926445dc?s=96&d=mm&r=g\",\"contentUrl\":\"https:\\\/\\\/secure.gravatar.com\\\/avatar\\\/b4fc98d81ad2dabadc7b38d8d9cc7d784080dca9704b983ca16b1fd2926445dc?s=96&d=mm&r=g\",\"caption\":\"Jose\"},\"url\":\"https:\\\/\\\/www.sesmoreres.com\\\/blog\\\/author\\\/jose\\\/\"}]}<\/script>\n<!-- \/ Yoast SEO plugin. -->","yoast_head_json":{"title":"Lugares Secretos de Menorca - Blog sobre Menorca - Ses Moreres","description":"Como la mayor\u00eda ya sabr\u00e9is Ses Moreres patrocina desde hace unos a\u00f1os la serie de v\u00eddeos de naturaleza Lugares Secretos de Menorca...","robots":{"index":"index","follow":"follow","max-snippet":"max-snippet:-1","max-image-preview":"max-image-preview:large","max-video-preview":"max-video-preview:-1"},"canonical":"https:\/\/www.sesmoreres.com\/blog\/lugares-secretos-de-menorca\/","og_locale":"es_ES","og_type":"article","og_title":"Lugares Secretos de Menorca - Blog sobre Menorca - Ses Moreres","og_description":"Como la mayor\u00eda ya sabr\u00e9is Ses Moreres patrocina desde hace unos a\u00f1os la serie de v\u00eddeos de naturaleza Lugares Secretos de Menorca...","og_url":"https:\/\/www.sesmoreres.com\/blog\/lugares-secretos-de-menorca\/","og_site_name":"Blog sobre Menorca - Ses Moreres","article_publisher":"https:\/\/www.facebook.com\/sesmoreres\/","article_published_time":"2012-04-13T11:55:00+00:00","article_modified_time":"2020-05-12T08:22:47+00:00","og_image":[{"width":1920,"height":1078,"url":"https:\/\/www.sesmoreres.com\/blog\/wp-content\/uploads\/2019\/09\/Menorca-en-septiembre.jpg","type":"image\/jpeg"}],"author":"Jose","twitter_card":"summary_large_image","twitter_misc":{"Escrito por":"Jose","Tiempo de lectura":"1 minuto"},"schema":{"@context":"https:\/\/schema.org","@graph":[{"@type":"Article","@id":"https:\/\/www.sesmoreres.com\/blog\/lugares-secretos-de-menorca\/#article","isPartOf":{"@id":"https:\/\/www.sesmoreres.com\/blog\/lugares-secretos-de-menorca\/"},"author":{"name":"Jose","@id":"https:\/\/www.sesmoreres.com\/blog\/#\/schema\/person\/7c7e14840c5091c536f2386f87710e37"},"headline":"Lugares Secretos de Menorca","datePublished":"2012-04-13T11:55:00+00:00","dateModified":"2020-05-12T08:22:47+00:00","mainEntityOfPage":{"@id":"https:\/\/www.sesmoreres.com\/blog\/lugares-secretos-de-menorca\/"},"wordCount":134,"commentCount":0,"publisher":{"@id":"https:\/\/www.sesmoreres.com\/blog\/#organization"},"image":{"@id":"https:\/\/www.sesmoreres.com\/blog\/lugares-secretos-de-menorca\/#primaryimage"},"thumbnailUrl":"https:\/\/www.sesmoreres.com\/blog\/wp-content\/uploads\/2019\/09\/Menorca-en-septiembre.jpg","keywords":["blog de menorca","lugares secretos","menorca","vacaciones en menorca"],"articleSection":["animales","baleares","caballos","calas","fiestas","lugares secretos","menorca","naturaleza","playas","videos"],"inLanguage":"es","potentialAction":[{"@type":"CommentAction","name":"Comment","target":["https:\/\/www.sesmoreres.com\/blog\/lugares-secretos-de-menorca\/#respond"]}]},{"@type":"WebPage","@id":"https:\/\/www.sesmoreres.com\/blog\/lugares-secretos-de-menorca\/","url":"https:\/\/www.sesmoreres.com\/blog\/lugares-secretos-de-menorca\/","name":"Lugares Secretos de Menorca - Blog sobre Menorca - Ses Moreres","isPartOf":{"@id":"https:\/\/www.sesmoreres.com\/blog\/#website"},"primaryImageOfPage":{"@id":"https:\/\/www.sesmoreres.com\/blog\/lugares-secretos-de-menorca\/#primaryimage"},"image":{"@id":"https:\/\/www.sesmoreres.com\/blog\/lugares-secretos-de-menorca\/#primaryimage"},"thumbnailUrl":"https:\/\/www.sesmoreres.com\/blog\/wp-content\/uploads\/2019\/09\/Menorca-en-septiembre.jpg","datePublished":"2012-04-13T11:55:00+00:00","dateModified":"2020-05-12T08:22:47+00:00","description":"Como la mayor\u00eda ya sabr\u00e9is Ses Moreres patrocina desde hace unos a\u00f1os la serie de v\u00eddeos de naturaleza Lugares Secretos de Menorca...","breadcrumb":{"@id":"https:\/\/www.sesmoreres.com\/blog\/lugares-secretos-de-menorca\/#breadcrumb"},"inLanguage":"es","potentialAction":[{"@type":"ReadAction","target":["https:\/\/www.sesmoreres.com\/blog\/lugares-secretos-de-menorca\/"]}]},{"@type":"ImageObject","inLanguage":"es","@id":"https:\/\/www.sesmoreres.com\/blog\/lugares-secretos-de-menorca\/#primaryimage","url":"https:\/\/www.sesmoreres.com\/blog\/wp-content\/uploads\/2019\/09\/Menorca-en-septiembre.jpg","contentUrl":"https:\/\/www.sesmoreres.com\/blog\/wp-content\/uploads\/2019\/09\/Menorca-en-septiembre.jpg","width":1920,"height":1078,"caption":"Menorca en Septiembre"},{"@type":"BreadcrumbList","@id":"https:\/\/www.sesmoreres.com\/blog\/lugares-secretos-de-menorca\/#breadcrumb","itemListElement":[{"@type":"ListItem","position":1,"name":"Portada","item":"https:\/\/www.sesmoreres.com\/blog\/"},{"@type":"ListItem","position":2,"name":"Lugares Secretos de Menorca"}]},{"@type":"WebSite","@id":"https:\/\/www.sesmoreres.com\/blog\/#website","url":"https:\/\/www.sesmoreres.com\/blog\/","name":"Blog sobre Menorca - Ses Moreres","description":"Agencia inmobiliaria de Menorca lider en la venta de propiedades de lujo. Fincas r\u00fasticas, casas de campo, chalets, terrenos.","publisher":{"@id":"https:\/\/www.sesmoreres.com\/blog\/#organization"},"potentialAction":[{"@type":"SearchAction","target":{"@type":"EntryPoint","urlTemplate":"https:\/\/www.sesmoreres.com\/blog\/?s={search_term_string}"},"query-input":{"@type":"PropertyValueSpecification","valueRequired":true,"valueName":"search_term_string"}}],"inLanguage":"es"},{"@type":"Organization","@id":"https:\/\/www.sesmoreres.com\/blog\/#organization","name":"Ses Moreres","url":"https:\/\/www.sesmoreres.com\/blog\/","logo":{"@type":"ImageObject","inLanguage":"es","@id":"https:\/\/www.sesmoreres.com\/blog\/#\/schema\/logo\/image\/","url":"https:\/\/www.sesmoreres.com\/blog\/wp-content\/uploads\/2019\/07\/ses-moreres-inmobiliaria-menorca.gif","contentUrl":"https:\/\/www.sesmoreres.com\/blog\/wp-content\/uploads\/2019\/07\/ses-moreres-inmobiliaria-menorca.gif","width":170,"height":95,"caption":"Ses Moreres"},"image":{"@id":"https:\/\/www.sesmoreres.com\/blog\/#\/schema\/logo\/image\/"},"sameAs":["https:\/\/www.facebook.com\/sesmoreres\/","https:\/\/www.instagram.com\/inmobiliariasesmoreres\/?hl=es","https:\/\/www.youtube.com\/user\/sesmoreres"]},{"@type":"Person","@id":"https:\/\/www.sesmoreres.com\/blog\/#\/schema\/person\/7c7e14840c5091c536f2386f87710e37","name":"Jose","image":{"@type":"ImageObject","inLanguage":"es","@id":"https:\/\/secure.gravatar.com\/avatar\/b4fc98d81ad2dabadc7b38d8d9cc7d784080dca9704b983ca16b1fd2926445dc?s=96&d=mm&r=g","url":"https:\/\/secure.gravatar.com\/avatar\/b4fc98d81ad2dabadc7b38d8d9cc7d784080dca9704b983ca16b1fd2926445dc?s=96&d=mm&r=g","contentUrl":"https:\/\/secure.gravatar.com\/avatar\/b4fc98d81ad2dabadc7b38d8d9cc7d784080dca9704b983ca16b1fd2926445dc?s=96&d=mm&r=g","caption":"Jose"},"url":"https:\/\/www.sesmoreres.com\/blog\/author\/jose\/"}]}},"_links":{"self":[{"href":"https:\/\/www.sesmoreres.com\/blog\/wp-json\/wp\/v2\/posts\/472","targetHints":{"allow":["GET"]}}],"collection":[{"href":"https:\/\/www.sesmoreres.com\/blog\/wp-json\/wp\/v2\/posts"}],"about":[{"href":"https:\/\/www.sesmoreres.com\/blog\/wp-json\/wp\/v2\/types\/post"}],"author":[{"embeddable":true,"href":"https:\/\/www.sesmoreres.com\/blog\/wp-json\/wp\/v2\/users\/2"}],"replies":[{"embeddable":true,"href":"https:\/\/www.sesmoreres.com\/blog\/wp-json\/wp\/v2\/comments?post=472"}],"version-history":[{"count":2,"href":"https:\/\/www.sesmoreres.com\/blog\/wp-json\/wp\/v2\/posts\/472\/revisions"}],"predecessor-version":[{"id":2032,"href":"https:\/\/www.sesmoreres.com\/blog\/wp-json\/wp\/v2\/posts\/472\/revisions\/2032"}],"wp:featuredmedia":[{"embeddable":true,"href":"https:\/\/www.sesmoreres.com\/blog\/wp-json\/wp\/v2\/media\/891"}],"wp:attachment":[{"href":"https:\/\/www.sesmoreres.com\/blog\/wp-json\/wp\/v2\/media?parent=472"}],"wp:term":[{"taxonomy":"category","embeddable":true,"href":"https:\/\/www.sesmoreres.com\/blog\/wp-json\/wp\/v2\/categories?post=472"},{"taxonomy":"post_tag","embeddable":true,"href":"https:\/\/www.sesmoreres.com\/blog\/wp-json\/wp\/v2\/tags?post=472"}],"curies":[{"name":"wp","href":"https:\/\/api.w.org\/{rel}","templated":true}]}}