{"id":447,"date":"2013-04-29T17:19:00","date_gmt":"2013-04-29T15:19:00","guid":{"rendered":"https:\/\/www.sesmoreres.com\/blog\/2013\/04\/29\/gran-finca-rustica-en-venta-en-menorca\/"},"modified":"2020-05-08T18:54:51","modified_gmt":"2020-05-08T16:54:51","slug":"gran-finca-rustica-en-venta-en-menorca","status":"publish","type":"post","link":"https:\/\/www.sesmoreres.com\/blog\/gran-finca-rustica-en-venta-en-menorca\/","title":{"rendered":"Gran finca r\u00fastica en venta en Menorca"},"content":{"rendered":"<p>Desde un bello paisaje de peque\u00f1as monta\u00f1as y valles poco habitual en la isla, os descubrimos esta gran <b>finca r\u00fastica en venta en Menorca<\/b>, desde la que se disfrutan unas vistas espectaculares de la naturaleza.<\/p>\n<p>\u00a1Pasa y descubre con nosotros esta inigualable propiedad!<\/p>\n<p><iframe data-src=\"https:\/\/www.youtube.com\/embed\/K8nbJNdlN28?rel=0\" width=\"560\" height=\"315\" frameborder=\"0\" allowfullscreen=\"allowfullscreen\" src=\"data:image\/svg+xml;base64,PHN2ZyB3aWR0aD0iMSIgaGVpZ2h0PSIxIiB4bWxucz0iaHR0cDovL3d3dy53My5vcmcvMjAwMC9zdmciPjwvc3ZnPg==\" data-load-mode=\"1\"><span data-mce-type=\"bookmark\" style=\"display: inline-block; width: 0px; overflow: hidden; line-height: 0;\" class=\"mce_SELRES_start lazyload\">\ufeff<\/span><\/iframe><\/p>\n<p><span style=\"font-family: 'arial' , 'sans-serif'; font-size: 12.0pt; line-height: 115%;\"><a href=\"http:\/\/www.sesmoreres.com\/resultado-busqueda\/?a=finca_rustica\" target=\"_blank\" rel=\"noopener noreferrer\">Otras fincas r\u00fasticas en venta en Menorca.<\/a><\/span><br \/>\nPara solicitar visita o m\u00e1s informaci\u00f3n, llama al <strong>Tel +34 971351530<\/strong>, o env\u00eda un correo electr\u00f3nico a <a href=\"mailto:inversiones@sesmoreres.com?subject=Info%20Finca%20rustica%20en%20Ferreries%20ref_04071-&amp;body=Me%20gustaria%20visitarla\">inversiones@sesmoreres.com<\/a><\/p>\n<p>&nbsp;<\/p>\n","protected":false},"excerpt":{"rendered":"<p>Desde un bello paisaje de peque\u00f1as monta\u00f1as y valles poco habitual en la isla, os descubrimos esta gran finca r\u00fastica en venta en Menorca, desde la que se disfrutan unas vistas espectaculares de la naturaleza. \u00a1Pasa y descubre con nosotros &hellip; <a href=\"https:\/\/www.sesmoreres.com\/blog\/gran-finca-rustica-en-venta-en-menorca\/\">Continuar<\/a><\/p>\n","protected":false},"author":2,"featured_media":1020,"comment_status":"open","ping_status":"open","sticky":false,"template":"","format":"standard","meta":{"footnotes":""},"categories":[242,233,411,235,322,232,313,250,240],"tags":[640,732,603,639,851],"class_list":["post-447","post","type-post","status-publish","format-standard","has-post-thumbnail","hentry","category-campo","category-casa-de-campo","category-caserio","category-finca-rustica","category-inmobiliaria","category-menorca","category-naturaleza","category-predio","category-ses-moreres","tag-casa-en-menorca-en-venta","tag-comprar-finca","tag-finca-rustica","tag-inmobiliaria-menorca","tag-vivir-en-el-campo"],"yoast_head":"<!-- This site is optimized with the Yoast SEO plugin v27.5 - https:\/\/yoast.com\/product\/yoast-seo-wordpress\/ -->\n<title>Gran finca r\u00fastica en venta en Menorca<\/title>\n<meta name=\"description\" content=\"Desde un bello paisaje de peque\u00f1as monta\u00f1as y valles poco habitual en la isla, os descubrimos esta gran finca r\u00fastica en venta en Menorca, desde la...\" \/>\n<meta name=\"robots\" content=\"index, follow, max-snippet:-1, max-image-preview:large, max-video-preview:-1\" \/>\n<link rel=\"canonical\" href=\"https:\/\/www.sesmoreres.com\/blog\/gran-finca-rustica-en-venta-en-menorca\/\" \/>\n<meta property=\"og:locale\" content=\"es_ES\" \/>\n<meta property=\"og:type\" content=\"article\" \/>\n<meta property=\"og:title\" content=\"Gran finca r\u00fastica en venta en Menorca\" \/>\n<meta property=\"og:description\" content=\"Desde un bello paisaje de peque\u00f1as monta\u00f1as y valles poco habitual en la isla, os descubrimos esta gran finca r\u00fastica en venta en Menorca, desde la...\" \/>\n<meta property=\"og:url\" content=\"https:\/\/www.sesmoreres.com\/blog\/gran-finca-rustica-en-venta-en-menorca\/\" \/>\n<meta property=\"og:site_name\" content=\"Blog sobre Menorca - Ses Moreres\" \/>\n<meta property=\"article:publisher\" content=\"https:\/\/www.facebook.com\/sesmoreres\/\" \/>\n<meta property=\"article:published_time\" content=\"2013-04-29T15:19:00+00:00\" \/>\n<meta property=\"article:modified_time\" content=\"2020-05-08T16:54:51+00:00\" \/>\n<meta property=\"og:image\" content=\"https:\/\/www.sesmoreres.com\/blog\/wp-content\/uploads\/2016\/05\/gran-finca-rustica-venta-menorca.jpg\" \/>\n\t<meta property=\"og:image:width\" content=\"1441\" \/>\n\t<meta property=\"og:image:height\" content=\"1080\" \/>\n\t<meta property=\"og:image:type\" content=\"image\/jpeg\" \/>\n<meta name=\"author\" content=\"Jose\" \/>\n<meta name=\"twitter:card\" content=\"summary_large_image\" \/>\n<meta name=\"twitter:label1\" content=\"Escrito por\" \/>\n\t<meta name=\"twitter:data1\" content=\"Jose\" \/>\n<script type=\"application\/ld+json\" class=\"yoast-schema-graph\">{\"@context\":\"https:\\\/\\\/schema.org\",\"@graph\":[{\"@type\":\"Article\",\"@id\":\"https:\\\/\\\/www.sesmoreres.com\\\/blog\\\/gran-finca-rustica-en-venta-en-menorca\\\/#article\",\"isPartOf\":{\"@id\":\"https:\\\/\\\/www.sesmoreres.com\\\/blog\\\/gran-finca-rustica-en-venta-en-menorca\\\/\"},\"author\":{\"name\":\"Jose\",\"@id\":\"https:\\\/\\\/www.sesmoreres.com\\\/blog\\\/#\\\/schema\\\/person\\\/7c7e14840c5091c536f2386f87710e37\"},\"headline\":\"Gran finca r\u00fastica en venta en Menorca\",\"datePublished\":\"2013-04-29T15:19:00+00:00\",\"dateModified\":\"2020-05-08T16:54:51+00:00\",\"mainEntityOfPage\":{\"@id\":\"https:\\\/\\\/www.sesmoreres.com\\\/blog\\\/gran-finca-rustica-en-venta-en-menorca\\\/\"},\"wordCount\":85,\"commentCount\":0,\"publisher\":{\"@id\":\"https:\\\/\\\/www.sesmoreres.com\\\/blog\\\/#organization\"},\"image\":{\"@id\":\"https:\\\/\\\/www.sesmoreres.com\\\/blog\\\/gran-finca-rustica-en-venta-en-menorca\\\/#primaryimage\"},\"thumbnailUrl\":\"https:\\\/\\\/www.sesmoreres.com\\\/blog\\\/wp-content\\\/uploads\\\/2016\\\/05\\\/gran-finca-rustica-venta-menorca.jpg\",\"keywords\":[\"casa en menorca en venta\",\"comprar finca\",\"finca rustica\",\"inmobiliaria menorca\",\"vivir en el campo\"],\"articleSection\":[\"campo\",\"casa de campo\",\"caserio\",\"finca rustica\",\"inmobiliaria\",\"menorca\",\"naturaleza\",\"predio\",\"ses moreres\"],\"inLanguage\":\"es\",\"potentialAction\":[{\"@type\":\"CommentAction\",\"name\":\"Comment\",\"target\":[\"https:\\\/\\\/www.sesmoreres.com\\\/blog\\\/gran-finca-rustica-en-venta-en-menorca\\\/#respond\"]}]},{\"@type\":\"WebPage\",\"@id\":\"https:\\\/\\\/www.sesmoreres.com\\\/blog\\\/gran-finca-rustica-en-venta-en-menorca\\\/\",\"url\":\"https:\\\/\\\/www.sesmoreres.com\\\/blog\\\/gran-finca-rustica-en-venta-en-menorca\\\/\",\"name\":\"Gran finca r\u00fastica en venta en Menorca\",\"isPartOf\":{\"@id\":\"https:\\\/\\\/www.sesmoreres.com\\\/blog\\\/#website\"},\"primaryImageOfPage\":{\"@id\":\"https:\\\/\\\/www.sesmoreres.com\\\/blog\\\/gran-finca-rustica-en-venta-en-menorca\\\/#primaryimage\"},\"image\":{\"@id\":\"https:\\\/\\\/www.sesmoreres.com\\\/blog\\\/gran-finca-rustica-en-venta-en-menorca\\\/#primaryimage\"},\"thumbnailUrl\":\"https:\\\/\\\/www.sesmoreres.com\\\/blog\\\/wp-content\\\/uploads\\\/2016\\\/05\\\/gran-finca-rustica-venta-menorca.jpg\",\"datePublished\":\"2013-04-29T15:19:00+00:00\",\"dateModified\":\"2020-05-08T16:54:51+00:00\",\"description\":\"Desde un bello paisaje de peque\u00f1as monta\u00f1as y valles poco habitual en la isla, os descubrimos esta gran finca r\u00fastica en venta en Menorca, desde la...\",\"breadcrumb\":{\"@id\":\"https:\\\/\\\/www.sesmoreres.com\\\/blog\\\/gran-finca-rustica-en-venta-en-menorca\\\/#breadcrumb\"},\"inLanguage\":\"es\",\"potentialAction\":[{\"@type\":\"ReadAction\",\"target\":[\"https:\\\/\\\/www.sesmoreres.com\\\/blog\\\/gran-finca-rustica-en-venta-en-menorca\\\/\"]}]},{\"@type\":\"ImageObject\",\"inLanguage\":\"es\",\"@id\":\"https:\\\/\\\/www.sesmoreres.com\\\/blog\\\/gran-finca-rustica-en-venta-en-menorca\\\/#primaryimage\",\"url\":\"https:\\\/\\\/www.sesmoreres.com\\\/blog\\\/wp-content\\\/uploads\\\/2016\\\/05\\\/gran-finca-rustica-venta-menorca.jpg\",\"contentUrl\":\"https:\\\/\\\/www.sesmoreres.com\\\/blog\\\/wp-content\\\/uploads\\\/2016\\\/05\\\/gran-finca-rustica-venta-menorca.jpg\",\"width\":1441,\"height\":1080,\"caption\":\"Gran finca r\u00fastica en venta en Menorca\"},{\"@type\":\"BreadcrumbList\",\"@id\":\"https:\\\/\\\/www.sesmoreres.com\\\/blog\\\/gran-finca-rustica-en-venta-en-menorca\\\/#breadcrumb\",\"itemListElement\":[{\"@type\":\"ListItem\",\"position\":1,\"name\":\"Portada\",\"item\":\"https:\\\/\\\/www.sesmoreres.com\\\/blog\\\/\"},{\"@type\":\"ListItem\",\"position\":2,\"name\":\"Gran finca r\u00fastica en venta en Menorca\"}]},{\"@type\":\"WebSite\",\"@id\":\"https:\\\/\\\/www.sesmoreres.com\\\/blog\\\/#website\",\"url\":\"https:\\\/\\\/www.sesmoreres.com\\\/blog\\\/\",\"name\":\"Blog sobre Menorca - Ses Moreres\",\"description\":\"Agencia inmobiliaria de Menorca lider en la venta de propiedades de lujo. Fincas r\u00fasticas, casas de campo, chalets, terrenos.\",\"publisher\":{\"@id\":\"https:\\\/\\\/www.sesmoreres.com\\\/blog\\\/#organization\"},\"potentialAction\":[{\"@type\":\"SearchAction\",\"target\":{\"@type\":\"EntryPoint\",\"urlTemplate\":\"https:\\\/\\\/www.sesmoreres.com\\\/blog\\\/?s={search_term_string}\"},\"query-input\":{\"@type\":\"PropertyValueSpecification\",\"valueRequired\":true,\"valueName\":\"search_term_string\"}}],\"inLanguage\":\"es\"},{\"@type\":\"Organization\",\"@id\":\"https:\\\/\\\/www.sesmoreres.com\\\/blog\\\/#organization\",\"name\":\"Ses Moreres\",\"url\":\"https:\\\/\\\/www.sesmoreres.com\\\/blog\\\/\",\"logo\":{\"@type\":\"ImageObject\",\"inLanguage\":\"es\",\"@id\":\"https:\\\/\\\/www.sesmoreres.com\\\/blog\\\/#\\\/schema\\\/logo\\\/image\\\/\",\"url\":\"https:\\\/\\\/www.sesmoreres.com\\\/blog\\\/wp-content\\\/uploads\\\/2019\\\/07\\\/ses-moreres-inmobiliaria-menorca.gif\",\"contentUrl\":\"https:\\\/\\\/www.sesmoreres.com\\\/blog\\\/wp-content\\\/uploads\\\/2019\\\/07\\\/ses-moreres-inmobiliaria-menorca.gif\",\"width\":170,\"height\":95,\"caption\":\"Ses Moreres\"},\"image\":{\"@id\":\"https:\\\/\\\/www.sesmoreres.com\\\/blog\\\/#\\\/schema\\\/logo\\\/image\\\/\"},\"sameAs\":[\"https:\\\/\\\/www.facebook.com\\\/sesmoreres\\\/\",\"https:\\\/\\\/www.instagram.com\\\/inmobiliariasesmoreres\\\/?hl=es\",\"https:\\\/\\\/www.youtube.com\\\/user\\\/sesmoreres\"]},{\"@type\":\"Person\",\"@id\":\"https:\\\/\\\/www.sesmoreres.com\\\/blog\\\/#\\\/schema\\\/person\\\/7c7e14840c5091c536f2386f87710e37\",\"name\":\"Jose\",\"image\":{\"@type\":\"ImageObject\",\"inLanguage\":\"es\",\"@id\":\"https:\\\/\\\/secure.gravatar.com\\\/avatar\\\/b4fc98d81ad2dabadc7b38d8d9cc7d784080dca9704b983ca16b1fd2926445dc?s=96&d=mm&r=g\",\"url\":\"https:\\\/\\\/secure.gravatar.com\\\/avatar\\\/b4fc98d81ad2dabadc7b38d8d9cc7d784080dca9704b983ca16b1fd2926445dc?s=96&d=mm&r=g\",\"contentUrl\":\"https:\\\/\\\/secure.gravatar.com\\\/avatar\\\/b4fc98d81ad2dabadc7b38d8d9cc7d784080dca9704b983ca16b1fd2926445dc?s=96&d=mm&r=g\",\"caption\":\"Jose\"},\"url\":\"https:\\\/\\\/www.sesmoreres.com\\\/blog\\\/author\\\/jose\\\/\"}]}<\/script>\n<!-- \/ Yoast SEO plugin. -->","yoast_head_json":{"title":"Gran finca r\u00fastica en venta en Menorca","description":"Desde un bello paisaje de peque\u00f1as monta\u00f1as y valles poco habitual en la isla, os descubrimos esta gran finca r\u00fastica en venta en Menorca, desde la...","robots":{"index":"index","follow":"follow","max-snippet":"max-snippet:-1","max-image-preview":"max-image-preview:large","max-video-preview":"max-video-preview:-1"},"canonical":"https:\/\/www.sesmoreres.com\/blog\/gran-finca-rustica-en-venta-en-menorca\/","og_locale":"es_ES","og_type":"article","og_title":"Gran finca r\u00fastica en venta en Menorca","og_description":"Desde un bello paisaje de peque\u00f1as monta\u00f1as y valles poco habitual en la isla, os descubrimos esta gran finca r\u00fastica en venta en Menorca, desde la...","og_url":"https:\/\/www.sesmoreres.com\/blog\/gran-finca-rustica-en-venta-en-menorca\/","og_site_name":"Blog sobre Menorca - Ses Moreres","article_publisher":"https:\/\/www.facebook.com\/sesmoreres\/","article_published_time":"2013-04-29T15:19:00+00:00","article_modified_time":"2020-05-08T16:54:51+00:00","og_image":[{"width":1441,"height":1080,"url":"https:\/\/www.sesmoreres.com\/blog\/wp-content\/uploads\/2016\/05\/gran-finca-rustica-venta-menorca.jpg","type":"image\/jpeg"}],"author":"Jose","twitter_card":"summary_large_image","twitter_misc":{"Escrito por":"Jose"},"schema":{"@context":"https:\/\/schema.org","@graph":[{"@type":"Article","@id":"https:\/\/www.sesmoreres.com\/blog\/gran-finca-rustica-en-venta-en-menorca\/#article","isPartOf":{"@id":"https:\/\/www.sesmoreres.com\/blog\/gran-finca-rustica-en-venta-en-menorca\/"},"author":{"name":"Jose","@id":"https:\/\/www.sesmoreres.com\/blog\/#\/schema\/person\/7c7e14840c5091c536f2386f87710e37"},"headline":"Gran finca r\u00fastica en venta en Menorca","datePublished":"2013-04-29T15:19:00+00:00","dateModified":"2020-05-08T16:54:51+00:00","mainEntityOfPage":{"@id":"https:\/\/www.sesmoreres.com\/blog\/gran-finca-rustica-en-venta-en-menorca\/"},"wordCount":85,"commentCount":0,"publisher":{"@id":"https:\/\/www.sesmoreres.com\/blog\/#organization"},"image":{"@id":"https:\/\/www.sesmoreres.com\/blog\/gran-finca-rustica-en-venta-en-menorca\/#primaryimage"},"thumbnailUrl":"https:\/\/www.sesmoreres.com\/blog\/wp-content\/uploads\/2016\/05\/gran-finca-rustica-venta-menorca.jpg","keywords":["casa en menorca en venta","comprar finca","finca rustica","inmobiliaria menorca","vivir en el campo"],"articleSection":["campo","casa de campo","caserio","finca rustica","inmobiliaria","menorca","naturaleza","predio","ses moreres"],"inLanguage":"es","potentialAction":[{"@type":"CommentAction","name":"Comment","target":["https:\/\/www.sesmoreres.com\/blog\/gran-finca-rustica-en-venta-en-menorca\/#respond"]}]},{"@type":"WebPage","@id":"https:\/\/www.sesmoreres.com\/blog\/gran-finca-rustica-en-venta-en-menorca\/","url":"https:\/\/www.sesmoreres.com\/blog\/gran-finca-rustica-en-venta-en-menorca\/","name":"Gran finca r\u00fastica en venta en Menorca","isPartOf":{"@id":"https:\/\/www.sesmoreres.com\/blog\/#website"},"primaryImageOfPage":{"@id":"https:\/\/www.sesmoreres.com\/blog\/gran-finca-rustica-en-venta-en-menorca\/#primaryimage"},"image":{"@id":"https:\/\/www.sesmoreres.com\/blog\/gran-finca-rustica-en-venta-en-menorca\/#primaryimage"},"thumbnailUrl":"https:\/\/www.sesmoreres.com\/blog\/wp-content\/uploads\/2016\/05\/gran-finca-rustica-venta-menorca.jpg","datePublished":"2013-04-29T15:19:00+00:00","dateModified":"2020-05-08T16:54:51+00:00","description":"Desde un bello paisaje de peque\u00f1as monta\u00f1as y valles poco habitual en la isla, os descubrimos esta gran finca r\u00fastica en venta en Menorca, desde la...","breadcrumb":{"@id":"https:\/\/www.sesmoreres.com\/blog\/gran-finca-rustica-en-venta-en-menorca\/#breadcrumb"},"inLanguage":"es","potentialAction":[{"@type":"ReadAction","target":["https:\/\/www.sesmoreres.com\/blog\/gran-finca-rustica-en-venta-en-menorca\/"]}]},{"@type":"ImageObject","inLanguage":"es","@id":"https:\/\/www.sesmoreres.com\/blog\/gran-finca-rustica-en-venta-en-menorca\/#primaryimage","url":"https:\/\/www.sesmoreres.com\/blog\/wp-content\/uploads\/2016\/05\/gran-finca-rustica-venta-menorca.jpg","contentUrl":"https:\/\/www.sesmoreres.com\/blog\/wp-content\/uploads\/2016\/05\/gran-finca-rustica-venta-menorca.jpg","width":1441,"height":1080,"caption":"Gran finca r\u00fastica en venta en Menorca"},{"@type":"BreadcrumbList","@id":"https:\/\/www.sesmoreres.com\/blog\/gran-finca-rustica-en-venta-en-menorca\/#breadcrumb","itemListElement":[{"@type":"ListItem","position":1,"name":"Portada","item":"https:\/\/www.sesmoreres.com\/blog\/"},{"@type":"ListItem","position":2,"name":"Gran finca r\u00fastica en venta en Menorca"}]},{"@type":"WebSite","@id":"https:\/\/www.sesmoreres.com\/blog\/#website","url":"https:\/\/www.sesmoreres.com\/blog\/","name":"Blog sobre Menorca - Ses Moreres","description":"Agencia inmobiliaria de Menorca lider en la venta de propiedades de lujo. Fincas r\u00fasticas, casas de campo, chalets, terrenos.","publisher":{"@id":"https:\/\/www.sesmoreres.com\/blog\/#organization"},"potentialAction":[{"@type":"SearchAction","target":{"@type":"EntryPoint","urlTemplate":"https:\/\/www.sesmoreres.com\/blog\/?s={search_term_string}"},"query-input":{"@type":"PropertyValueSpecification","valueRequired":true,"valueName":"search_term_string"}}],"inLanguage":"es"},{"@type":"Organization","@id":"https:\/\/www.sesmoreres.com\/blog\/#organization","name":"Ses Moreres","url":"https:\/\/www.sesmoreres.com\/blog\/","logo":{"@type":"ImageObject","inLanguage":"es","@id":"https:\/\/www.sesmoreres.com\/blog\/#\/schema\/logo\/image\/","url":"https:\/\/www.sesmoreres.com\/blog\/wp-content\/uploads\/2019\/07\/ses-moreres-inmobiliaria-menorca.gif","contentUrl":"https:\/\/www.sesmoreres.com\/blog\/wp-content\/uploads\/2019\/07\/ses-moreres-inmobiliaria-menorca.gif","width":170,"height":95,"caption":"Ses Moreres"},"image":{"@id":"https:\/\/www.sesmoreres.com\/blog\/#\/schema\/logo\/image\/"},"sameAs":["https:\/\/www.facebook.com\/sesmoreres\/","https:\/\/www.instagram.com\/inmobiliariasesmoreres\/?hl=es","https:\/\/www.youtube.com\/user\/sesmoreres"]},{"@type":"Person","@id":"https:\/\/www.sesmoreres.com\/blog\/#\/schema\/person\/7c7e14840c5091c536f2386f87710e37","name":"Jose","image":{"@type":"ImageObject","inLanguage":"es","@id":"https:\/\/secure.gravatar.com\/avatar\/b4fc98d81ad2dabadc7b38d8d9cc7d784080dca9704b983ca16b1fd2926445dc?s=96&d=mm&r=g","url":"https:\/\/secure.gravatar.com\/avatar\/b4fc98d81ad2dabadc7b38d8d9cc7d784080dca9704b983ca16b1fd2926445dc?s=96&d=mm&r=g","contentUrl":"https:\/\/secure.gravatar.com\/avatar\/b4fc98d81ad2dabadc7b38d8d9cc7d784080dca9704b983ca16b1fd2926445dc?s=96&d=mm&r=g","caption":"Jose"},"url":"https:\/\/www.sesmoreres.com\/blog\/author\/jose\/"}]}},"_links":{"self":[{"href":"https:\/\/www.sesmoreres.com\/blog\/wp-json\/wp\/v2\/posts\/447","targetHints":{"allow":["GET"]}}],"collection":[{"href":"https:\/\/www.sesmoreres.com\/blog\/wp-json\/wp\/v2\/posts"}],"about":[{"href":"https:\/\/www.sesmoreres.com\/blog\/wp-json\/wp\/v2\/types\/post"}],"author":[{"embeddable":true,"href":"https:\/\/www.sesmoreres.com\/blog\/wp-json\/wp\/v2\/users\/2"}],"replies":[{"embeddable":true,"href":"https:\/\/www.sesmoreres.com\/blog\/wp-json\/wp\/v2\/comments?post=447"}],"version-history":[{"count":2,"href":"https:\/\/www.sesmoreres.com\/blog\/wp-json\/wp\/v2\/posts\/447\/revisions"}],"predecessor-version":[{"id":1958,"href":"https:\/\/www.sesmoreres.com\/blog\/wp-json\/wp\/v2\/posts\/447\/revisions\/1958"}],"wp:featuredmedia":[{"embeddable":true,"href":"https:\/\/www.sesmoreres.com\/blog\/wp-json\/wp\/v2\/media\/1020"}],"wp:attachment":[{"href":"https:\/\/www.sesmoreres.com\/blog\/wp-json\/wp\/v2\/media?parent=447"}],"wp:term":[{"taxonomy":"category","embeddable":true,"href":"https:\/\/www.sesmoreres.com\/blog\/wp-json\/wp\/v2\/categories?post=447"},{"taxonomy":"post_tag","embeddable":true,"href":"https:\/\/www.sesmoreres.com\/blog\/wp-json\/wp\/v2\/tags?post=447"}],"curies":[{"name":"wp","href":"https:\/\/api.w.org\/{rel}","templated":true}]}}