{"id":444,"date":"2013-05-29T10:33:00","date_gmt":"2013-05-29T08:33:00","guid":{"rendered":"https:\/\/www.sesmoreres.com\/blog\/2013\/05\/29\/finca-rustica-de-gran-belleza-paisajistica\/"},"modified":"2020-05-08T18:37:22","modified_gmt":"2020-05-08T16:37:22","slug":"finca-rustica-de-gran-belleza-paisajistica","status":"publish","type":"post","link":"https:\/\/www.sesmoreres.com\/blog\/finca-rustica-de-gran-belleza-paisajistica\/","title":{"rendered":"Finca r\u00fastica de gran belleza paisaj\u00edstica"},"content":{"rendered":"<p>&nbsp;<\/p>\n<p>En lo alto de una colina en una zona de gran valor paisaj\u00edstico al norte de Menorca, aparece un predio menorqu\u00edn en venta plagado de encanto que os presentamos hoy.<\/p>\n<p>Descubre con nosotros todas sus excelencias en el v\u00eddeo que te hemos preparado.<\/p>\n<p><iframe data-src=\"https:\/\/www.youtube.com\/embed\/Pc-jvIen-qE?rel=0\" width=\"560\" height=\"315\" frameborder=\"0\" allowfullscreen=\"allowfullscreen\" src=\"data:image\/svg+xml;base64,PHN2ZyB3aWR0aD0iMSIgaGVpZ2h0PSIxIiB4bWxucz0iaHR0cDovL3d3dy53My5vcmcvMjAwMC9zdmciPjwvc3ZnPg==\" data-load-mode=\"1\"><span data-mce-type=\"bookmark\" style=\"display: inline-block; width: 0px; overflow: hidden; line-height: 0;\" class=\"mce_SELRES_start lazyload\">\ufeff<\/span><\/iframe><\/p>\n<p><span style=\"font-family: 'arial' , 'sans-serif'; font-size: 12.0pt; line-height: 115%;\"><a href=\"http:\/\/www.sesmoreres.com\/resultado-busqueda\/?a=finca_rustica\" target=\"_blank\" rel=\"noopener noreferrer\">Otras fincas r\u00fasticas en venta en Menorca.<\/a><\/span><br \/>\nPara solicitar visita o m\u00e1s informaci\u00f3n, llama al <strong>Tel +34 971351530<\/strong>, o env\u00eda un correo electr\u00f3nico a <a href=\"mailto:inversiones@sesmoreres.com?subject=Info%20Finca%20rustica%20en%20Mahon%20ref_03950-&amp;body=Me%20gustaria%20visitarla\">inversiones@sesmoreres.com<\/a><a href=\"mailto:inversiones@sesmoreres.com?subject=Info%20Finca%20rustica%20en%20Mahon%20ref_03950-&amp;body=Me%20gustaria%20visitarla\"><br \/>\n<\/a><\/p>\n<p>&nbsp;<\/p>\n","protected":false},"excerpt":{"rendered":"<p>&nbsp; En lo alto de una colina en una zona de gran valor paisaj\u00edstico al norte de Menorca, aparece un predio menorqu\u00edn en venta plagado de encanto que os presentamos hoy. Descubre con nosotros todas sus excelencias en el v\u00eddeo &hellip; <a href=\"https:\/\/www.sesmoreres.com\/blog\/finca-rustica-de-gran-belleza-paisajistica\/\">Continuar<\/a><\/p>\n","protected":false},"author":2,"featured_media":1947,"comment_status":"open","ping_status":"open","sticky":false,"template":"","format":"standard","meta":{"footnotes":""},"categories":[233,338,235,322,353,232,250,283,240],"tags":[641,732,626,851],"class_list":["post-444","post","type-post","status-publish","format-standard","has-post-thumbnail","hentry","category-casa-de-campo","category-favaritx","category-finca-rustica","category-inmobiliaria","category-inmueble","category-menorca","category-predio","category-propiedad","category-ses-moreres","tag-agencia-inmobiliaria-menorca","tag-comprar-finca","tag-comprar-una-casa-en-menorca","tag-vivir-en-el-campo"],"yoast_head":"<!-- This site is optimized with the Yoast SEO plugin v27.4 - https:\/\/yoast.com\/product\/yoast-seo-wordpress\/ -->\n<title>Finca r\u00fastica de gran belleza paisaj\u00edstica - Ses Moreres<\/title>\n<meta name=\"description\" content=\"En lo alto de una colina en una zona de gran valor paisaj\u00edstico al norte de Menorca, aparece un predio menorqu\u00edn en venta plagado de encanto que...\" \/>\n<meta name=\"robots\" content=\"index, follow, max-snippet:-1, max-image-preview:large, max-video-preview:-1\" \/>\n<link rel=\"canonical\" href=\"https:\/\/www.sesmoreres.com\/blog\/finca-rustica-de-gran-belleza-paisajistica\/\" \/>\n<meta property=\"og:locale\" content=\"es_ES\" \/>\n<meta property=\"og:type\" content=\"article\" \/>\n<meta property=\"og:title\" content=\"Finca r\u00fastica de gran belleza paisaj\u00edstica - Ses Moreres\" \/>\n<meta property=\"og:description\" content=\"En lo alto de una colina en una zona de gran valor paisaj\u00edstico al norte de Menorca, aparece un predio menorqu\u00edn en venta plagado de encanto que...\" \/>\n<meta property=\"og:url\" content=\"https:\/\/www.sesmoreres.com\/blog\/finca-rustica-de-gran-belleza-paisajistica\/\" \/>\n<meta property=\"og:site_name\" content=\"Blog sobre Menorca - Ses Moreres\" \/>\n<meta property=\"article:publisher\" content=\"https:\/\/www.facebook.com\/sesmoreres\/\" \/>\n<meta property=\"article:published_time\" content=\"2013-05-29T08:33:00+00:00\" \/>\n<meta property=\"article:modified_time\" content=\"2020-05-08T16:37:22+00:00\" \/>\n<meta property=\"og:image\" content=\"https:\/\/www.sesmoreres.com\/blog\/wp-content\/uploads\/2013\/05\/casa-de-campo-finca-en-venta-menorca-scaled.jpg\" \/>\n\t<meta property=\"og:image:width\" content=\"850\" \/>\n\t<meta property=\"og:image:height\" content=\"567\" \/>\n\t<meta property=\"og:image:type\" content=\"image\/jpeg\" \/>\n<meta name=\"author\" content=\"Jose\" \/>\n<meta name=\"twitter:card\" content=\"summary_large_image\" \/>\n<meta name=\"twitter:label1\" content=\"Escrito por\" \/>\n\t<meta name=\"twitter:data1\" content=\"Jose\" \/>\n<script type=\"application\/ld+json\" class=\"yoast-schema-graph\">{\"@context\":\"https:\\\/\\\/schema.org\",\"@graph\":[{\"@type\":\"Article\",\"@id\":\"https:\\\/\\\/www.sesmoreres.com\\\/blog\\\/finca-rustica-de-gran-belleza-paisajistica\\\/#article\",\"isPartOf\":{\"@id\":\"https:\\\/\\\/www.sesmoreres.com\\\/blog\\\/finca-rustica-de-gran-belleza-paisajistica\\\/\"},\"author\":{\"name\":\"Jose\",\"@id\":\"https:\\\/\\\/www.sesmoreres.com\\\/blog\\\/#\\\/schema\\\/person\\\/7c7e14840c5091c536f2386f87710e37\"},\"headline\":\"Finca r\u00fastica de gran belleza paisaj\u00edstica\",\"datePublished\":\"2013-05-29T08:33:00+00:00\",\"dateModified\":\"2020-05-08T16:37:22+00:00\",\"mainEntityOfPage\":{\"@id\":\"https:\\\/\\\/www.sesmoreres.com\\\/blog\\\/finca-rustica-de-gran-belleza-paisajistica\\\/\"},\"wordCount\":86,\"commentCount\":0,\"publisher\":{\"@id\":\"https:\\\/\\\/www.sesmoreres.com\\\/blog\\\/#organization\"},\"image\":{\"@id\":\"https:\\\/\\\/www.sesmoreres.com\\\/blog\\\/finca-rustica-de-gran-belleza-paisajistica\\\/#primaryimage\"},\"thumbnailUrl\":\"https:\\\/\\\/www.sesmoreres.com\\\/blog\\\/wp-content\\\/uploads\\\/2013\\\/05\\\/casa-de-campo-finca-en-venta-menorca-scaled.jpg\",\"keywords\":[\"agencia inmobiliaria menorca\",\"comprar finca\",\"comprar una casa en Menorca\",\"vivir en el campo\"],\"articleSection\":[\"casa de campo\",\"favaritx\",\"finca rustica\",\"inmobiliaria\",\"inmueble\",\"menorca\",\"predio\",\"propiedad\",\"ses moreres\"],\"inLanguage\":\"es\",\"potentialAction\":[{\"@type\":\"CommentAction\",\"name\":\"Comment\",\"target\":[\"https:\\\/\\\/www.sesmoreres.com\\\/blog\\\/finca-rustica-de-gran-belleza-paisajistica\\\/#respond\"]}]},{\"@type\":\"WebPage\",\"@id\":\"https:\\\/\\\/www.sesmoreres.com\\\/blog\\\/finca-rustica-de-gran-belleza-paisajistica\\\/\",\"url\":\"https:\\\/\\\/www.sesmoreres.com\\\/blog\\\/finca-rustica-de-gran-belleza-paisajistica\\\/\",\"name\":\"Finca r\u00fastica de gran belleza paisaj\u00edstica - Ses Moreres\",\"isPartOf\":{\"@id\":\"https:\\\/\\\/www.sesmoreres.com\\\/blog\\\/#website\"},\"primaryImageOfPage\":{\"@id\":\"https:\\\/\\\/www.sesmoreres.com\\\/blog\\\/finca-rustica-de-gran-belleza-paisajistica\\\/#primaryimage\"},\"image\":{\"@id\":\"https:\\\/\\\/www.sesmoreres.com\\\/blog\\\/finca-rustica-de-gran-belleza-paisajistica\\\/#primaryimage\"},\"thumbnailUrl\":\"https:\\\/\\\/www.sesmoreres.com\\\/blog\\\/wp-content\\\/uploads\\\/2013\\\/05\\\/casa-de-campo-finca-en-venta-menorca-scaled.jpg\",\"datePublished\":\"2013-05-29T08:33:00+00:00\",\"dateModified\":\"2020-05-08T16:37:22+00:00\",\"description\":\"En lo alto de una colina en una zona de gran valor paisaj\u00edstico al norte de Menorca, aparece un predio menorqu\u00edn en venta plagado de encanto que...\",\"breadcrumb\":{\"@id\":\"https:\\\/\\\/www.sesmoreres.com\\\/blog\\\/finca-rustica-de-gran-belleza-paisajistica\\\/#breadcrumb\"},\"inLanguage\":\"es\",\"potentialAction\":[{\"@type\":\"ReadAction\",\"target\":[\"https:\\\/\\\/www.sesmoreres.com\\\/blog\\\/finca-rustica-de-gran-belleza-paisajistica\\\/\"]}]},{\"@type\":\"ImageObject\",\"inLanguage\":\"es\",\"@id\":\"https:\\\/\\\/www.sesmoreres.com\\\/blog\\\/finca-rustica-de-gran-belleza-paisajistica\\\/#primaryimage\",\"url\":\"https:\\\/\\\/www.sesmoreres.com\\\/blog\\\/wp-content\\\/uploads\\\/2013\\\/05\\\/casa-de-campo-finca-en-venta-menorca-scaled.jpg\",\"contentUrl\":\"https:\\\/\\\/www.sesmoreres.com\\\/blog\\\/wp-content\\\/uploads\\\/2013\\\/05\\\/casa-de-campo-finca-en-venta-menorca-scaled.jpg\",\"width\":850,\"height\":567,\"caption\":\"Finca r\u00fastica de gran belleza paisaj\u00edstica\"},{\"@type\":\"BreadcrumbList\",\"@id\":\"https:\\\/\\\/www.sesmoreres.com\\\/blog\\\/finca-rustica-de-gran-belleza-paisajistica\\\/#breadcrumb\",\"itemListElement\":[{\"@type\":\"ListItem\",\"position\":1,\"name\":\"Portada\",\"item\":\"https:\\\/\\\/www.sesmoreres.com\\\/blog\\\/\"},{\"@type\":\"ListItem\",\"position\":2,\"name\":\"Finca r\u00fastica de gran belleza paisaj\u00edstica\"}]},{\"@type\":\"WebSite\",\"@id\":\"https:\\\/\\\/www.sesmoreres.com\\\/blog\\\/#website\",\"url\":\"https:\\\/\\\/www.sesmoreres.com\\\/blog\\\/\",\"name\":\"Blog sobre Menorca - Ses Moreres\",\"description\":\"Agencia inmobiliaria de Menorca lider en la venta de propiedades de lujo. Fincas r\u00fasticas, casas de campo, chalets, terrenos.\",\"publisher\":{\"@id\":\"https:\\\/\\\/www.sesmoreres.com\\\/blog\\\/#organization\"},\"potentialAction\":[{\"@type\":\"SearchAction\",\"target\":{\"@type\":\"EntryPoint\",\"urlTemplate\":\"https:\\\/\\\/www.sesmoreres.com\\\/blog\\\/?s={search_term_string}\"},\"query-input\":{\"@type\":\"PropertyValueSpecification\",\"valueRequired\":true,\"valueName\":\"search_term_string\"}}],\"inLanguage\":\"es\"},{\"@type\":\"Organization\",\"@id\":\"https:\\\/\\\/www.sesmoreres.com\\\/blog\\\/#organization\",\"name\":\"Ses Moreres\",\"url\":\"https:\\\/\\\/www.sesmoreres.com\\\/blog\\\/\",\"logo\":{\"@type\":\"ImageObject\",\"inLanguage\":\"es\",\"@id\":\"https:\\\/\\\/www.sesmoreres.com\\\/blog\\\/#\\\/schema\\\/logo\\\/image\\\/\",\"url\":\"https:\\\/\\\/www.sesmoreres.com\\\/blog\\\/wp-content\\\/uploads\\\/2019\\\/07\\\/ses-moreres-inmobiliaria-menorca.gif\",\"contentUrl\":\"https:\\\/\\\/www.sesmoreres.com\\\/blog\\\/wp-content\\\/uploads\\\/2019\\\/07\\\/ses-moreres-inmobiliaria-menorca.gif\",\"width\":170,\"height\":95,\"caption\":\"Ses Moreres\"},\"image\":{\"@id\":\"https:\\\/\\\/www.sesmoreres.com\\\/blog\\\/#\\\/schema\\\/logo\\\/image\\\/\"},\"sameAs\":[\"https:\\\/\\\/www.facebook.com\\\/sesmoreres\\\/\",\"https:\\\/\\\/www.instagram.com\\\/inmobiliariasesmoreres\\\/?hl=es\",\"https:\\\/\\\/www.youtube.com\\\/user\\\/sesmoreres\"]},{\"@type\":\"Person\",\"@id\":\"https:\\\/\\\/www.sesmoreres.com\\\/blog\\\/#\\\/schema\\\/person\\\/7c7e14840c5091c536f2386f87710e37\",\"name\":\"Jose\",\"image\":{\"@type\":\"ImageObject\",\"inLanguage\":\"es\",\"@id\":\"https:\\\/\\\/secure.gravatar.com\\\/avatar\\\/b4fc98d81ad2dabadc7b38d8d9cc7d784080dca9704b983ca16b1fd2926445dc?s=96&d=mm&r=g\",\"url\":\"https:\\\/\\\/secure.gravatar.com\\\/avatar\\\/b4fc98d81ad2dabadc7b38d8d9cc7d784080dca9704b983ca16b1fd2926445dc?s=96&d=mm&r=g\",\"contentUrl\":\"https:\\\/\\\/secure.gravatar.com\\\/avatar\\\/b4fc98d81ad2dabadc7b38d8d9cc7d784080dca9704b983ca16b1fd2926445dc?s=96&d=mm&r=g\",\"caption\":\"Jose\"},\"url\":\"https:\\\/\\\/www.sesmoreres.com\\\/blog\\\/author\\\/jose\\\/\"}]}<\/script>\n<!-- \/ Yoast SEO plugin. -->","yoast_head_json":{"title":"Finca r\u00fastica de gran belleza paisaj\u00edstica - Ses Moreres","description":"En lo alto de una colina en una zona de gran valor paisaj\u00edstico al norte de Menorca, aparece un predio menorqu\u00edn en venta plagado de encanto que...","robots":{"index":"index","follow":"follow","max-snippet":"max-snippet:-1","max-image-preview":"max-image-preview:large","max-video-preview":"max-video-preview:-1"},"canonical":"https:\/\/www.sesmoreres.com\/blog\/finca-rustica-de-gran-belleza-paisajistica\/","og_locale":"es_ES","og_type":"article","og_title":"Finca r\u00fastica de gran belleza paisaj\u00edstica - Ses Moreres","og_description":"En lo alto de una colina en una zona de gran valor paisaj\u00edstico al norte de Menorca, aparece un predio menorqu\u00edn en venta plagado de encanto que...","og_url":"https:\/\/www.sesmoreres.com\/blog\/finca-rustica-de-gran-belleza-paisajistica\/","og_site_name":"Blog sobre Menorca - Ses Moreres","article_publisher":"https:\/\/www.facebook.com\/sesmoreres\/","article_published_time":"2013-05-29T08:33:00+00:00","article_modified_time":"2020-05-08T16:37:22+00:00","og_image":[{"width":850,"height":567,"url":"https:\/\/www.sesmoreres.com\/blog\/wp-content\/uploads\/2013\/05\/casa-de-campo-finca-en-venta-menorca-scaled.jpg","type":"image\/jpeg"}],"author":"Jose","twitter_card":"summary_large_image","twitter_misc":{"Escrito por":"Jose"},"schema":{"@context":"https:\/\/schema.org","@graph":[{"@type":"Article","@id":"https:\/\/www.sesmoreres.com\/blog\/finca-rustica-de-gran-belleza-paisajistica\/#article","isPartOf":{"@id":"https:\/\/www.sesmoreres.com\/blog\/finca-rustica-de-gran-belleza-paisajistica\/"},"author":{"name":"Jose","@id":"https:\/\/www.sesmoreres.com\/blog\/#\/schema\/person\/7c7e14840c5091c536f2386f87710e37"},"headline":"Finca r\u00fastica de gran belleza paisaj\u00edstica","datePublished":"2013-05-29T08:33:00+00:00","dateModified":"2020-05-08T16:37:22+00:00","mainEntityOfPage":{"@id":"https:\/\/www.sesmoreres.com\/blog\/finca-rustica-de-gran-belleza-paisajistica\/"},"wordCount":86,"commentCount":0,"publisher":{"@id":"https:\/\/www.sesmoreres.com\/blog\/#organization"},"image":{"@id":"https:\/\/www.sesmoreres.com\/blog\/finca-rustica-de-gran-belleza-paisajistica\/#primaryimage"},"thumbnailUrl":"https:\/\/www.sesmoreres.com\/blog\/wp-content\/uploads\/2013\/05\/casa-de-campo-finca-en-venta-menorca-scaled.jpg","keywords":["agencia inmobiliaria menorca","comprar finca","comprar una casa en Menorca","vivir en el campo"],"articleSection":["casa de campo","favaritx","finca rustica","inmobiliaria","inmueble","menorca","predio","propiedad","ses moreres"],"inLanguage":"es","potentialAction":[{"@type":"CommentAction","name":"Comment","target":["https:\/\/www.sesmoreres.com\/blog\/finca-rustica-de-gran-belleza-paisajistica\/#respond"]}]},{"@type":"WebPage","@id":"https:\/\/www.sesmoreres.com\/blog\/finca-rustica-de-gran-belleza-paisajistica\/","url":"https:\/\/www.sesmoreres.com\/blog\/finca-rustica-de-gran-belleza-paisajistica\/","name":"Finca r\u00fastica de gran belleza paisaj\u00edstica - Ses Moreres","isPartOf":{"@id":"https:\/\/www.sesmoreres.com\/blog\/#website"},"primaryImageOfPage":{"@id":"https:\/\/www.sesmoreres.com\/blog\/finca-rustica-de-gran-belleza-paisajistica\/#primaryimage"},"image":{"@id":"https:\/\/www.sesmoreres.com\/blog\/finca-rustica-de-gran-belleza-paisajistica\/#primaryimage"},"thumbnailUrl":"https:\/\/www.sesmoreres.com\/blog\/wp-content\/uploads\/2013\/05\/casa-de-campo-finca-en-venta-menorca-scaled.jpg","datePublished":"2013-05-29T08:33:00+00:00","dateModified":"2020-05-08T16:37:22+00:00","description":"En lo alto de una colina en una zona de gran valor paisaj\u00edstico al norte de Menorca, aparece un predio menorqu\u00edn en venta plagado de encanto que...","breadcrumb":{"@id":"https:\/\/www.sesmoreres.com\/blog\/finca-rustica-de-gran-belleza-paisajistica\/#breadcrumb"},"inLanguage":"es","potentialAction":[{"@type":"ReadAction","target":["https:\/\/www.sesmoreres.com\/blog\/finca-rustica-de-gran-belleza-paisajistica\/"]}]},{"@type":"ImageObject","inLanguage":"es","@id":"https:\/\/www.sesmoreres.com\/blog\/finca-rustica-de-gran-belleza-paisajistica\/#primaryimage","url":"https:\/\/www.sesmoreres.com\/blog\/wp-content\/uploads\/2013\/05\/casa-de-campo-finca-en-venta-menorca-scaled.jpg","contentUrl":"https:\/\/www.sesmoreres.com\/blog\/wp-content\/uploads\/2013\/05\/casa-de-campo-finca-en-venta-menorca-scaled.jpg","width":850,"height":567,"caption":"Finca r\u00fastica de gran belleza paisaj\u00edstica"},{"@type":"BreadcrumbList","@id":"https:\/\/www.sesmoreres.com\/blog\/finca-rustica-de-gran-belleza-paisajistica\/#breadcrumb","itemListElement":[{"@type":"ListItem","position":1,"name":"Portada","item":"https:\/\/www.sesmoreres.com\/blog\/"},{"@type":"ListItem","position":2,"name":"Finca r\u00fastica de gran belleza paisaj\u00edstica"}]},{"@type":"WebSite","@id":"https:\/\/www.sesmoreres.com\/blog\/#website","url":"https:\/\/www.sesmoreres.com\/blog\/","name":"Blog sobre Menorca - Ses Moreres","description":"Agencia inmobiliaria de Menorca lider en la venta de propiedades de lujo. Fincas r\u00fasticas, casas de campo, chalets, terrenos.","publisher":{"@id":"https:\/\/www.sesmoreres.com\/blog\/#organization"},"potentialAction":[{"@type":"SearchAction","target":{"@type":"EntryPoint","urlTemplate":"https:\/\/www.sesmoreres.com\/blog\/?s={search_term_string}"},"query-input":{"@type":"PropertyValueSpecification","valueRequired":true,"valueName":"search_term_string"}}],"inLanguage":"es"},{"@type":"Organization","@id":"https:\/\/www.sesmoreres.com\/blog\/#organization","name":"Ses Moreres","url":"https:\/\/www.sesmoreres.com\/blog\/","logo":{"@type":"ImageObject","inLanguage":"es","@id":"https:\/\/www.sesmoreres.com\/blog\/#\/schema\/logo\/image\/","url":"https:\/\/www.sesmoreres.com\/blog\/wp-content\/uploads\/2019\/07\/ses-moreres-inmobiliaria-menorca.gif","contentUrl":"https:\/\/www.sesmoreres.com\/blog\/wp-content\/uploads\/2019\/07\/ses-moreres-inmobiliaria-menorca.gif","width":170,"height":95,"caption":"Ses Moreres"},"image":{"@id":"https:\/\/www.sesmoreres.com\/blog\/#\/schema\/logo\/image\/"},"sameAs":["https:\/\/www.facebook.com\/sesmoreres\/","https:\/\/www.instagram.com\/inmobiliariasesmoreres\/?hl=es","https:\/\/www.youtube.com\/user\/sesmoreres"]},{"@type":"Person","@id":"https:\/\/www.sesmoreres.com\/blog\/#\/schema\/person\/7c7e14840c5091c536f2386f87710e37","name":"Jose","image":{"@type":"ImageObject","inLanguage":"es","@id":"https:\/\/secure.gravatar.com\/avatar\/b4fc98d81ad2dabadc7b38d8d9cc7d784080dca9704b983ca16b1fd2926445dc?s=96&d=mm&r=g","url":"https:\/\/secure.gravatar.com\/avatar\/b4fc98d81ad2dabadc7b38d8d9cc7d784080dca9704b983ca16b1fd2926445dc?s=96&d=mm&r=g","contentUrl":"https:\/\/secure.gravatar.com\/avatar\/b4fc98d81ad2dabadc7b38d8d9cc7d784080dca9704b983ca16b1fd2926445dc?s=96&d=mm&r=g","caption":"Jose"},"url":"https:\/\/www.sesmoreres.com\/blog\/author\/jose\/"}]}},"_links":{"self":[{"href":"https:\/\/www.sesmoreres.com\/blog\/wp-json\/wp\/v2\/posts\/444","targetHints":{"allow":["GET"]}}],"collection":[{"href":"https:\/\/www.sesmoreres.com\/blog\/wp-json\/wp\/v2\/posts"}],"about":[{"href":"https:\/\/www.sesmoreres.com\/blog\/wp-json\/wp\/v2\/types\/post"}],"author":[{"embeddable":true,"href":"https:\/\/www.sesmoreres.com\/blog\/wp-json\/wp\/v2\/users\/2"}],"replies":[{"embeddable":true,"href":"https:\/\/www.sesmoreres.com\/blog\/wp-json\/wp\/v2\/comments?post=444"}],"version-history":[{"count":2,"href":"https:\/\/www.sesmoreres.com\/blog\/wp-json\/wp\/v2\/posts\/444\/revisions"}],"predecessor-version":[{"id":1948,"href":"https:\/\/www.sesmoreres.com\/blog\/wp-json\/wp\/v2\/posts\/444\/revisions\/1948"}],"wp:featuredmedia":[{"embeddable":true,"href":"https:\/\/www.sesmoreres.com\/blog\/wp-json\/wp\/v2\/media\/1947"}],"wp:attachment":[{"href":"https:\/\/www.sesmoreres.com\/blog\/wp-json\/wp\/v2\/media?parent=444"}],"wp:term":[{"taxonomy":"category","embeddable":true,"href":"https:\/\/www.sesmoreres.com\/blog\/wp-json\/wp\/v2\/categories?post=444"},{"taxonomy":"post_tag","embeddable":true,"href":"https:\/\/www.sesmoreres.com\/blog\/wp-json\/wp\/v2\/tags?post=444"}],"curies":[{"name":"wp","href":"https:\/\/api.w.org\/{rel}","templated":true}]}}