{"id":401,"date":"2014-10-27T18:44:00","date_gmt":"2014-10-27T17:44:00","guid":{"rendered":"https:\/\/www.sesmoreres.com\/blog\/2014\/10\/27\/el-placer-de-disfrutar-el-mar-desde-casa\/"},"modified":"2020-04-16T19:43:02","modified_gmt":"2020-04-16T17:43:02","slug":"el-placer-de-disfrutar-el-mar-desde-casa","status":"publish","type":"post","link":"https:\/\/www.sesmoreres.com\/blog\/el-placer-de-disfrutar-el-mar-desde-casa\/","title":{"rendered":"El placer de disfrutar el mar desde casa"},"content":{"rendered":"<p>&nbsp;<\/p>\n<p>El inmueble que os presentamos hoy es una de las escasas <b><a href=\"http:\/\/www.sesmoreres.com\/resultado-busqueda\/?search=primera%20linea\" target=\"_blank\" rel=\"noopener noreferrer\">propiedades en venta en primera l\u00ednea de mar en Menorca<\/a>. <\/b>Un inmueble muy deseado y exclusivo con su propio acceso al mar,\u00a0 que nos permite saborear el placer de disfrutar el mar sin salir casa.<\/p>\n<p>Acomp\u00e1\u00f1anos a visitar cada rinc\u00f3n de esta envidiable propiedad.<\/p>\n<div><\/div>\n<p><iframe data-src=\"\/\/www.youtube.com\/embed\/51BjLNorXuk\" width=\"560\" height=\"315\" frameborder=\"0\" allowfullscreen=\"allowfullscreen\" src=\"data:image\/svg+xml;base64,PHN2ZyB3aWR0aD0iMSIgaGVpZ2h0PSIxIiB4bWxucz0iaHR0cDovL3d3dy53My5vcmcvMjAwMC9zdmciPjwvc3ZnPg==\" class=\"lazyload\" data-load-mode=\"1\"><\/iframe><\/p>\n<div><\/div>\n<p><iframe data-src=\"\/\/www.youtube.com\/embed\/B72FrJ1RY3I?rel=0\" width=\"560\" height=\"315\" frameborder=\"0\" allowfullscreen=\"allowfullscreen\" src=\"data:image\/svg+xml;base64,PHN2ZyB3aWR0aD0iMSIgaGVpZ2h0PSIxIiB4bWxucz0iaHR0cDovL3d3dy53My5vcmcvMjAwMC9zdmciPjwvc3ZnPg==\" class=\"lazyload\" data-load-mode=\"1\"><\/iframe><\/p>\n<p>&nbsp;<\/p>\n<p><a style=\"color: #005580; text-decoration-line: underline;\" href=\"http:\/\/www.sesmoreres.com\/resultado-busqueda\/?search=primera%20linea\" target=\"_blank\" rel=\"noopener noreferrer\">Haz clic aqu\u00ed para ver otras casas en primera l\u00ednea en venta en Menorca.<\/a><\/p>\n<div><\/div>\n<div><\/div>\n<p>Para solicitar visita o m\u00e1s informaci\u00f3n, llama al <strong>Tel +34 971351530<\/strong>, o env\u00eda un correo electr\u00f3nico a <a href=\"mailto:inversiones@sesmoreres.com?subject=Info%20Finca%20Binisafuller%20%25ref_04255-&amp;body=Me%20gustaria%20visitarla\">inversiones@sesmoreres.com<\/a><br \/>\n<a href=\"mailto:inversiones@sesmoreres.com?subject=Info%20Chalet%20%25Ciutadella%20%25ref_04255-&amp;body=Me%20gustaria%20visitarla\"><br \/>\n<\/a><\/p>\n<div><\/div>\n<div>\n<div><\/div>\n<\/div>\n","protected":false},"excerpt":{"rendered":"<p>&nbsp; El inmueble que os presentamos hoy es una de las escasas propiedades en venta en primera l\u00ednea de mar en Menorca. Un inmueble muy deseado y exclusivo con su propio acceso al mar,\u00a0 que nos permite saborear el placer &hellip; <a href=\"https:\/\/www.sesmoreres.com\/blog\/el-placer-de-disfrutar-el-mar-desde-casa\/\">Continuar<\/a><\/p>\n","protected":false},"author":2,"featured_media":1759,"comment_status":"open","ping_status":"open","sticky":false,"template":"","format":"standard","meta":{"footnotes":""},"categories":[278,238,281,232,247,241,240],"tags":[776,634,898,673,826,615,625],"class_list":["post-401","post","type-post","status-publish","format-standard","has-post-thumbnail","hentry","category-ciutadella","category-lujo","category-mar","category-menorca","category-playa","category-primera-linea","category-ses-moreres","tag-calan-blanes","tag-casa-de-lujo","tag-chalet-sobre-el-mar","tag-ciutadella","tag-mar-de-menorca","tag-playa","tag-primera-linea"],"yoast_head":"<!-- This site is optimized with the Yoast SEO plugin v27.5 - https:\/\/yoast.com\/product\/yoast-seo-wordpress\/ -->\n<title>Casa de lujo encima del mar - Menorca - Inmobiliaria Ses Moreres -<\/title>\n<meta name=\"description\" content=\"La casa que os presentamos hoy es una de las escasas \u00a0propiedades en venta en primera l\u00ednea de mar en Menorca.\u00a0Un inmueble\u00a0muy deseado y exclusivo...\" \/>\n<meta name=\"robots\" content=\"index, follow, max-snippet:-1, max-image-preview:large, max-video-preview:-1\" \/>\n<link rel=\"canonical\" href=\"https:\/\/www.sesmoreres.com\/blog\/el-placer-de-disfrutar-el-mar-desde-casa\/\" \/>\n<meta property=\"og:locale\" content=\"es_ES\" \/>\n<meta property=\"og:type\" content=\"article\" \/>\n<meta property=\"og:title\" content=\"Casa de lujo encima del mar - Menorca - Inmobiliaria Ses Moreres -\" \/>\n<meta property=\"og:description\" content=\"La casa que os presentamos hoy es una de las escasas \u00a0propiedades en venta en primera l\u00ednea de mar en Menorca.\u00a0Un inmueble\u00a0muy deseado y exclusivo...\" \/>\n<meta property=\"og:url\" content=\"https:\/\/www.sesmoreres.com\/blog\/el-placer-de-disfrutar-el-mar-desde-casa\/\" \/>\n<meta property=\"og:site_name\" content=\"Blog sobre Menorca - Ses Moreres\" \/>\n<meta property=\"article:publisher\" content=\"https:\/\/www.facebook.com\/sesmoreres\/\" \/>\n<meta property=\"article:published_time\" content=\"2014-10-27T17:44:00+00:00\" \/>\n<meta property=\"article:modified_time\" content=\"2020-04-16T17:43:02+00:00\" \/>\n<meta property=\"og:image\" content=\"https:\/\/www.sesmoreres.com\/blog\/wp-content\/uploads\/2014\/10\/chalet-en-primera-linea-mar-con-amarre-propio-scaled.jpg\" \/>\n\t<meta property=\"og:image:width\" content=\"850\" \/>\n\t<meta property=\"og:image:height\" content=\"566\" \/>\n\t<meta property=\"og:image:type\" content=\"image\/jpeg\" \/>\n<meta name=\"author\" content=\"Jose\" \/>\n<meta name=\"twitter:card\" content=\"summary_large_image\" \/>\n<meta name=\"twitter:label1\" content=\"Escrito por\" \/>\n\t<meta name=\"twitter:data1\" content=\"Jose\" \/>\n<script type=\"application\/ld+json\" class=\"yoast-schema-graph\">{\"@context\":\"https:\\\/\\\/schema.org\",\"@graph\":[{\"@type\":\"Article\",\"@id\":\"https:\\\/\\\/www.sesmoreres.com\\\/blog\\\/el-placer-de-disfrutar-el-mar-desde-casa\\\/#article\",\"isPartOf\":{\"@id\":\"https:\\\/\\\/www.sesmoreres.com\\\/blog\\\/el-placer-de-disfrutar-el-mar-desde-casa\\\/\"},\"author\":{\"name\":\"Jose\",\"@id\":\"https:\\\/\\\/www.sesmoreres.com\\\/blog\\\/#\\\/schema\\\/person\\\/7c7e14840c5091c536f2386f87710e37\"},\"headline\":\"El placer de disfrutar el mar desde casa\",\"datePublished\":\"2014-10-27T17:44:00+00:00\",\"dateModified\":\"2020-04-16T17:43:02+00:00\",\"mainEntityOfPage\":{\"@id\":\"https:\\\/\\\/www.sesmoreres.com\\\/blog\\\/el-placer-de-disfrutar-el-mar-desde-casa\\\/\"},\"wordCount\":105,\"commentCount\":0,\"publisher\":{\"@id\":\"https:\\\/\\\/www.sesmoreres.com\\\/blog\\\/#organization\"},\"image\":{\"@id\":\"https:\\\/\\\/www.sesmoreres.com\\\/blog\\\/el-placer-de-disfrutar-el-mar-desde-casa\\\/#primaryimage\"},\"thumbnailUrl\":\"https:\\\/\\\/www.sesmoreres.com\\\/blog\\\/wp-content\\\/uploads\\\/2014\\\/10\\\/chalet-en-primera-linea-mar-con-amarre-propio-scaled.jpg\",\"keywords\":[\"calan blanes\",\"casa de lujo\",\"chalet sobre el mar\",\"Ciutadella\",\"mar de menorca\",\"playa\",\"primera l\u00ednea\"],\"articleSection\":[\"ciutadella\",\"lujo\",\"mar\",\"menorca\",\"playa\",\"primera l\u00ednea\",\"ses moreres\"],\"inLanguage\":\"es\",\"potentialAction\":[{\"@type\":\"CommentAction\",\"name\":\"Comment\",\"target\":[\"https:\\\/\\\/www.sesmoreres.com\\\/blog\\\/el-placer-de-disfrutar-el-mar-desde-casa\\\/#respond\"]}]},{\"@type\":\"WebPage\",\"@id\":\"https:\\\/\\\/www.sesmoreres.com\\\/blog\\\/el-placer-de-disfrutar-el-mar-desde-casa\\\/\",\"url\":\"https:\\\/\\\/www.sesmoreres.com\\\/blog\\\/el-placer-de-disfrutar-el-mar-desde-casa\\\/\",\"name\":\"Casa de lujo encima del mar - Menorca - Inmobiliaria Ses Moreres -\",\"isPartOf\":{\"@id\":\"https:\\\/\\\/www.sesmoreres.com\\\/blog\\\/#website\"},\"primaryImageOfPage\":{\"@id\":\"https:\\\/\\\/www.sesmoreres.com\\\/blog\\\/el-placer-de-disfrutar-el-mar-desde-casa\\\/#primaryimage\"},\"image\":{\"@id\":\"https:\\\/\\\/www.sesmoreres.com\\\/blog\\\/el-placer-de-disfrutar-el-mar-desde-casa\\\/#primaryimage\"},\"thumbnailUrl\":\"https:\\\/\\\/www.sesmoreres.com\\\/blog\\\/wp-content\\\/uploads\\\/2014\\\/10\\\/chalet-en-primera-linea-mar-con-amarre-propio-scaled.jpg\",\"datePublished\":\"2014-10-27T17:44:00+00:00\",\"dateModified\":\"2020-04-16T17:43:02+00:00\",\"description\":\"La casa que os presentamos hoy es una de las escasas \u00a0propiedades en venta en primera l\u00ednea de mar en Menorca.\u00a0Un inmueble\u00a0muy deseado y exclusivo...\",\"breadcrumb\":{\"@id\":\"https:\\\/\\\/www.sesmoreres.com\\\/blog\\\/el-placer-de-disfrutar-el-mar-desde-casa\\\/#breadcrumb\"},\"inLanguage\":\"es\",\"potentialAction\":[{\"@type\":\"ReadAction\",\"target\":[\"https:\\\/\\\/www.sesmoreres.com\\\/blog\\\/el-placer-de-disfrutar-el-mar-desde-casa\\\/\"]}]},{\"@type\":\"ImageObject\",\"inLanguage\":\"es\",\"@id\":\"https:\\\/\\\/www.sesmoreres.com\\\/blog\\\/el-placer-de-disfrutar-el-mar-desde-casa\\\/#primaryimage\",\"url\":\"https:\\\/\\\/www.sesmoreres.com\\\/blog\\\/wp-content\\\/uploads\\\/2014\\\/10\\\/chalet-en-primera-linea-mar-con-amarre-propio-scaled.jpg\",\"contentUrl\":\"https:\\\/\\\/www.sesmoreres.com\\\/blog\\\/wp-content\\\/uploads\\\/2014\\\/10\\\/chalet-en-primera-linea-mar-con-amarre-propio-scaled.jpg\",\"width\":850,\"height\":566},{\"@type\":\"BreadcrumbList\",\"@id\":\"https:\\\/\\\/www.sesmoreres.com\\\/blog\\\/el-placer-de-disfrutar-el-mar-desde-casa\\\/#breadcrumb\",\"itemListElement\":[{\"@type\":\"ListItem\",\"position\":1,\"name\":\"Portada\",\"item\":\"https:\\\/\\\/www.sesmoreres.com\\\/blog\\\/\"},{\"@type\":\"ListItem\",\"position\":2,\"name\":\"El placer de disfrutar el mar desde casa\"}]},{\"@type\":\"WebSite\",\"@id\":\"https:\\\/\\\/www.sesmoreres.com\\\/blog\\\/#website\",\"url\":\"https:\\\/\\\/www.sesmoreres.com\\\/blog\\\/\",\"name\":\"Blog sobre Menorca - Ses Moreres\",\"description\":\"Agencia inmobiliaria de Menorca lider en la venta de propiedades de lujo. Fincas r\u00fasticas, casas de campo, chalets, terrenos.\",\"publisher\":{\"@id\":\"https:\\\/\\\/www.sesmoreres.com\\\/blog\\\/#organization\"},\"potentialAction\":[{\"@type\":\"SearchAction\",\"target\":{\"@type\":\"EntryPoint\",\"urlTemplate\":\"https:\\\/\\\/www.sesmoreres.com\\\/blog\\\/?s={search_term_string}\"},\"query-input\":{\"@type\":\"PropertyValueSpecification\",\"valueRequired\":true,\"valueName\":\"search_term_string\"}}],\"inLanguage\":\"es\"},{\"@type\":\"Organization\",\"@id\":\"https:\\\/\\\/www.sesmoreres.com\\\/blog\\\/#organization\",\"name\":\"Ses Moreres\",\"url\":\"https:\\\/\\\/www.sesmoreres.com\\\/blog\\\/\",\"logo\":{\"@type\":\"ImageObject\",\"inLanguage\":\"es\",\"@id\":\"https:\\\/\\\/www.sesmoreres.com\\\/blog\\\/#\\\/schema\\\/logo\\\/image\\\/\",\"url\":\"https:\\\/\\\/www.sesmoreres.com\\\/blog\\\/wp-content\\\/uploads\\\/2019\\\/07\\\/ses-moreres-inmobiliaria-menorca.gif\",\"contentUrl\":\"https:\\\/\\\/www.sesmoreres.com\\\/blog\\\/wp-content\\\/uploads\\\/2019\\\/07\\\/ses-moreres-inmobiliaria-menorca.gif\",\"width\":170,\"height\":95,\"caption\":\"Ses Moreres\"},\"image\":{\"@id\":\"https:\\\/\\\/www.sesmoreres.com\\\/blog\\\/#\\\/schema\\\/logo\\\/image\\\/\"},\"sameAs\":[\"https:\\\/\\\/www.facebook.com\\\/sesmoreres\\\/\",\"https:\\\/\\\/www.instagram.com\\\/inmobiliariasesmoreres\\\/?hl=es\",\"https:\\\/\\\/www.youtube.com\\\/user\\\/sesmoreres\"]},{\"@type\":\"Person\",\"@id\":\"https:\\\/\\\/www.sesmoreres.com\\\/blog\\\/#\\\/schema\\\/person\\\/7c7e14840c5091c536f2386f87710e37\",\"name\":\"Jose\",\"image\":{\"@type\":\"ImageObject\",\"inLanguage\":\"es\",\"@id\":\"https:\\\/\\\/secure.gravatar.com\\\/avatar\\\/b4fc98d81ad2dabadc7b38d8d9cc7d784080dca9704b983ca16b1fd2926445dc?s=96&d=mm&r=g\",\"url\":\"https:\\\/\\\/secure.gravatar.com\\\/avatar\\\/b4fc98d81ad2dabadc7b38d8d9cc7d784080dca9704b983ca16b1fd2926445dc?s=96&d=mm&r=g\",\"contentUrl\":\"https:\\\/\\\/secure.gravatar.com\\\/avatar\\\/b4fc98d81ad2dabadc7b38d8d9cc7d784080dca9704b983ca16b1fd2926445dc?s=96&d=mm&r=g\",\"caption\":\"Jose\"},\"url\":\"https:\\\/\\\/www.sesmoreres.com\\\/blog\\\/author\\\/jose\\\/\"}]}<\/script>\n<!-- \/ Yoast SEO plugin. -->","yoast_head_json":{"title":"Casa de lujo encima del mar - Menorca - Inmobiliaria Ses Moreres -","description":"La casa que os presentamos hoy es una de las escasas \u00a0propiedades en venta en primera l\u00ednea de mar en Menorca.\u00a0Un inmueble\u00a0muy deseado y exclusivo...","robots":{"index":"index","follow":"follow","max-snippet":"max-snippet:-1","max-image-preview":"max-image-preview:large","max-video-preview":"max-video-preview:-1"},"canonical":"https:\/\/www.sesmoreres.com\/blog\/el-placer-de-disfrutar-el-mar-desde-casa\/","og_locale":"es_ES","og_type":"article","og_title":"Casa de lujo encima del mar - Menorca - Inmobiliaria Ses Moreres -","og_description":"La casa que os presentamos hoy es una de las escasas \u00a0propiedades en venta en primera l\u00ednea de mar en Menorca.\u00a0Un inmueble\u00a0muy deseado y exclusivo...","og_url":"https:\/\/www.sesmoreres.com\/blog\/el-placer-de-disfrutar-el-mar-desde-casa\/","og_site_name":"Blog sobre Menorca - Ses Moreres","article_publisher":"https:\/\/www.facebook.com\/sesmoreres\/","article_published_time":"2014-10-27T17:44:00+00:00","article_modified_time":"2020-04-16T17:43:02+00:00","og_image":[{"width":850,"height":566,"url":"https:\/\/www.sesmoreres.com\/blog\/wp-content\/uploads\/2014\/10\/chalet-en-primera-linea-mar-con-amarre-propio-scaled.jpg","type":"image\/jpeg"}],"author":"Jose","twitter_card":"summary_large_image","twitter_misc":{"Escrito por":"Jose"},"schema":{"@context":"https:\/\/schema.org","@graph":[{"@type":"Article","@id":"https:\/\/www.sesmoreres.com\/blog\/el-placer-de-disfrutar-el-mar-desde-casa\/#article","isPartOf":{"@id":"https:\/\/www.sesmoreres.com\/blog\/el-placer-de-disfrutar-el-mar-desde-casa\/"},"author":{"name":"Jose","@id":"https:\/\/www.sesmoreres.com\/blog\/#\/schema\/person\/7c7e14840c5091c536f2386f87710e37"},"headline":"El placer de disfrutar el mar desde casa","datePublished":"2014-10-27T17:44:00+00:00","dateModified":"2020-04-16T17:43:02+00:00","mainEntityOfPage":{"@id":"https:\/\/www.sesmoreres.com\/blog\/el-placer-de-disfrutar-el-mar-desde-casa\/"},"wordCount":105,"commentCount":0,"publisher":{"@id":"https:\/\/www.sesmoreres.com\/blog\/#organization"},"image":{"@id":"https:\/\/www.sesmoreres.com\/blog\/el-placer-de-disfrutar-el-mar-desde-casa\/#primaryimage"},"thumbnailUrl":"https:\/\/www.sesmoreres.com\/blog\/wp-content\/uploads\/2014\/10\/chalet-en-primera-linea-mar-con-amarre-propio-scaled.jpg","keywords":["calan blanes","casa de lujo","chalet sobre el mar","Ciutadella","mar de menorca","playa","primera l\u00ednea"],"articleSection":["ciutadella","lujo","mar","menorca","playa","primera l\u00ednea","ses moreres"],"inLanguage":"es","potentialAction":[{"@type":"CommentAction","name":"Comment","target":["https:\/\/www.sesmoreres.com\/blog\/el-placer-de-disfrutar-el-mar-desde-casa\/#respond"]}]},{"@type":"WebPage","@id":"https:\/\/www.sesmoreres.com\/blog\/el-placer-de-disfrutar-el-mar-desde-casa\/","url":"https:\/\/www.sesmoreres.com\/blog\/el-placer-de-disfrutar-el-mar-desde-casa\/","name":"Casa de lujo encima del mar - Menorca - Inmobiliaria Ses Moreres -","isPartOf":{"@id":"https:\/\/www.sesmoreres.com\/blog\/#website"},"primaryImageOfPage":{"@id":"https:\/\/www.sesmoreres.com\/blog\/el-placer-de-disfrutar-el-mar-desde-casa\/#primaryimage"},"image":{"@id":"https:\/\/www.sesmoreres.com\/blog\/el-placer-de-disfrutar-el-mar-desde-casa\/#primaryimage"},"thumbnailUrl":"https:\/\/www.sesmoreres.com\/blog\/wp-content\/uploads\/2014\/10\/chalet-en-primera-linea-mar-con-amarre-propio-scaled.jpg","datePublished":"2014-10-27T17:44:00+00:00","dateModified":"2020-04-16T17:43:02+00:00","description":"La casa que os presentamos hoy es una de las escasas \u00a0propiedades en venta en primera l\u00ednea de mar en Menorca.\u00a0Un inmueble\u00a0muy deseado y exclusivo...","breadcrumb":{"@id":"https:\/\/www.sesmoreres.com\/blog\/el-placer-de-disfrutar-el-mar-desde-casa\/#breadcrumb"},"inLanguage":"es","potentialAction":[{"@type":"ReadAction","target":["https:\/\/www.sesmoreres.com\/blog\/el-placer-de-disfrutar-el-mar-desde-casa\/"]}]},{"@type":"ImageObject","inLanguage":"es","@id":"https:\/\/www.sesmoreres.com\/blog\/el-placer-de-disfrutar-el-mar-desde-casa\/#primaryimage","url":"https:\/\/www.sesmoreres.com\/blog\/wp-content\/uploads\/2014\/10\/chalet-en-primera-linea-mar-con-amarre-propio-scaled.jpg","contentUrl":"https:\/\/www.sesmoreres.com\/blog\/wp-content\/uploads\/2014\/10\/chalet-en-primera-linea-mar-con-amarre-propio-scaled.jpg","width":850,"height":566},{"@type":"BreadcrumbList","@id":"https:\/\/www.sesmoreres.com\/blog\/el-placer-de-disfrutar-el-mar-desde-casa\/#breadcrumb","itemListElement":[{"@type":"ListItem","position":1,"name":"Portada","item":"https:\/\/www.sesmoreres.com\/blog\/"},{"@type":"ListItem","position":2,"name":"El placer de disfrutar el mar desde casa"}]},{"@type":"WebSite","@id":"https:\/\/www.sesmoreres.com\/blog\/#website","url":"https:\/\/www.sesmoreres.com\/blog\/","name":"Blog sobre Menorca - Ses Moreres","description":"Agencia inmobiliaria de Menorca lider en la venta de propiedades de lujo. Fincas r\u00fasticas, casas de campo, chalets, terrenos.","publisher":{"@id":"https:\/\/www.sesmoreres.com\/blog\/#organization"},"potentialAction":[{"@type":"SearchAction","target":{"@type":"EntryPoint","urlTemplate":"https:\/\/www.sesmoreres.com\/blog\/?s={search_term_string}"},"query-input":{"@type":"PropertyValueSpecification","valueRequired":true,"valueName":"search_term_string"}}],"inLanguage":"es"},{"@type":"Organization","@id":"https:\/\/www.sesmoreres.com\/blog\/#organization","name":"Ses Moreres","url":"https:\/\/www.sesmoreres.com\/blog\/","logo":{"@type":"ImageObject","inLanguage":"es","@id":"https:\/\/www.sesmoreres.com\/blog\/#\/schema\/logo\/image\/","url":"https:\/\/www.sesmoreres.com\/blog\/wp-content\/uploads\/2019\/07\/ses-moreres-inmobiliaria-menorca.gif","contentUrl":"https:\/\/www.sesmoreres.com\/blog\/wp-content\/uploads\/2019\/07\/ses-moreres-inmobiliaria-menorca.gif","width":170,"height":95,"caption":"Ses Moreres"},"image":{"@id":"https:\/\/www.sesmoreres.com\/blog\/#\/schema\/logo\/image\/"},"sameAs":["https:\/\/www.facebook.com\/sesmoreres\/","https:\/\/www.instagram.com\/inmobiliariasesmoreres\/?hl=es","https:\/\/www.youtube.com\/user\/sesmoreres"]},{"@type":"Person","@id":"https:\/\/www.sesmoreres.com\/blog\/#\/schema\/person\/7c7e14840c5091c536f2386f87710e37","name":"Jose","image":{"@type":"ImageObject","inLanguage":"es","@id":"https:\/\/secure.gravatar.com\/avatar\/b4fc98d81ad2dabadc7b38d8d9cc7d784080dca9704b983ca16b1fd2926445dc?s=96&d=mm&r=g","url":"https:\/\/secure.gravatar.com\/avatar\/b4fc98d81ad2dabadc7b38d8d9cc7d784080dca9704b983ca16b1fd2926445dc?s=96&d=mm&r=g","contentUrl":"https:\/\/secure.gravatar.com\/avatar\/b4fc98d81ad2dabadc7b38d8d9cc7d784080dca9704b983ca16b1fd2926445dc?s=96&d=mm&r=g","caption":"Jose"},"url":"https:\/\/www.sesmoreres.com\/blog\/author\/jose\/"}]}},"_links":{"self":[{"href":"https:\/\/www.sesmoreres.com\/blog\/wp-json\/wp\/v2\/posts\/401","targetHints":{"allow":["GET"]}}],"collection":[{"href":"https:\/\/www.sesmoreres.com\/blog\/wp-json\/wp\/v2\/posts"}],"about":[{"href":"https:\/\/www.sesmoreres.com\/blog\/wp-json\/wp\/v2\/types\/post"}],"author":[{"embeddable":true,"href":"https:\/\/www.sesmoreres.com\/blog\/wp-json\/wp\/v2\/users\/2"}],"replies":[{"embeddable":true,"href":"https:\/\/www.sesmoreres.com\/blog\/wp-json\/wp\/v2\/comments?post=401"}],"version-history":[{"count":3,"href":"https:\/\/www.sesmoreres.com\/blog\/wp-json\/wp\/v2\/posts\/401\/revisions"}],"predecessor-version":[{"id":1760,"href":"https:\/\/www.sesmoreres.com\/blog\/wp-json\/wp\/v2\/posts\/401\/revisions\/1760"}],"wp:featuredmedia":[{"embeddable":true,"href":"https:\/\/www.sesmoreres.com\/blog\/wp-json\/wp\/v2\/media\/1759"}],"wp:attachment":[{"href":"https:\/\/www.sesmoreres.com\/blog\/wp-json\/wp\/v2\/media?parent=401"}],"wp:term":[{"taxonomy":"category","embeddable":true,"href":"https:\/\/www.sesmoreres.com\/blog\/wp-json\/wp\/v2\/categories?post=401"},{"taxonomy":"post_tag","embeddable":true,"href":"https:\/\/www.sesmoreres.com\/blog\/wp-json\/wp\/v2\/tags?post=401"}],"curies":[{"name":"wp","href":"https:\/\/api.w.org\/{rel}","templated":true}]}}