{"id":365,"date":"2016-07-06T12:10:00","date_gmt":"2016-07-06T10:10:00","guid":{"rendered":"https:\/\/www.sesmoreres.com\/blog\/2016\/07\/06\/campo-y-mar-todo-en-uno\/"},"modified":"2020-04-15T12:37:58","modified_gmt":"2020-04-15T10:37:58","slug":"campo-y-mar-todo-en-uno","status":"publish","type":"post","link":"https:\/\/www.sesmoreres.com\/blog\/campo-y-mar-todo-en-uno\/","title":{"rendered":"Campo y mar todo en uno"},"content":{"rendered":"<div><\/div>\n<div><span style=\"font-family: 'arial' , 'sans-serif'; font-size: 12.0pt; line-height: 115%;\">Si llevas tiempo buscando en Menorca una gran propiedad que re\u00fana la tranquilidad del campo y vistas al mar \u00a1Ya la has encontrado! Esta magn\u00edfica propiedad de 79 ha con casa y varios edificios agr\u00edcolas no tiene parang\u00f3n en la isla.<\/span><\/div>\n<div><\/div>\n<div><\/div>\n<div>\n<p><iframe data-src=\"https:\/\/www.youtube.com\/embed\/X1xpLNpFkGY?rel=0\" width=\"560\" height=\"315\" frameborder=\"0\" allowfullscreen=\"allowfullscreen\" src=\"data:image\/svg+xml;base64,PHN2ZyB3aWR0aD0iMSIgaGVpZ2h0PSIxIiB4bWxucz0iaHR0cDovL3d3dy53My5vcmcvMjAwMC9zdmciPjwvc3ZnPg==\" class=\"lazyload\" data-load-mode=\"1\"><\/iframe><\/p>\n<p>&nbsp;<\/p>\n<p><a href=\"https:\/\/www.sesmoreres.com\/resultado_busqueda.html?a=finca_rustica&amp;pag=&amp;o=&amp;s=&amp;pp=&amp;a=comun&amp;poblacion=todos&amp;zona=todos&amp;precio=todos&amp;habitaciones=0&amp;estado=todos&amp;metros=0&amp;solar=0&amp;banos=0&amp;primera=0&amp;vista=0&amp;ultimo=0&amp;jardin=0&amp;garaje=0&amp;trastero=0&amp;calefaccion=0&amp;ascensor=0&amp;aire=0&amp;piscina=0&amp;terraza=0&amp;lavadero=0&amp;pozo=0&amp;edificaciones=0&amp;electricidad=0&amp;sw_ava=1\"><span style=\"font-family: 'arial' , 'sans-serif'; font-size: 12.0pt; line-height: 115%;\">Podemos ayudarte a encontrar tu casa en Menorca<\/span><\/a><\/p>\n<\/div>\n<p><span style=\"font-family: 'arial' , sans-serif; font-size: 12pt; line-height: 115%;\"><span style=\"font-family: 'arial' , sans-serif; font-size: 12pt; line-height: 115%;\">Para solicitar visita o m\u00e1s informaci\u00f3n, llama al <\/span><strong style=\"font-size: 12pt; line-height: 115%;\">Tel +34 971351530<\/strong><span style=\"font-family: 'arial' , sans-serif; font-size: 12pt; line-height: 115%;\">, o env\u00eda un correo electr\u00f3nico a <\/span><a style=\"font-size: 12pt; line-height: 115%;\" href=\"mailto:inversiones@sesmoreres.com?subject=Info%20Finca%20en%20Mahon%20%25ref_04410-&amp;body=Me%20gustaria%20visitarla\">inversiones@sesmoreres.com<\/a><\/span><\/p>\n","protected":false},"excerpt":{"rendered":"<p>Si llevas tiempo buscando en Menorca una gran propiedad que re\u00fana la tranquilidad del campo y vistas al mar \u00a1Ya la has encontrado! Esta magn\u00edfica propiedad de 79 ha con casa y varios edificios agr\u00edcolas no tiene parang\u00f3n en la &hellip; <a href=\"https:\/\/www.sesmoreres.com\/blog\/campo-y-mar-todo-en-uno\/\">Continuar<\/a><\/p>\n","protected":false},"author":2,"featured_media":1646,"comment_status":"open","ping_status":"open","sticky":false,"template":"","format":"standard","meta":{"footnotes":""},"categories":[306,273,307,232,305],"tags":[719,764,782,728,637,790,684],"class_list":["post-365","post","type-post","status-publish","format-standard","has-post-thumbnail","hentry","category-casa-campo","category-finca","category-luxury","category-menorca","category-property","tag-baleares","tag-casa-campo","tag-casas-en-menorca","tag-finca","tag-lujo","tag-propiedades-de-lujo","tag-real-estate-menorca"],"yoast_head":"<!-- This site is optimized with the Yoast SEO plugin v27.5 - https:\/\/yoast.com\/product\/yoast-seo-wordpress\/ -->\n<title>Magn\u00edfica finca r\u00fastica que re\u00fane campo y mar todo en uno<\/title>\n<meta name=\"description\" content=\"Esta magn\u00edfica finca r\u00fastica de 79 ha con casa y varios edificios agr\u00edcolas no tiene parang\u00f3n en la isla, ya que re\u00fane campo y mar todo en uno...\" \/>\n<meta name=\"robots\" content=\"index, follow, max-snippet:-1, max-image-preview:large, max-video-preview:-1\" \/>\n<link rel=\"canonical\" href=\"https:\/\/www.sesmoreres.com\/blog\/campo-y-mar-todo-en-uno\/\" \/>\n<meta property=\"og:locale\" content=\"es_ES\" \/>\n<meta property=\"og:type\" content=\"article\" \/>\n<meta property=\"og:title\" content=\"Magn\u00edfica finca r\u00fastica que re\u00fane campo y mar todo en uno\" \/>\n<meta property=\"og:description\" content=\"Esta magn\u00edfica finca r\u00fastica de 79 ha con casa y varios edificios agr\u00edcolas no tiene parang\u00f3n en la isla, ya que re\u00fane campo y mar todo en uno...\" \/>\n<meta property=\"og:url\" content=\"https:\/\/www.sesmoreres.com\/blog\/campo-y-mar-todo-en-uno\/\" \/>\n<meta property=\"og:site_name\" content=\"Blog sobre Menorca - Ses Moreres\" \/>\n<meta property=\"article:publisher\" content=\"https:\/\/www.facebook.com\/sesmoreres\/\" \/>\n<meta property=\"article:published_time\" content=\"2016-07-06T10:10:00+00:00\" \/>\n<meta property=\"article:modified_time\" content=\"2020-04-15T10:37:58+00:00\" \/>\n<meta property=\"og:image\" content=\"https:\/\/www.sesmoreres.com\/blog\/wp-content\/uploads\/2016\/07\/es-grau-mahon-mao-menorca.jpg\" \/>\n\t<meta property=\"og:image:width\" content=\"800\" \/>\n\t<meta property=\"og:image:height\" content=\"534\" \/>\n\t<meta property=\"og:image:type\" content=\"image\/jpeg\" \/>\n<meta name=\"author\" content=\"Jose\" \/>\n<meta name=\"twitter:card\" content=\"summary_large_image\" \/>\n<meta name=\"twitter:label1\" content=\"Escrito por\" \/>\n\t<meta name=\"twitter:data1\" content=\"Jose\" \/>\n<script type=\"application\/ld+json\" class=\"yoast-schema-graph\">{\"@context\":\"https:\\\/\\\/schema.org\",\"@graph\":[{\"@type\":\"Article\",\"@id\":\"https:\\\/\\\/www.sesmoreres.com\\\/blog\\\/campo-y-mar-todo-en-uno\\\/#article\",\"isPartOf\":{\"@id\":\"https:\\\/\\\/www.sesmoreres.com\\\/blog\\\/campo-y-mar-todo-en-uno\\\/\"},\"author\":{\"name\":\"Jose\",\"@id\":\"https:\\\/\\\/www.sesmoreres.com\\\/blog\\\/#\\\/schema\\\/person\\\/7c7e14840c5091c536f2386f87710e37\"},\"headline\":\"Campo y mar todo en uno\",\"datePublished\":\"2016-07-06T10:10:00+00:00\",\"dateModified\":\"2020-04-15T10:37:58+00:00\",\"mainEntityOfPage\":{\"@id\":\"https:\\\/\\\/www.sesmoreres.com\\\/blog\\\/campo-y-mar-todo-en-uno\\\/\"},\"wordCount\":81,\"commentCount\":0,\"publisher\":{\"@id\":\"https:\\\/\\\/www.sesmoreres.com\\\/blog\\\/#organization\"},\"image\":{\"@id\":\"https:\\\/\\\/www.sesmoreres.com\\\/blog\\\/campo-y-mar-todo-en-uno\\\/#primaryimage\"},\"thumbnailUrl\":\"https:\\\/\\\/www.sesmoreres.com\\\/blog\\\/wp-content\\\/uploads\\\/2016\\\/07\\\/es-grau-mahon-mao-menorca.jpg\",\"keywords\":[\"baleares\",\"casa campo\",\"casas en menorca\",\"finca\",\"lujo\",\"propiedades de lujo\",\"real estate menorca\"],\"articleSection\":[\"casa campo\",\"finca\",\"luxury\",\"menorca\",\"property\"],\"inLanguage\":\"es\",\"potentialAction\":[{\"@type\":\"CommentAction\",\"name\":\"Comment\",\"target\":[\"https:\\\/\\\/www.sesmoreres.com\\\/blog\\\/campo-y-mar-todo-en-uno\\\/#respond\"]}]},{\"@type\":\"WebPage\",\"@id\":\"https:\\\/\\\/www.sesmoreres.com\\\/blog\\\/campo-y-mar-todo-en-uno\\\/\",\"url\":\"https:\\\/\\\/www.sesmoreres.com\\\/blog\\\/campo-y-mar-todo-en-uno\\\/\",\"name\":\"Magn\u00edfica finca r\u00fastica que re\u00fane campo y mar todo en uno\",\"isPartOf\":{\"@id\":\"https:\\\/\\\/www.sesmoreres.com\\\/blog\\\/#website\"},\"primaryImageOfPage\":{\"@id\":\"https:\\\/\\\/www.sesmoreres.com\\\/blog\\\/campo-y-mar-todo-en-uno\\\/#primaryimage\"},\"image\":{\"@id\":\"https:\\\/\\\/www.sesmoreres.com\\\/blog\\\/campo-y-mar-todo-en-uno\\\/#primaryimage\"},\"thumbnailUrl\":\"https:\\\/\\\/www.sesmoreres.com\\\/blog\\\/wp-content\\\/uploads\\\/2016\\\/07\\\/es-grau-mahon-mao-menorca.jpg\",\"datePublished\":\"2016-07-06T10:10:00+00:00\",\"dateModified\":\"2020-04-15T10:37:58+00:00\",\"description\":\"Esta magn\u00edfica finca r\u00fastica de 79 ha con casa y varios edificios agr\u00edcolas no tiene parang\u00f3n en la isla, ya que re\u00fane campo y mar todo en uno...\",\"breadcrumb\":{\"@id\":\"https:\\\/\\\/www.sesmoreres.com\\\/blog\\\/campo-y-mar-todo-en-uno\\\/#breadcrumb\"},\"inLanguage\":\"es\",\"potentialAction\":[{\"@type\":\"ReadAction\",\"target\":[\"https:\\\/\\\/www.sesmoreres.com\\\/blog\\\/campo-y-mar-todo-en-uno\\\/\"]}]},{\"@type\":\"ImageObject\",\"inLanguage\":\"es\",\"@id\":\"https:\\\/\\\/www.sesmoreres.com\\\/blog\\\/campo-y-mar-todo-en-uno\\\/#primaryimage\",\"url\":\"https:\\\/\\\/www.sesmoreres.com\\\/blog\\\/wp-content\\\/uploads\\\/2016\\\/07\\\/es-grau-mahon-mao-menorca.jpg\",\"contentUrl\":\"https:\\\/\\\/www.sesmoreres.com\\\/blog\\\/wp-content\\\/uploads\\\/2016\\\/07\\\/es-grau-mahon-mao-menorca.jpg\",\"width\":800,\"height\":534,\"caption\":\"Magn\u00edfica finca r\u00fastica que re\u00fane campo y mar todo en uno\"},{\"@type\":\"BreadcrumbList\",\"@id\":\"https:\\\/\\\/www.sesmoreres.com\\\/blog\\\/campo-y-mar-todo-en-uno\\\/#breadcrumb\",\"itemListElement\":[{\"@type\":\"ListItem\",\"position\":1,\"name\":\"Portada\",\"item\":\"https:\\\/\\\/www.sesmoreres.com\\\/blog\\\/\"},{\"@type\":\"ListItem\",\"position\":2,\"name\":\"Campo y mar todo en uno\"}]},{\"@type\":\"WebSite\",\"@id\":\"https:\\\/\\\/www.sesmoreres.com\\\/blog\\\/#website\",\"url\":\"https:\\\/\\\/www.sesmoreres.com\\\/blog\\\/\",\"name\":\"Blog sobre Menorca - Ses Moreres\",\"description\":\"Agencia inmobiliaria de Menorca lider en la venta de propiedades de lujo. Fincas r\u00fasticas, casas de campo, chalets, terrenos.\",\"publisher\":{\"@id\":\"https:\\\/\\\/www.sesmoreres.com\\\/blog\\\/#organization\"},\"potentialAction\":[{\"@type\":\"SearchAction\",\"target\":{\"@type\":\"EntryPoint\",\"urlTemplate\":\"https:\\\/\\\/www.sesmoreres.com\\\/blog\\\/?s={search_term_string}\"},\"query-input\":{\"@type\":\"PropertyValueSpecification\",\"valueRequired\":true,\"valueName\":\"search_term_string\"}}],\"inLanguage\":\"es\"},{\"@type\":\"Organization\",\"@id\":\"https:\\\/\\\/www.sesmoreres.com\\\/blog\\\/#organization\",\"name\":\"Ses Moreres\",\"url\":\"https:\\\/\\\/www.sesmoreres.com\\\/blog\\\/\",\"logo\":{\"@type\":\"ImageObject\",\"inLanguage\":\"es\",\"@id\":\"https:\\\/\\\/www.sesmoreres.com\\\/blog\\\/#\\\/schema\\\/logo\\\/image\\\/\",\"url\":\"https:\\\/\\\/www.sesmoreres.com\\\/blog\\\/wp-content\\\/uploads\\\/2019\\\/07\\\/ses-moreres-inmobiliaria-menorca.gif\",\"contentUrl\":\"https:\\\/\\\/www.sesmoreres.com\\\/blog\\\/wp-content\\\/uploads\\\/2019\\\/07\\\/ses-moreres-inmobiliaria-menorca.gif\",\"width\":170,\"height\":95,\"caption\":\"Ses Moreres\"},\"image\":{\"@id\":\"https:\\\/\\\/www.sesmoreres.com\\\/blog\\\/#\\\/schema\\\/logo\\\/image\\\/\"},\"sameAs\":[\"https:\\\/\\\/www.facebook.com\\\/sesmoreres\\\/\",\"https:\\\/\\\/www.instagram.com\\\/inmobiliariasesmoreres\\\/?hl=es\",\"https:\\\/\\\/www.youtube.com\\\/user\\\/sesmoreres\"]},{\"@type\":\"Person\",\"@id\":\"https:\\\/\\\/www.sesmoreres.com\\\/blog\\\/#\\\/schema\\\/person\\\/7c7e14840c5091c536f2386f87710e37\",\"name\":\"Jose\",\"image\":{\"@type\":\"ImageObject\",\"inLanguage\":\"es\",\"@id\":\"https:\\\/\\\/secure.gravatar.com\\\/avatar\\\/b4fc98d81ad2dabadc7b38d8d9cc7d784080dca9704b983ca16b1fd2926445dc?s=96&d=mm&r=g\",\"url\":\"https:\\\/\\\/secure.gravatar.com\\\/avatar\\\/b4fc98d81ad2dabadc7b38d8d9cc7d784080dca9704b983ca16b1fd2926445dc?s=96&d=mm&r=g\",\"contentUrl\":\"https:\\\/\\\/secure.gravatar.com\\\/avatar\\\/b4fc98d81ad2dabadc7b38d8d9cc7d784080dca9704b983ca16b1fd2926445dc?s=96&d=mm&r=g\",\"caption\":\"Jose\"},\"url\":\"https:\\\/\\\/www.sesmoreres.com\\\/blog\\\/author\\\/jose\\\/\"}]}<\/script>\n<!-- \/ Yoast SEO plugin. -->","yoast_head_json":{"title":"Magn\u00edfica finca r\u00fastica que re\u00fane campo y mar todo en uno","description":"Esta magn\u00edfica finca r\u00fastica de 79 ha con casa y varios edificios agr\u00edcolas no tiene parang\u00f3n en la isla, ya que re\u00fane campo y mar todo en uno...","robots":{"index":"index","follow":"follow","max-snippet":"max-snippet:-1","max-image-preview":"max-image-preview:large","max-video-preview":"max-video-preview:-1"},"canonical":"https:\/\/www.sesmoreres.com\/blog\/campo-y-mar-todo-en-uno\/","og_locale":"es_ES","og_type":"article","og_title":"Magn\u00edfica finca r\u00fastica que re\u00fane campo y mar todo en uno","og_description":"Esta magn\u00edfica finca r\u00fastica de 79 ha con casa y varios edificios agr\u00edcolas no tiene parang\u00f3n en la isla, ya que re\u00fane campo y mar todo en uno...","og_url":"https:\/\/www.sesmoreres.com\/blog\/campo-y-mar-todo-en-uno\/","og_site_name":"Blog sobre Menorca - Ses Moreres","article_publisher":"https:\/\/www.facebook.com\/sesmoreres\/","article_published_time":"2016-07-06T10:10:00+00:00","article_modified_time":"2020-04-15T10:37:58+00:00","og_image":[{"width":800,"height":534,"url":"https:\/\/www.sesmoreres.com\/blog\/wp-content\/uploads\/2016\/07\/es-grau-mahon-mao-menorca.jpg","type":"image\/jpeg"}],"author":"Jose","twitter_card":"summary_large_image","twitter_misc":{"Escrito por":"Jose"},"schema":{"@context":"https:\/\/schema.org","@graph":[{"@type":"Article","@id":"https:\/\/www.sesmoreres.com\/blog\/campo-y-mar-todo-en-uno\/#article","isPartOf":{"@id":"https:\/\/www.sesmoreres.com\/blog\/campo-y-mar-todo-en-uno\/"},"author":{"name":"Jose","@id":"https:\/\/www.sesmoreres.com\/blog\/#\/schema\/person\/7c7e14840c5091c536f2386f87710e37"},"headline":"Campo y mar todo en uno","datePublished":"2016-07-06T10:10:00+00:00","dateModified":"2020-04-15T10:37:58+00:00","mainEntityOfPage":{"@id":"https:\/\/www.sesmoreres.com\/blog\/campo-y-mar-todo-en-uno\/"},"wordCount":81,"commentCount":0,"publisher":{"@id":"https:\/\/www.sesmoreres.com\/blog\/#organization"},"image":{"@id":"https:\/\/www.sesmoreres.com\/blog\/campo-y-mar-todo-en-uno\/#primaryimage"},"thumbnailUrl":"https:\/\/www.sesmoreres.com\/blog\/wp-content\/uploads\/2016\/07\/es-grau-mahon-mao-menorca.jpg","keywords":["baleares","casa campo","casas en menorca","finca","lujo","propiedades de lujo","real estate menorca"],"articleSection":["casa campo","finca","luxury","menorca","property"],"inLanguage":"es","potentialAction":[{"@type":"CommentAction","name":"Comment","target":["https:\/\/www.sesmoreres.com\/blog\/campo-y-mar-todo-en-uno\/#respond"]}]},{"@type":"WebPage","@id":"https:\/\/www.sesmoreres.com\/blog\/campo-y-mar-todo-en-uno\/","url":"https:\/\/www.sesmoreres.com\/blog\/campo-y-mar-todo-en-uno\/","name":"Magn\u00edfica finca r\u00fastica que re\u00fane campo y mar todo en uno","isPartOf":{"@id":"https:\/\/www.sesmoreres.com\/blog\/#website"},"primaryImageOfPage":{"@id":"https:\/\/www.sesmoreres.com\/blog\/campo-y-mar-todo-en-uno\/#primaryimage"},"image":{"@id":"https:\/\/www.sesmoreres.com\/blog\/campo-y-mar-todo-en-uno\/#primaryimage"},"thumbnailUrl":"https:\/\/www.sesmoreres.com\/blog\/wp-content\/uploads\/2016\/07\/es-grau-mahon-mao-menorca.jpg","datePublished":"2016-07-06T10:10:00+00:00","dateModified":"2020-04-15T10:37:58+00:00","description":"Esta magn\u00edfica finca r\u00fastica de 79 ha con casa y varios edificios agr\u00edcolas no tiene parang\u00f3n en la isla, ya que re\u00fane campo y mar todo en uno...","breadcrumb":{"@id":"https:\/\/www.sesmoreres.com\/blog\/campo-y-mar-todo-en-uno\/#breadcrumb"},"inLanguage":"es","potentialAction":[{"@type":"ReadAction","target":["https:\/\/www.sesmoreres.com\/blog\/campo-y-mar-todo-en-uno\/"]}]},{"@type":"ImageObject","inLanguage":"es","@id":"https:\/\/www.sesmoreres.com\/blog\/campo-y-mar-todo-en-uno\/#primaryimage","url":"https:\/\/www.sesmoreres.com\/blog\/wp-content\/uploads\/2016\/07\/es-grau-mahon-mao-menorca.jpg","contentUrl":"https:\/\/www.sesmoreres.com\/blog\/wp-content\/uploads\/2016\/07\/es-grau-mahon-mao-menorca.jpg","width":800,"height":534,"caption":"Magn\u00edfica finca r\u00fastica que re\u00fane campo y mar todo en uno"},{"@type":"BreadcrumbList","@id":"https:\/\/www.sesmoreres.com\/blog\/campo-y-mar-todo-en-uno\/#breadcrumb","itemListElement":[{"@type":"ListItem","position":1,"name":"Portada","item":"https:\/\/www.sesmoreres.com\/blog\/"},{"@type":"ListItem","position":2,"name":"Campo y mar todo en uno"}]},{"@type":"WebSite","@id":"https:\/\/www.sesmoreres.com\/blog\/#website","url":"https:\/\/www.sesmoreres.com\/blog\/","name":"Blog sobre Menorca - Ses Moreres","description":"Agencia inmobiliaria de Menorca lider en la venta de propiedades de lujo. Fincas r\u00fasticas, casas de campo, chalets, terrenos.","publisher":{"@id":"https:\/\/www.sesmoreres.com\/blog\/#organization"},"potentialAction":[{"@type":"SearchAction","target":{"@type":"EntryPoint","urlTemplate":"https:\/\/www.sesmoreres.com\/blog\/?s={search_term_string}"},"query-input":{"@type":"PropertyValueSpecification","valueRequired":true,"valueName":"search_term_string"}}],"inLanguage":"es"},{"@type":"Organization","@id":"https:\/\/www.sesmoreres.com\/blog\/#organization","name":"Ses Moreres","url":"https:\/\/www.sesmoreres.com\/blog\/","logo":{"@type":"ImageObject","inLanguage":"es","@id":"https:\/\/www.sesmoreres.com\/blog\/#\/schema\/logo\/image\/","url":"https:\/\/www.sesmoreres.com\/blog\/wp-content\/uploads\/2019\/07\/ses-moreres-inmobiliaria-menorca.gif","contentUrl":"https:\/\/www.sesmoreres.com\/blog\/wp-content\/uploads\/2019\/07\/ses-moreres-inmobiliaria-menorca.gif","width":170,"height":95,"caption":"Ses Moreres"},"image":{"@id":"https:\/\/www.sesmoreres.com\/blog\/#\/schema\/logo\/image\/"},"sameAs":["https:\/\/www.facebook.com\/sesmoreres\/","https:\/\/www.instagram.com\/inmobiliariasesmoreres\/?hl=es","https:\/\/www.youtube.com\/user\/sesmoreres"]},{"@type":"Person","@id":"https:\/\/www.sesmoreres.com\/blog\/#\/schema\/person\/7c7e14840c5091c536f2386f87710e37","name":"Jose","image":{"@type":"ImageObject","inLanguage":"es","@id":"https:\/\/secure.gravatar.com\/avatar\/b4fc98d81ad2dabadc7b38d8d9cc7d784080dca9704b983ca16b1fd2926445dc?s=96&d=mm&r=g","url":"https:\/\/secure.gravatar.com\/avatar\/b4fc98d81ad2dabadc7b38d8d9cc7d784080dca9704b983ca16b1fd2926445dc?s=96&d=mm&r=g","contentUrl":"https:\/\/secure.gravatar.com\/avatar\/b4fc98d81ad2dabadc7b38d8d9cc7d784080dca9704b983ca16b1fd2926445dc?s=96&d=mm&r=g","caption":"Jose"},"url":"https:\/\/www.sesmoreres.com\/blog\/author\/jose\/"}]}},"_links":{"self":[{"href":"https:\/\/www.sesmoreres.com\/blog\/wp-json\/wp\/v2\/posts\/365","targetHints":{"allow":["GET"]}}],"collection":[{"href":"https:\/\/www.sesmoreres.com\/blog\/wp-json\/wp\/v2\/posts"}],"about":[{"href":"https:\/\/www.sesmoreres.com\/blog\/wp-json\/wp\/v2\/types\/post"}],"author":[{"embeddable":true,"href":"https:\/\/www.sesmoreres.com\/blog\/wp-json\/wp\/v2\/users\/2"}],"replies":[{"embeddable":true,"href":"https:\/\/www.sesmoreres.com\/blog\/wp-json\/wp\/v2\/comments?post=365"}],"version-history":[{"count":3,"href":"https:\/\/www.sesmoreres.com\/blog\/wp-json\/wp\/v2\/posts\/365\/revisions"}],"predecessor-version":[{"id":1645,"href":"https:\/\/www.sesmoreres.com\/blog\/wp-json\/wp\/v2\/posts\/365\/revisions\/1645"}],"wp:featuredmedia":[{"embeddable":true,"href":"https:\/\/www.sesmoreres.com\/blog\/wp-json\/wp\/v2\/media\/1646"}],"wp:attachment":[{"href":"https:\/\/www.sesmoreres.com\/blog\/wp-json\/wp\/v2\/media?parent=365"}],"wp:term":[{"taxonomy":"category","embeddable":true,"href":"https:\/\/www.sesmoreres.com\/blog\/wp-json\/wp\/v2\/categories?post=365"},{"taxonomy":"post_tag","embeddable":true,"href":"https:\/\/www.sesmoreres.com\/blog\/wp-json\/wp\/v2\/tags?post=365"}],"curies":[{"name":"wp","href":"https:\/\/api.w.org\/{rel}","templated":true}]}}