{"id":363,"date":"2016-08-30T11:26:00","date_gmt":"2016-08-30T09:26:00","guid":{"rendered":"https:\/\/www.sesmoreres.com\/blog\/2016\/08\/30\/la-venta-de-la-isla-den-colom-se-hace-viral\/"},"modified":"2020-04-15T12:19:01","modified_gmt":"2020-04-15T10:19:01","slug":"la-venta-de-la-isla-den-colom-se-hace-viral","status":"publish","type":"post","link":"https:\/\/www.sesmoreres.com\/blog\/la-venta-de-la-isla-den-colom-se-hace-viral\/","title":{"rendered":"La venta de la isla d&#8217;en Colom se hace viral"},"content":{"rendered":"<div><\/div>\n<div><span style=\"background: white; color: #1d2129; font-family: 'arial' , 'sans-serif'; font-size: 12.0pt; line-height: 115%;\">\u00a1Estamos muy satisfechos! Estos d\u00edas han sido una locura. Nuestra campa\u00f1a de marketing para vender la isla d&#8217;en Colom ha tenido un \u00e9xito tremendo que se ha convertido en viral del que se ha hecho eco toda la prensa nacional.<\/span><\/div>\n<div><\/div>\n<div><span style=\"background: white; color: #1d2129; font-family: 'arial' , 'sans-serif'; font-size: 12.0pt; line-height: 115%;\">Ser\u00eda muy dif\u00edcil enumerar a todos los medios que han mencionado expresamente a nuestra inmobiliaria y han enlazado el v\u00eddeo, pero algunos de los m\u00e1s destacados han sido: <a href=\"http:\/\/www.rtve.es\/alacarta\/videos\/telediario\/telediario-15-horas-29-08-16\/3705606\/\" target=\"_blank\" rel=\"noopener noreferrer\">TVE<\/a>, <a href=\"http:\/\/www.cuatro.com\/noticias\/Noticias_Cuatro_20-00h-Jose_Luis_Fuentencilla_2_2232330175.html\" target=\"_blank\" rel=\"noopener noreferrer\">TV Cuatro<\/a>, <a href=\"http:\/\/www.ccma.cat\/tv3\/alacarta\/telenoticies-vespre\/telenoticies-vespre-24082016\/video\/5616398\/#\" target=\"_blank\" rel=\"noopener noreferrer\">TV3<\/a>, <a href=\"http:\/\/cat.elpais.com\/cat\/2016\/08\/26\/espana\/1472200997_324932.html\" target=\"_blank\" rel=\"noopener noreferrer\">El Pa\u00eds<\/a>, <a href=\"http:\/\/www.elmundo.es\/economia\/2016\/08\/26\/57c006e346163ff5288b461b.html\" target=\"_blank\" rel=\"noopener noreferrer\">El Mundo<\/a>, <a href=\"http:\/\/www.lavanguardia.com\/vida\/20160826\/404207196416\/isla-menorca-venta-fotocasa.html\" target=\"_blank\" rel=\"noopener noreferrer\">La Vanguardia<\/a>, <a href=\"http:\/\/www.abc.es\/economia\/abci-venta-isla-58-metros-cuadrados-solo-200-metros-menorca-201608261233_noticia.html\" target=\"_blank\" rel=\"noopener noreferrer\">ABC<\/a>, <a href=\"http:\/\/www.telecinco.es\/informativos\/economia\/Isla_desierta_Menorca-venta_isla_desierta-isla_de_Colom_0_2233875149.html\" target=\"_blank\" rel=\"noopener noreferrer\">Telecinco<\/a>, <a href=\"http:\/\/www.efe.com\/efe\/espana\/gente\/la-illa-d-en-colom-de-menorca-se-vende-por-cinco-millones-euros\/10007-3023589\" target=\"_blank\" rel=\"noopener noreferrer\">Agencia F,<\/a> <a href=\"http:\/\/www.europapress.es\/illes-balears\/noticia-illa-colom-menorca-venta-52-millones-euros-20160826124121.html\" target=\"_blank\" rel=\"noopener noreferrer\">Europa Press<\/a>, <a href=\"http:\/\/forbes.es\/actualizacion\/6194\/esta-isla-al-lado-de-menorca-puede-ser-tuya-por-52-millones\" target=\"_blank\" rel=\"noopener noreferrer\">La revista Forbes.es<\/a>, <a href=\"http:\/\/www.expansion.com\/directivos\/estilo-vida\/casas\/2016\/08\/26\/57c0087522601dbe6e8b4571.html\" target=\"_blank\" rel=\"noopener noreferrer\">Expansi\u00f3n<\/a>, <a href=\"http:\/\/www.fotocasa.es\/blog\/compraventa\/quieres-tu-propia-isla-mediterranea\" target=\"_blank\" rel=\"noopener noreferrer\">Fotocasa<\/a>, Onda Cero, etc., etc\u2026<\/span><\/div>\n<div><span style=\"background: white; color: #1d2129; font-family: 'arial' , 'sans-serif'; font-size: 12.0pt; line-height: 115%;\">\u00a0<\/span><\/div>\n<div><\/div>\n<p><iframe data-src=\"https:\/\/www.youtube.com\/embed\/4fbpMGtNnNM?rel=0\" width=\"560\" height=\"315\" frameborder=\"0\" allowfullscreen=\"allowfullscreen\" src=\"data:image\/svg+xml;base64,PHN2ZyB3aWR0aD0iMSIgaGVpZ2h0PSIxIiB4bWxucz0iaHR0cDovL3d3dy53My5vcmcvMjAwMC9zdmciPjwvc3ZnPg==\" class=\"lazyload\" data-load-mode=\"1\"><\/iframe><\/p>\n<p>&nbsp;<\/p>\n","protected":false},"excerpt":{"rendered":"<p>\u00a1Estamos muy satisfechos! Estos d\u00edas han sido una locura. Nuestra campa\u00f1a de marketing para vender la isla d&#8217;en Colom ha tenido un \u00e9xito tremendo que se ha convertido en viral del que se ha hecho eco toda la prensa nacional. &hellip; <a href=\"https:\/\/www.sesmoreres.com\/blog\/la-venta-de-la-isla-den-colom-se-hace-viral\/\">Continuar<\/a><\/p>\n","protected":false},"author":2,"featured_media":774,"comment_status":"open","ping_status":"open","sticky":false,"template":"","format":"standard","meta":{"footnotes":""},"categories":[301,300,232,299],"tags":[606,607,602],"class_list":["post-363","post","type-post","status-publish","format-standard","has-post-thumbnail","hentry","category-isla-colom","category-islas","category-menorca","category-venta","tag-isla","tag-isla-colom","tag-isla-en-venta"],"yoast_head":"<!-- This site is optimized with the Yoast SEO plugin v27.5 - https:\/\/yoast.com\/product\/yoast-seo-wordpress\/ -->\n<title>La venta de la isla de Colom se hace viral | Inmobiliaria Ses Moreres<\/title>\n<meta name=\"description\" content=\"La venta de la Isla de Colom en Menorca, comercializada por la inmobiliaria Ses Moreres, se hace viral y todos los medios de comunicaci\u00f3n se hacen...\" \/>\n<meta name=\"robots\" content=\"index, follow, max-snippet:-1, max-image-preview:large, max-video-preview:-1\" \/>\n<link rel=\"canonical\" href=\"https:\/\/www.sesmoreres.com\/blog\/la-venta-de-la-isla-den-colom-se-hace-viral\/\" \/>\n<meta property=\"og:locale\" content=\"es_ES\" \/>\n<meta property=\"og:type\" content=\"article\" \/>\n<meta property=\"og:title\" content=\"La venta de la isla de Colom se hace viral | Inmobiliaria Ses Moreres\" \/>\n<meta property=\"og:description\" content=\"La venta de la Isla de Colom en Menorca, comercializada por la inmobiliaria Ses Moreres, se hace viral y todos los medios de comunicaci\u00f3n se hacen...\" \/>\n<meta property=\"og:url\" content=\"https:\/\/www.sesmoreres.com\/blog\/la-venta-de-la-isla-den-colom-se-hace-viral\/\" \/>\n<meta property=\"og:site_name\" content=\"Blog sobre Menorca - Ses Moreres\" \/>\n<meta property=\"article:publisher\" content=\"https:\/\/www.facebook.com\/sesmoreres\/\" \/>\n<meta property=\"article:published_time\" content=\"2016-08-30T09:26:00+00:00\" \/>\n<meta property=\"article:modified_time\" content=\"2020-04-15T10:19:01+00:00\" \/>\n<meta property=\"og:image\" content=\"https:\/\/www.sesmoreres.com\/blog\/wp-content\/uploads\/2016\/04\/isla-en-venta-menorca.jpg\" \/>\n\t<meta property=\"og:image:width\" content=\"600\" \/>\n\t<meta property=\"og:image:height\" content=\"338\" \/>\n\t<meta property=\"og:image:type\" content=\"image\/jpeg\" \/>\n<meta name=\"author\" content=\"Jose\" \/>\n<meta name=\"twitter:card\" content=\"summary_large_image\" \/>\n<meta name=\"twitter:label1\" content=\"Escrito por\" \/>\n\t<meta name=\"twitter:data1\" content=\"Jose\" \/>\n\t<meta name=\"twitter:label2\" content=\"Tiempo de lectura\" \/>\n\t<meta name=\"twitter:data2\" content=\"1 minuto\" \/>\n<script type=\"application\/ld+json\" class=\"yoast-schema-graph\">{\"@context\":\"https:\\\/\\\/schema.org\",\"@graph\":[{\"@type\":\"Article\",\"@id\":\"https:\\\/\\\/www.sesmoreres.com\\\/blog\\\/la-venta-de-la-isla-den-colom-se-hace-viral\\\/#article\",\"isPartOf\":{\"@id\":\"https:\\\/\\\/www.sesmoreres.com\\\/blog\\\/la-venta-de-la-isla-den-colom-se-hace-viral\\\/\"},\"author\":{\"name\":\"Jose\",\"@id\":\"https:\\\/\\\/www.sesmoreres.com\\\/blog\\\/#\\\/schema\\\/person\\\/7c7e14840c5091c536f2386f87710e37\"},\"headline\":\"La venta de la isla d&#8217;en Colom se hace viral\",\"datePublished\":\"2016-08-30T09:26:00+00:00\",\"dateModified\":\"2020-04-15T10:19:01+00:00\",\"mainEntityOfPage\":{\"@id\":\"https:\\\/\\\/www.sesmoreres.com\\\/blog\\\/la-venta-de-la-isla-den-colom-se-hace-viral\\\/\"},\"wordCount\":113,\"commentCount\":0,\"publisher\":{\"@id\":\"https:\\\/\\\/www.sesmoreres.com\\\/blog\\\/#organization\"},\"image\":{\"@id\":\"https:\\\/\\\/www.sesmoreres.com\\\/blog\\\/la-venta-de-la-isla-den-colom-se-hace-viral\\\/#primaryimage\"},\"thumbnailUrl\":\"https:\\\/\\\/www.sesmoreres.com\\\/blog\\\/wp-content\\\/uploads\\\/2016\\\/04\\\/isla-en-venta-menorca.jpg\",\"keywords\":[\"isla\",\"isla colom\",\"isla en venta\"],\"articleSection\":[\"isla colom\",\"islas\",\"menorca\",\"venta\"],\"inLanguage\":\"es\",\"potentialAction\":[{\"@type\":\"CommentAction\",\"name\":\"Comment\",\"target\":[\"https:\\\/\\\/www.sesmoreres.com\\\/blog\\\/la-venta-de-la-isla-den-colom-se-hace-viral\\\/#respond\"]}]},{\"@type\":\"WebPage\",\"@id\":\"https:\\\/\\\/www.sesmoreres.com\\\/blog\\\/la-venta-de-la-isla-den-colom-se-hace-viral\\\/\",\"url\":\"https:\\\/\\\/www.sesmoreres.com\\\/blog\\\/la-venta-de-la-isla-den-colom-se-hace-viral\\\/\",\"name\":\"La venta de la isla de Colom se hace viral | Inmobiliaria Ses Moreres\",\"isPartOf\":{\"@id\":\"https:\\\/\\\/www.sesmoreres.com\\\/blog\\\/#website\"},\"primaryImageOfPage\":{\"@id\":\"https:\\\/\\\/www.sesmoreres.com\\\/blog\\\/la-venta-de-la-isla-den-colom-se-hace-viral\\\/#primaryimage\"},\"image\":{\"@id\":\"https:\\\/\\\/www.sesmoreres.com\\\/blog\\\/la-venta-de-la-isla-den-colom-se-hace-viral\\\/#primaryimage\"},\"thumbnailUrl\":\"https:\\\/\\\/www.sesmoreres.com\\\/blog\\\/wp-content\\\/uploads\\\/2016\\\/04\\\/isla-en-venta-menorca.jpg\",\"datePublished\":\"2016-08-30T09:26:00+00:00\",\"dateModified\":\"2020-04-15T10:19:01+00:00\",\"description\":\"La venta de la Isla de Colom en Menorca, comercializada por la inmobiliaria Ses Moreres, se hace viral y todos los medios de comunicaci\u00f3n se hacen...\",\"breadcrumb\":{\"@id\":\"https:\\\/\\\/www.sesmoreres.com\\\/blog\\\/la-venta-de-la-isla-den-colom-se-hace-viral\\\/#breadcrumb\"},\"inLanguage\":\"es\",\"potentialAction\":[{\"@type\":\"ReadAction\",\"target\":[\"https:\\\/\\\/www.sesmoreres.com\\\/blog\\\/la-venta-de-la-isla-den-colom-se-hace-viral\\\/\"]}]},{\"@type\":\"ImageObject\",\"inLanguage\":\"es\",\"@id\":\"https:\\\/\\\/www.sesmoreres.com\\\/blog\\\/la-venta-de-la-isla-den-colom-se-hace-viral\\\/#primaryimage\",\"url\":\"https:\\\/\\\/www.sesmoreres.com\\\/blog\\\/wp-content\\\/uploads\\\/2016\\\/04\\\/isla-en-venta-menorca.jpg\",\"contentUrl\":\"https:\\\/\\\/www.sesmoreres.com\\\/blog\\\/wp-content\\\/uploads\\\/2016\\\/04\\\/isla-en-venta-menorca.jpg\",\"width\":600,\"height\":338,\"caption\":\"Nuestra campa\u00f1a de marketing para vender la isla d'en Colom ha tenido un \u00e9xito tremendo que se ha convertido en viral del que se ha hecho eco toda la prensa nacional.\"},{\"@type\":\"BreadcrumbList\",\"@id\":\"https:\\\/\\\/www.sesmoreres.com\\\/blog\\\/la-venta-de-la-isla-den-colom-se-hace-viral\\\/#breadcrumb\",\"itemListElement\":[{\"@type\":\"ListItem\",\"position\":1,\"name\":\"Portada\",\"item\":\"https:\\\/\\\/www.sesmoreres.com\\\/blog\\\/\"},{\"@type\":\"ListItem\",\"position\":2,\"name\":\"La venta de la isla d&#8217;en Colom se hace viral\"}]},{\"@type\":\"WebSite\",\"@id\":\"https:\\\/\\\/www.sesmoreres.com\\\/blog\\\/#website\",\"url\":\"https:\\\/\\\/www.sesmoreres.com\\\/blog\\\/\",\"name\":\"Blog sobre Menorca - Ses Moreres\",\"description\":\"Agencia inmobiliaria de Menorca lider en la venta de propiedades de lujo. Fincas r\u00fasticas, casas de campo, chalets, terrenos.\",\"publisher\":{\"@id\":\"https:\\\/\\\/www.sesmoreres.com\\\/blog\\\/#organization\"},\"potentialAction\":[{\"@type\":\"SearchAction\",\"target\":{\"@type\":\"EntryPoint\",\"urlTemplate\":\"https:\\\/\\\/www.sesmoreres.com\\\/blog\\\/?s={search_term_string}\"},\"query-input\":{\"@type\":\"PropertyValueSpecification\",\"valueRequired\":true,\"valueName\":\"search_term_string\"}}],\"inLanguage\":\"es\"},{\"@type\":\"Organization\",\"@id\":\"https:\\\/\\\/www.sesmoreres.com\\\/blog\\\/#organization\",\"name\":\"Ses Moreres\",\"url\":\"https:\\\/\\\/www.sesmoreres.com\\\/blog\\\/\",\"logo\":{\"@type\":\"ImageObject\",\"inLanguage\":\"es\",\"@id\":\"https:\\\/\\\/www.sesmoreres.com\\\/blog\\\/#\\\/schema\\\/logo\\\/image\\\/\",\"url\":\"https:\\\/\\\/www.sesmoreres.com\\\/blog\\\/wp-content\\\/uploads\\\/2019\\\/07\\\/ses-moreres-inmobiliaria-menorca.gif\",\"contentUrl\":\"https:\\\/\\\/www.sesmoreres.com\\\/blog\\\/wp-content\\\/uploads\\\/2019\\\/07\\\/ses-moreres-inmobiliaria-menorca.gif\",\"width\":170,\"height\":95,\"caption\":\"Ses Moreres\"},\"image\":{\"@id\":\"https:\\\/\\\/www.sesmoreres.com\\\/blog\\\/#\\\/schema\\\/logo\\\/image\\\/\"},\"sameAs\":[\"https:\\\/\\\/www.facebook.com\\\/sesmoreres\\\/\",\"https:\\\/\\\/www.instagram.com\\\/inmobiliariasesmoreres\\\/?hl=es\",\"https:\\\/\\\/www.youtube.com\\\/user\\\/sesmoreres\"]},{\"@type\":\"Person\",\"@id\":\"https:\\\/\\\/www.sesmoreres.com\\\/blog\\\/#\\\/schema\\\/person\\\/7c7e14840c5091c536f2386f87710e37\",\"name\":\"Jose\",\"image\":{\"@type\":\"ImageObject\",\"inLanguage\":\"es\",\"@id\":\"https:\\\/\\\/secure.gravatar.com\\\/avatar\\\/b4fc98d81ad2dabadc7b38d8d9cc7d784080dca9704b983ca16b1fd2926445dc?s=96&d=mm&r=g\",\"url\":\"https:\\\/\\\/secure.gravatar.com\\\/avatar\\\/b4fc98d81ad2dabadc7b38d8d9cc7d784080dca9704b983ca16b1fd2926445dc?s=96&d=mm&r=g\",\"contentUrl\":\"https:\\\/\\\/secure.gravatar.com\\\/avatar\\\/b4fc98d81ad2dabadc7b38d8d9cc7d784080dca9704b983ca16b1fd2926445dc?s=96&d=mm&r=g\",\"caption\":\"Jose\"},\"url\":\"https:\\\/\\\/www.sesmoreres.com\\\/blog\\\/author\\\/jose\\\/\"}]}<\/script>\n<!-- \/ Yoast SEO plugin. -->","yoast_head_json":{"title":"La venta de la isla de Colom se hace viral | Inmobiliaria Ses Moreres","description":"La venta de la Isla de Colom en Menorca, comercializada por la inmobiliaria Ses Moreres, se hace viral y todos los medios de comunicaci\u00f3n se hacen...","robots":{"index":"index","follow":"follow","max-snippet":"max-snippet:-1","max-image-preview":"max-image-preview:large","max-video-preview":"max-video-preview:-1"},"canonical":"https:\/\/www.sesmoreres.com\/blog\/la-venta-de-la-isla-den-colom-se-hace-viral\/","og_locale":"es_ES","og_type":"article","og_title":"La venta de la isla de Colom se hace viral | Inmobiliaria Ses Moreres","og_description":"La venta de la Isla de Colom en Menorca, comercializada por la inmobiliaria Ses Moreres, se hace viral y todos los medios de comunicaci\u00f3n se hacen...","og_url":"https:\/\/www.sesmoreres.com\/blog\/la-venta-de-la-isla-den-colom-se-hace-viral\/","og_site_name":"Blog sobre Menorca - Ses Moreres","article_publisher":"https:\/\/www.facebook.com\/sesmoreres\/","article_published_time":"2016-08-30T09:26:00+00:00","article_modified_time":"2020-04-15T10:19:01+00:00","og_image":[{"width":600,"height":338,"url":"https:\/\/www.sesmoreres.com\/blog\/wp-content\/uploads\/2016\/04\/isla-en-venta-menorca.jpg","type":"image\/jpeg"}],"author":"Jose","twitter_card":"summary_large_image","twitter_misc":{"Escrito por":"Jose","Tiempo de lectura":"1 minuto"},"schema":{"@context":"https:\/\/schema.org","@graph":[{"@type":"Article","@id":"https:\/\/www.sesmoreres.com\/blog\/la-venta-de-la-isla-den-colom-se-hace-viral\/#article","isPartOf":{"@id":"https:\/\/www.sesmoreres.com\/blog\/la-venta-de-la-isla-den-colom-se-hace-viral\/"},"author":{"name":"Jose","@id":"https:\/\/www.sesmoreres.com\/blog\/#\/schema\/person\/7c7e14840c5091c536f2386f87710e37"},"headline":"La venta de la isla d&#8217;en Colom se hace viral","datePublished":"2016-08-30T09:26:00+00:00","dateModified":"2020-04-15T10:19:01+00:00","mainEntityOfPage":{"@id":"https:\/\/www.sesmoreres.com\/blog\/la-venta-de-la-isla-den-colom-se-hace-viral\/"},"wordCount":113,"commentCount":0,"publisher":{"@id":"https:\/\/www.sesmoreres.com\/blog\/#organization"},"image":{"@id":"https:\/\/www.sesmoreres.com\/blog\/la-venta-de-la-isla-den-colom-se-hace-viral\/#primaryimage"},"thumbnailUrl":"https:\/\/www.sesmoreres.com\/blog\/wp-content\/uploads\/2016\/04\/isla-en-venta-menorca.jpg","keywords":["isla","isla colom","isla en venta"],"articleSection":["isla colom","islas","menorca","venta"],"inLanguage":"es","potentialAction":[{"@type":"CommentAction","name":"Comment","target":["https:\/\/www.sesmoreres.com\/blog\/la-venta-de-la-isla-den-colom-se-hace-viral\/#respond"]}]},{"@type":"WebPage","@id":"https:\/\/www.sesmoreres.com\/blog\/la-venta-de-la-isla-den-colom-se-hace-viral\/","url":"https:\/\/www.sesmoreres.com\/blog\/la-venta-de-la-isla-den-colom-se-hace-viral\/","name":"La venta de la isla de Colom se hace viral | Inmobiliaria Ses Moreres","isPartOf":{"@id":"https:\/\/www.sesmoreres.com\/blog\/#website"},"primaryImageOfPage":{"@id":"https:\/\/www.sesmoreres.com\/blog\/la-venta-de-la-isla-den-colom-se-hace-viral\/#primaryimage"},"image":{"@id":"https:\/\/www.sesmoreres.com\/blog\/la-venta-de-la-isla-den-colom-se-hace-viral\/#primaryimage"},"thumbnailUrl":"https:\/\/www.sesmoreres.com\/blog\/wp-content\/uploads\/2016\/04\/isla-en-venta-menorca.jpg","datePublished":"2016-08-30T09:26:00+00:00","dateModified":"2020-04-15T10:19:01+00:00","description":"La venta de la Isla de Colom en Menorca, comercializada por la inmobiliaria Ses Moreres, se hace viral y todos los medios de comunicaci\u00f3n se hacen...","breadcrumb":{"@id":"https:\/\/www.sesmoreres.com\/blog\/la-venta-de-la-isla-den-colom-se-hace-viral\/#breadcrumb"},"inLanguage":"es","potentialAction":[{"@type":"ReadAction","target":["https:\/\/www.sesmoreres.com\/blog\/la-venta-de-la-isla-den-colom-se-hace-viral\/"]}]},{"@type":"ImageObject","inLanguage":"es","@id":"https:\/\/www.sesmoreres.com\/blog\/la-venta-de-la-isla-den-colom-se-hace-viral\/#primaryimage","url":"https:\/\/www.sesmoreres.com\/blog\/wp-content\/uploads\/2016\/04\/isla-en-venta-menorca.jpg","contentUrl":"https:\/\/www.sesmoreres.com\/blog\/wp-content\/uploads\/2016\/04\/isla-en-venta-menorca.jpg","width":600,"height":338,"caption":"Nuestra campa\u00f1a de marketing para vender la isla d'en Colom ha tenido un \u00e9xito tremendo que se ha convertido en viral del que se ha hecho eco toda la prensa nacional."},{"@type":"BreadcrumbList","@id":"https:\/\/www.sesmoreres.com\/blog\/la-venta-de-la-isla-den-colom-se-hace-viral\/#breadcrumb","itemListElement":[{"@type":"ListItem","position":1,"name":"Portada","item":"https:\/\/www.sesmoreres.com\/blog\/"},{"@type":"ListItem","position":2,"name":"La venta de la isla d&#8217;en Colom se hace viral"}]},{"@type":"WebSite","@id":"https:\/\/www.sesmoreres.com\/blog\/#website","url":"https:\/\/www.sesmoreres.com\/blog\/","name":"Blog sobre Menorca - Ses Moreres","description":"Agencia inmobiliaria de Menorca lider en la venta de propiedades de lujo. Fincas r\u00fasticas, casas de campo, chalets, terrenos.","publisher":{"@id":"https:\/\/www.sesmoreres.com\/blog\/#organization"},"potentialAction":[{"@type":"SearchAction","target":{"@type":"EntryPoint","urlTemplate":"https:\/\/www.sesmoreres.com\/blog\/?s={search_term_string}"},"query-input":{"@type":"PropertyValueSpecification","valueRequired":true,"valueName":"search_term_string"}}],"inLanguage":"es"},{"@type":"Organization","@id":"https:\/\/www.sesmoreres.com\/blog\/#organization","name":"Ses Moreres","url":"https:\/\/www.sesmoreres.com\/blog\/","logo":{"@type":"ImageObject","inLanguage":"es","@id":"https:\/\/www.sesmoreres.com\/blog\/#\/schema\/logo\/image\/","url":"https:\/\/www.sesmoreres.com\/blog\/wp-content\/uploads\/2019\/07\/ses-moreres-inmobiliaria-menorca.gif","contentUrl":"https:\/\/www.sesmoreres.com\/blog\/wp-content\/uploads\/2019\/07\/ses-moreres-inmobiliaria-menorca.gif","width":170,"height":95,"caption":"Ses Moreres"},"image":{"@id":"https:\/\/www.sesmoreres.com\/blog\/#\/schema\/logo\/image\/"},"sameAs":["https:\/\/www.facebook.com\/sesmoreres\/","https:\/\/www.instagram.com\/inmobiliariasesmoreres\/?hl=es","https:\/\/www.youtube.com\/user\/sesmoreres"]},{"@type":"Person","@id":"https:\/\/www.sesmoreres.com\/blog\/#\/schema\/person\/7c7e14840c5091c536f2386f87710e37","name":"Jose","image":{"@type":"ImageObject","inLanguage":"es","@id":"https:\/\/secure.gravatar.com\/avatar\/b4fc98d81ad2dabadc7b38d8d9cc7d784080dca9704b983ca16b1fd2926445dc?s=96&d=mm&r=g","url":"https:\/\/secure.gravatar.com\/avatar\/b4fc98d81ad2dabadc7b38d8d9cc7d784080dca9704b983ca16b1fd2926445dc?s=96&d=mm&r=g","contentUrl":"https:\/\/secure.gravatar.com\/avatar\/b4fc98d81ad2dabadc7b38d8d9cc7d784080dca9704b983ca16b1fd2926445dc?s=96&d=mm&r=g","caption":"Jose"},"url":"https:\/\/www.sesmoreres.com\/blog\/author\/jose\/"}]}},"_links":{"self":[{"href":"https:\/\/www.sesmoreres.com\/blog\/wp-json\/wp\/v2\/posts\/363","targetHints":{"allow":["GET"]}}],"collection":[{"href":"https:\/\/www.sesmoreres.com\/blog\/wp-json\/wp\/v2\/posts"}],"about":[{"href":"https:\/\/www.sesmoreres.com\/blog\/wp-json\/wp\/v2\/types\/post"}],"author":[{"embeddable":true,"href":"https:\/\/www.sesmoreres.com\/blog\/wp-json\/wp\/v2\/users\/2"}],"replies":[{"embeddable":true,"href":"https:\/\/www.sesmoreres.com\/blog\/wp-json\/wp\/v2\/comments?post=363"}],"version-history":[{"count":3,"href":"https:\/\/www.sesmoreres.com\/blog\/wp-json\/wp\/v2\/posts\/363\/revisions"}],"predecessor-version":[{"id":1641,"href":"https:\/\/www.sesmoreres.com\/blog\/wp-json\/wp\/v2\/posts\/363\/revisions\/1641"}],"wp:featuredmedia":[{"embeddable":true,"href":"https:\/\/www.sesmoreres.com\/blog\/wp-json\/wp\/v2\/media\/774"}],"wp:attachment":[{"href":"https:\/\/www.sesmoreres.com\/blog\/wp-json\/wp\/v2\/media?parent=363"}],"wp:term":[{"taxonomy":"category","embeddable":true,"href":"https:\/\/www.sesmoreres.com\/blog\/wp-json\/wp\/v2\/categories?post=363"},{"taxonomy":"post_tag","embeddable":true,"href":"https:\/\/www.sesmoreres.com\/blog\/wp-json\/wp\/v2\/tags?post=363"}],"curies":[{"name":"wp","href":"https:\/\/api.w.org\/{rel}","templated":true}]}}