{"id":349,"date":"2017-12-20T18:50:00","date_gmt":"2017-12-20T17:50:00","guid":{"rendered":""},"modified":"2020-04-14T19:19:51","modified_gmt":"2020-04-14T17:19:51","slug":"video-navideno-de-menorca","status":"publish","type":"post","link":"https:\/\/www.sesmoreres.com\/blog\/video-navideno-de-menorca\/","title":{"rendered":"V\u00eddeo navide\u00f1o sobre Menorca"},"content":{"rendered":"<div><\/div>\n<div><span style=\"font-family: 'arial' , 'sans-serif'; font-size: 12.0pt; line-height: 115%;\">Una vez m\u00e1s queremos compartir contigo la emoci\u00f3n que nos invade en estas fechas tan se\u00f1aladas.<\/span><\/div>\n<div><\/div>\n<div><span style=\"font-family: 'arial' , 'sans-serif'; font-size: 12.0pt; line-height: 115%;\">Pero en esta ocasi\u00f3n nos gustar\u00eda rememorar, de una forma muy especial, nuestros 11 a\u00f1os de v\u00eddeos navide\u00f1os sobre Menorca.<\/span><\/div>\n<div><\/div>\n<p>&nbsp;<\/p>\n<div><span style=\"font-family: 'arial' , 'sans-serif'; font-size: 12.0pt; line-height: 115%;\">Te deseamos una <b>\u00a1Feliz Navidad y un Pr\u00f3spero A\u00f1o Nuevo 2018!<\/b><\/span><\/div>\n<div><span style=\"font-family: 'arial' , 'sans-serif'; font-size: 12.0pt; line-height: 115%;\"><b>\u00a0<\/b><\/span><\/div>\n<div><span style=\"font-family: 'arial' , 'sans-serif'; font-size: 12.0pt; line-height: 115%;\"><b>\u00a0<\/b><\/span><\/div>\n<p><iframe data-src=\"https:\/\/www.youtube.com\/embed\/D2Zzco2Q6wo?rel=0\" width=\"560\" height=\"315\" frameborder=\"0\" allowfullscreen=\"allowfullscreen\" src=\"data:image\/svg+xml;base64,PHN2ZyB3aWR0aD0iMSIgaGVpZ2h0PSIxIiB4bWxucz0iaHR0cDovL3d3dy53My5vcmcvMjAwMC9zdmciPjwvc3ZnPg==\" class=\"lazyload\" data-load-mode=\"1\"><\/iframe><\/p>\n<p><a href=\"https:\/\/www.youtube.com\/playlist?list=PLMKl41K4ODKNafYu2rh9jZ0f4R7Rmtt6t\">Haz clic aqu\u00ed para ver m\u00e1s v\u00eddeos de Navidad ambientados en Menorca<\/a><\/p>\n","protected":false},"excerpt":{"rendered":"<p>Una vez m\u00e1s queremos compartir contigo la emoci\u00f3n que nos invade en estas fechas tan se\u00f1aladas. Pero en esta ocasi\u00f3n nos gustar\u00eda rememorar, de una forma muy especial, nuestros 11 a\u00f1os de v\u00eddeos navide\u00f1os sobre Menorca. &nbsp; Te deseamos una &hellip; <a href=\"https:\/\/www.sesmoreres.com\/blog\/video-navideno-de-menorca\/\">Continuar<\/a><\/p>\n","protected":false},"author":2,"featured_media":722,"comment_status":"open","ping_status":"open","sticky":false,"template":"","format":"standard","meta":{"footnotes":""},"categories":[274,232,253,276,275],"tags":[853,829,854,855],"class_list":["post-349","post","type-post","status-publish","format-standard","has-post-thumbnail","hentry","category-festividad","category-menorca","category-navidad","category-pascua","category-reyes-magos","tag-festividad","tag-navidad-en-menorca","tag-pascua","tag-reyes-magos"],"yoast_head":"<!-- This site is optimized with the Yoast SEO plugin v27.5 - https:\/\/yoast.com\/product\/yoast-seo-wordpress\/ -->\n<title>Navidad en Menorca - V\u00eddeo navide\u00f1o - Inmobiliaria Ses Moreres<\/title>\n<meta name=\"description\" content=\"Una vez m\u00e1s queremos compartir contigo la emoci\u00f3n que nos invade en estas fechas tan se\u00f1aladas... \u00a1Feliz Navidad y un Pr\u00f3spero A\u00f1o Nuevo 2018!\" \/>\n<meta name=\"robots\" content=\"index, follow, max-snippet:-1, max-image-preview:large, max-video-preview:-1\" \/>\n<link rel=\"canonical\" href=\"https:\/\/www.sesmoreres.com\/blog\/video-navideno-de-menorca\/\" \/>\n<meta property=\"og:locale\" content=\"es_ES\" \/>\n<meta property=\"og:type\" content=\"article\" \/>\n<meta property=\"og:title\" content=\"Navidad en Menorca - V\u00eddeo navide\u00f1o - Inmobiliaria Ses Moreres\" \/>\n<meta property=\"og:description\" content=\"Una vez m\u00e1s queremos compartir contigo la emoci\u00f3n que nos invade en estas fechas tan se\u00f1aladas... \u00a1Feliz Navidad y un Pr\u00f3spero A\u00f1o Nuevo 2018!\" \/>\n<meta property=\"og:url\" content=\"https:\/\/www.sesmoreres.com\/blog\/video-navideno-de-menorca\/\" \/>\n<meta property=\"og:site_name\" content=\"Blog sobre Menorca - Ses Moreres\" \/>\n<meta property=\"article:publisher\" content=\"https:\/\/www.facebook.com\/sesmoreres\/\" \/>\n<meta property=\"article:published_time\" content=\"2017-12-20T17:50:00+00:00\" \/>\n<meta property=\"article:modified_time\" content=\"2020-04-14T17:19:51+00:00\" \/>\n<meta property=\"og:image\" content=\"https:\/\/www.sesmoreres.com\/blog\/wp-content\/uploads\/2017\/12\/navidad-pueblos-menorca.jpg\" \/>\n\t<meta property=\"og:image:width\" content=\"1920\" \/>\n\t<meta property=\"og:image:height\" content=\"1080\" \/>\n\t<meta property=\"og:image:type\" content=\"image\/jpeg\" \/>\n<meta name=\"author\" content=\"Jose\" \/>\n<meta name=\"twitter:card\" content=\"summary_large_image\" \/>\n<meta name=\"twitter:label1\" content=\"Escrito por\" \/>\n\t<meta name=\"twitter:data1\" content=\"Jose\" \/>\n<script type=\"application\/ld+json\" class=\"yoast-schema-graph\">{\"@context\":\"https:\\\/\\\/schema.org\",\"@graph\":[{\"@type\":\"Article\",\"@id\":\"https:\\\/\\\/www.sesmoreres.com\\\/blog\\\/video-navideno-de-menorca\\\/#article\",\"isPartOf\":{\"@id\":\"https:\\\/\\\/www.sesmoreres.com\\\/blog\\\/video-navideno-de-menorca\\\/\"},\"author\":{\"name\":\"Jose\",\"@id\":\"https:\\\/\\\/www.sesmoreres.com\\\/blog\\\/#\\\/schema\\\/person\\\/7c7e14840c5091c536f2386f87710e37\"},\"headline\":\"V\u00eddeo navide\u00f1o sobre Menorca\",\"datePublished\":\"2017-12-20T17:50:00+00:00\",\"dateModified\":\"2020-04-14T17:19:51+00:00\",\"mainEntityOfPage\":{\"@id\":\"https:\\\/\\\/www.sesmoreres.com\\\/blog\\\/video-navideno-de-menorca\\\/\"},\"wordCount\":76,\"commentCount\":0,\"publisher\":{\"@id\":\"https:\\\/\\\/www.sesmoreres.com\\\/blog\\\/#organization\"},\"image\":{\"@id\":\"https:\\\/\\\/www.sesmoreres.com\\\/blog\\\/video-navideno-de-menorca\\\/#primaryimage\"},\"thumbnailUrl\":\"https:\\\/\\\/www.sesmoreres.com\\\/blog\\\/wp-content\\\/uploads\\\/2017\\\/12\\\/navidad-pueblos-menorca.jpg\",\"keywords\":[\"festividad\",\"navidad en menorca\",\"pascua\",\"reyes magos\"],\"articleSection\":[\"festividad\",\"menorca\",\"navidad\",\"pascua\",\"reyes magos\"],\"inLanguage\":\"es\",\"potentialAction\":[{\"@type\":\"CommentAction\",\"name\":\"Comment\",\"target\":[\"https:\\\/\\\/www.sesmoreres.com\\\/blog\\\/video-navideno-de-menorca\\\/#respond\"]}]},{\"@type\":\"WebPage\",\"@id\":\"https:\\\/\\\/www.sesmoreres.com\\\/blog\\\/video-navideno-de-menorca\\\/\",\"url\":\"https:\\\/\\\/www.sesmoreres.com\\\/blog\\\/video-navideno-de-menorca\\\/\",\"name\":\"Navidad en Menorca - V\u00eddeo navide\u00f1o - Inmobiliaria Ses Moreres\",\"isPartOf\":{\"@id\":\"https:\\\/\\\/www.sesmoreres.com\\\/blog\\\/#website\"},\"primaryImageOfPage\":{\"@id\":\"https:\\\/\\\/www.sesmoreres.com\\\/blog\\\/video-navideno-de-menorca\\\/#primaryimage\"},\"image\":{\"@id\":\"https:\\\/\\\/www.sesmoreres.com\\\/blog\\\/video-navideno-de-menorca\\\/#primaryimage\"},\"thumbnailUrl\":\"https:\\\/\\\/www.sesmoreres.com\\\/blog\\\/wp-content\\\/uploads\\\/2017\\\/12\\\/navidad-pueblos-menorca.jpg\",\"datePublished\":\"2017-12-20T17:50:00+00:00\",\"dateModified\":\"2020-04-14T17:19:51+00:00\",\"description\":\"Una vez m\u00e1s queremos compartir contigo la emoci\u00f3n que nos invade en estas fechas tan se\u00f1aladas... \u00a1Feliz Navidad y un Pr\u00f3spero A\u00f1o Nuevo 2018!\",\"breadcrumb\":{\"@id\":\"https:\\\/\\\/www.sesmoreres.com\\\/blog\\\/video-navideno-de-menorca\\\/#breadcrumb\"},\"inLanguage\":\"es\",\"potentialAction\":[{\"@type\":\"ReadAction\",\"target\":[\"https:\\\/\\\/www.sesmoreres.com\\\/blog\\\/video-navideno-de-menorca\\\/\"]}]},{\"@type\":\"ImageObject\",\"inLanguage\":\"es\",\"@id\":\"https:\\\/\\\/www.sesmoreres.com\\\/blog\\\/video-navideno-de-menorca\\\/#primaryimage\",\"url\":\"https:\\\/\\\/www.sesmoreres.com\\\/blog\\\/wp-content\\\/uploads\\\/2017\\\/12\\\/navidad-pueblos-menorca.jpg\",\"contentUrl\":\"https:\\\/\\\/www.sesmoreres.com\\\/blog\\\/wp-content\\\/uploads\\\/2017\\\/12\\\/navidad-pueblos-menorca.jpg\",\"width\":1920,\"height\":1080,\"caption\":\"Navidad en los pueblos de Menorca\"},{\"@type\":\"BreadcrumbList\",\"@id\":\"https:\\\/\\\/www.sesmoreres.com\\\/blog\\\/video-navideno-de-menorca\\\/#breadcrumb\",\"itemListElement\":[{\"@type\":\"ListItem\",\"position\":1,\"name\":\"Portada\",\"item\":\"https:\\\/\\\/www.sesmoreres.com\\\/blog\\\/\"},{\"@type\":\"ListItem\",\"position\":2,\"name\":\"V\u00eddeo navide\u00f1o sobre Menorca\"}]},{\"@type\":\"WebSite\",\"@id\":\"https:\\\/\\\/www.sesmoreres.com\\\/blog\\\/#website\",\"url\":\"https:\\\/\\\/www.sesmoreres.com\\\/blog\\\/\",\"name\":\"Blog sobre Menorca - Ses Moreres\",\"description\":\"Agencia inmobiliaria de Menorca lider en la venta de propiedades de lujo. Fincas r\u00fasticas, casas de campo, chalets, terrenos.\",\"publisher\":{\"@id\":\"https:\\\/\\\/www.sesmoreres.com\\\/blog\\\/#organization\"},\"potentialAction\":[{\"@type\":\"SearchAction\",\"target\":{\"@type\":\"EntryPoint\",\"urlTemplate\":\"https:\\\/\\\/www.sesmoreres.com\\\/blog\\\/?s={search_term_string}\"},\"query-input\":{\"@type\":\"PropertyValueSpecification\",\"valueRequired\":true,\"valueName\":\"search_term_string\"}}],\"inLanguage\":\"es\"},{\"@type\":\"Organization\",\"@id\":\"https:\\\/\\\/www.sesmoreres.com\\\/blog\\\/#organization\",\"name\":\"Ses Moreres\",\"url\":\"https:\\\/\\\/www.sesmoreres.com\\\/blog\\\/\",\"logo\":{\"@type\":\"ImageObject\",\"inLanguage\":\"es\",\"@id\":\"https:\\\/\\\/www.sesmoreres.com\\\/blog\\\/#\\\/schema\\\/logo\\\/image\\\/\",\"url\":\"https:\\\/\\\/www.sesmoreres.com\\\/blog\\\/wp-content\\\/uploads\\\/2019\\\/07\\\/ses-moreres-inmobiliaria-menorca.gif\",\"contentUrl\":\"https:\\\/\\\/www.sesmoreres.com\\\/blog\\\/wp-content\\\/uploads\\\/2019\\\/07\\\/ses-moreres-inmobiliaria-menorca.gif\",\"width\":170,\"height\":95,\"caption\":\"Ses Moreres\"},\"image\":{\"@id\":\"https:\\\/\\\/www.sesmoreres.com\\\/blog\\\/#\\\/schema\\\/logo\\\/image\\\/\"},\"sameAs\":[\"https:\\\/\\\/www.facebook.com\\\/sesmoreres\\\/\",\"https:\\\/\\\/www.instagram.com\\\/inmobiliariasesmoreres\\\/?hl=es\",\"https:\\\/\\\/www.youtube.com\\\/user\\\/sesmoreres\"]},{\"@type\":\"Person\",\"@id\":\"https:\\\/\\\/www.sesmoreres.com\\\/blog\\\/#\\\/schema\\\/person\\\/7c7e14840c5091c536f2386f87710e37\",\"name\":\"Jose\",\"image\":{\"@type\":\"ImageObject\",\"inLanguage\":\"es\",\"@id\":\"https:\\\/\\\/secure.gravatar.com\\\/avatar\\\/b4fc98d81ad2dabadc7b38d8d9cc7d784080dca9704b983ca16b1fd2926445dc?s=96&d=mm&r=g\",\"url\":\"https:\\\/\\\/secure.gravatar.com\\\/avatar\\\/b4fc98d81ad2dabadc7b38d8d9cc7d784080dca9704b983ca16b1fd2926445dc?s=96&d=mm&r=g\",\"contentUrl\":\"https:\\\/\\\/secure.gravatar.com\\\/avatar\\\/b4fc98d81ad2dabadc7b38d8d9cc7d784080dca9704b983ca16b1fd2926445dc?s=96&d=mm&r=g\",\"caption\":\"Jose\"},\"url\":\"https:\\\/\\\/www.sesmoreres.com\\\/blog\\\/author\\\/jose\\\/\"}]}<\/script>\n<!-- \/ Yoast SEO plugin. -->","yoast_head_json":{"title":"Navidad en Menorca - V\u00eddeo navide\u00f1o - Inmobiliaria Ses Moreres","description":"Una vez m\u00e1s queremos compartir contigo la emoci\u00f3n que nos invade en estas fechas tan se\u00f1aladas... \u00a1Feliz Navidad y un Pr\u00f3spero A\u00f1o Nuevo 2018!","robots":{"index":"index","follow":"follow","max-snippet":"max-snippet:-1","max-image-preview":"max-image-preview:large","max-video-preview":"max-video-preview:-1"},"canonical":"https:\/\/www.sesmoreres.com\/blog\/video-navideno-de-menorca\/","og_locale":"es_ES","og_type":"article","og_title":"Navidad en Menorca - V\u00eddeo navide\u00f1o - Inmobiliaria Ses Moreres","og_description":"Una vez m\u00e1s queremos compartir contigo la emoci\u00f3n que nos invade en estas fechas tan se\u00f1aladas... \u00a1Feliz Navidad y un Pr\u00f3spero A\u00f1o Nuevo 2018!","og_url":"https:\/\/www.sesmoreres.com\/blog\/video-navideno-de-menorca\/","og_site_name":"Blog sobre Menorca - Ses Moreres","article_publisher":"https:\/\/www.facebook.com\/sesmoreres\/","article_published_time":"2017-12-20T17:50:00+00:00","article_modified_time":"2020-04-14T17:19:51+00:00","og_image":[{"width":1920,"height":1080,"url":"https:\/\/www.sesmoreres.com\/blog\/wp-content\/uploads\/2017\/12\/navidad-pueblos-menorca.jpg","type":"image\/jpeg"}],"author":"Jose","twitter_card":"summary_large_image","twitter_misc":{"Escrito por":"Jose"},"schema":{"@context":"https:\/\/schema.org","@graph":[{"@type":"Article","@id":"https:\/\/www.sesmoreres.com\/blog\/video-navideno-de-menorca\/#article","isPartOf":{"@id":"https:\/\/www.sesmoreres.com\/blog\/video-navideno-de-menorca\/"},"author":{"name":"Jose","@id":"https:\/\/www.sesmoreres.com\/blog\/#\/schema\/person\/7c7e14840c5091c536f2386f87710e37"},"headline":"V\u00eddeo navide\u00f1o sobre Menorca","datePublished":"2017-12-20T17:50:00+00:00","dateModified":"2020-04-14T17:19:51+00:00","mainEntityOfPage":{"@id":"https:\/\/www.sesmoreres.com\/blog\/video-navideno-de-menorca\/"},"wordCount":76,"commentCount":0,"publisher":{"@id":"https:\/\/www.sesmoreres.com\/blog\/#organization"},"image":{"@id":"https:\/\/www.sesmoreres.com\/blog\/video-navideno-de-menorca\/#primaryimage"},"thumbnailUrl":"https:\/\/www.sesmoreres.com\/blog\/wp-content\/uploads\/2017\/12\/navidad-pueblos-menorca.jpg","keywords":["festividad","navidad en menorca","pascua","reyes magos"],"articleSection":["festividad","menorca","navidad","pascua","reyes magos"],"inLanguage":"es","potentialAction":[{"@type":"CommentAction","name":"Comment","target":["https:\/\/www.sesmoreres.com\/blog\/video-navideno-de-menorca\/#respond"]}]},{"@type":"WebPage","@id":"https:\/\/www.sesmoreres.com\/blog\/video-navideno-de-menorca\/","url":"https:\/\/www.sesmoreres.com\/blog\/video-navideno-de-menorca\/","name":"Navidad en Menorca - V\u00eddeo navide\u00f1o - Inmobiliaria Ses Moreres","isPartOf":{"@id":"https:\/\/www.sesmoreres.com\/blog\/#website"},"primaryImageOfPage":{"@id":"https:\/\/www.sesmoreres.com\/blog\/video-navideno-de-menorca\/#primaryimage"},"image":{"@id":"https:\/\/www.sesmoreres.com\/blog\/video-navideno-de-menorca\/#primaryimage"},"thumbnailUrl":"https:\/\/www.sesmoreres.com\/blog\/wp-content\/uploads\/2017\/12\/navidad-pueblos-menorca.jpg","datePublished":"2017-12-20T17:50:00+00:00","dateModified":"2020-04-14T17:19:51+00:00","description":"Una vez m\u00e1s queremos compartir contigo la emoci\u00f3n que nos invade en estas fechas tan se\u00f1aladas... \u00a1Feliz Navidad y un Pr\u00f3spero A\u00f1o Nuevo 2018!","breadcrumb":{"@id":"https:\/\/www.sesmoreres.com\/blog\/video-navideno-de-menorca\/#breadcrumb"},"inLanguage":"es","potentialAction":[{"@type":"ReadAction","target":["https:\/\/www.sesmoreres.com\/blog\/video-navideno-de-menorca\/"]}]},{"@type":"ImageObject","inLanguage":"es","@id":"https:\/\/www.sesmoreres.com\/blog\/video-navideno-de-menorca\/#primaryimage","url":"https:\/\/www.sesmoreres.com\/blog\/wp-content\/uploads\/2017\/12\/navidad-pueblos-menorca.jpg","contentUrl":"https:\/\/www.sesmoreres.com\/blog\/wp-content\/uploads\/2017\/12\/navidad-pueblos-menorca.jpg","width":1920,"height":1080,"caption":"Navidad en los pueblos de Menorca"},{"@type":"BreadcrumbList","@id":"https:\/\/www.sesmoreres.com\/blog\/video-navideno-de-menorca\/#breadcrumb","itemListElement":[{"@type":"ListItem","position":1,"name":"Portada","item":"https:\/\/www.sesmoreres.com\/blog\/"},{"@type":"ListItem","position":2,"name":"V\u00eddeo navide\u00f1o sobre Menorca"}]},{"@type":"WebSite","@id":"https:\/\/www.sesmoreres.com\/blog\/#website","url":"https:\/\/www.sesmoreres.com\/blog\/","name":"Blog sobre Menorca - Ses Moreres","description":"Agencia inmobiliaria de Menorca lider en la venta de propiedades de lujo. Fincas r\u00fasticas, casas de campo, chalets, terrenos.","publisher":{"@id":"https:\/\/www.sesmoreres.com\/blog\/#organization"},"potentialAction":[{"@type":"SearchAction","target":{"@type":"EntryPoint","urlTemplate":"https:\/\/www.sesmoreres.com\/blog\/?s={search_term_string}"},"query-input":{"@type":"PropertyValueSpecification","valueRequired":true,"valueName":"search_term_string"}}],"inLanguage":"es"},{"@type":"Organization","@id":"https:\/\/www.sesmoreres.com\/blog\/#organization","name":"Ses Moreres","url":"https:\/\/www.sesmoreres.com\/blog\/","logo":{"@type":"ImageObject","inLanguage":"es","@id":"https:\/\/www.sesmoreres.com\/blog\/#\/schema\/logo\/image\/","url":"https:\/\/www.sesmoreres.com\/blog\/wp-content\/uploads\/2019\/07\/ses-moreres-inmobiliaria-menorca.gif","contentUrl":"https:\/\/www.sesmoreres.com\/blog\/wp-content\/uploads\/2019\/07\/ses-moreres-inmobiliaria-menorca.gif","width":170,"height":95,"caption":"Ses Moreres"},"image":{"@id":"https:\/\/www.sesmoreres.com\/blog\/#\/schema\/logo\/image\/"},"sameAs":["https:\/\/www.facebook.com\/sesmoreres\/","https:\/\/www.instagram.com\/inmobiliariasesmoreres\/?hl=es","https:\/\/www.youtube.com\/user\/sesmoreres"]},{"@type":"Person","@id":"https:\/\/www.sesmoreres.com\/blog\/#\/schema\/person\/7c7e14840c5091c536f2386f87710e37","name":"Jose","image":{"@type":"ImageObject","inLanguage":"es","@id":"https:\/\/secure.gravatar.com\/avatar\/b4fc98d81ad2dabadc7b38d8d9cc7d784080dca9704b983ca16b1fd2926445dc?s=96&d=mm&r=g","url":"https:\/\/secure.gravatar.com\/avatar\/b4fc98d81ad2dabadc7b38d8d9cc7d784080dca9704b983ca16b1fd2926445dc?s=96&d=mm&r=g","contentUrl":"https:\/\/secure.gravatar.com\/avatar\/b4fc98d81ad2dabadc7b38d8d9cc7d784080dca9704b983ca16b1fd2926445dc?s=96&d=mm&r=g","caption":"Jose"},"url":"https:\/\/www.sesmoreres.com\/blog\/author\/jose\/"}]}},"_links":{"self":[{"href":"https:\/\/www.sesmoreres.com\/blog\/wp-json\/wp\/v2\/posts\/349","targetHints":{"allow":["GET"]}}],"collection":[{"href":"https:\/\/www.sesmoreres.com\/blog\/wp-json\/wp\/v2\/posts"}],"about":[{"href":"https:\/\/www.sesmoreres.com\/blog\/wp-json\/wp\/v2\/types\/post"}],"author":[{"embeddable":true,"href":"https:\/\/www.sesmoreres.com\/blog\/wp-json\/wp\/v2\/users\/2"}],"replies":[{"embeddable":true,"href":"https:\/\/www.sesmoreres.com\/blog\/wp-json\/wp\/v2\/comments?post=349"}],"version-history":[{"count":5,"href":"https:\/\/www.sesmoreres.com\/blog\/wp-json\/wp\/v2\/posts\/349\/revisions"}],"predecessor-version":[{"id":725,"href":"https:\/\/www.sesmoreres.com\/blog\/wp-json\/wp\/v2\/posts\/349\/revisions\/725"}],"wp:featuredmedia":[{"embeddable":true,"href":"https:\/\/www.sesmoreres.com\/blog\/wp-json\/wp\/v2\/media\/722"}],"wp:attachment":[{"href":"https:\/\/www.sesmoreres.com\/blog\/wp-json\/wp\/v2\/media?parent=349"}],"wp:term":[{"taxonomy":"category","embeddable":true,"href":"https:\/\/www.sesmoreres.com\/blog\/wp-json\/wp\/v2\/categories?post=349"},{"taxonomy":"post_tag","embeddable":true,"href":"https:\/\/www.sesmoreres.com\/blog\/wp-json\/wp\/v2\/tags?post=349"}],"curies":[{"name":"wp","href":"https:\/\/api.w.org\/{rel}","templated":true}]}}