{"id":3091,"date":"2026-03-13T13:12:40","date_gmt":"2026-03-13T12:12:40","guid":{"rendered":"https:\/\/www.sesmoreres.com\/blog\/?p=3091"},"modified":"2026-03-13T14:55:18","modified_gmt":"2026-03-13T13:55:18","slug":"menorca-un-faro-entre-las-tormentas-del-mundo","status":"publish","type":"post","link":"https:\/\/www.sesmoreres.com\/blog\/menorca-un-faro-entre-las-tormentas-del-mundo\/","title":{"rendered":"Menorca: un faro entre las tormentas del mundo"},"content":{"rendered":"<p data-start=\"300\" data-end=\"483\">Durante algunos a\u00f1os cre\u00edmos que la tormenta hab\u00eda pasado.<br data-start=\"358\" data-end=\"361\" \/>Que la pandemia hab\u00eda sido una anomal\u00eda hist\u00f3rica, un par\u00e9ntesis inc\u00f3modo en un mundo que pronto volver\u00eda a la normalidad.<\/p>\n<p data-start=\"485\" data-end=\"595\">Pero el mundo vuelve a recordarnos algo que, en realidad, siempre ha estado ah\u00ed: <strong data-start=\"566\" data-end=\"594\">la estabilidad es fr\u00e1gil<\/strong>.<\/p>\n<p data-start=\"597\" data-end=\"810\">Las noticias hablan de conflictos b\u00e9licos, de tensiones entre pa\u00edses, de incertidumbre econ\u00f3mica. Cada d\u00eda parece surgir un nuevo motivo para sentir que el equilibrio global es m\u00e1s delicado de lo que imagin\u00e1bamos.<\/p>\n<p data-start=\"812\" data-end=\"1017\">Y es precisamente en momentos como estos, cuando los cimientos de nuestro mundo parecen desquebrajarse, cuando muchas personas empiezan a hacerse una pregunta que antes habr\u00eda parecido exagerada o absurda.<\/p>\n<p data-start=\"1019\" data-end=\"1094\">No es una pregunta sobre dinero, ni sobre trabajo, ni siquiera sobre \u00e9xito.<\/p>\n<p data-start=\"1096\" data-end=\"1131\">Es una pregunta mucho m\u00e1s profunda.<\/p>\n<p data-start=\"1133\" data-end=\"1212\"><strong data-start=\"1133\" data-end=\"1167\">\u00bfQu\u00e9 quiero hacer con mi vida?<\/strong><br data-start=\"1167\" data-end=\"1170\" \/>Y, por extensi\u00f3n: <strong data-start=\"1188\" data-end=\"1212\">\u00bfd\u00f3nde quiero vivir?<\/strong><\/p>\n<p data-start=\"1214\" data-end=\"1353\">Durante d\u00e9cadas, el mercado inmobiliario ha girado alrededor de conceptos muy concretos: ubicaci\u00f3n, metros cuadrados, dise\u00f1o, rentabilidad.<\/p>\n<p data-start=\"1355\" data-end=\"1390\">Son factores importantes, sin duda.<\/p>\n<p data-start=\"1392\" data-end=\"1484\">Pero cuando el mundo se vuelve incierto, hay algo que empieza a pesar m\u00e1s que todo lo dem\u00e1s.<\/p>\n<p data-start=\"1486\" data-end=\"1510\"><strong data-start=\"1486\" data-end=\"1510\">La sensaci\u00f3n de paz.<\/strong><\/p>\n<p data-start=\"1512\" data-end=\"1705\">Vivir en un lugar donde las cosas siguen un ritmo humano. Donde el paisaje no est\u00e1 dominado por el ruido constante de las ciudades ni por la tensi\u00f3n que muchas veces acompa\u00f1a a la vida moderna.<\/p>\n<p data-start=\"1707\" data-end=\"1782\">Un lugar donde todav\u00eda es posible escuchar el viento, el mar y el silencio.<\/p>\n<p data-start=\"1784\" data-end=\"1838\">Un lugar donde la seguridad sigue siendo algo natural.<\/p>\n<p data-start=\"1840\" data-end=\"2023\">A lo largo de la historia, cuando las grandes ciudades se vuelven demasiado intensas o el mundo parece perder estabilidad, las personas siempre han buscado algo parecido: <strong data-start=\"2011\" data-end=\"2022\">refugio<\/strong>.<\/p>\n<p data-start=\"2025\" data-end=\"2136\">Refugio en lugares m\u00e1s tranquilos, m\u00e1s naturales, m\u00e1s sencillos.<br data-start=\"2089\" data-end=\"2092\" \/>Volver, en cierto modo, a nuestros or\u00edgenes.<\/p>\n<p data-start=\"2138\" data-end=\"2199\">Las islas, curiosamente, han cumplido muchas veces ese papel.<\/p>\n<p data-start=\"2201\" data-end=\"2310\">No porque est\u00e9n aisladas del mundo, sino porque ofrecen algo que cada vez resulta m\u00e1s escaso: <strong data-start=\"2295\" data-end=\"2309\">equilibrio<\/strong>.<\/p>\n<p data-start=\"2312\" data-end=\"2343\">Menorca es uno de esos lugares.<\/p>\n<p data-start=\"2345\" data-end=\"2661\">Una isla donde la vida sigue teniendo una escala humana. Donde los paisajes todav\u00eda dominan el horizonte. Donde la naturaleza marca el ritmo de las estaciones y donde el tiempo parece avanzar con una calma que ya casi no existe en otros lugares. Un lugar donde los ni\u00f1os todav\u00eda pueden jugar en la calle sin peligro.<\/p>\n<p data-start=\"2663\" data-end=\"2730\">Quienes llegan aqu\u00ed por primera vez suelen percibirlo de inmediato.<\/p>\n<p data-start=\"2732\" data-end=\"2835\">No es solo el mar, ni las calas escondidas, ni los campos abiertos que se extienden hasta el horizonte.<\/p>\n<p data-start=\"2837\" data-end=\"2869\">Es algo m\u00e1s dif\u00edcil de explicar.<\/p>\n<p><!-- INICIO --><\/p>\n<table style=\"width:100%;border-collapse:collapse;\">\n<tbody>\n<tr>\n<td style=\"width:200px;padding:1;\">\n<img decoding=\"async\" data-src=\"https:\/\/www.sesmoreres.com\/blog\/wp-content\/uploads\/2026\/03\/mesquida-200x300.jpg\" style=\"--smush-placeholder-width: 200px; --smush-placeholder-aspect-ratio: 200\/300;width:100%;height:auto;\" src=\"data:image\/svg+xml;base64,PHN2ZyB3aWR0aD0iMSIgaGVpZ2h0PSIxIiB4bWxucz0iaHR0cDovL3d3dy53My5vcmcvMjAwMC9zdmciPjwvc3ZnPg==\" class=\"lazyload\" \/>\n<\/td>\n<td style=\"width:200px;padding:1;\">\n<video style=\"display:block;width:100%;height:auto;object-fit:cover;\"\nsrc=\"https:\/\/www.sesmoreres.com\/blog\/wp-content\/uploads\/2026\/03\/00-calan-porter-menorca.mp4\"\npreload=\"auto\"\nautoplay\nloop\nmuted\nplaysinline\nwebkit-playsinline><br \/>\n<\/video>\n<\/td>\n<td style=\"width:200px;padding:1;\">\n<img decoding=\"async\" data-src=\"https:\/\/www.sesmoreres.com\/blog\/wp-content\/uploads\/2026\/03\/canutells-cristalino-200x300.jpg\" style=\"--smush-placeholder-width: 200px; --smush-placeholder-aspect-ratio: 200\/300;width:100%;height:auto;\" src=\"data:image\/svg+xml;base64,PHN2ZyB3aWR0aD0iMSIgaGVpZ2h0PSIxIiB4bWxucz0iaHR0cDovL3d3dy53My5vcmcvMjAwMC9zdmciPjwvc3ZnPg==\" class=\"lazyload\" \/>\n<\/td>\n<\/tr>\n<\/tbody>\n<\/table>\n<p><!-- FIN --><\/p>\n<p data-start=\"2871\" data-end=\"2937\"><strong data-start=\"2871\" data-end=\"2937\">Es la sensaci\u00f3n de que aqu\u00ed la vida todav\u00eda conserva su lugar.<\/strong><\/p>\n<p data-start=\"2939\" data-end=\"3167\">Mientras el mundo se mueve cada vez m\u00e1s r\u00e1pido, Menorca mantiene una forma de vida que parece recordar lo esencial: el valor del silencio, de la naturaleza y de una tranquilidad que hoy empieza a sentirse como un verdadero lujo.<\/p>\n<p data-start=\"3169\" data-end=\"3275\">Tal vez por eso, en los \u00faltimos a\u00f1os, cada vez m\u00e1s personas han comenzado a mirar hacia lugares como este.<\/p>\n<p data-start=\"3277\" data-end=\"3375\">No necesariamente para escapar del mundo, sino para encontrar un lugar donde vivir de otra manera.<\/p>\n<p data-start=\"3377\" data-end=\"3435\">Un lugar donde el ruido del planeta llega m\u00e1s amortiguado.<\/p>\n<p data-start=\"3437\" data-end=\"3503\">Un lugar donde la vida puede volver a tener una escala m\u00e1s humana.<\/p>\n<p data-start=\"3505\" data-end=\"3589\">Porque cuando el mundo se vuelve incierto, hay algo que muchas personas redescubren.<\/p>\n<p data-start=\"3591\" data-end=\"3691\"><strong data-start=\"3591\" data-end=\"3691\">Que el verdadero lujo ya no es el tama\u00f1o de una casa, sino la tranquilidad del lugar donde est\u00e1.<\/strong><\/p>\n<p data-start=\"3693\" data-end=\"3750\">Que el verdadero lujo no siempre est\u00e1 en lo espectacular.<\/p>\n<p data-start=\"3752\" data-end=\"3822\"><strong data-start=\"3752\" data-end=\"3822\">A veces el verdadero lujo es simplemente poder respirar con calma.<\/strong><\/p>\n<p data-start=\"3824\" data-end=\"3947\">Y, en ese sentido, Menorca sigue siendo, para muchos, uno de esos lugares raros en el mundo donde esa calma todav\u00eda existe.<\/p>\n<p data-start=\"3824\" data-end=\"3947\">Para quienes sienten que ha llegado el momento de vivir de otra manera, en nuestra web pueden descubrir algunas de las propiedades que hoy permiten formar parte de esta isla \u00fanica.<br data-start=\"599\" data-end=\"602\" \/><strong data-start=\"602\" data-end=\"624\"><a class=\"decorated-link\" href=\"http:\/\/www.sesmoreres.com\" target=\"_new\" rel=\"noopener\" data-start=\"604\" data-end=\"622\">www.sesmoreres.com<\/a><\/strong><\/p>\n<p><img decoding=\"async\" class=\"alignnone wp-image-3104 size-full lazyload\" data-src=\"https:\/\/www.sesmoreres.com\/blog\/wp-content\/uploads\/2026\/03\/Favaritx_con_olas-scaled.jpg\" alt=\"Favaritx Menorca con Olas\" width=\"850\" height=\"478\" data-srcset=\"https:\/\/www.sesmoreres.com\/blog\/wp-content\/uploads\/2026\/03\/Favaritx_con_olas-scaled.jpg 850w, https:\/\/www.sesmoreres.com\/blog\/wp-content\/uploads\/2026\/03\/Favaritx_con_olas-300x169.jpg 300w, https:\/\/www.sesmoreres.com\/blog\/wp-content\/uploads\/2026\/03\/Favaritx_con_olas-1024x576.jpg 1024w, https:\/\/www.sesmoreres.com\/blog\/wp-content\/uploads\/2026\/03\/Favaritx_con_olas-768x432.jpg 768w, https:\/\/www.sesmoreres.com\/blog\/wp-content\/uploads\/2026\/03\/Favaritx_con_olas-1536x864.jpg 1536w\" data-sizes=\"(max-width: 850px) 100vw, 850px\" src=\"data:image\/svg+xml;base64,PHN2ZyB3aWR0aD0iMSIgaGVpZ2h0PSIxIiB4bWxucz0iaHR0cDovL3d3dy53My5vcmcvMjAwMC9zdmciPjwvc3ZnPg==\" style=\"--smush-placeholder-width: 850px; --smush-placeholder-aspect-ratio: 850\/478;\" \/><\/p>\n","protected":false},"excerpt":{"rendered":"<p>Durante algunos a\u00f1os cre\u00edmos que la tormenta hab\u00eda pasado.Que la pandemia hab\u00eda sido una anomal\u00eda hist\u00f3rica, un par\u00e9ntesis inc\u00f3modo en un mundo que pronto volver\u00eda a la normalidad. Pero el mundo vuelve a recordarnos algo que, en realidad, siempre ha &hellip; <a href=\"https:\/\/www.sesmoreres.com\/blog\/menorca-un-faro-entre-las-tormentas-del-mundo\/\">Continuar<\/a><\/p>\n","protected":false},"author":2,"featured_media":3104,"comment_status":"open","ping_status":"open","sticky":false,"template":"","format":"standard","meta":{"footnotes":""},"categories":[232,618],"tags":[610,619],"class_list":["post-3091","post","type-post","status-publish","format-standard","has-post-thumbnail","hentry","category-menorca","category-vivir-en-menorca","tag-menorca","tag-vivir-en-menorca"],"yoast_head":"<!-- This site is optimized with the Yoast SEO plugin v27.4 - https:\/\/yoast.com\/product\/yoast-seo-wordpress\/ -->\n<title>Menorca: un faro entre las tormentas del mundo - Blog sobre Menorca - Ses Moreres<\/title>\n<meta name=\"description\" content=\"Mientras los tambores de guerra resuenan en el mundo, lugares como Menorca se convierten en refugios cada vez m\u00e1s deseados para vivir con serenidad.\" \/>\n<meta name=\"robots\" content=\"index, follow, max-snippet:-1, max-image-preview:large, max-video-preview:-1\" \/>\n<link rel=\"canonical\" href=\"https:\/\/www.sesmoreres.com\/blog\/menorca-un-faro-entre-las-tormentas-del-mundo\/\" \/>\n<meta property=\"og:locale\" content=\"es_ES\" \/>\n<meta property=\"og:type\" content=\"article\" \/>\n<meta property=\"og:title\" content=\"Menorca: un faro entre las tormentas del mundo - Blog sobre Menorca - Ses Moreres\" \/>\n<meta property=\"og:description\" content=\"Mientras los tambores de guerra resuenan en el mundo, lugares como Menorca se convierten en refugios cada vez m\u00e1s deseados para vivir con serenidad.\" \/>\n<meta property=\"og:url\" content=\"https:\/\/www.sesmoreres.com\/blog\/menorca-un-faro-entre-las-tormentas-del-mundo\/\" \/>\n<meta property=\"og:site_name\" content=\"Blog sobre Menorca - Ses Moreres\" \/>\n<meta property=\"article:publisher\" content=\"https:\/\/www.facebook.com\/sesmoreres\/\" \/>\n<meta property=\"article:published_time\" content=\"2026-03-13T12:12:40+00:00\" \/>\n<meta property=\"article:modified_time\" content=\"2026-03-13T13:55:18+00:00\" \/>\n<meta property=\"og:image\" content=\"https:\/\/www.sesmoreres.com\/blog\/wp-content\/uploads\/2026\/03\/Favaritx_con_olas-scaled.jpg\" \/>\n\t<meta property=\"og:image:width\" content=\"850\" \/>\n\t<meta property=\"og:image:height\" content=\"478\" \/>\n\t<meta property=\"og:image:type\" content=\"image\/jpeg\" \/>\n<meta name=\"author\" content=\"Jose\" \/>\n<meta name=\"twitter:card\" content=\"summary_large_image\" \/>\n<meta name=\"twitter:label1\" content=\"Escrito por\" \/>\n\t<meta name=\"twitter:data1\" content=\"Jose\" \/>\n\t<meta name=\"twitter:label2\" content=\"Tiempo de lectura\" \/>\n\t<meta name=\"twitter:data2\" content=\"4 minutos\" \/>\n<script type=\"application\/ld+json\" class=\"yoast-schema-graph\">{\"@context\":\"https:\\\/\\\/schema.org\",\"@graph\":[{\"@type\":\"Article\",\"@id\":\"https:\\\/\\\/www.sesmoreres.com\\\/blog\\\/menorca-un-faro-entre-las-tormentas-del-mundo\\\/#article\",\"isPartOf\":{\"@id\":\"https:\\\/\\\/www.sesmoreres.com\\\/blog\\\/menorca-un-faro-entre-las-tormentas-del-mundo\\\/\"},\"author\":{\"name\":\"Jose\",\"@id\":\"https:\\\/\\\/www.sesmoreres.com\\\/blog\\\/#\\\/schema\\\/person\\\/7c7e14840c5091c536f2386f87710e37\"},\"headline\":\"Menorca: un faro entre las tormentas del mundo\",\"datePublished\":\"2026-03-13T12:12:40+00:00\",\"dateModified\":\"2026-03-13T13:55:18+00:00\",\"mainEntityOfPage\":{\"@id\":\"https:\\\/\\\/www.sesmoreres.com\\\/blog\\\/menorca-un-faro-entre-las-tormentas-del-mundo\\\/\"},\"wordCount\":689,\"commentCount\":0,\"publisher\":{\"@id\":\"https:\\\/\\\/www.sesmoreres.com\\\/blog\\\/#organization\"},\"image\":{\"@id\":\"https:\\\/\\\/www.sesmoreres.com\\\/blog\\\/menorca-un-faro-entre-las-tormentas-del-mundo\\\/#primaryimage\"},\"thumbnailUrl\":\"https:\\\/\\\/www.sesmoreres.com\\\/blog\\\/wp-content\\\/uploads\\\/2026\\\/03\\\/Favaritx_con_olas-scaled.jpg\",\"keywords\":[\"menorca\",\"vivir en Menorca\"],\"articleSection\":[\"menorca\",\"vivir en Menorca\"],\"inLanguage\":\"es\",\"potentialAction\":[{\"@type\":\"CommentAction\",\"name\":\"Comment\",\"target\":[\"https:\\\/\\\/www.sesmoreres.com\\\/blog\\\/menorca-un-faro-entre-las-tormentas-del-mundo\\\/#respond\"]}]},{\"@type\":\"WebPage\",\"@id\":\"https:\\\/\\\/www.sesmoreres.com\\\/blog\\\/menorca-un-faro-entre-las-tormentas-del-mundo\\\/\",\"url\":\"https:\\\/\\\/www.sesmoreres.com\\\/blog\\\/menorca-un-faro-entre-las-tormentas-del-mundo\\\/\",\"name\":\"Menorca: un faro entre las tormentas del mundo - Blog sobre Menorca - Ses Moreres\",\"isPartOf\":{\"@id\":\"https:\\\/\\\/www.sesmoreres.com\\\/blog\\\/#website\"},\"primaryImageOfPage\":{\"@id\":\"https:\\\/\\\/www.sesmoreres.com\\\/blog\\\/menorca-un-faro-entre-las-tormentas-del-mundo\\\/#primaryimage\"},\"image\":{\"@id\":\"https:\\\/\\\/www.sesmoreres.com\\\/blog\\\/menorca-un-faro-entre-las-tormentas-del-mundo\\\/#primaryimage\"},\"thumbnailUrl\":\"https:\\\/\\\/www.sesmoreres.com\\\/blog\\\/wp-content\\\/uploads\\\/2026\\\/03\\\/Favaritx_con_olas-scaled.jpg\",\"datePublished\":\"2026-03-13T12:12:40+00:00\",\"dateModified\":\"2026-03-13T13:55:18+00:00\",\"description\":\"Mientras los tambores de guerra resuenan en el mundo, lugares como Menorca se convierten en refugios cada vez m\u00e1s deseados para vivir con serenidad.\",\"breadcrumb\":{\"@id\":\"https:\\\/\\\/www.sesmoreres.com\\\/blog\\\/menorca-un-faro-entre-las-tormentas-del-mundo\\\/#breadcrumb\"},\"inLanguage\":\"es\",\"potentialAction\":[{\"@type\":\"ReadAction\",\"target\":[\"https:\\\/\\\/www.sesmoreres.com\\\/blog\\\/menorca-un-faro-entre-las-tormentas-del-mundo\\\/\"]}]},{\"@type\":\"ImageObject\",\"inLanguage\":\"es\",\"@id\":\"https:\\\/\\\/www.sesmoreres.com\\\/blog\\\/menorca-un-faro-entre-las-tormentas-del-mundo\\\/#primaryimage\",\"url\":\"https:\\\/\\\/www.sesmoreres.com\\\/blog\\\/wp-content\\\/uploads\\\/2026\\\/03\\\/Favaritx_con_olas-scaled.jpg\",\"contentUrl\":\"https:\\\/\\\/www.sesmoreres.com\\\/blog\\\/wp-content\\\/uploads\\\/2026\\\/03\\\/Favaritx_con_olas-scaled.jpg\",\"width\":850,\"height\":478,\"caption\":\"Favaritx Menorca con Olas\"},{\"@type\":\"BreadcrumbList\",\"@id\":\"https:\\\/\\\/www.sesmoreres.com\\\/blog\\\/menorca-un-faro-entre-las-tormentas-del-mundo\\\/#breadcrumb\",\"itemListElement\":[{\"@type\":\"ListItem\",\"position\":1,\"name\":\"Portada\",\"item\":\"https:\\\/\\\/www.sesmoreres.com\\\/blog\\\/\"},{\"@type\":\"ListItem\",\"position\":2,\"name\":\"Menorca: un faro entre las tormentas del mundo\"}]},{\"@type\":\"WebSite\",\"@id\":\"https:\\\/\\\/www.sesmoreres.com\\\/blog\\\/#website\",\"url\":\"https:\\\/\\\/www.sesmoreres.com\\\/blog\\\/\",\"name\":\"Blog sobre Menorca - Ses Moreres\",\"description\":\"Agencia inmobiliaria de Menorca lider en la venta de propiedades de lujo. Fincas r\u00fasticas, casas de campo, chalets, terrenos.\",\"publisher\":{\"@id\":\"https:\\\/\\\/www.sesmoreres.com\\\/blog\\\/#organization\"},\"potentialAction\":[{\"@type\":\"SearchAction\",\"target\":{\"@type\":\"EntryPoint\",\"urlTemplate\":\"https:\\\/\\\/www.sesmoreres.com\\\/blog\\\/?s={search_term_string}\"},\"query-input\":{\"@type\":\"PropertyValueSpecification\",\"valueRequired\":true,\"valueName\":\"search_term_string\"}}],\"inLanguage\":\"es\"},{\"@type\":\"Organization\",\"@id\":\"https:\\\/\\\/www.sesmoreres.com\\\/blog\\\/#organization\",\"name\":\"Ses Moreres\",\"url\":\"https:\\\/\\\/www.sesmoreres.com\\\/blog\\\/\",\"logo\":{\"@type\":\"ImageObject\",\"inLanguage\":\"es\",\"@id\":\"https:\\\/\\\/www.sesmoreres.com\\\/blog\\\/#\\\/schema\\\/logo\\\/image\\\/\",\"url\":\"https:\\\/\\\/www.sesmoreres.com\\\/blog\\\/wp-content\\\/uploads\\\/2019\\\/07\\\/ses-moreres-inmobiliaria-menorca.gif\",\"contentUrl\":\"https:\\\/\\\/www.sesmoreres.com\\\/blog\\\/wp-content\\\/uploads\\\/2019\\\/07\\\/ses-moreres-inmobiliaria-menorca.gif\",\"width\":170,\"height\":95,\"caption\":\"Ses Moreres\"},\"image\":{\"@id\":\"https:\\\/\\\/www.sesmoreres.com\\\/blog\\\/#\\\/schema\\\/logo\\\/image\\\/\"},\"sameAs\":[\"https:\\\/\\\/www.facebook.com\\\/sesmoreres\\\/\",\"https:\\\/\\\/www.instagram.com\\\/inmobiliariasesmoreres\\\/?hl=es\",\"https:\\\/\\\/www.youtube.com\\\/user\\\/sesmoreres\"]},{\"@type\":\"Person\",\"@id\":\"https:\\\/\\\/www.sesmoreres.com\\\/blog\\\/#\\\/schema\\\/person\\\/7c7e14840c5091c536f2386f87710e37\",\"name\":\"Jose\",\"image\":{\"@type\":\"ImageObject\",\"inLanguage\":\"es\",\"@id\":\"https:\\\/\\\/secure.gravatar.com\\\/avatar\\\/b4fc98d81ad2dabadc7b38d8d9cc7d784080dca9704b983ca16b1fd2926445dc?s=96&d=mm&r=g\",\"url\":\"https:\\\/\\\/secure.gravatar.com\\\/avatar\\\/b4fc98d81ad2dabadc7b38d8d9cc7d784080dca9704b983ca16b1fd2926445dc?s=96&d=mm&r=g\",\"contentUrl\":\"https:\\\/\\\/secure.gravatar.com\\\/avatar\\\/b4fc98d81ad2dabadc7b38d8d9cc7d784080dca9704b983ca16b1fd2926445dc?s=96&d=mm&r=g\",\"caption\":\"Jose\"},\"url\":\"https:\\\/\\\/www.sesmoreres.com\\\/blog\\\/author\\\/jose\\\/\"}]}<\/script>\n<!-- \/ Yoast SEO plugin. -->","yoast_head_json":{"title":"Menorca: un faro entre las tormentas del mundo - Blog sobre Menorca - Ses Moreres","description":"Mientras los tambores de guerra resuenan en el mundo, lugares como Menorca se convierten en refugios cada vez m\u00e1s deseados para vivir con serenidad.","robots":{"index":"index","follow":"follow","max-snippet":"max-snippet:-1","max-image-preview":"max-image-preview:large","max-video-preview":"max-video-preview:-1"},"canonical":"https:\/\/www.sesmoreres.com\/blog\/menorca-un-faro-entre-las-tormentas-del-mundo\/","og_locale":"es_ES","og_type":"article","og_title":"Menorca: un faro entre las tormentas del mundo - Blog sobre Menorca - Ses Moreres","og_description":"Mientras los tambores de guerra resuenan en el mundo, lugares como Menorca se convierten en refugios cada vez m\u00e1s deseados para vivir con serenidad.","og_url":"https:\/\/www.sesmoreres.com\/blog\/menorca-un-faro-entre-las-tormentas-del-mundo\/","og_site_name":"Blog sobre Menorca - Ses Moreres","article_publisher":"https:\/\/www.facebook.com\/sesmoreres\/","article_published_time":"2026-03-13T12:12:40+00:00","article_modified_time":"2026-03-13T13:55:18+00:00","og_image":[{"width":850,"height":478,"url":"https:\/\/www.sesmoreres.com\/blog\/wp-content\/uploads\/2026\/03\/Favaritx_con_olas-scaled.jpg","type":"image\/jpeg"}],"author":"Jose","twitter_card":"summary_large_image","twitter_misc":{"Escrito por":"Jose","Tiempo de lectura":"4 minutos"},"schema":{"@context":"https:\/\/schema.org","@graph":[{"@type":"Article","@id":"https:\/\/www.sesmoreres.com\/blog\/menorca-un-faro-entre-las-tormentas-del-mundo\/#article","isPartOf":{"@id":"https:\/\/www.sesmoreres.com\/blog\/menorca-un-faro-entre-las-tormentas-del-mundo\/"},"author":{"name":"Jose","@id":"https:\/\/www.sesmoreres.com\/blog\/#\/schema\/person\/7c7e14840c5091c536f2386f87710e37"},"headline":"Menorca: un faro entre las tormentas del mundo","datePublished":"2026-03-13T12:12:40+00:00","dateModified":"2026-03-13T13:55:18+00:00","mainEntityOfPage":{"@id":"https:\/\/www.sesmoreres.com\/blog\/menorca-un-faro-entre-las-tormentas-del-mundo\/"},"wordCount":689,"commentCount":0,"publisher":{"@id":"https:\/\/www.sesmoreres.com\/blog\/#organization"},"image":{"@id":"https:\/\/www.sesmoreres.com\/blog\/menorca-un-faro-entre-las-tormentas-del-mundo\/#primaryimage"},"thumbnailUrl":"https:\/\/www.sesmoreres.com\/blog\/wp-content\/uploads\/2026\/03\/Favaritx_con_olas-scaled.jpg","keywords":["menorca","vivir en Menorca"],"articleSection":["menorca","vivir en Menorca"],"inLanguage":"es","potentialAction":[{"@type":"CommentAction","name":"Comment","target":["https:\/\/www.sesmoreres.com\/blog\/menorca-un-faro-entre-las-tormentas-del-mundo\/#respond"]}]},{"@type":"WebPage","@id":"https:\/\/www.sesmoreres.com\/blog\/menorca-un-faro-entre-las-tormentas-del-mundo\/","url":"https:\/\/www.sesmoreres.com\/blog\/menorca-un-faro-entre-las-tormentas-del-mundo\/","name":"Menorca: un faro entre las tormentas del mundo - Blog sobre Menorca - Ses Moreres","isPartOf":{"@id":"https:\/\/www.sesmoreres.com\/blog\/#website"},"primaryImageOfPage":{"@id":"https:\/\/www.sesmoreres.com\/blog\/menorca-un-faro-entre-las-tormentas-del-mundo\/#primaryimage"},"image":{"@id":"https:\/\/www.sesmoreres.com\/blog\/menorca-un-faro-entre-las-tormentas-del-mundo\/#primaryimage"},"thumbnailUrl":"https:\/\/www.sesmoreres.com\/blog\/wp-content\/uploads\/2026\/03\/Favaritx_con_olas-scaled.jpg","datePublished":"2026-03-13T12:12:40+00:00","dateModified":"2026-03-13T13:55:18+00:00","description":"Mientras los tambores de guerra resuenan en el mundo, lugares como Menorca se convierten en refugios cada vez m\u00e1s deseados para vivir con serenidad.","breadcrumb":{"@id":"https:\/\/www.sesmoreres.com\/blog\/menorca-un-faro-entre-las-tormentas-del-mundo\/#breadcrumb"},"inLanguage":"es","potentialAction":[{"@type":"ReadAction","target":["https:\/\/www.sesmoreres.com\/blog\/menorca-un-faro-entre-las-tormentas-del-mundo\/"]}]},{"@type":"ImageObject","inLanguage":"es","@id":"https:\/\/www.sesmoreres.com\/blog\/menorca-un-faro-entre-las-tormentas-del-mundo\/#primaryimage","url":"https:\/\/www.sesmoreres.com\/blog\/wp-content\/uploads\/2026\/03\/Favaritx_con_olas-scaled.jpg","contentUrl":"https:\/\/www.sesmoreres.com\/blog\/wp-content\/uploads\/2026\/03\/Favaritx_con_olas-scaled.jpg","width":850,"height":478,"caption":"Favaritx Menorca con Olas"},{"@type":"BreadcrumbList","@id":"https:\/\/www.sesmoreres.com\/blog\/menorca-un-faro-entre-las-tormentas-del-mundo\/#breadcrumb","itemListElement":[{"@type":"ListItem","position":1,"name":"Portada","item":"https:\/\/www.sesmoreres.com\/blog\/"},{"@type":"ListItem","position":2,"name":"Menorca: un faro entre las tormentas del mundo"}]},{"@type":"WebSite","@id":"https:\/\/www.sesmoreres.com\/blog\/#website","url":"https:\/\/www.sesmoreres.com\/blog\/","name":"Blog sobre Menorca - Ses Moreres","description":"Agencia inmobiliaria de Menorca lider en la venta de propiedades de lujo. Fincas r\u00fasticas, casas de campo, chalets, terrenos.","publisher":{"@id":"https:\/\/www.sesmoreres.com\/blog\/#organization"},"potentialAction":[{"@type":"SearchAction","target":{"@type":"EntryPoint","urlTemplate":"https:\/\/www.sesmoreres.com\/blog\/?s={search_term_string}"},"query-input":{"@type":"PropertyValueSpecification","valueRequired":true,"valueName":"search_term_string"}}],"inLanguage":"es"},{"@type":"Organization","@id":"https:\/\/www.sesmoreres.com\/blog\/#organization","name":"Ses Moreres","url":"https:\/\/www.sesmoreres.com\/blog\/","logo":{"@type":"ImageObject","inLanguage":"es","@id":"https:\/\/www.sesmoreres.com\/blog\/#\/schema\/logo\/image\/","url":"https:\/\/www.sesmoreres.com\/blog\/wp-content\/uploads\/2019\/07\/ses-moreres-inmobiliaria-menorca.gif","contentUrl":"https:\/\/www.sesmoreres.com\/blog\/wp-content\/uploads\/2019\/07\/ses-moreres-inmobiliaria-menorca.gif","width":170,"height":95,"caption":"Ses Moreres"},"image":{"@id":"https:\/\/www.sesmoreres.com\/blog\/#\/schema\/logo\/image\/"},"sameAs":["https:\/\/www.facebook.com\/sesmoreres\/","https:\/\/www.instagram.com\/inmobiliariasesmoreres\/?hl=es","https:\/\/www.youtube.com\/user\/sesmoreres"]},{"@type":"Person","@id":"https:\/\/www.sesmoreres.com\/blog\/#\/schema\/person\/7c7e14840c5091c536f2386f87710e37","name":"Jose","image":{"@type":"ImageObject","inLanguage":"es","@id":"https:\/\/secure.gravatar.com\/avatar\/b4fc98d81ad2dabadc7b38d8d9cc7d784080dca9704b983ca16b1fd2926445dc?s=96&d=mm&r=g","url":"https:\/\/secure.gravatar.com\/avatar\/b4fc98d81ad2dabadc7b38d8d9cc7d784080dca9704b983ca16b1fd2926445dc?s=96&d=mm&r=g","contentUrl":"https:\/\/secure.gravatar.com\/avatar\/b4fc98d81ad2dabadc7b38d8d9cc7d784080dca9704b983ca16b1fd2926445dc?s=96&d=mm&r=g","caption":"Jose"},"url":"https:\/\/www.sesmoreres.com\/blog\/author\/jose\/"}]}},"_links":{"self":[{"href":"https:\/\/www.sesmoreres.com\/blog\/wp-json\/wp\/v2\/posts\/3091","targetHints":{"allow":["GET"]}}],"collection":[{"href":"https:\/\/www.sesmoreres.com\/blog\/wp-json\/wp\/v2\/posts"}],"about":[{"href":"https:\/\/www.sesmoreres.com\/blog\/wp-json\/wp\/v2\/types\/post"}],"author":[{"embeddable":true,"href":"https:\/\/www.sesmoreres.com\/blog\/wp-json\/wp\/v2\/users\/2"}],"replies":[{"embeddable":true,"href":"https:\/\/www.sesmoreres.com\/blog\/wp-json\/wp\/v2\/comments?post=3091"}],"version-history":[{"count":12,"href":"https:\/\/www.sesmoreres.com\/blog\/wp-json\/wp\/v2\/posts\/3091\/revisions"}],"predecessor-version":[{"id":3093,"href":"https:\/\/www.sesmoreres.com\/blog\/wp-json\/wp\/v2\/posts\/3091\/revisions\/3093"}],"wp:featuredmedia":[{"embeddable":true,"href":"https:\/\/www.sesmoreres.com\/blog\/wp-json\/wp\/v2\/media\/3104"}],"wp:attachment":[{"href":"https:\/\/www.sesmoreres.com\/blog\/wp-json\/wp\/v2\/media?parent=3091"}],"wp:term":[{"taxonomy":"category","embeddable":true,"href":"https:\/\/www.sesmoreres.com\/blog\/wp-json\/wp\/v2\/categories?post=3091"},{"taxonomy":"post_tag","embeddable":true,"href":"https:\/\/www.sesmoreres.com\/blog\/wp-json\/wp\/v2\/tags?post=3091"}],"curies":[{"name":"wp","href":"https:\/\/api.w.org\/{rel}","templated":true}]}}