{"id":2990,"date":"2025-12-03T13:16:18","date_gmt":"2025-12-03T12:16:18","guid":{"rendered":"https:\/\/www.sesmoreres.com\/blog\/?p=2990"},"modified":"2025-12-03T13:25:38","modified_gmt":"2025-12-03T12:25:38","slug":"vivir-en-menorca-en-invierno-cuando-la-isla-se-hechiza","status":"publish","type":"post","link":"https:\/\/www.sesmoreres.com\/blog\/vivir-en-menorca-en-invierno-cuando-la-isla-se-hechiza\/","title":{"rendered":"Vivir en Menorca en invierno: cuando la isla se hechiza"},"content":{"rendered":"<p data-start=\"197\" data-end=\"561\">Cuando llega el fr\u00edo y los \u00faltimos turistas se marchan, un peque\u00f1o hechizo cae sobre Menorca. No hace ruido, no se muestra, pero de pronto la isla parece deslizarse hacia otro estado: como si una mano invisible bajara el tel\u00f3n y revelara un nuevo escenario, con la luz m\u00e1s baja y la calma m\u00e1s alta. Y entonces, sin avisos ni razones, todo cambia por arte de magia.<\/p>\n<p data-start=\"563\" data-end=\"952\">El invierno en Menorca no es un final: es un privilegio.<br data-start=\"619\" data-end=\"622\" \/>La temporada se recoge, las voces se apagan, y la isla vuelve a latir a su propio ritmo, lejos de la prisa que traen los meses c\u00e1lidos. Los d\u00edas se vuelven m\u00e1s hondos y el tiempo deja de correr; avanza despacio, casi con delicadeza, como si tambi\u00e9n \u00e9l quisiera quedarse a contemplar la nueva luz que cae sobre los campos y el mar.<\/p>\n<p data-start=\"954\" data-end=\"1236\">Conducir por la isla en esta \u00e9poca es un placer que sorprende incluso a quienes ya lo conocemos bien: carreteras vac\u00edas, prados de un verde reci\u00e9n nacido y la sensaci\u00f3n de que cada curva guarda un silencio amable. El campo huele a tierra h\u00fameda, a lluvia fina, a invierno aut\u00e9ntico.<\/p>\n<div style=\"width: 960px;\" class=\"wp-video\"><video class=\"wp-video-shortcode\" id=\"video-2990-1\" width=\"960\" height=\"320\" loop autoplay preload=\"metadata\" controls=\"controls\"><source type=\"video\/mp4\" src=\"https:\/\/www.sesmoreres.com\/blog\/wp-content\/uploads\/2025\/12\/menorca-en-invierno.mp4?_=1\" \/><a href=\"https:\/\/www.sesmoreres.com\/blog\/wp-content\/uploads\/2025\/12\/menorca-en-invierno.mp4\">https:\/\/www.sesmoreres.com\/blog\/wp-content\/uploads\/2025\/12\/menorca-en-invierno.mp4<\/a><\/video><\/div>\n<p>&nbsp;<\/p>\n<p data-start=\"1238\" data-end=\"1602\">Y el mar\u2026 El mar recupera su car\u00e1cter. Se vuelve m\u00e1s oscuro, m\u00e1s profundo, m\u00e1s suyo. Ya no est\u00e1 rodeado de yates ni atravesado por motores; ahora lo acompa\u00f1an el viento y, a veces, una barca de pesca artesanal que rompe la quietud con su presencia humilde. Hay una belleza serena en esa soledad marina, una dignidad ancestral que solo se muestra cuando nadie mira.<\/p>\n<p data-start=\"1604\" data-end=\"1834\">Las calas, libres de sombrillas y bullicio, parecen m\u00e1s calas.<br data-start=\"1666\" data-end=\"1669\" \/>Los pueblos recuperan la voz de sus vecinos.<br data-start=\"1713\" data-end=\"1716\" \/>Y uno mismo, sin darse cuenta, respira m\u00e1s lento, m\u00e1s hondo, como si la isla te ense\u00f1ara a reconectar con lo esencial.<\/p>\n<p data-start=\"1836\" data-end=\"2002\">Para muchos, Menorca es un destino de verano.<br data-start=\"1881\" data-end=\"1884\" \/>Para quienes vivimos aqu\u00ed, el invierno es la verdadera recompensa:<br data-start=\"1950\" data-end=\"1953\" \/>la isla desnuda, sincera y absolutamente nuestra.<\/p>\n<table width=\"100%\" cellspacing=\"0\" cellpadding=\"0\">\n<tbody>\n<tr>\n<td><a href=\"https:\/\/www.sesmoreres.com\/blog\/wp-content\/uploads\/2025\/12\/Menorca-Favaritx-scaled.jpg\"><img decoding=\"async\" class=\"alignnone wp-image-2999 lazyload\" data-src=\"https:\/\/www.sesmoreres.com\/blog\/wp-content\/uploads\/2025\/12\/Menorca-Favaritx-300x200.jpg\" alt=\"\" width=\"300\" height=\"200\" data-srcset=\"https:\/\/www.sesmoreres.com\/blog\/wp-content\/uploads\/2025\/12\/Menorca-Favaritx-300x200.jpg 300w, https:\/\/www.sesmoreres.com\/blog\/wp-content\/uploads\/2025\/12\/Menorca-Favaritx-1024x683.jpg 1024w, https:\/\/www.sesmoreres.com\/blog\/wp-content\/uploads\/2025\/12\/Menorca-Favaritx-768x512.jpg 768w, https:\/\/www.sesmoreres.com\/blog\/wp-content\/uploads\/2025\/12\/Menorca-Favaritx-1536x1024.jpg 1536w, https:\/\/www.sesmoreres.com\/blog\/wp-content\/uploads\/2025\/12\/Menorca-Favaritx-scaled.jpg 850w\" data-sizes=\"(max-width: 300px) 100vw, 300px\" src=\"data:image\/svg+xml;base64,PHN2ZyB3aWR0aD0iMSIgaGVpZ2h0PSIxIiB4bWxucz0iaHR0cDovL3d3dy53My5vcmcvMjAwMC9zdmciPjwvc3ZnPg==\" style=\"--smush-placeholder-width: 300px; --smush-placeholder-aspect-ratio: 300\/200;\" \/><\/a><\/td>\n<td><a href=\"https:\/\/www.sesmoreres.com\/blog\/wp-content\/uploads\/2025\/12\/cala-pilar-menorca-scaled.jpg\"><img decoding=\"async\" class=\"alignnone wp-image-2994 lazyload\" data-src=\"https:\/\/www.sesmoreres.com\/blog\/wp-content\/uploads\/2025\/12\/cala-pilar-menorca-300x200.jpg\" alt=\"\" width=\"300\" height=\"200\" data-srcset=\"https:\/\/www.sesmoreres.com\/blog\/wp-content\/uploads\/2025\/12\/cala-pilar-menorca-300x200.jpg 300w, https:\/\/www.sesmoreres.com\/blog\/wp-content\/uploads\/2025\/12\/cala-pilar-menorca-1024x683.jpg 1024w, https:\/\/www.sesmoreres.com\/blog\/wp-content\/uploads\/2025\/12\/cala-pilar-menorca-768x512.jpg 768w, https:\/\/www.sesmoreres.com\/blog\/wp-content\/uploads\/2025\/12\/cala-pilar-menorca-1536x1024.jpg 1536w, https:\/\/www.sesmoreres.com\/blog\/wp-content\/uploads\/2025\/12\/cala-pilar-menorca-2048x1365.jpg 2048w, https:\/\/www.sesmoreres.com\/blog\/wp-content\/uploads\/2025\/12\/cala-pilar-menorca-scaled.jpg 850w\" data-sizes=\"(max-width: 300px) 100vw, 300px\" src=\"data:image\/svg+xml;base64,PHN2ZyB3aWR0aD0iMSIgaGVpZ2h0PSIxIiB4bWxucz0iaHR0cDovL3d3dy53My5vcmcvMjAwMC9zdmciPjwvc3ZnPg==\" style=\"--smush-placeholder-width: 300px; --smush-placeholder-aspect-ratio: 300\/200;\" \/><\/a><\/td>\n<td><a href=\"https:\/\/www.sesmoreres.com\/blog\/wp-content\/uploads\/2025\/12\/salines-de-fornells-scaled.jpg\"><img decoding=\"async\" class=\"alignnone wp-image-2993 lazyload\" data-src=\"https:\/\/www.sesmoreres.com\/blog\/wp-content\/uploads\/2025\/12\/salines-de-fornells-300x200.jpg\" alt=\"\" width=\"300\" height=\"200\" data-srcset=\"https:\/\/www.sesmoreres.com\/blog\/wp-content\/uploads\/2025\/12\/salines-de-fornells-300x200.jpg 300w, https:\/\/www.sesmoreres.com\/blog\/wp-content\/uploads\/2025\/12\/salines-de-fornells-1024x683.jpg 1024w, https:\/\/www.sesmoreres.com\/blog\/wp-content\/uploads\/2025\/12\/salines-de-fornells-768x512.jpg 768w, https:\/\/www.sesmoreres.com\/blog\/wp-content\/uploads\/2025\/12\/salines-de-fornells-1536x1024.jpg 1536w, https:\/\/www.sesmoreres.com\/blog\/wp-content\/uploads\/2025\/12\/salines-de-fornells-2048x1365.jpg 2048w, https:\/\/www.sesmoreres.com\/blog\/wp-content\/uploads\/2025\/12\/salines-de-fornells-scaled.jpg 850w\" data-sizes=\"(max-width: 300px) 100vw, 300px\" src=\"data:image\/svg+xml;base64,PHN2ZyB3aWR0aD0iMSIgaGVpZ2h0PSIxIiB4bWxucz0iaHR0cDovL3d3dy53My5vcmcvMjAwMC9zdmciPjwvc3ZnPg==\" style=\"--smush-placeholder-width: 300px; --smush-placeholder-aspect-ratio: 300\/200;\" \/><\/a><\/td>\n<\/tr>\n<\/tbody>\n<\/table>\n<p>&nbsp;<\/p>\n","protected":false},"excerpt":{"rendered":"<p>Cuando llega el fr\u00edo y los \u00faltimos turistas se marchan, un peque\u00f1o hechizo cae sobre Menorca. No hace ruido, no se muestra, pero de pronto la isla parece deslizarse hacia otro estado: como si una mano invisible bajara el tel\u00f3n &hellip; <a href=\"https:\/\/www.sesmoreres.com\/blog\/vivir-en-menorca-en-invierno-cuando-la-isla-se-hechiza\/\">Continuar<\/a><\/p>\n","protected":false},"author":2,"featured_media":2999,"comment_status":"open","ping_status":"open","sticky":false,"template":"","format":"standard","meta":{"footnotes":""},"categories":[232,618],"tags":[610,619],"class_list":["post-2990","post","type-post","status-publish","format-standard","has-post-thumbnail","hentry","category-menorca","category-vivir-en-menorca","tag-menorca","tag-vivir-en-menorca"],"yoast_head":"<!-- This site is optimized with the Yoast SEO plugin v27.4 - https:\/\/yoast.com\/product\/yoast-seo-wordpress\/ -->\n<title>Vivir en Menorca en invierno: cuando la isla se hechiza - Blog sobre Menorca - Ses Moreres<\/title>\n<meta name=\"description\" content=\"Descubre c\u00f3mo Menorca se transforma en invierno: una isla hechizada por la calma, la luz suave y la belleza silenciosa que solo los locales conocen.\" \/>\n<meta name=\"robots\" content=\"index, follow, max-snippet:-1, max-image-preview:large, max-video-preview:-1\" \/>\n<link rel=\"canonical\" href=\"https:\/\/www.sesmoreres.com\/blog\/vivir-en-menorca-en-invierno-cuando-la-isla-se-hechiza\/\" \/>\n<meta property=\"og:locale\" content=\"es_ES\" \/>\n<meta property=\"og:type\" content=\"article\" \/>\n<meta property=\"og:title\" content=\"Vivir en Menorca en invierno: cuando la isla se hechiza - Blog sobre Menorca - Ses Moreres\" \/>\n<meta property=\"og:description\" content=\"Descubre c\u00f3mo Menorca se transforma en invierno: una isla hechizada por la calma, la luz suave y la belleza silenciosa que solo los locales conocen.\" \/>\n<meta property=\"og:url\" content=\"https:\/\/www.sesmoreres.com\/blog\/vivir-en-menorca-en-invierno-cuando-la-isla-se-hechiza\/\" \/>\n<meta property=\"og:site_name\" content=\"Blog sobre Menorca - Ses Moreres\" \/>\n<meta property=\"article:publisher\" content=\"https:\/\/www.facebook.com\/sesmoreres\/\" \/>\n<meta property=\"article:published_time\" content=\"2025-12-03T12:16:18+00:00\" \/>\n<meta property=\"article:modified_time\" content=\"2025-12-03T12:25:38+00:00\" \/>\n<meta property=\"og:image\" content=\"https:\/\/www.sesmoreres.com\/blog\/wp-content\/uploads\/2025\/12\/Menorca-Favaritx-scaled.jpg\" \/>\n\t<meta property=\"og:image:width\" content=\"850\" \/>\n\t<meta property=\"og:image:height\" content=\"567\" \/>\n\t<meta property=\"og:image:type\" content=\"image\/jpeg\" \/>\n<meta name=\"author\" content=\"Jose\" \/>\n<meta name=\"twitter:card\" content=\"summary_large_image\" \/>\n<meta name=\"twitter:label1\" content=\"Escrito por\" \/>\n\t<meta name=\"twitter:data1\" content=\"Jose\" \/>\n\t<meta name=\"twitter:label2\" content=\"Tiempo de lectura\" \/>\n\t<meta name=\"twitter:data2\" content=\"3 minutos\" \/>\n<script type=\"application\/ld+json\" class=\"yoast-schema-graph\">{\"@context\":\"https:\\\/\\\/schema.org\",\"@graph\":[{\"@type\":\"Article\",\"@id\":\"https:\\\/\\\/www.sesmoreres.com\\\/blog\\\/vivir-en-menorca-en-invierno-cuando-la-isla-se-hechiza\\\/#article\",\"isPartOf\":{\"@id\":\"https:\\\/\\\/www.sesmoreres.com\\\/blog\\\/vivir-en-menorca-en-invierno-cuando-la-isla-se-hechiza\\\/\"},\"author\":{\"name\":\"Jose\",\"@id\":\"https:\\\/\\\/www.sesmoreres.com\\\/blog\\\/#\\\/schema\\\/person\\\/7c7e14840c5091c536f2386f87710e37\"},\"headline\":\"Vivir en Menorca en invierno: cuando la isla se hechiza\",\"datePublished\":\"2025-12-03T12:16:18+00:00\",\"dateModified\":\"2025-12-03T12:25:38+00:00\",\"mainEntityOfPage\":{\"@id\":\"https:\\\/\\\/www.sesmoreres.com\\\/blog\\\/vivir-en-menorca-en-invierno-cuando-la-isla-se-hechiza\\\/\"},\"wordCount\":376,\"commentCount\":0,\"publisher\":{\"@id\":\"https:\\\/\\\/www.sesmoreres.com\\\/blog\\\/#organization\"},\"image\":{\"@id\":\"https:\\\/\\\/www.sesmoreres.com\\\/blog\\\/vivir-en-menorca-en-invierno-cuando-la-isla-se-hechiza\\\/#primaryimage\"},\"thumbnailUrl\":\"https:\\\/\\\/www.sesmoreres.com\\\/blog\\\/wp-content\\\/uploads\\\/2025\\\/12\\\/Menorca-Favaritx-scaled.jpg\",\"keywords\":[\"menorca\",\"vivir en Menorca\"],\"articleSection\":[\"menorca\",\"vivir en Menorca\"],\"inLanguage\":\"es\",\"potentialAction\":[{\"@type\":\"CommentAction\",\"name\":\"Comment\",\"target\":[\"https:\\\/\\\/www.sesmoreres.com\\\/blog\\\/vivir-en-menorca-en-invierno-cuando-la-isla-se-hechiza\\\/#respond\"]}]},{\"@type\":\"WebPage\",\"@id\":\"https:\\\/\\\/www.sesmoreres.com\\\/blog\\\/vivir-en-menorca-en-invierno-cuando-la-isla-se-hechiza\\\/\",\"url\":\"https:\\\/\\\/www.sesmoreres.com\\\/blog\\\/vivir-en-menorca-en-invierno-cuando-la-isla-se-hechiza\\\/\",\"name\":\"Vivir en Menorca en invierno: cuando la isla se hechiza - Blog sobre Menorca - Ses Moreres\",\"isPartOf\":{\"@id\":\"https:\\\/\\\/www.sesmoreres.com\\\/blog\\\/#website\"},\"primaryImageOfPage\":{\"@id\":\"https:\\\/\\\/www.sesmoreres.com\\\/blog\\\/vivir-en-menorca-en-invierno-cuando-la-isla-se-hechiza\\\/#primaryimage\"},\"image\":{\"@id\":\"https:\\\/\\\/www.sesmoreres.com\\\/blog\\\/vivir-en-menorca-en-invierno-cuando-la-isla-se-hechiza\\\/#primaryimage\"},\"thumbnailUrl\":\"https:\\\/\\\/www.sesmoreres.com\\\/blog\\\/wp-content\\\/uploads\\\/2025\\\/12\\\/Menorca-Favaritx-scaled.jpg\",\"datePublished\":\"2025-12-03T12:16:18+00:00\",\"dateModified\":\"2025-12-03T12:25:38+00:00\",\"description\":\"Descubre c\u00f3mo Menorca se transforma en invierno: una isla hechizada por la calma, la luz suave y la belleza silenciosa que solo los locales conocen.\",\"breadcrumb\":{\"@id\":\"https:\\\/\\\/www.sesmoreres.com\\\/blog\\\/vivir-en-menorca-en-invierno-cuando-la-isla-se-hechiza\\\/#breadcrumb\"},\"inLanguage\":\"es\",\"potentialAction\":[{\"@type\":\"ReadAction\",\"target\":[\"https:\\\/\\\/www.sesmoreres.com\\\/blog\\\/vivir-en-menorca-en-invierno-cuando-la-isla-se-hechiza\\\/\"]}]},{\"@type\":\"ImageObject\",\"inLanguage\":\"es\",\"@id\":\"https:\\\/\\\/www.sesmoreres.com\\\/blog\\\/vivir-en-menorca-en-invierno-cuando-la-isla-se-hechiza\\\/#primaryimage\",\"url\":\"https:\\\/\\\/www.sesmoreres.com\\\/blog\\\/wp-content\\\/uploads\\\/2025\\\/12\\\/Menorca-Favaritx-scaled.jpg\",\"contentUrl\":\"https:\\\/\\\/www.sesmoreres.com\\\/blog\\\/wp-content\\\/uploads\\\/2025\\\/12\\\/Menorca-Favaritx-scaled.jpg\",\"width\":850,\"height\":567,\"caption\":\"Menorca Favaritx temporal de invierno\"},{\"@type\":\"BreadcrumbList\",\"@id\":\"https:\\\/\\\/www.sesmoreres.com\\\/blog\\\/vivir-en-menorca-en-invierno-cuando-la-isla-se-hechiza\\\/#breadcrumb\",\"itemListElement\":[{\"@type\":\"ListItem\",\"position\":1,\"name\":\"Portada\",\"item\":\"https:\\\/\\\/www.sesmoreres.com\\\/blog\\\/\"},{\"@type\":\"ListItem\",\"position\":2,\"name\":\"Vivir en Menorca en invierno: cuando la isla se hechiza\"}]},{\"@type\":\"WebSite\",\"@id\":\"https:\\\/\\\/www.sesmoreres.com\\\/blog\\\/#website\",\"url\":\"https:\\\/\\\/www.sesmoreres.com\\\/blog\\\/\",\"name\":\"Blog sobre Menorca - Ses Moreres\",\"description\":\"Agencia inmobiliaria de Menorca lider en la venta de propiedades de lujo. Fincas r\u00fasticas, casas de campo, chalets, terrenos.\",\"publisher\":{\"@id\":\"https:\\\/\\\/www.sesmoreres.com\\\/blog\\\/#organization\"},\"potentialAction\":[{\"@type\":\"SearchAction\",\"target\":{\"@type\":\"EntryPoint\",\"urlTemplate\":\"https:\\\/\\\/www.sesmoreres.com\\\/blog\\\/?s={search_term_string}\"},\"query-input\":{\"@type\":\"PropertyValueSpecification\",\"valueRequired\":true,\"valueName\":\"search_term_string\"}}],\"inLanguage\":\"es\"},{\"@type\":\"Organization\",\"@id\":\"https:\\\/\\\/www.sesmoreres.com\\\/blog\\\/#organization\",\"name\":\"Ses Moreres\",\"url\":\"https:\\\/\\\/www.sesmoreres.com\\\/blog\\\/\",\"logo\":{\"@type\":\"ImageObject\",\"inLanguage\":\"es\",\"@id\":\"https:\\\/\\\/www.sesmoreres.com\\\/blog\\\/#\\\/schema\\\/logo\\\/image\\\/\",\"url\":\"https:\\\/\\\/www.sesmoreres.com\\\/blog\\\/wp-content\\\/uploads\\\/2019\\\/07\\\/ses-moreres-inmobiliaria-menorca.gif\",\"contentUrl\":\"https:\\\/\\\/www.sesmoreres.com\\\/blog\\\/wp-content\\\/uploads\\\/2019\\\/07\\\/ses-moreres-inmobiliaria-menorca.gif\",\"width\":170,\"height\":95,\"caption\":\"Ses Moreres\"},\"image\":{\"@id\":\"https:\\\/\\\/www.sesmoreres.com\\\/blog\\\/#\\\/schema\\\/logo\\\/image\\\/\"},\"sameAs\":[\"https:\\\/\\\/www.facebook.com\\\/sesmoreres\\\/\",\"https:\\\/\\\/www.instagram.com\\\/inmobiliariasesmoreres\\\/?hl=es\",\"https:\\\/\\\/www.youtube.com\\\/user\\\/sesmoreres\"]},{\"@type\":\"Person\",\"@id\":\"https:\\\/\\\/www.sesmoreres.com\\\/blog\\\/#\\\/schema\\\/person\\\/7c7e14840c5091c536f2386f87710e37\",\"name\":\"Jose\",\"image\":{\"@type\":\"ImageObject\",\"inLanguage\":\"es\",\"@id\":\"https:\\\/\\\/secure.gravatar.com\\\/avatar\\\/b4fc98d81ad2dabadc7b38d8d9cc7d784080dca9704b983ca16b1fd2926445dc?s=96&d=mm&r=g\",\"url\":\"https:\\\/\\\/secure.gravatar.com\\\/avatar\\\/b4fc98d81ad2dabadc7b38d8d9cc7d784080dca9704b983ca16b1fd2926445dc?s=96&d=mm&r=g\",\"contentUrl\":\"https:\\\/\\\/secure.gravatar.com\\\/avatar\\\/b4fc98d81ad2dabadc7b38d8d9cc7d784080dca9704b983ca16b1fd2926445dc?s=96&d=mm&r=g\",\"caption\":\"Jose\"},\"url\":\"https:\\\/\\\/www.sesmoreres.com\\\/blog\\\/author\\\/jose\\\/\"}]}<\/script>\n<!-- \/ Yoast SEO plugin. -->","yoast_head_json":{"title":"Vivir en Menorca en invierno: cuando la isla se hechiza - Blog sobre Menorca - Ses Moreres","description":"Descubre c\u00f3mo Menorca se transforma en invierno: una isla hechizada por la calma, la luz suave y la belleza silenciosa que solo los locales conocen.","robots":{"index":"index","follow":"follow","max-snippet":"max-snippet:-1","max-image-preview":"max-image-preview:large","max-video-preview":"max-video-preview:-1"},"canonical":"https:\/\/www.sesmoreres.com\/blog\/vivir-en-menorca-en-invierno-cuando-la-isla-se-hechiza\/","og_locale":"es_ES","og_type":"article","og_title":"Vivir en Menorca en invierno: cuando la isla se hechiza - Blog sobre Menorca - Ses Moreres","og_description":"Descubre c\u00f3mo Menorca se transforma en invierno: una isla hechizada por la calma, la luz suave y la belleza silenciosa que solo los locales conocen.","og_url":"https:\/\/www.sesmoreres.com\/blog\/vivir-en-menorca-en-invierno-cuando-la-isla-se-hechiza\/","og_site_name":"Blog sobre Menorca - Ses Moreres","article_publisher":"https:\/\/www.facebook.com\/sesmoreres\/","article_published_time":"2025-12-03T12:16:18+00:00","article_modified_time":"2025-12-03T12:25:38+00:00","og_image":[{"width":850,"height":567,"url":"https:\/\/www.sesmoreres.com\/blog\/wp-content\/uploads\/2025\/12\/Menorca-Favaritx-scaled.jpg","type":"image\/jpeg"}],"author":"Jose","twitter_card":"summary_large_image","twitter_misc":{"Escrito por":"Jose","Tiempo de lectura":"3 minutos"},"schema":{"@context":"https:\/\/schema.org","@graph":[{"@type":"Article","@id":"https:\/\/www.sesmoreres.com\/blog\/vivir-en-menorca-en-invierno-cuando-la-isla-se-hechiza\/#article","isPartOf":{"@id":"https:\/\/www.sesmoreres.com\/blog\/vivir-en-menorca-en-invierno-cuando-la-isla-se-hechiza\/"},"author":{"name":"Jose","@id":"https:\/\/www.sesmoreres.com\/blog\/#\/schema\/person\/7c7e14840c5091c536f2386f87710e37"},"headline":"Vivir en Menorca en invierno: cuando la isla se hechiza","datePublished":"2025-12-03T12:16:18+00:00","dateModified":"2025-12-03T12:25:38+00:00","mainEntityOfPage":{"@id":"https:\/\/www.sesmoreres.com\/blog\/vivir-en-menorca-en-invierno-cuando-la-isla-se-hechiza\/"},"wordCount":376,"commentCount":0,"publisher":{"@id":"https:\/\/www.sesmoreres.com\/blog\/#organization"},"image":{"@id":"https:\/\/www.sesmoreres.com\/blog\/vivir-en-menorca-en-invierno-cuando-la-isla-se-hechiza\/#primaryimage"},"thumbnailUrl":"https:\/\/www.sesmoreres.com\/blog\/wp-content\/uploads\/2025\/12\/Menorca-Favaritx-scaled.jpg","keywords":["menorca","vivir en Menorca"],"articleSection":["menorca","vivir en Menorca"],"inLanguage":"es","potentialAction":[{"@type":"CommentAction","name":"Comment","target":["https:\/\/www.sesmoreres.com\/blog\/vivir-en-menorca-en-invierno-cuando-la-isla-se-hechiza\/#respond"]}]},{"@type":"WebPage","@id":"https:\/\/www.sesmoreres.com\/blog\/vivir-en-menorca-en-invierno-cuando-la-isla-se-hechiza\/","url":"https:\/\/www.sesmoreres.com\/blog\/vivir-en-menorca-en-invierno-cuando-la-isla-se-hechiza\/","name":"Vivir en Menorca en invierno: cuando la isla se hechiza - Blog sobre Menorca - Ses Moreres","isPartOf":{"@id":"https:\/\/www.sesmoreres.com\/blog\/#website"},"primaryImageOfPage":{"@id":"https:\/\/www.sesmoreres.com\/blog\/vivir-en-menorca-en-invierno-cuando-la-isla-se-hechiza\/#primaryimage"},"image":{"@id":"https:\/\/www.sesmoreres.com\/blog\/vivir-en-menorca-en-invierno-cuando-la-isla-se-hechiza\/#primaryimage"},"thumbnailUrl":"https:\/\/www.sesmoreres.com\/blog\/wp-content\/uploads\/2025\/12\/Menorca-Favaritx-scaled.jpg","datePublished":"2025-12-03T12:16:18+00:00","dateModified":"2025-12-03T12:25:38+00:00","description":"Descubre c\u00f3mo Menorca se transforma en invierno: una isla hechizada por la calma, la luz suave y la belleza silenciosa que solo los locales conocen.","breadcrumb":{"@id":"https:\/\/www.sesmoreres.com\/blog\/vivir-en-menorca-en-invierno-cuando-la-isla-se-hechiza\/#breadcrumb"},"inLanguage":"es","potentialAction":[{"@type":"ReadAction","target":["https:\/\/www.sesmoreres.com\/blog\/vivir-en-menorca-en-invierno-cuando-la-isla-se-hechiza\/"]}]},{"@type":"ImageObject","inLanguage":"es","@id":"https:\/\/www.sesmoreres.com\/blog\/vivir-en-menorca-en-invierno-cuando-la-isla-se-hechiza\/#primaryimage","url":"https:\/\/www.sesmoreres.com\/blog\/wp-content\/uploads\/2025\/12\/Menorca-Favaritx-scaled.jpg","contentUrl":"https:\/\/www.sesmoreres.com\/blog\/wp-content\/uploads\/2025\/12\/Menorca-Favaritx-scaled.jpg","width":850,"height":567,"caption":"Menorca Favaritx temporal de invierno"},{"@type":"BreadcrumbList","@id":"https:\/\/www.sesmoreres.com\/blog\/vivir-en-menorca-en-invierno-cuando-la-isla-se-hechiza\/#breadcrumb","itemListElement":[{"@type":"ListItem","position":1,"name":"Portada","item":"https:\/\/www.sesmoreres.com\/blog\/"},{"@type":"ListItem","position":2,"name":"Vivir en Menorca en invierno: cuando la isla se hechiza"}]},{"@type":"WebSite","@id":"https:\/\/www.sesmoreres.com\/blog\/#website","url":"https:\/\/www.sesmoreres.com\/blog\/","name":"Blog sobre Menorca - Ses Moreres","description":"Agencia inmobiliaria de Menorca lider en la venta de propiedades de lujo. Fincas r\u00fasticas, casas de campo, chalets, terrenos.","publisher":{"@id":"https:\/\/www.sesmoreres.com\/blog\/#organization"},"potentialAction":[{"@type":"SearchAction","target":{"@type":"EntryPoint","urlTemplate":"https:\/\/www.sesmoreres.com\/blog\/?s={search_term_string}"},"query-input":{"@type":"PropertyValueSpecification","valueRequired":true,"valueName":"search_term_string"}}],"inLanguage":"es"},{"@type":"Organization","@id":"https:\/\/www.sesmoreres.com\/blog\/#organization","name":"Ses Moreres","url":"https:\/\/www.sesmoreres.com\/blog\/","logo":{"@type":"ImageObject","inLanguage":"es","@id":"https:\/\/www.sesmoreres.com\/blog\/#\/schema\/logo\/image\/","url":"https:\/\/www.sesmoreres.com\/blog\/wp-content\/uploads\/2019\/07\/ses-moreres-inmobiliaria-menorca.gif","contentUrl":"https:\/\/www.sesmoreres.com\/blog\/wp-content\/uploads\/2019\/07\/ses-moreres-inmobiliaria-menorca.gif","width":170,"height":95,"caption":"Ses Moreres"},"image":{"@id":"https:\/\/www.sesmoreres.com\/blog\/#\/schema\/logo\/image\/"},"sameAs":["https:\/\/www.facebook.com\/sesmoreres\/","https:\/\/www.instagram.com\/inmobiliariasesmoreres\/?hl=es","https:\/\/www.youtube.com\/user\/sesmoreres"]},{"@type":"Person","@id":"https:\/\/www.sesmoreres.com\/blog\/#\/schema\/person\/7c7e14840c5091c536f2386f87710e37","name":"Jose","image":{"@type":"ImageObject","inLanguage":"es","@id":"https:\/\/secure.gravatar.com\/avatar\/b4fc98d81ad2dabadc7b38d8d9cc7d784080dca9704b983ca16b1fd2926445dc?s=96&d=mm&r=g","url":"https:\/\/secure.gravatar.com\/avatar\/b4fc98d81ad2dabadc7b38d8d9cc7d784080dca9704b983ca16b1fd2926445dc?s=96&d=mm&r=g","contentUrl":"https:\/\/secure.gravatar.com\/avatar\/b4fc98d81ad2dabadc7b38d8d9cc7d784080dca9704b983ca16b1fd2926445dc?s=96&d=mm&r=g","caption":"Jose"},"url":"https:\/\/www.sesmoreres.com\/blog\/author\/jose\/"}]}},"_links":{"self":[{"href":"https:\/\/www.sesmoreres.com\/blog\/wp-json\/wp\/v2\/posts\/2990","targetHints":{"allow":["GET"]}}],"collection":[{"href":"https:\/\/www.sesmoreres.com\/blog\/wp-json\/wp\/v2\/posts"}],"about":[{"href":"https:\/\/www.sesmoreres.com\/blog\/wp-json\/wp\/v2\/types\/post"}],"author":[{"embeddable":true,"href":"https:\/\/www.sesmoreres.com\/blog\/wp-json\/wp\/v2\/users\/2"}],"replies":[{"embeddable":true,"href":"https:\/\/www.sesmoreres.com\/blog\/wp-json\/wp\/v2\/comments?post=2990"}],"version-history":[{"count":14,"href":"https:\/\/www.sesmoreres.com\/blog\/wp-json\/wp\/v2\/posts\/2990\/revisions"}],"predecessor-version":[{"id":3009,"href":"https:\/\/www.sesmoreres.com\/blog\/wp-json\/wp\/v2\/posts\/2990\/revisions\/3009"}],"wp:featuredmedia":[{"embeddable":true,"href":"https:\/\/www.sesmoreres.com\/blog\/wp-json\/wp\/v2\/media\/2999"}],"wp:attachment":[{"href":"https:\/\/www.sesmoreres.com\/blog\/wp-json\/wp\/v2\/media?parent=2990"}],"wp:term":[{"taxonomy":"category","embeddable":true,"href":"https:\/\/www.sesmoreres.com\/blog\/wp-json\/wp\/v2\/categories?post=2990"},{"taxonomy":"post_tag","embeddable":true,"href":"https:\/\/www.sesmoreres.com\/blog\/wp-json\/wp\/v2\/tags?post=2990"}],"curies":[{"name":"wp","href":"https:\/\/api.w.org\/{rel}","templated":true}]}}