{"id":2869,"date":"2025-06-02T12:08:12","date_gmt":"2025-06-02T10:08:12","guid":{"rendered":"https:\/\/www.sesmoreres.com\/blog\/?p=2869"},"modified":"2025-11-21T09:58:03","modified_gmt":"2025-11-21T08:58:03","slug":"como-vendimos-una-isla","status":"publish","type":"post","link":"https:\/\/www.sesmoreres.com\/blog\/como-vendimos-una-isla\/","title":{"rendered":"C\u00f3mo vendimos una isla"},"content":{"rendered":"<article>\n<h3 class=\"subtitulo\">Cuando preservar fue m\u00e1s valioso que construir: la historia real de la isla de Colom<\/h3>\n<p>Hay propiedades que no se venden con datos, planos y metros cuadrados. Se venden con historias. Con emoci\u00f3n. Con alma.<\/p>\n<p>En <strong>Ses Moreres<\/strong> llevamos m\u00e1s de 20 a\u00f1os vendiendo casas especiales. <strong>No siempre las m\u00e1s grandes, ni las m\u00e1s caras.<\/strong> Pero s\u00ed aquellas que tienen algo \u00fanico: una energ\u00eda, una luz, una historia que merece ser contada.<\/p>\n<p>Uno de los casos m\u00e1s emblem\u00e1ticos fue la venta de la <strong>isla de Colom<\/strong>, frente a la costa noreste de Menorca. Una isla privada, salvaje, sin edificaciones. Durante a\u00f1os, <strong>estuvo en venta sin \u00e9xito<\/strong>, porque las agencias involucradas no supieron darle el valor que merec\u00eda. Se trataba de mucho m\u00e1s que un terreno: era una pieza \u00fanica del patrimonio natural de Menorca.<\/p>\n<p><img decoding=\"async\" class=\"wp-image-2875 size-full aligncenter lazyload\" data-src=\"https:\/\/www.sesmoreres.com\/blog\/wp-content\/uploads\/2025\/06\/01-Isla-Colom-Vendido-scaled.jpg\" alt=\"Isla den Colom en venta\" width=\"850\" height=\"395\" data-srcset=\"https:\/\/www.sesmoreres.com\/blog\/wp-content\/uploads\/2025\/06\/01-Isla-Colom-Vendido-scaled.jpg 850w, https:\/\/www.sesmoreres.com\/blog\/wp-content\/uploads\/2025\/06\/01-Isla-Colom-Vendido-300x139.jpg 300w, https:\/\/www.sesmoreres.com\/blog\/wp-content\/uploads\/2025\/06\/01-Isla-Colom-Vendido-1024x476.jpg 1024w, https:\/\/www.sesmoreres.com\/blog\/wp-content\/uploads\/2025\/06\/01-Isla-Colom-Vendido-768x357.jpg 768w, https:\/\/www.sesmoreres.com\/blog\/wp-content\/uploads\/2025\/06\/01-Isla-Colom-Vendido-1536x714.jpg 1536w\" data-sizes=\"(max-width: 850px) 100vw, 850px\" src=\"data:image\/svg+xml;base64,PHN2ZyB3aWR0aD0iMSIgaGVpZ2h0PSIxIiB4bWxucz0iaHR0cDovL3d3dy53My5vcmcvMjAwMC9zdmciPjwvc3ZnPg==\" style=\"--smush-placeholder-width: 850px; --smush-placeholder-aspect-ratio: 850\/395;\" \/><\/p>\n<p>Cuando <strong>Ses Moreres<\/strong> recibi\u00f3 el encargo de venderla, <strong>lo primero que hicimos fue estudiar a fondo su bagaje hist\u00f3rico<\/strong>. Investigamos su pasado, su valor ecol\u00f3gico, las leyendas que la rodeaban, y creamos una narrativa que reflejara su verdadera esencia.<\/p>\n<p>La campa\u00f1a fue tan potente que se hizo <strong>viral<\/strong>. La noticia apareci\u00f3 en <strong>m\u00e1s de 55 medios de comunicaci\u00f3n<\/strong>, tanto nacionales como internacionales: prensa escrita, televisi\u00f3n, radio\u2026 Desde <em>El Pa\u00eds<\/em> hasta <em>The Guardian<\/em>, pasando por <em>Forbes<\/em>. El impacto fue tal que, en cuesti\u00f3n de horas, nuestro <strong>servidor recibi\u00f3 cientos de miles de visitas<\/strong>\u2026 y colaps\u00f3. Tuvimos que reforzar la infraestructura digital de urgencia ante la avalancha de tr\u00e1fico.<\/p>\n<p>Todos quer\u00edan saber por qu\u00e9 alguien comprar\u00eda una isla donde no se puede construir. Nuestra respuesta fue clara:<\/p>\n<blockquote><p>\u201cPor la misma raz\u00f3n por la que alguien compra una obra de arte de millones de euros: para admirarla y preservarla.\u201d<\/p><\/blockquote>\n<p>Y as\u00ed fue. La isla encontr\u00f3 a su nuevo propietario: <strong>alguien que no buscaba construir, sino conservar<\/strong>. Hoy, la isla de Colom sigue <strong>intacta, o incluso mejor que antes<\/strong>. El nuevo due\u00f1o est\u00e1 profundamente implicado en su preservaci\u00f3n y ha iniciado colaboraciones cient\u00edficas, como un estudio sobre la <strong>antigua mina de bleda<\/strong> que exist\u00eda en la isla.<\/p>\n<div style=\"position: relative; padding-bottom: 56.25%; height: 0; overflow: hidden;\">\n  <iframe \n    data-src=\"https:\/\/www.youtube.com\/embed\/4fbpMGtNnNM\" \n    style=\"position: absolute; top: 0; left: 0; width: 100%; height: 100%;\"\n    allowfullscreen\n   \n    referrerpolicy=\"strict-origin-when-cross-origin\" src=\"data:image\/svg+xml;base64,PHN2ZyB3aWR0aD0iMSIgaGVpZ2h0PSIxIiB4bWxucz0iaHR0cDovL3d3dy53My5vcmcvMjAwMC9zdmciPjwvc3ZnPg==\" class=\"lazyload\" data-load-mode=\"1\"><br \/>\n  <\/iframe>\n<\/div>\n<p>&nbsp;<\/p>\n<p>Este es solo un ejemplo de lo que hacemos en <strong>Ses Moreres<\/strong>. Porque vender propiedades as\u00ed no es solo una transacci\u00f3n: es una <strong>transici\u00f3n emocional<\/strong>.<\/p>\n<p><strong>El arte de vender casas con alma<\/strong> est\u00e1 en saber ver lo que otros no ven, y en conectar a cada lugar con quien sabr\u00e1 cuidarlo como merece.<\/p>\n<hr \/>\n<p><strong>\u00bfTienes una propiedad especial en venta?<\/strong><br \/>\nEstaremos encantados de escuchar su historia y ayudarte a contarla al mundo.<\/p>\n<p>\ud83d\udcde Ll\u00e1manos al <strong>971 35 15 30<\/strong> o escr\u00edbenos a <a href=\"mailto:info@sesmoreres.com\">info@sesmoreres.com<\/a><\/p>\n<\/article>\n<style>\n.subtitulo {<br \/>  font-size: 1.25rem;<br \/>  color: #555;<br \/>  font-style: italic;<br \/>  margin-top: -10px;<br \/>  margin-bottom: 30px;<br \/>}<br \/>blockquote {<br \/>  margin: 20px 0;<br \/>  padding-left: 20px;<br \/>  border-left: 3px solid #ccc;<br \/>  font-style: italic;<br \/>  color: #333;<br \/>}<br \/>article {<br \/>  max-width: 750px;<br \/>  margin: auto;<br \/>  line-height: 1.6;<br \/>  font-family: 'Segoe UI', sans-serif;<br \/>  font-size: 1rem;<br \/>  color: #222;<br \/>}<br \/><\/style>\n","protected":false},"excerpt":{"rendered":"<p>Cuando preservar fue m\u00e1s valioso que construir: la historia real de la isla de Colom Hay propiedades que no se venden con datos, planos y metros cuadrados. Se venden con historias. Con emoci\u00f3n. Con alma. En Ses Moreres llevamos m\u00e1s &hellip; <a href=\"https:\/\/www.sesmoreres.com\/blog\/como-vendimos-una-isla\/\">Continuar<\/a><\/p>\n","protected":false},"author":2,"featured_media":2876,"comment_status":"open","ping_status":"open","sticky":false,"template":"","format":"standard","meta":{"footnotes":""},"categories":[301,608,232],"tags":[1009,602,610],"class_list":["post-2869","post","type-post","status-publish","format-standard","has-post-thumbnail","hentry","category-isla-colom","category-isla-en-venta","category-menorca","tag-isla-de-colom","tag-isla-en-venta","tag-menorca"],"yoast_head":"<!-- This site is optimized with the Yoast SEO plugin v27.5 - https:\/\/yoast.com\/product\/yoast-seo-wordpress\/ -->\n<title>C\u00f3mo vendimos una isla - Blog sobre Menorca - Ses Moreres<\/title>\n<meta name=\"description\" content=\"Uno de los casos m\u00e1s emblem\u00e1ticos fue la venta de la isla de Colom, frente a la costa noreste de Menorca. Una isla privada\" \/>\n<meta name=\"robots\" content=\"index, follow, max-snippet:-1, max-image-preview:large, max-video-preview:-1\" \/>\n<link rel=\"canonical\" href=\"https:\/\/www.sesmoreres.com\/blog\/como-vendimos-una-isla\/\" \/>\n<meta property=\"og:locale\" content=\"es_ES\" \/>\n<meta property=\"og:type\" content=\"article\" \/>\n<meta property=\"og:title\" content=\"C\u00f3mo vendimos una isla - Blog sobre Menorca - Ses Moreres\" \/>\n<meta property=\"og:description\" content=\"Uno de los casos m\u00e1s emblem\u00e1ticos fue la venta de la isla de Colom, frente a la costa noreste de Menorca. Una isla privada\" \/>\n<meta property=\"og:url\" content=\"https:\/\/www.sesmoreres.com\/blog\/como-vendimos-una-isla\/\" \/>\n<meta property=\"og:site_name\" content=\"Blog sobre Menorca - Ses Moreres\" \/>\n<meta property=\"article:publisher\" content=\"https:\/\/www.facebook.com\/sesmoreres\/\" \/>\n<meta property=\"article:published_time\" content=\"2025-06-02T10:08:12+00:00\" \/>\n<meta property=\"article:modified_time\" content=\"2025-11-21T08:58:03+00:00\" \/>\n<meta property=\"og:image\" content=\"https:\/\/www.sesmoreres.com\/blog\/wp-content\/uploads\/2025\/06\/02-Isla-Colom-Vendido-scaled.jpg\" \/>\n\t<meta property=\"og:image:width\" content=\"850\" \/>\n\t<meta property=\"og:image:height\" content=\"395\" \/>\n\t<meta property=\"og:image:type\" content=\"image\/jpeg\" \/>\n<meta name=\"author\" content=\"Jose\" \/>\n<meta name=\"twitter:card\" content=\"summary_large_image\" \/>\n<meta name=\"twitter:label1\" content=\"Escrito por\" \/>\n\t<meta name=\"twitter:data1\" content=\"Jose\" \/>\n\t<meta name=\"twitter:label2\" content=\"Tiempo de lectura\" \/>\n\t<meta name=\"twitter:data2\" content=\"3 minutos\" \/>\n<script type=\"application\/ld+json\" class=\"yoast-schema-graph\">{\"@context\":\"https:\\\/\\\/schema.org\",\"@graph\":[{\"@type\":\"Article\",\"@id\":\"https:\\\/\\\/www.sesmoreres.com\\\/blog\\\/como-vendimos-una-isla\\\/#article\",\"isPartOf\":{\"@id\":\"https:\\\/\\\/www.sesmoreres.com\\\/blog\\\/como-vendimos-una-isla\\\/\"},\"author\":{\"name\":\"Jose\",\"@id\":\"https:\\\/\\\/www.sesmoreres.com\\\/blog\\\/#\\\/schema\\\/person\\\/7c7e14840c5091c536f2386f87710e37\"},\"headline\":\"C\u00f3mo vendimos una isla\",\"datePublished\":\"2025-06-02T10:08:12+00:00\",\"dateModified\":\"2025-11-21T08:58:03+00:00\",\"mainEntityOfPage\":{\"@id\":\"https:\\\/\\\/www.sesmoreres.com\\\/blog\\\/como-vendimos-una-isla\\\/\"},\"wordCount\":452,\"commentCount\":0,\"publisher\":{\"@id\":\"https:\\\/\\\/www.sesmoreres.com\\\/blog\\\/#organization\"},\"image\":{\"@id\":\"https:\\\/\\\/www.sesmoreres.com\\\/blog\\\/como-vendimos-una-isla\\\/#primaryimage\"},\"thumbnailUrl\":\"https:\\\/\\\/www.sesmoreres.com\\\/blog\\\/wp-content\\\/uploads\\\/2025\\\/06\\\/02-Isla-Colom-Vendido-scaled.jpg\",\"keywords\":[\"isla de Colom\",\"isla en venta\",\"menorca\"],\"articleSection\":[\"isla colom\",\"isla en venta\",\"menorca\"],\"inLanguage\":\"es\",\"potentialAction\":[{\"@type\":\"CommentAction\",\"name\":\"Comment\",\"target\":[\"https:\\\/\\\/www.sesmoreres.com\\\/blog\\\/como-vendimos-una-isla\\\/#respond\"]}]},{\"@type\":\"WebPage\",\"@id\":\"https:\\\/\\\/www.sesmoreres.com\\\/blog\\\/como-vendimos-una-isla\\\/\",\"url\":\"https:\\\/\\\/www.sesmoreres.com\\\/blog\\\/como-vendimos-una-isla\\\/\",\"name\":\"C\u00f3mo vendimos una isla - Blog sobre Menorca - Ses Moreres\",\"isPartOf\":{\"@id\":\"https:\\\/\\\/www.sesmoreres.com\\\/blog\\\/#website\"},\"primaryImageOfPage\":{\"@id\":\"https:\\\/\\\/www.sesmoreres.com\\\/blog\\\/como-vendimos-una-isla\\\/#primaryimage\"},\"image\":{\"@id\":\"https:\\\/\\\/www.sesmoreres.com\\\/blog\\\/como-vendimos-una-isla\\\/#primaryimage\"},\"thumbnailUrl\":\"https:\\\/\\\/www.sesmoreres.com\\\/blog\\\/wp-content\\\/uploads\\\/2025\\\/06\\\/02-Isla-Colom-Vendido-scaled.jpg\",\"datePublished\":\"2025-06-02T10:08:12+00:00\",\"dateModified\":\"2025-11-21T08:58:03+00:00\",\"description\":\"Uno de los casos m\u00e1s emblem\u00e1ticos fue la venta de la isla de Colom, frente a la costa noreste de Menorca. Una isla privada\",\"breadcrumb\":{\"@id\":\"https:\\\/\\\/www.sesmoreres.com\\\/blog\\\/como-vendimos-una-isla\\\/#breadcrumb\"},\"inLanguage\":\"es\",\"potentialAction\":[{\"@type\":\"ReadAction\",\"target\":[\"https:\\\/\\\/www.sesmoreres.com\\\/blog\\\/como-vendimos-una-isla\\\/\"]}]},{\"@type\":\"ImageObject\",\"inLanguage\":\"es\",\"@id\":\"https:\\\/\\\/www.sesmoreres.com\\\/blog\\\/como-vendimos-una-isla\\\/#primaryimage\",\"url\":\"https:\\\/\\\/www.sesmoreres.com\\\/blog\\\/wp-content\\\/uploads\\\/2025\\\/06\\\/02-Isla-Colom-Vendido-scaled.jpg\",\"contentUrl\":\"https:\\\/\\\/www.sesmoreres.com\\\/blog\\\/wp-content\\\/uploads\\\/2025\\\/06\\\/02-Isla-Colom-Vendido-scaled.jpg\",\"width\":850,\"height\":395,\"caption\":\"Isla den Colom en venta\"},{\"@type\":\"BreadcrumbList\",\"@id\":\"https:\\\/\\\/www.sesmoreres.com\\\/blog\\\/como-vendimos-una-isla\\\/#breadcrumb\",\"itemListElement\":[{\"@type\":\"ListItem\",\"position\":1,\"name\":\"Portada\",\"item\":\"https:\\\/\\\/www.sesmoreres.com\\\/blog\\\/\"},{\"@type\":\"ListItem\",\"position\":2,\"name\":\"C\u00f3mo vendimos una isla\"}]},{\"@type\":\"WebSite\",\"@id\":\"https:\\\/\\\/www.sesmoreres.com\\\/blog\\\/#website\",\"url\":\"https:\\\/\\\/www.sesmoreres.com\\\/blog\\\/\",\"name\":\"Blog sobre Menorca - Ses Moreres\",\"description\":\"Agencia inmobiliaria de Menorca lider en la venta de propiedades de lujo. Fincas r\u00fasticas, casas de campo, chalets, terrenos.\",\"publisher\":{\"@id\":\"https:\\\/\\\/www.sesmoreres.com\\\/blog\\\/#organization\"},\"potentialAction\":[{\"@type\":\"SearchAction\",\"target\":{\"@type\":\"EntryPoint\",\"urlTemplate\":\"https:\\\/\\\/www.sesmoreres.com\\\/blog\\\/?s={search_term_string}\"},\"query-input\":{\"@type\":\"PropertyValueSpecification\",\"valueRequired\":true,\"valueName\":\"search_term_string\"}}],\"inLanguage\":\"es\"},{\"@type\":\"Organization\",\"@id\":\"https:\\\/\\\/www.sesmoreres.com\\\/blog\\\/#organization\",\"name\":\"Ses Moreres\",\"url\":\"https:\\\/\\\/www.sesmoreres.com\\\/blog\\\/\",\"logo\":{\"@type\":\"ImageObject\",\"inLanguage\":\"es\",\"@id\":\"https:\\\/\\\/www.sesmoreres.com\\\/blog\\\/#\\\/schema\\\/logo\\\/image\\\/\",\"url\":\"https:\\\/\\\/www.sesmoreres.com\\\/blog\\\/wp-content\\\/uploads\\\/2019\\\/07\\\/ses-moreres-inmobiliaria-menorca.gif\",\"contentUrl\":\"https:\\\/\\\/www.sesmoreres.com\\\/blog\\\/wp-content\\\/uploads\\\/2019\\\/07\\\/ses-moreres-inmobiliaria-menorca.gif\",\"width\":170,\"height\":95,\"caption\":\"Ses Moreres\"},\"image\":{\"@id\":\"https:\\\/\\\/www.sesmoreres.com\\\/blog\\\/#\\\/schema\\\/logo\\\/image\\\/\"},\"sameAs\":[\"https:\\\/\\\/www.facebook.com\\\/sesmoreres\\\/\",\"https:\\\/\\\/www.instagram.com\\\/inmobiliariasesmoreres\\\/?hl=es\",\"https:\\\/\\\/www.youtube.com\\\/user\\\/sesmoreres\"]},{\"@type\":\"Person\",\"@id\":\"https:\\\/\\\/www.sesmoreres.com\\\/blog\\\/#\\\/schema\\\/person\\\/7c7e14840c5091c536f2386f87710e37\",\"name\":\"Jose\",\"image\":{\"@type\":\"ImageObject\",\"inLanguage\":\"es\",\"@id\":\"https:\\\/\\\/secure.gravatar.com\\\/avatar\\\/b4fc98d81ad2dabadc7b38d8d9cc7d784080dca9704b983ca16b1fd2926445dc?s=96&d=mm&r=g\",\"url\":\"https:\\\/\\\/secure.gravatar.com\\\/avatar\\\/b4fc98d81ad2dabadc7b38d8d9cc7d784080dca9704b983ca16b1fd2926445dc?s=96&d=mm&r=g\",\"contentUrl\":\"https:\\\/\\\/secure.gravatar.com\\\/avatar\\\/b4fc98d81ad2dabadc7b38d8d9cc7d784080dca9704b983ca16b1fd2926445dc?s=96&d=mm&r=g\",\"caption\":\"Jose\"},\"url\":\"https:\\\/\\\/www.sesmoreres.com\\\/blog\\\/author\\\/jose\\\/\"}]}<\/script>\n<!-- \/ Yoast SEO plugin. -->","yoast_head_json":{"title":"C\u00f3mo vendimos una isla - Blog sobre Menorca - Ses Moreres","description":"Uno de los casos m\u00e1s emblem\u00e1ticos fue la venta de la isla de Colom, frente a la costa noreste de Menorca. Una isla privada","robots":{"index":"index","follow":"follow","max-snippet":"max-snippet:-1","max-image-preview":"max-image-preview:large","max-video-preview":"max-video-preview:-1"},"canonical":"https:\/\/www.sesmoreres.com\/blog\/como-vendimos-una-isla\/","og_locale":"es_ES","og_type":"article","og_title":"C\u00f3mo vendimos una isla - Blog sobre Menorca - Ses Moreres","og_description":"Uno de los casos m\u00e1s emblem\u00e1ticos fue la venta de la isla de Colom, frente a la costa noreste de Menorca. Una isla privada","og_url":"https:\/\/www.sesmoreres.com\/blog\/como-vendimos-una-isla\/","og_site_name":"Blog sobre Menorca - Ses Moreres","article_publisher":"https:\/\/www.facebook.com\/sesmoreres\/","article_published_time":"2025-06-02T10:08:12+00:00","article_modified_time":"2025-11-21T08:58:03+00:00","og_image":[{"width":850,"height":395,"url":"https:\/\/www.sesmoreres.com\/blog\/wp-content\/uploads\/2025\/06\/02-Isla-Colom-Vendido-scaled.jpg","type":"image\/jpeg"}],"author":"Jose","twitter_card":"summary_large_image","twitter_misc":{"Escrito por":"Jose","Tiempo de lectura":"3 minutos"},"schema":{"@context":"https:\/\/schema.org","@graph":[{"@type":"Article","@id":"https:\/\/www.sesmoreres.com\/blog\/como-vendimos-una-isla\/#article","isPartOf":{"@id":"https:\/\/www.sesmoreres.com\/blog\/como-vendimos-una-isla\/"},"author":{"name":"Jose","@id":"https:\/\/www.sesmoreres.com\/blog\/#\/schema\/person\/7c7e14840c5091c536f2386f87710e37"},"headline":"C\u00f3mo vendimos una isla","datePublished":"2025-06-02T10:08:12+00:00","dateModified":"2025-11-21T08:58:03+00:00","mainEntityOfPage":{"@id":"https:\/\/www.sesmoreres.com\/blog\/como-vendimos-una-isla\/"},"wordCount":452,"commentCount":0,"publisher":{"@id":"https:\/\/www.sesmoreres.com\/blog\/#organization"},"image":{"@id":"https:\/\/www.sesmoreres.com\/blog\/como-vendimos-una-isla\/#primaryimage"},"thumbnailUrl":"https:\/\/www.sesmoreres.com\/blog\/wp-content\/uploads\/2025\/06\/02-Isla-Colom-Vendido-scaled.jpg","keywords":["isla de Colom","isla en venta","menorca"],"articleSection":["isla colom","isla en venta","menorca"],"inLanguage":"es","potentialAction":[{"@type":"CommentAction","name":"Comment","target":["https:\/\/www.sesmoreres.com\/blog\/como-vendimos-una-isla\/#respond"]}]},{"@type":"WebPage","@id":"https:\/\/www.sesmoreres.com\/blog\/como-vendimos-una-isla\/","url":"https:\/\/www.sesmoreres.com\/blog\/como-vendimos-una-isla\/","name":"C\u00f3mo vendimos una isla - Blog sobre Menorca - Ses Moreres","isPartOf":{"@id":"https:\/\/www.sesmoreres.com\/blog\/#website"},"primaryImageOfPage":{"@id":"https:\/\/www.sesmoreres.com\/blog\/como-vendimos-una-isla\/#primaryimage"},"image":{"@id":"https:\/\/www.sesmoreres.com\/blog\/como-vendimos-una-isla\/#primaryimage"},"thumbnailUrl":"https:\/\/www.sesmoreres.com\/blog\/wp-content\/uploads\/2025\/06\/02-Isla-Colom-Vendido-scaled.jpg","datePublished":"2025-06-02T10:08:12+00:00","dateModified":"2025-11-21T08:58:03+00:00","description":"Uno de los casos m\u00e1s emblem\u00e1ticos fue la venta de la isla de Colom, frente a la costa noreste de Menorca. Una isla privada","breadcrumb":{"@id":"https:\/\/www.sesmoreres.com\/blog\/como-vendimos-una-isla\/#breadcrumb"},"inLanguage":"es","potentialAction":[{"@type":"ReadAction","target":["https:\/\/www.sesmoreres.com\/blog\/como-vendimos-una-isla\/"]}]},{"@type":"ImageObject","inLanguage":"es","@id":"https:\/\/www.sesmoreres.com\/blog\/como-vendimos-una-isla\/#primaryimage","url":"https:\/\/www.sesmoreres.com\/blog\/wp-content\/uploads\/2025\/06\/02-Isla-Colom-Vendido-scaled.jpg","contentUrl":"https:\/\/www.sesmoreres.com\/blog\/wp-content\/uploads\/2025\/06\/02-Isla-Colom-Vendido-scaled.jpg","width":850,"height":395,"caption":"Isla den Colom en venta"},{"@type":"BreadcrumbList","@id":"https:\/\/www.sesmoreres.com\/blog\/como-vendimos-una-isla\/#breadcrumb","itemListElement":[{"@type":"ListItem","position":1,"name":"Portada","item":"https:\/\/www.sesmoreres.com\/blog\/"},{"@type":"ListItem","position":2,"name":"C\u00f3mo vendimos una isla"}]},{"@type":"WebSite","@id":"https:\/\/www.sesmoreres.com\/blog\/#website","url":"https:\/\/www.sesmoreres.com\/blog\/","name":"Blog sobre Menorca - Ses Moreres","description":"Agencia inmobiliaria de Menorca lider en la venta de propiedades de lujo. Fincas r\u00fasticas, casas de campo, chalets, terrenos.","publisher":{"@id":"https:\/\/www.sesmoreres.com\/blog\/#organization"},"potentialAction":[{"@type":"SearchAction","target":{"@type":"EntryPoint","urlTemplate":"https:\/\/www.sesmoreres.com\/blog\/?s={search_term_string}"},"query-input":{"@type":"PropertyValueSpecification","valueRequired":true,"valueName":"search_term_string"}}],"inLanguage":"es"},{"@type":"Organization","@id":"https:\/\/www.sesmoreres.com\/blog\/#organization","name":"Ses Moreres","url":"https:\/\/www.sesmoreres.com\/blog\/","logo":{"@type":"ImageObject","inLanguage":"es","@id":"https:\/\/www.sesmoreres.com\/blog\/#\/schema\/logo\/image\/","url":"https:\/\/www.sesmoreres.com\/blog\/wp-content\/uploads\/2019\/07\/ses-moreres-inmobiliaria-menorca.gif","contentUrl":"https:\/\/www.sesmoreres.com\/blog\/wp-content\/uploads\/2019\/07\/ses-moreres-inmobiliaria-menorca.gif","width":170,"height":95,"caption":"Ses Moreres"},"image":{"@id":"https:\/\/www.sesmoreres.com\/blog\/#\/schema\/logo\/image\/"},"sameAs":["https:\/\/www.facebook.com\/sesmoreres\/","https:\/\/www.instagram.com\/inmobiliariasesmoreres\/?hl=es","https:\/\/www.youtube.com\/user\/sesmoreres"]},{"@type":"Person","@id":"https:\/\/www.sesmoreres.com\/blog\/#\/schema\/person\/7c7e14840c5091c536f2386f87710e37","name":"Jose","image":{"@type":"ImageObject","inLanguage":"es","@id":"https:\/\/secure.gravatar.com\/avatar\/b4fc98d81ad2dabadc7b38d8d9cc7d784080dca9704b983ca16b1fd2926445dc?s=96&d=mm&r=g","url":"https:\/\/secure.gravatar.com\/avatar\/b4fc98d81ad2dabadc7b38d8d9cc7d784080dca9704b983ca16b1fd2926445dc?s=96&d=mm&r=g","contentUrl":"https:\/\/secure.gravatar.com\/avatar\/b4fc98d81ad2dabadc7b38d8d9cc7d784080dca9704b983ca16b1fd2926445dc?s=96&d=mm&r=g","caption":"Jose"},"url":"https:\/\/www.sesmoreres.com\/blog\/author\/jose\/"}]}},"_links":{"self":[{"href":"https:\/\/www.sesmoreres.com\/blog\/wp-json\/wp\/v2\/posts\/2869","targetHints":{"allow":["GET"]}}],"collection":[{"href":"https:\/\/www.sesmoreres.com\/blog\/wp-json\/wp\/v2\/posts"}],"about":[{"href":"https:\/\/www.sesmoreres.com\/blog\/wp-json\/wp\/v2\/types\/post"}],"author":[{"embeddable":true,"href":"https:\/\/www.sesmoreres.com\/blog\/wp-json\/wp\/v2\/users\/2"}],"replies":[{"embeddable":true,"href":"https:\/\/www.sesmoreres.com\/blog\/wp-json\/wp\/v2\/comments?post=2869"}],"version-history":[{"count":8,"href":"https:\/\/www.sesmoreres.com\/blog\/wp-json\/wp\/v2\/posts\/2869\/revisions"}],"predecessor-version":[{"id":2954,"href":"https:\/\/www.sesmoreres.com\/blog\/wp-json\/wp\/v2\/posts\/2869\/revisions\/2954"}],"wp:featuredmedia":[{"embeddable":true,"href":"https:\/\/www.sesmoreres.com\/blog\/wp-json\/wp\/v2\/media\/2876"}],"wp:attachment":[{"href":"https:\/\/www.sesmoreres.com\/blog\/wp-json\/wp\/v2\/media?parent=2869"}],"wp:term":[{"taxonomy":"category","embeddable":true,"href":"https:\/\/www.sesmoreres.com\/blog\/wp-json\/wp\/v2\/categories?post=2869"},{"taxonomy":"post_tag","embeddable":true,"href":"https:\/\/www.sesmoreres.com\/blog\/wp-json\/wp\/v2\/tags?post=2869"}],"curies":[{"name":"wp","href":"https:\/\/api.w.org\/{rel}","templated":true}]}}