{"id":2864,"date":"2025-05-08T18:00:33","date_gmt":"2025-05-08T16:00:33","guid":{"rendered":"https:\/\/www.sesmoreres.com\/blog\/?p=2864"},"modified":"2025-05-08T18:00:33","modified_gmt":"2025-05-08T16:00:33","slug":"primavera-en-menorca-la-isla-en-su-momento-mas-intimo","status":"publish","type":"post","link":"https:\/\/www.sesmoreres.com\/blog\/primavera-en-menorca-la-isla-en-su-momento-mas-intimo\/","title":{"rendered":"Primavera en Menorca: la isla en su momento m\u00e1s \u00edntimo"},"content":{"rendered":"<p class=\"\" data-start=\"223\" data-end=\"525\">Mientras otros destinos a\u00fan duermen el letargo del invierno, Menorca despierta en primavera con una fuerza serena. Es la estaci\u00f3n secreta de la isla, cuando todo florece, pero sin el bullicio. Quien ha vivido una primavera en Menorca lo sabe: es el mejor momento para conectar con su verdadera esencia.<\/p>\n<h3 class=\"\" data-start=\"527\" data-end=\"581\">\ud83c\udfd6\ufe0f <strong data-start=\"535\" data-end=\"581\">Playas casi desiertas y los primeros ba\u00f1os<\/strong><\/h3>\n<p class=\"\" data-start=\"583\" data-end=\"958\">Hay algo profundamente especial en lanzarse al mar por primera vez en el a\u00f1o. Las calas, todav\u00eda silenciosas, se visten de azules puros y verdes esmeralda. No hay sombrillas, ni risas estridentes, ni prisas. Solo t\u00fa, el rumor del agua y la luz amable de abril o mayo. El primer ba\u00f1o es un ritual casi \u00edntimo, donde el Mediterr\u00e1neo se siente m\u00e1s salvaje, m\u00e1s limpio, m\u00e1s tuyo.<\/p>\n<p class=\"\" data-start=\"960\" data-end=\"1200\">\ud83d\udc1f En algunas orillas, grandes peces se acercan a chapotear con una calma inesperada, sin sentir a\u00fan la presi\u00f3n de los turistas ni la amenaza de las aletas. Se mueven despreocupados, como si supieran que esta estaci\u00f3n tambi\u00e9n les pertenece.<\/p>\n<h3 class=\"\" data-start=\"1202\" data-end=\"1247\">\ud83c\udf38 <strong data-start=\"1209\" data-end=\"1247\">Aromas que despiertan los sentidos<\/strong><\/h3>\n<p class=\"\" data-start=\"1249\" data-end=\"1680\">La primavera menorquina no solo se contempla, se respira. El campo se llena de flores silvestres, el romero, el hinojo y la lavanda perfuman los caminos rurales. Y no es casualidad que la famosa <em data-start=\"1444\" data-end=\"1468\">cammamil\u00b7la de Menorca<\/em> \u2014la manzanilla aut\u00f3ctona, de propiedades casi m\u00e1gicas\u2014 florezca precisamente en esta \u00e9poca. Su aroma sutil, mezclado con la brisa marina y el olor a tierra h\u00fameda tras una lluvia, es un perfume que no se olvida.<\/p>\n<h3 class=\"\" data-start=\"1682\" data-end=\"1736\">\ud83c\udf77 <strong data-start=\"1689\" data-end=\"1736\">Restaurantes y vinotecas con tiempo para ti<\/strong><\/h3>\n<p class=\"\" data-start=\"1738\" data-end=\"2208\">Mientras en verano los locales est\u00e1n llenos y el servicio acelerado, en primavera sucede lo contrario: el ritmo es pausado, el trato cercano y las conversaciones fluyen. Los mejores restaurantes y vinotecas de la isla abren sus puertas con entusiasmo, con productos frescos de temporada y un mimo que a veces se pierde cuando llega el aluvi\u00f3n tur\u00edstico. Es la \u00e9poca perfecta para descubrir nuevos vinos, charlar con el sumiller y saborear la cocina menorquina con calma.<\/p>\n<h3 class=\"\" data-start=\"2210\" data-end=\"2242\">\u2728 <strong data-start=\"2216\" data-end=\"2242\">El lujo de lo sencillo<\/strong><\/h3>\n<p class=\"\" data-start=\"2244\" data-end=\"2479\">Primavera en Menorca es para quienes saben que el verdadero lujo est\u00e1 en lo sencillo: una cala para ti solo, un vino compartido sin prisas, el perfume de la tierra tras una lluvia breve, y ese sol suave que acaricia en lugar de quemar.<\/p>\n<p class=\"\" data-start=\"2481\" data-end=\"2622\">Quien viene en primavera, repite. Porque descubre una Menorca aut\u00e9ntica, \u00edntima y hospitalaria.<br data-start=\"2576\" data-end=\"2579\" \/>La Menorca de los locales. La Menorca real.<\/p>\n<hr class=\"\" data-start=\"2624\" data-end=\"2627\" \/>\n<p class=\"\" data-start=\"2629\" data-end=\"2842\">\ud83d\udc49 <strong data-start=\"268\" data-end=\"374\">Si alguna vez te has planteado c\u00f3mo ser\u00eda vivir aqu\u00ed todo el a\u00f1o, puedes descubrirlo con <a href=\"https:\/\/www.sesmoreres.com\/blog\/como-se-vive-en-menorca\/\">un solo clic<\/a>.<\/strong><\/p>\n<p class=\"\" data-start=\"2629\" data-end=\"2842\">\ud83c\udfe1 <strong data-start=\"2632\" data-end=\"2775\">Y si alguna vez has so\u00f1ado con vivir esta Menorca sin filtros, en Ses Moreres tenemos casas que respiran lo mismo que la isla en primavera.<\/strong><br data-start=\"2775\" data-end=\"2778\" \/><a class=\"\" href=\"https:\/\/www.sesmoreres.com\" target=\"_new\" rel=\"noopener\" data-start=\"2778\" data-end=\"2842\">Descubre nuestras propiedades aqu\u00ed<\/a><\/p>\n","protected":false},"excerpt":{"rendered":"<p>Mientras otros destinos a\u00fan duermen el letargo del invierno, Menorca despierta en primavera con una fuerza serena. Es la estaci\u00f3n secreta de la isla, cuando todo florece, pero sin el bullicio. Quien ha vivido una primavera en Menorca lo sabe: &hellip; <a href=\"https:\/\/www.sesmoreres.com\/blog\/primavera-en-menorca-la-isla-en-su-momento-mas-intimo\/\">Continuar<\/a><\/p>\n","protected":false},"author":2,"featured_media":2867,"comment_status":"open","ping_status":"open","sticky":false,"template":"","format":"standard","meta":{"footnotes":""},"categories":[232,1007,618],"tags":[610,1008,619],"class_list":["post-2864","post","type-post","status-publish","format-standard","has-post-thumbnail","hentry","category-menorca","category-primavera","category-vivir-en-menorca","tag-menorca","tag-primavera","tag-vivir-en-menorca"],"yoast_head":"<!-- This site is optimized with the Yoast SEO plugin v27.5 - https:\/\/yoast.com\/product\/yoast-seo-wordpress\/ -->\n<title>Primavera en Menorca: la isla en su momento m\u00e1s \u00edntimo - Blog sobre Menorca - Ses Moreres<\/title>\n<meta name=\"description\" content=\"Mientras otros destinos a\u00fan duermen el letargo del invierno, Menorca despierta en primavera con una fuerza serena. Es la estaci\u00f3n secreta\" \/>\n<meta name=\"robots\" content=\"index, follow, max-snippet:-1, max-image-preview:large, max-video-preview:-1\" \/>\n<link rel=\"canonical\" href=\"https:\/\/www.sesmoreres.com\/blog\/primavera-en-menorca-la-isla-en-su-momento-mas-intimo\/\" \/>\n<meta property=\"og:locale\" content=\"es_ES\" \/>\n<meta property=\"og:type\" content=\"article\" \/>\n<meta property=\"og:title\" content=\"Primavera en Menorca: la isla en su momento m\u00e1s \u00edntimo - Blog sobre Menorca - Ses Moreres\" \/>\n<meta property=\"og:description\" content=\"Mientras otros destinos a\u00fan duermen el letargo del invierno, Menorca despierta en primavera con una fuerza serena. Es la estaci\u00f3n secreta\" \/>\n<meta property=\"og:url\" content=\"https:\/\/www.sesmoreres.com\/blog\/primavera-en-menorca-la-isla-en-su-momento-mas-intimo\/\" \/>\n<meta property=\"og:site_name\" content=\"Blog sobre Menorca - Ses Moreres\" \/>\n<meta property=\"article:publisher\" content=\"https:\/\/www.facebook.com\/sesmoreres\/\" \/>\n<meta property=\"article:published_time\" content=\"2025-05-08T16:00:33+00:00\" \/>\n<meta property=\"og:image\" content=\"https:\/\/www.sesmoreres.com\/blog\/wp-content\/uploads\/2025\/05\/Menorca-en-primavera-scaled.jpg\" \/>\n\t<meta property=\"og:image:width\" content=\"568\" \/>\n\t<meta property=\"og:image:height\" content=\"850\" \/>\n\t<meta property=\"og:image:type\" content=\"image\/jpeg\" \/>\n<meta name=\"author\" content=\"Jose\" \/>\n<meta name=\"twitter:card\" content=\"summary_large_image\" \/>\n<meta name=\"twitter:label1\" content=\"Escrito por\" \/>\n\t<meta name=\"twitter:data1\" content=\"Jose\" \/>\n\t<meta name=\"twitter:label2\" content=\"Tiempo de lectura\" \/>\n\t<meta name=\"twitter:data2\" content=\"3 minutos\" \/>\n<script type=\"application\/ld+json\" class=\"yoast-schema-graph\">{\"@context\":\"https:\\\/\\\/schema.org\",\"@graph\":[{\"@type\":\"Article\",\"@id\":\"https:\\\/\\\/www.sesmoreres.com\\\/blog\\\/primavera-en-menorca-la-isla-en-su-momento-mas-intimo\\\/#article\",\"isPartOf\":{\"@id\":\"https:\\\/\\\/www.sesmoreres.com\\\/blog\\\/primavera-en-menorca-la-isla-en-su-momento-mas-intimo\\\/\"},\"author\":{\"name\":\"Jose\",\"@id\":\"https:\\\/\\\/www.sesmoreres.com\\\/blog\\\/#\\\/schema\\\/person\\\/7c7e14840c5091c536f2386f87710e37\"},\"headline\":\"Primavera en Menorca: la isla en su momento m\u00e1s \u00edntimo\",\"datePublished\":\"2025-05-08T16:00:33+00:00\",\"mainEntityOfPage\":{\"@id\":\"https:\\\/\\\/www.sesmoreres.com\\\/blog\\\/primavera-en-menorca-la-isla-en-su-momento-mas-intimo\\\/\"},\"wordCount\":481,\"commentCount\":0,\"publisher\":{\"@id\":\"https:\\\/\\\/www.sesmoreres.com\\\/blog\\\/#organization\"},\"image\":{\"@id\":\"https:\\\/\\\/www.sesmoreres.com\\\/blog\\\/primavera-en-menorca-la-isla-en-su-momento-mas-intimo\\\/#primaryimage\"},\"thumbnailUrl\":\"https:\\\/\\\/www.sesmoreres.com\\\/blog\\\/wp-content\\\/uploads\\\/2025\\\/05\\\/Menorca-en-primavera-scaled.jpg\",\"keywords\":[\"menorca\",\"primavera\",\"vivir en Menorca\"],\"articleSection\":[\"menorca\",\"Primavera\",\"vivir en Menorca\"],\"inLanguage\":\"es\",\"potentialAction\":[{\"@type\":\"CommentAction\",\"name\":\"Comment\",\"target\":[\"https:\\\/\\\/www.sesmoreres.com\\\/blog\\\/primavera-en-menorca-la-isla-en-su-momento-mas-intimo\\\/#respond\"]}]},{\"@type\":\"WebPage\",\"@id\":\"https:\\\/\\\/www.sesmoreres.com\\\/blog\\\/primavera-en-menorca-la-isla-en-su-momento-mas-intimo\\\/\",\"url\":\"https:\\\/\\\/www.sesmoreres.com\\\/blog\\\/primavera-en-menorca-la-isla-en-su-momento-mas-intimo\\\/\",\"name\":\"Primavera en Menorca: la isla en su momento m\u00e1s \u00edntimo - Blog sobre Menorca - Ses Moreres\",\"isPartOf\":{\"@id\":\"https:\\\/\\\/www.sesmoreres.com\\\/blog\\\/#website\"},\"primaryImageOfPage\":{\"@id\":\"https:\\\/\\\/www.sesmoreres.com\\\/blog\\\/primavera-en-menorca-la-isla-en-su-momento-mas-intimo\\\/#primaryimage\"},\"image\":{\"@id\":\"https:\\\/\\\/www.sesmoreres.com\\\/blog\\\/primavera-en-menorca-la-isla-en-su-momento-mas-intimo\\\/#primaryimage\"},\"thumbnailUrl\":\"https:\\\/\\\/www.sesmoreres.com\\\/blog\\\/wp-content\\\/uploads\\\/2025\\\/05\\\/Menorca-en-primavera-scaled.jpg\",\"datePublished\":\"2025-05-08T16:00:33+00:00\",\"description\":\"Mientras otros destinos a\u00fan duermen el letargo del invierno, Menorca despierta en primavera con una fuerza serena. Es la estaci\u00f3n secreta\",\"breadcrumb\":{\"@id\":\"https:\\\/\\\/www.sesmoreres.com\\\/blog\\\/primavera-en-menorca-la-isla-en-su-momento-mas-intimo\\\/#breadcrumb\"},\"inLanguage\":\"es\",\"potentialAction\":[{\"@type\":\"ReadAction\",\"target\":[\"https:\\\/\\\/www.sesmoreres.com\\\/blog\\\/primavera-en-menorca-la-isla-en-su-momento-mas-intimo\\\/\"]}]},{\"@type\":\"ImageObject\",\"inLanguage\":\"es\",\"@id\":\"https:\\\/\\\/www.sesmoreres.com\\\/blog\\\/primavera-en-menorca-la-isla-en-su-momento-mas-intimo\\\/#primaryimage\",\"url\":\"https:\\\/\\\/www.sesmoreres.com\\\/blog\\\/wp-content\\\/uploads\\\/2025\\\/05\\\/Menorca-en-primavera-scaled.jpg\",\"contentUrl\":\"https:\\\/\\\/www.sesmoreres.com\\\/blog\\\/wp-content\\\/uploads\\\/2025\\\/05\\\/Menorca-en-primavera-scaled.jpg\",\"width\":568,\"height\":850,\"caption\":\"Menorca en primavera, vegetacion, camamil\u00b7la, manzanilla\"},{\"@type\":\"BreadcrumbList\",\"@id\":\"https:\\\/\\\/www.sesmoreres.com\\\/blog\\\/primavera-en-menorca-la-isla-en-su-momento-mas-intimo\\\/#breadcrumb\",\"itemListElement\":[{\"@type\":\"ListItem\",\"position\":1,\"name\":\"Portada\",\"item\":\"https:\\\/\\\/www.sesmoreres.com\\\/blog\\\/\"},{\"@type\":\"ListItem\",\"position\":2,\"name\":\"Primavera en Menorca: la isla en su momento m\u00e1s \u00edntimo\"}]},{\"@type\":\"WebSite\",\"@id\":\"https:\\\/\\\/www.sesmoreres.com\\\/blog\\\/#website\",\"url\":\"https:\\\/\\\/www.sesmoreres.com\\\/blog\\\/\",\"name\":\"Blog sobre Menorca - Ses Moreres\",\"description\":\"Agencia inmobiliaria de Menorca lider en la venta de propiedades de lujo. Fincas r\u00fasticas, casas de campo, chalets, terrenos.\",\"publisher\":{\"@id\":\"https:\\\/\\\/www.sesmoreres.com\\\/blog\\\/#organization\"},\"potentialAction\":[{\"@type\":\"SearchAction\",\"target\":{\"@type\":\"EntryPoint\",\"urlTemplate\":\"https:\\\/\\\/www.sesmoreres.com\\\/blog\\\/?s={search_term_string}\"},\"query-input\":{\"@type\":\"PropertyValueSpecification\",\"valueRequired\":true,\"valueName\":\"search_term_string\"}}],\"inLanguage\":\"es\"},{\"@type\":\"Organization\",\"@id\":\"https:\\\/\\\/www.sesmoreres.com\\\/blog\\\/#organization\",\"name\":\"Ses Moreres\",\"url\":\"https:\\\/\\\/www.sesmoreres.com\\\/blog\\\/\",\"logo\":{\"@type\":\"ImageObject\",\"inLanguage\":\"es\",\"@id\":\"https:\\\/\\\/www.sesmoreres.com\\\/blog\\\/#\\\/schema\\\/logo\\\/image\\\/\",\"url\":\"https:\\\/\\\/www.sesmoreres.com\\\/blog\\\/wp-content\\\/uploads\\\/2019\\\/07\\\/ses-moreres-inmobiliaria-menorca.gif\",\"contentUrl\":\"https:\\\/\\\/www.sesmoreres.com\\\/blog\\\/wp-content\\\/uploads\\\/2019\\\/07\\\/ses-moreres-inmobiliaria-menorca.gif\",\"width\":170,\"height\":95,\"caption\":\"Ses Moreres\"},\"image\":{\"@id\":\"https:\\\/\\\/www.sesmoreres.com\\\/blog\\\/#\\\/schema\\\/logo\\\/image\\\/\"},\"sameAs\":[\"https:\\\/\\\/www.facebook.com\\\/sesmoreres\\\/\",\"https:\\\/\\\/www.instagram.com\\\/inmobiliariasesmoreres\\\/?hl=es\",\"https:\\\/\\\/www.youtube.com\\\/user\\\/sesmoreres\"]},{\"@type\":\"Person\",\"@id\":\"https:\\\/\\\/www.sesmoreres.com\\\/blog\\\/#\\\/schema\\\/person\\\/7c7e14840c5091c536f2386f87710e37\",\"name\":\"Jose\",\"image\":{\"@type\":\"ImageObject\",\"inLanguage\":\"es\",\"@id\":\"https:\\\/\\\/secure.gravatar.com\\\/avatar\\\/b4fc98d81ad2dabadc7b38d8d9cc7d784080dca9704b983ca16b1fd2926445dc?s=96&d=mm&r=g\",\"url\":\"https:\\\/\\\/secure.gravatar.com\\\/avatar\\\/b4fc98d81ad2dabadc7b38d8d9cc7d784080dca9704b983ca16b1fd2926445dc?s=96&d=mm&r=g\",\"contentUrl\":\"https:\\\/\\\/secure.gravatar.com\\\/avatar\\\/b4fc98d81ad2dabadc7b38d8d9cc7d784080dca9704b983ca16b1fd2926445dc?s=96&d=mm&r=g\",\"caption\":\"Jose\"},\"url\":\"https:\\\/\\\/www.sesmoreres.com\\\/blog\\\/author\\\/jose\\\/\"}]}<\/script>\n<!-- \/ Yoast SEO plugin. -->","yoast_head_json":{"title":"Primavera en Menorca: la isla en su momento m\u00e1s \u00edntimo - Blog sobre Menorca - Ses Moreres","description":"Mientras otros destinos a\u00fan duermen el letargo del invierno, Menorca despierta en primavera con una fuerza serena. Es la estaci\u00f3n secreta","robots":{"index":"index","follow":"follow","max-snippet":"max-snippet:-1","max-image-preview":"max-image-preview:large","max-video-preview":"max-video-preview:-1"},"canonical":"https:\/\/www.sesmoreres.com\/blog\/primavera-en-menorca-la-isla-en-su-momento-mas-intimo\/","og_locale":"es_ES","og_type":"article","og_title":"Primavera en Menorca: la isla en su momento m\u00e1s \u00edntimo - Blog sobre Menorca - Ses Moreres","og_description":"Mientras otros destinos a\u00fan duermen el letargo del invierno, Menorca despierta en primavera con una fuerza serena. Es la estaci\u00f3n secreta","og_url":"https:\/\/www.sesmoreres.com\/blog\/primavera-en-menorca-la-isla-en-su-momento-mas-intimo\/","og_site_name":"Blog sobre Menorca - Ses Moreres","article_publisher":"https:\/\/www.facebook.com\/sesmoreres\/","article_published_time":"2025-05-08T16:00:33+00:00","og_image":[{"width":568,"height":850,"url":"https:\/\/www.sesmoreres.com\/blog\/wp-content\/uploads\/2025\/05\/Menorca-en-primavera-scaled.jpg","type":"image\/jpeg"}],"author":"Jose","twitter_card":"summary_large_image","twitter_misc":{"Escrito por":"Jose","Tiempo de lectura":"3 minutos"},"schema":{"@context":"https:\/\/schema.org","@graph":[{"@type":"Article","@id":"https:\/\/www.sesmoreres.com\/blog\/primavera-en-menorca-la-isla-en-su-momento-mas-intimo\/#article","isPartOf":{"@id":"https:\/\/www.sesmoreres.com\/blog\/primavera-en-menorca-la-isla-en-su-momento-mas-intimo\/"},"author":{"name":"Jose","@id":"https:\/\/www.sesmoreres.com\/blog\/#\/schema\/person\/7c7e14840c5091c536f2386f87710e37"},"headline":"Primavera en Menorca: la isla en su momento m\u00e1s \u00edntimo","datePublished":"2025-05-08T16:00:33+00:00","mainEntityOfPage":{"@id":"https:\/\/www.sesmoreres.com\/blog\/primavera-en-menorca-la-isla-en-su-momento-mas-intimo\/"},"wordCount":481,"commentCount":0,"publisher":{"@id":"https:\/\/www.sesmoreres.com\/blog\/#organization"},"image":{"@id":"https:\/\/www.sesmoreres.com\/blog\/primavera-en-menorca-la-isla-en-su-momento-mas-intimo\/#primaryimage"},"thumbnailUrl":"https:\/\/www.sesmoreres.com\/blog\/wp-content\/uploads\/2025\/05\/Menorca-en-primavera-scaled.jpg","keywords":["menorca","primavera","vivir en Menorca"],"articleSection":["menorca","Primavera","vivir en Menorca"],"inLanguage":"es","potentialAction":[{"@type":"CommentAction","name":"Comment","target":["https:\/\/www.sesmoreres.com\/blog\/primavera-en-menorca-la-isla-en-su-momento-mas-intimo\/#respond"]}]},{"@type":"WebPage","@id":"https:\/\/www.sesmoreres.com\/blog\/primavera-en-menorca-la-isla-en-su-momento-mas-intimo\/","url":"https:\/\/www.sesmoreres.com\/blog\/primavera-en-menorca-la-isla-en-su-momento-mas-intimo\/","name":"Primavera en Menorca: la isla en su momento m\u00e1s \u00edntimo - Blog sobre Menorca - Ses Moreres","isPartOf":{"@id":"https:\/\/www.sesmoreres.com\/blog\/#website"},"primaryImageOfPage":{"@id":"https:\/\/www.sesmoreres.com\/blog\/primavera-en-menorca-la-isla-en-su-momento-mas-intimo\/#primaryimage"},"image":{"@id":"https:\/\/www.sesmoreres.com\/blog\/primavera-en-menorca-la-isla-en-su-momento-mas-intimo\/#primaryimage"},"thumbnailUrl":"https:\/\/www.sesmoreres.com\/blog\/wp-content\/uploads\/2025\/05\/Menorca-en-primavera-scaled.jpg","datePublished":"2025-05-08T16:00:33+00:00","description":"Mientras otros destinos a\u00fan duermen el letargo del invierno, Menorca despierta en primavera con una fuerza serena. Es la estaci\u00f3n secreta","breadcrumb":{"@id":"https:\/\/www.sesmoreres.com\/blog\/primavera-en-menorca-la-isla-en-su-momento-mas-intimo\/#breadcrumb"},"inLanguage":"es","potentialAction":[{"@type":"ReadAction","target":["https:\/\/www.sesmoreres.com\/blog\/primavera-en-menorca-la-isla-en-su-momento-mas-intimo\/"]}]},{"@type":"ImageObject","inLanguage":"es","@id":"https:\/\/www.sesmoreres.com\/blog\/primavera-en-menorca-la-isla-en-su-momento-mas-intimo\/#primaryimage","url":"https:\/\/www.sesmoreres.com\/blog\/wp-content\/uploads\/2025\/05\/Menorca-en-primavera-scaled.jpg","contentUrl":"https:\/\/www.sesmoreres.com\/blog\/wp-content\/uploads\/2025\/05\/Menorca-en-primavera-scaled.jpg","width":568,"height":850,"caption":"Menorca en primavera, vegetacion, camamil\u00b7la, manzanilla"},{"@type":"BreadcrumbList","@id":"https:\/\/www.sesmoreres.com\/blog\/primavera-en-menorca-la-isla-en-su-momento-mas-intimo\/#breadcrumb","itemListElement":[{"@type":"ListItem","position":1,"name":"Portada","item":"https:\/\/www.sesmoreres.com\/blog\/"},{"@type":"ListItem","position":2,"name":"Primavera en Menorca: la isla en su momento m\u00e1s \u00edntimo"}]},{"@type":"WebSite","@id":"https:\/\/www.sesmoreres.com\/blog\/#website","url":"https:\/\/www.sesmoreres.com\/blog\/","name":"Blog sobre Menorca - Ses Moreres","description":"Agencia inmobiliaria de Menorca lider en la venta de propiedades de lujo. Fincas r\u00fasticas, casas de campo, chalets, terrenos.","publisher":{"@id":"https:\/\/www.sesmoreres.com\/blog\/#organization"},"potentialAction":[{"@type":"SearchAction","target":{"@type":"EntryPoint","urlTemplate":"https:\/\/www.sesmoreres.com\/blog\/?s={search_term_string}"},"query-input":{"@type":"PropertyValueSpecification","valueRequired":true,"valueName":"search_term_string"}}],"inLanguage":"es"},{"@type":"Organization","@id":"https:\/\/www.sesmoreres.com\/blog\/#organization","name":"Ses Moreres","url":"https:\/\/www.sesmoreres.com\/blog\/","logo":{"@type":"ImageObject","inLanguage":"es","@id":"https:\/\/www.sesmoreres.com\/blog\/#\/schema\/logo\/image\/","url":"https:\/\/www.sesmoreres.com\/blog\/wp-content\/uploads\/2019\/07\/ses-moreres-inmobiliaria-menorca.gif","contentUrl":"https:\/\/www.sesmoreres.com\/blog\/wp-content\/uploads\/2019\/07\/ses-moreres-inmobiliaria-menorca.gif","width":170,"height":95,"caption":"Ses Moreres"},"image":{"@id":"https:\/\/www.sesmoreres.com\/blog\/#\/schema\/logo\/image\/"},"sameAs":["https:\/\/www.facebook.com\/sesmoreres\/","https:\/\/www.instagram.com\/inmobiliariasesmoreres\/?hl=es","https:\/\/www.youtube.com\/user\/sesmoreres"]},{"@type":"Person","@id":"https:\/\/www.sesmoreres.com\/blog\/#\/schema\/person\/7c7e14840c5091c536f2386f87710e37","name":"Jose","image":{"@type":"ImageObject","inLanguage":"es","@id":"https:\/\/secure.gravatar.com\/avatar\/b4fc98d81ad2dabadc7b38d8d9cc7d784080dca9704b983ca16b1fd2926445dc?s=96&d=mm&r=g","url":"https:\/\/secure.gravatar.com\/avatar\/b4fc98d81ad2dabadc7b38d8d9cc7d784080dca9704b983ca16b1fd2926445dc?s=96&d=mm&r=g","contentUrl":"https:\/\/secure.gravatar.com\/avatar\/b4fc98d81ad2dabadc7b38d8d9cc7d784080dca9704b983ca16b1fd2926445dc?s=96&d=mm&r=g","caption":"Jose"},"url":"https:\/\/www.sesmoreres.com\/blog\/author\/jose\/"}]}},"_links":{"self":[{"href":"https:\/\/www.sesmoreres.com\/blog\/wp-json\/wp\/v2\/posts\/2864","targetHints":{"allow":["GET"]}}],"collection":[{"href":"https:\/\/www.sesmoreres.com\/blog\/wp-json\/wp\/v2\/posts"}],"about":[{"href":"https:\/\/www.sesmoreres.com\/blog\/wp-json\/wp\/v2\/types\/post"}],"author":[{"embeddable":true,"href":"https:\/\/www.sesmoreres.com\/blog\/wp-json\/wp\/v2\/users\/2"}],"replies":[{"embeddable":true,"href":"https:\/\/www.sesmoreres.com\/blog\/wp-json\/wp\/v2\/comments?post=2864"}],"version-history":[{"count":2,"href":"https:\/\/www.sesmoreres.com\/blog\/wp-json\/wp\/v2\/posts\/2864\/revisions"}],"predecessor-version":[{"id":2866,"href":"https:\/\/www.sesmoreres.com\/blog\/wp-json\/wp\/v2\/posts\/2864\/revisions\/2866"}],"wp:featuredmedia":[{"embeddable":true,"href":"https:\/\/www.sesmoreres.com\/blog\/wp-json\/wp\/v2\/media\/2867"}],"wp:attachment":[{"href":"https:\/\/www.sesmoreres.com\/blog\/wp-json\/wp\/v2\/media?parent=2864"}],"wp:term":[{"taxonomy":"category","embeddable":true,"href":"https:\/\/www.sesmoreres.com\/blog\/wp-json\/wp\/v2\/categories?post=2864"},{"taxonomy":"post_tag","embeddable":true,"href":"https:\/\/www.sesmoreres.com\/blog\/wp-json\/wp\/v2\/tags?post=2864"}],"curies":[{"name":"wp","href":"https:\/\/api.w.org\/{rel}","templated":true}]}}