{"id":2444,"date":"2024-08-20T14:54:22","date_gmt":"2024-08-20T12:54:22","guid":{"rendered":"https:\/\/www.sesmoreres.com\/blog\/?p=2444"},"modified":"2024-08-20T14:58:08","modified_gmt":"2024-08-20T12:58:08","slug":"nuevo-plan-del-puerto-de-mahon-modernizacion-y-tradicion","status":"publish","type":"post","link":"https:\/\/www.sesmoreres.com\/blog\/nuevo-plan-del-puerto-de-mahon-modernizacion-y-tradicion\/","title":{"rendered":"Nuevo Plan del Puerto de Mah\u00f3n: Modernizaci\u00f3n y Tradici\u00f3n"},"content":{"rendered":"<p>&nbsp;<\/p>\n<p>\u00a1Imagina que est\u00e1s en Mah\u00f3n, disfrutando del sol y la brisa marina, cuando te enteras de que el puerto est\u00e1 a punto de recibir un cambio de look importante! El <a href=\"https:\/\/www.portsdebalears.com\/sites\/default\/files\/webform\/MEMORIA%20DEFINITIVA%20(JUL%2023)_signed_signed_signed_signed_signed.pdf\"><strong>Proyecto de Delimitaci\u00f3n de Espacios y Usos Portuarios (DEUP)<\/strong><\/a> es la \u00faltima propuesta que busca darle un giro moderno y funcional al Puerto de Ma\u00f3, sin perder ese encanto natural que tanto amamos de Menorca.<\/p>\n<table width=\"100%\">\n<tbody>\n<tr>\n<td><img decoding=\"async\" class=\"size-medium wp-image-2450 aligncenter lazyload\" data-src=\"https:\/\/www.sesmoreres.com\/blog\/wp-content\/uploads\/2024\/08\/veleros-puerto-de-mahon-300x200.jpg\" alt=\"\" width=\"300\" height=\"200\" data-srcset=\"https:\/\/www.sesmoreres.com\/blog\/wp-content\/uploads\/2024\/08\/veleros-puerto-de-mahon-300x200.jpg 300w, https:\/\/www.sesmoreres.com\/blog\/wp-content\/uploads\/2024\/08\/veleros-puerto-de-mahon-768x512.jpg 768w, https:\/\/www.sesmoreres.com\/blog\/wp-content\/uploads\/2024\/08\/veleros-puerto-de-mahon-scaled.jpg 850w\" data-sizes=\"(max-width: 300px) 100vw, 300px\" src=\"data:image\/svg+xml;base64,PHN2ZyB3aWR0aD0iMSIgaGVpZ2h0PSIxIiB4bWxucz0iaHR0cDovL3d3dy53My5vcmcvMjAwMC9zdmciPjwvc3ZnPg==\" style=\"--smush-placeholder-width: 300px; --smush-placeholder-aspect-ratio: 300\/200;\" \/><\/td>\n<td><img decoding=\"async\" class=\"size-medium wp-image-2448 aligncenter lazyload\" data-src=\"https:\/\/www.sesmoreres.com\/blog\/wp-content\/uploads\/2024\/08\/playa-secreta-en-menorca-300x200.jpg\" alt=\"\" width=\"300\" height=\"200\" data-srcset=\"https:\/\/www.sesmoreres.com\/blog\/wp-content\/uploads\/2024\/08\/playa-secreta-en-menorca-300x200.jpg 300w, https:\/\/www.sesmoreres.com\/blog\/wp-content\/uploads\/2024\/08\/playa-secreta-en-menorca-768x512.jpg 768w, https:\/\/www.sesmoreres.com\/blog\/wp-content\/uploads\/2024\/08\/playa-secreta-en-menorca-scaled.jpg 850w\" data-sizes=\"(max-width: 300px) 100vw, 300px\" src=\"data:image\/svg+xml;base64,PHN2ZyB3aWR0aD0iMSIgaGVpZ2h0PSIxIiB4bWxucz0iaHR0cDovL3d3dy53My5vcmcvMjAwMC9zdmciPjwvc3ZnPg==\" style=\"--smush-placeholder-width: 300px; --smush-placeholder-aspect-ratio: 300\/200;\" \/><\/td>\n<td><img decoding=\"async\" class=\"size-medium wp-image-2447 aligncenter lazyload\" data-src=\"https:\/\/www.sesmoreres.com\/blog\/wp-content\/uploads\/2024\/08\/playa-secreta-en-mao-300x200.jpg\" alt=\"\" width=\"300\" height=\"200\" data-srcset=\"https:\/\/www.sesmoreres.com\/blog\/wp-content\/uploads\/2024\/08\/playa-secreta-en-mao-300x200.jpg 300w, https:\/\/www.sesmoreres.com\/blog\/wp-content\/uploads\/2024\/08\/playa-secreta-en-mao-768x512.jpg 768w, https:\/\/www.sesmoreres.com\/blog\/wp-content\/uploads\/2024\/08\/playa-secreta-en-mao-scaled.jpg 850w\" data-sizes=\"(max-width: 300px) 100vw, 300px\" src=\"data:image\/svg+xml;base64,PHN2ZyB3aWR0aD0iMSIgaGVpZ2h0PSIxIiB4bWxucz0iaHR0cDovL3d3dy53My5vcmcvMjAwMC9zdmciPjwvc3ZnPg==\" style=\"--smush-placeholder-width: 300px; --smush-placeholder-aspect-ratio: 300\/200;\" \/><\/td>\n<\/tr>\n<\/tbody>\n<\/table>\n<p>&nbsp;<\/p>\n<p><strong>\u00bfQu\u00e9 es lo que est\u00e1n planeando?<\/strong><\/p>\n<p>Pues bien, la idea principal es redefinir c\u00f3mo se usan los espacios en el puerto para que todo funcione como una m\u00e1quina bien aceitada. Desde mejorar las infraestructuras para que m\u00e1s barcos puedan atracar sin problemas, hasta hacer que la ciudad y el puerto est\u00e9n m\u00e1s conectados que nunca. \u00bfTe imaginas poder pasear por un puerto m\u00e1s accesible, con zonas para relajarte y disfrutar del entorno?<\/p>\n<p><strong>\u00a0<\/strong><\/p>\n<p><strong>\u00bfY qu\u00e9 pasa con la naturaleza?<\/strong><\/p>\n<p>Tranquilo, que no se van a cargar el paisaje. De hecho, uno de los pilares de este plan es la sostenibilidad. Como Menorca es una Reserva de la Biosfera, cualquier cambio tiene que ser s\u00faper amigable con el medio ambiente. As\u00ed que, s\u00ed, seguir\u00e1s teniendo esas vistas impresionantes, pero con un puerto m\u00e1s chulo y funcional.<\/p>\n<p>&nbsp;<\/p>\n<p><strong>\u00bfQu\u00e9 m\u00e1s se viene?<\/strong><\/p>\n<p>Habr\u00e1 un poquito de todo: mejoras en la zona de aguas para que el tr\u00e1fico mar\u00edtimo sea pan comido, nuevos espacios para actividades culturales y, por supuesto, todo sin perder de vista que el puerto tiene que seguir siendo un lugar donde todos puedan disfrutar.<\/p>\n<p>&nbsp;<\/p>\n<p>En resumen, Mah\u00f3n est\u00e1 preparando su puerto para el futuro, haci\u00e9ndolo m\u00e1s accesible y sostenible, y d\u00e1ndole una buena dosis de modernidad. As\u00ed que, si eres de los que disfruta de un paseo por el puerto, prep\u00e1rate para ver c\u00f3mo este lugar se transforma en algo a\u00fan m\u00e1s especial. \u00a1Mah\u00f3n se pone guapo!<\/p>\n<p>&nbsp;<\/p>\n<p>Si quieres vivir la experiencia marinera, aqu\u00ed te dejamos algunas opciones de <a href=\"https:\/\/www.sesmoreres.com\/en-venta\/casa-reformada-con-espectaculares-vistas-al-puerto-en-mahon-menorca\/5449\/\">casas en venta en el puerto de Mah\u00f3n<\/a>. \u00a1Tu nueva vida junto al mar te espera!<\/p>\n<p>&nbsp;<\/p>\n<table width=\"100%\">\n<tbody>\n<tr>\n<td><\/td>\n<td><img decoding=\"async\" class=\"wp-image-2449 size-large aligncenter lazyload\" data-src=\"https:\/\/www.sesmoreres.com\/blog\/wp-content\/uploads\/2024\/08\/puerto-de-mahon-noche-1024x427.jpg\" alt=\"\" width=\"1024\" height=\"427\" data-srcset=\"https:\/\/www.sesmoreres.com\/blog\/wp-content\/uploads\/2024\/08\/puerto-de-mahon-noche-1024x427.jpg 1024w, https:\/\/www.sesmoreres.com\/blog\/wp-content\/uploads\/2024\/08\/puerto-de-mahon-noche-300x125.jpg 300w, https:\/\/www.sesmoreres.com\/blog\/wp-content\/uploads\/2024\/08\/puerto-de-mahon-noche-768x320.jpg 768w, https:\/\/www.sesmoreres.com\/blog\/wp-content\/uploads\/2024\/08\/puerto-de-mahon-noche-1536x640.jpg 1536w, https:\/\/www.sesmoreres.com\/blog\/wp-content\/uploads\/2024\/08\/puerto-de-mahon-noche-2048x853.jpg 2048w, https:\/\/www.sesmoreres.com\/blog\/wp-content\/uploads\/2024\/08\/puerto-de-mahon-noche-scaled.jpg 850w\" data-sizes=\"(max-width: 1024px) 100vw, 1024px\" src=\"data:image\/svg+xml;base64,PHN2ZyB3aWR0aD0iMSIgaGVpZ2h0PSIxIiB4bWxucz0iaHR0cDovL3d3dy53My5vcmcvMjAwMC9zdmciPjwvc3ZnPg==\" style=\"--smush-placeholder-width: 1024px; --smush-placeholder-aspect-ratio: 1024\/427;\" \/><\/td>\n<td><\/td>\n<\/tr>\n<\/tbody>\n<\/table>\n","protected":false},"excerpt":{"rendered":"<p>&nbsp; \u00a1Imagina que est\u00e1s en Mah\u00f3n, disfrutando del sol y la brisa marina, cuando te enteras de que el puerto est\u00e1 a punto de recibir un cambio de look importante! El Proyecto de Delimitaci\u00f3n de Espacios y Usos Portuarios (DEUP) &hellip; <a href=\"https:\/\/www.sesmoreres.com\/blog\/nuevo-plan-del-puerto-de-mahon-modernizacion-y-tradicion\/\">Continuar<\/a><\/p>\n","protected":false},"author":5,"featured_media":2450,"comment_status":"open","ping_status":"open","sticky":false,"template":"","format":"standard","meta":{"footnotes":""},"categories":[322,241,984,618],"tags":[641,711,688,619],"class_list":["post-2444","post","type-post","status-publish","format-standard","has-post-thumbnail","hentry","category-inmobiliaria","category-primera-linea","category-puerto-de-mahon","category-vivir-en-menorca","tag-agencia-inmobiliaria-menorca","tag-puerto-de-mahon","tag-vistas-al-mar","tag-vivir-en-menorca"],"yoast_head":"<!-- This site is optimized with the Yoast SEO plugin v27.5 - https:\/\/yoast.com\/product\/yoast-seo-wordpress\/ -->\n<title>Nuevo Plan del Puerto de Mah\u00f3n: Modernizaci\u00f3n y Tradici\u00f3n - Blog sobre Menorca - Ses Moreres<\/title>\n<meta name=\"description\" content=\"\u00a1Imagina que est\u00e1s en Mah\u00f3n, disfrutando del sol y la brisa marina, cuando te enteras de que el puerto est\u00e1 a punto de recibir un cambio de look importante!\" \/>\n<meta name=\"robots\" content=\"index, follow, max-snippet:-1, max-image-preview:large, max-video-preview:-1\" \/>\n<link rel=\"canonical\" href=\"https:\/\/www.sesmoreres.com\/blog\/nuevo-plan-del-puerto-de-mahon-modernizacion-y-tradicion\/\" \/>\n<meta property=\"og:locale\" content=\"es_ES\" \/>\n<meta property=\"og:type\" content=\"article\" \/>\n<meta property=\"og:title\" content=\"Nuevo Plan del Puerto de Mah\u00f3n: Modernizaci\u00f3n y Tradici\u00f3n - Blog sobre Menorca - Ses Moreres\" \/>\n<meta property=\"og:description\" content=\"\u00a1Imagina que est\u00e1s en Mah\u00f3n, disfrutando del sol y la brisa marina, cuando te enteras de que el puerto est\u00e1 a punto de recibir un cambio de look importante!\" \/>\n<meta property=\"og:url\" content=\"https:\/\/www.sesmoreres.com\/blog\/nuevo-plan-del-puerto-de-mahon-modernizacion-y-tradicion\/\" \/>\n<meta property=\"og:site_name\" content=\"Blog sobre Menorca - Ses Moreres\" \/>\n<meta property=\"article:publisher\" content=\"https:\/\/www.facebook.com\/sesmoreres\/\" \/>\n<meta property=\"article:published_time\" content=\"2024-08-20T12:54:22+00:00\" \/>\n<meta property=\"article:modified_time\" content=\"2024-08-20T12:58:08+00:00\" \/>\n<meta property=\"og:image\" content=\"https:\/\/www.sesmoreres.com\/blog\/wp-content\/uploads\/2024\/08\/veleros-puerto-de-mahon-scaled.jpg\" \/>\n\t<meta property=\"og:image:width\" content=\"850\" \/>\n\t<meta property=\"og:image:height\" content=\"567\" \/>\n\t<meta property=\"og:image:type\" content=\"image\/jpeg\" \/>\n<meta name=\"author\" content=\"gustavo\" \/>\n<meta name=\"twitter:card\" content=\"summary_large_image\" \/>\n<meta name=\"twitter:label1\" content=\"Escrito por\" \/>\n\t<meta name=\"twitter:data1\" content=\"gustavo\" \/>\n\t<meta name=\"twitter:label2\" content=\"Tiempo de lectura\" \/>\n\t<meta name=\"twitter:data2\" content=\"2 minutos\" \/>\n<script type=\"application\/ld+json\" class=\"yoast-schema-graph\">{\"@context\":\"https:\\\/\\\/schema.org\",\"@graph\":[{\"@type\":\"Article\",\"@id\":\"https:\\\/\\\/www.sesmoreres.com\\\/blog\\\/nuevo-plan-del-puerto-de-mahon-modernizacion-y-tradicion\\\/#article\",\"isPartOf\":{\"@id\":\"https:\\\/\\\/www.sesmoreres.com\\\/blog\\\/nuevo-plan-del-puerto-de-mahon-modernizacion-y-tradicion\\\/\"},\"author\":{\"name\":\"gustavo\",\"@id\":\"https:\\\/\\\/www.sesmoreres.com\\\/blog\\\/#\\\/schema\\\/person\\\/d93017160c831a4f95f88559b880831d\"},\"headline\":\"Nuevo Plan del Puerto de Mah\u00f3n: Modernizaci\u00f3n y Tradici\u00f3n\",\"datePublished\":\"2024-08-20T12:54:22+00:00\",\"dateModified\":\"2024-08-20T12:58:08+00:00\",\"mainEntityOfPage\":{\"@id\":\"https:\\\/\\\/www.sesmoreres.com\\\/blog\\\/nuevo-plan-del-puerto-de-mahon-modernizacion-y-tradicion\\\/\"},\"wordCount\":373,\"commentCount\":0,\"publisher\":{\"@id\":\"https:\\\/\\\/www.sesmoreres.com\\\/blog\\\/#organization\"},\"image\":{\"@id\":\"https:\\\/\\\/www.sesmoreres.com\\\/blog\\\/nuevo-plan-del-puerto-de-mahon-modernizacion-y-tradicion\\\/#primaryimage\"},\"thumbnailUrl\":\"https:\\\/\\\/www.sesmoreres.com\\\/blog\\\/wp-content\\\/uploads\\\/2024\\\/08\\\/veleros-puerto-de-mahon-scaled.jpg\",\"keywords\":[\"agencia inmobiliaria menorca\",\"puerto de mahon\",\"vistas al mar\",\"vivir en Menorca\"],\"articleSection\":[\"inmobiliaria\",\"primera l\u00ednea\",\"Puerto de Mah\u00f3n\",\"vivir en Menorca\"],\"inLanguage\":\"es\",\"potentialAction\":[{\"@type\":\"CommentAction\",\"name\":\"Comment\",\"target\":[\"https:\\\/\\\/www.sesmoreres.com\\\/blog\\\/nuevo-plan-del-puerto-de-mahon-modernizacion-y-tradicion\\\/#respond\"]}]},{\"@type\":\"WebPage\",\"@id\":\"https:\\\/\\\/www.sesmoreres.com\\\/blog\\\/nuevo-plan-del-puerto-de-mahon-modernizacion-y-tradicion\\\/\",\"url\":\"https:\\\/\\\/www.sesmoreres.com\\\/blog\\\/nuevo-plan-del-puerto-de-mahon-modernizacion-y-tradicion\\\/\",\"name\":\"Nuevo Plan del Puerto de Mah\u00f3n: Modernizaci\u00f3n y Tradici\u00f3n - Blog sobre Menorca - Ses Moreres\",\"isPartOf\":{\"@id\":\"https:\\\/\\\/www.sesmoreres.com\\\/blog\\\/#website\"},\"primaryImageOfPage\":{\"@id\":\"https:\\\/\\\/www.sesmoreres.com\\\/blog\\\/nuevo-plan-del-puerto-de-mahon-modernizacion-y-tradicion\\\/#primaryimage\"},\"image\":{\"@id\":\"https:\\\/\\\/www.sesmoreres.com\\\/blog\\\/nuevo-plan-del-puerto-de-mahon-modernizacion-y-tradicion\\\/#primaryimage\"},\"thumbnailUrl\":\"https:\\\/\\\/www.sesmoreres.com\\\/blog\\\/wp-content\\\/uploads\\\/2024\\\/08\\\/veleros-puerto-de-mahon-scaled.jpg\",\"datePublished\":\"2024-08-20T12:54:22+00:00\",\"dateModified\":\"2024-08-20T12:58:08+00:00\",\"description\":\"\u00a1Imagina que est\u00e1s en Mah\u00f3n, disfrutando del sol y la brisa marina, cuando te enteras de que el puerto est\u00e1 a punto de recibir un cambio de look importante!\",\"breadcrumb\":{\"@id\":\"https:\\\/\\\/www.sesmoreres.com\\\/blog\\\/nuevo-plan-del-puerto-de-mahon-modernizacion-y-tradicion\\\/#breadcrumb\"},\"inLanguage\":\"es\",\"potentialAction\":[{\"@type\":\"ReadAction\",\"target\":[\"https:\\\/\\\/www.sesmoreres.com\\\/blog\\\/nuevo-plan-del-puerto-de-mahon-modernizacion-y-tradicion\\\/\"]}]},{\"@type\":\"ImageObject\",\"inLanguage\":\"es\",\"@id\":\"https:\\\/\\\/www.sesmoreres.com\\\/blog\\\/nuevo-plan-del-puerto-de-mahon-modernizacion-y-tradicion\\\/#primaryimage\",\"url\":\"https:\\\/\\\/www.sesmoreres.com\\\/blog\\\/wp-content\\\/uploads\\\/2024\\\/08\\\/veleros-puerto-de-mahon-scaled.jpg\",\"contentUrl\":\"https:\\\/\\\/www.sesmoreres.com\\\/blog\\\/wp-content\\\/uploads\\\/2024\\\/08\\\/veleros-puerto-de-mahon-scaled.jpg\",\"width\":850,\"height\":567},{\"@type\":\"BreadcrumbList\",\"@id\":\"https:\\\/\\\/www.sesmoreres.com\\\/blog\\\/nuevo-plan-del-puerto-de-mahon-modernizacion-y-tradicion\\\/#breadcrumb\",\"itemListElement\":[{\"@type\":\"ListItem\",\"position\":1,\"name\":\"Portada\",\"item\":\"https:\\\/\\\/www.sesmoreres.com\\\/blog\\\/\"},{\"@type\":\"ListItem\",\"position\":2,\"name\":\"Nuevo Plan del Puerto de Mah\u00f3n: Modernizaci\u00f3n y Tradici\u00f3n\"}]},{\"@type\":\"WebSite\",\"@id\":\"https:\\\/\\\/www.sesmoreres.com\\\/blog\\\/#website\",\"url\":\"https:\\\/\\\/www.sesmoreres.com\\\/blog\\\/\",\"name\":\"Blog sobre Menorca - Ses Moreres\",\"description\":\"Agencia inmobiliaria de Menorca lider en la venta de propiedades de lujo. Fincas r\u00fasticas, casas de campo, chalets, terrenos.\",\"publisher\":{\"@id\":\"https:\\\/\\\/www.sesmoreres.com\\\/blog\\\/#organization\"},\"potentialAction\":[{\"@type\":\"SearchAction\",\"target\":{\"@type\":\"EntryPoint\",\"urlTemplate\":\"https:\\\/\\\/www.sesmoreres.com\\\/blog\\\/?s={search_term_string}\"},\"query-input\":{\"@type\":\"PropertyValueSpecification\",\"valueRequired\":true,\"valueName\":\"search_term_string\"}}],\"inLanguage\":\"es\"},{\"@type\":\"Organization\",\"@id\":\"https:\\\/\\\/www.sesmoreres.com\\\/blog\\\/#organization\",\"name\":\"Ses Moreres\",\"url\":\"https:\\\/\\\/www.sesmoreres.com\\\/blog\\\/\",\"logo\":{\"@type\":\"ImageObject\",\"inLanguage\":\"es\",\"@id\":\"https:\\\/\\\/www.sesmoreres.com\\\/blog\\\/#\\\/schema\\\/logo\\\/image\\\/\",\"url\":\"https:\\\/\\\/www.sesmoreres.com\\\/blog\\\/wp-content\\\/uploads\\\/2019\\\/07\\\/ses-moreres-inmobiliaria-menorca.gif\",\"contentUrl\":\"https:\\\/\\\/www.sesmoreres.com\\\/blog\\\/wp-content\\\/uploads\\\/2019\\\/07\\\/ses-moreres-inmobiliaria-menorca.gif\",\"width\":170,\"height\":95,\"caption\":\"Ses Moreres\"},\"image\":{\"@id\":\"https:\\\/\\\/www.sesmoreres.com\\\/blog\\\/#\\\/schema\\\/logo\\\/image\\\/\"},\"sameAs\":[\"https:\\\/\\\/www.facebook.com\\\/sesmoreres\\\/\",\"https:\\\/\\\/www.instagram.com\\\/inmobiliariasesmoreres\\\/?hl=es\",\"https:\\\/\\\/www.youtube.com\\\/user\\\/sesmoreres\"]},{\"@type\":\"Person\",\"@id\":\"https:\\\/\\\/www.sesmoreres.com\\\/blog\\\/#\\\/schema\\\/person\\\/d93017160c831a4f95f88559b880831d\",\"name\":\"gustavo\",\"image\":{\"@type\":\"ImageObject\",\"inLanguage\":\"es\",\"@id\":\"https:\\\/\\\/secure.gravatar.com\\\/avatar\\\/3ccbd5a7e12a4c7eeba203d071c5597afe0897ae6421977a46b52d5141848077?s=96&d=mm&r=g\",\"url\":\"https:\\\/\\\/secure.gravatar.com\\\/avatar\\\/3ccbd5a7e12a4c7eeba203d071c5597afe0897ae6421977a46b52d5141848077?s=96&d=mm&r=g\",\"contentUrl\":\"https:\\\/\\\/secure.gravatar.com\\\/avatar\\\/3ccbd5a7e12a4c7eeba203d071c5597afe0897ae6421977a46b52d5141848077?s=96&d=mm&r=g\",\"caption\":\"gustavo\"},\"url\":\"https:\\\/\\\/www.sesmoreres.com\\\/blog\\\/author\\\/gustavo\\\/\"}]}<\/script>\n<!-- \/ Yoast SEO plugin. -->","yoast_head_json":{"title":"Nuevo Plan del Puerto de Mah\u00f3n: Modernizaci\u00f3n y Tradici\u00f3n - Blog sobre Menorca - Ses Moreres","description":"\u00a1Imagina que est\u00e1s en Mah\u00f3n, disfrutando del sol y la brisa marina, cuando te enteras de que el puerto est\u00e1 a punto de recibir un cambio de look importante!","robots":{"index":"index","follow":"follow","max-snippet":"max-snippet:-1","max-image-preview":"max-image-preview:large","max-video-preview":"max-video-preview:-1"},"canonical":"https:\/\/www.sesmoreres.com\/blog\/nuevo-plan-del-puerto-de-mahon-modernizacion-y-tradicion\/","og_locale":"es_ES","og_type":"article","og_title":"Nuevo Plan del Puerto de Mah\u00f3n: Modernizaci\u00f3n y Tradici\u00f3n - Blog sobre Menorca - Ses Moreres","og_description":"\u00a1Imagina que est\u00e1s en Mah\u00f3n, disfrutando del sol y la brisa marina, cuando te enteras de que el puerto est\u00e1 a punto de recibir un cambio de look importante!","og_url":"https:\/\/www.sesmoreres.com\/blog\/nuevo-plan-del-puerto-de-mahon-modernizacion-y-tradicion\/","og_site_name":"Blog sobre Menorca - Ses Moreres","article_publisher":"https:\/\/www.facebook.com\/sesmoreres\/","article_published_time":"2024-08-20T12:54:22+00:00","article_modified_time":"2024-08-20T12:58:08+00:00","og_image":[{"width":850,"height":567,"url":"https:\/\/www.sesmoreres.com\/blog\/wp-content\/uploads\/2024\/08\/veleros-puerto-de-mahon-scaled.jpg","type":"image\/jpeg"}],"author":"gustavo","twitter_card":"summary_large_image","twitter_misc":{"Escrito por":"gustavo","Tiempo de lectura":"2 minutos"},"schema":{"@context":"https:\/\/schema.org","@graph":[{"@type":"Article","@id":"https:\/\/www.sesmoreres.com\/blog\/nuevo-plan-del-puerto-de-mahon-modernizacion-y-tradicion\/#article","isPartOf":{"@id":"https:\/\/www.sesmoreres.com\/blog\/nuevo-plan-del-puerto-de-mahon-modernizacion-y-tradicion\/"},"author":{"name":"gustavo","@id":"https:\/\/www.sesmoreres.com\/blog\/#\/schema\/person\/d93017160c831a4f95f88559b880831d"},"headline":"Nuevo Plan del Puerto de Mah\u00f3n: Modernizaci\u00f3n y Tradici\u00f3n","datePublished":"2024-08-20T12:54:22+00:00","dateModified":"2024-08-20T12:58:08+00:00","mainEntityOfPage":{"@id":"https:\/\/www.sesmoreres.com\/blog\/nuevo-plan-del-puerto-de-mahon-modernizacion-y-tradicion\/"},"wordCount":373,"commentCount":0,"publisher":{"@id":"https:\/\/www.sesmoreres.com\/blog\/#organization"},"image":{"@id":"https:\/\/www.sesmoreres.com\/blog\/nuevo-plan-del-puerto-de-mahon-modernizacion-y-tradicion\/#primaryimage"},"thumbnailUrl":"https:\/\/www.sesmoreres.com\/blog\/wp-content\/uploads\/2024\/08\/veleros-puerto-de-mahon-scaled.jpg","keywords":["agencia inmobiliaria menorca","puerto de mahon","vistas al mar","vivir en Menorca"],"articleSection":["inmobiliaria","primera l\u00ednea","Puerto de Mah\u00f3n","vivir en Menorca"],"inLanguage":"es","potentialAction":[{"@type":"CommentAction","name":"Comment","target":["https:\/\/www.sesmoreres.com\/blog\/nuevo-plan-del-puerto-de-mahon-modernizacion-y-tradicion\/#respond"]}]},{"@type":"WebPage","@id":"https:\/\/www.sesmoreres.com\/blog\/nuevo-plan-del-puerto-de-mahon-modernizacion-y-tradicion\/","url":"https:\/\/www.sesmoreres.com\/blog\/nuevo-plan-del-puerto-de-mahon-modernizacion-y-tradicion\/","name":"Nuevo Plan del Puerto de Mah\u00f3n: Modernizaci\u00f3n y Tradici\u00f3n - Blog sobre Menorca - Ses Moreres","isPartOf":{"@id":"https:\/\/www.sesmoreres.com\/blog\/#website"},"primaryImageOfPage":{"@id":"https:\/\/www.sesmoreres.com\/blog\/nuevo-plan-del-puerto-de-mahon-modernizacion-y-tradicion\/#primaryimage"},"image":{"@id":"https:\/\/www.sesmoreres.com\/blog\/nuevo-plan-del-puerto-de-mahon-modernizacion-y-tradicion\/#primaryimage"},"thumbnailUrl":"https:\/\/www.sesmoreres.com\/blog\/wp-content\/uploads\/2024\/08\/veleros-puerto-de-mahon-scaled.jpg","datePublished":"2024-08-20T12:54:22+00:00","dateModified":"2024-08-20T12:58:08+00:00","description":"\u00a1Imagina que est\u00e1s en Mah\u00f3n, disfrutando del sol y la brisa marina, cuando te enteras de que el puerto est\u00e1 a punto de recibir un cambio de look importante!","breadcrumb":{"@id":"https:\/\/www.sesmoreres.com\/blog\/nuevo-plan-del-puerto-de-mahon-modernizacion-y-tradicion\/#breadcrumb"},"inLanguage":"es","potentialAction":[{"@type":"ReadAction","target":["https:\/\/www.sesmoreres.com\/blog\/nuevo-plan-del-puerto-de-mahon-modernizacion-y-tradicion\/"]}]},{"@type":"ImageObject","inLanguage":"es","@id":"https:\/\/www.sesmoreres.com\/blog\/nuevo-plan-del-puerto-de-mahon-modernizacion-y-tradicion\/#primaryimage","url":"https:\/\/www.sesmoreres.com\/blog\/wp-content\/uploads\/2024\/08\/veleros-puerto-de-mahon-scaled.jpg","contentUrl":"https:\/\/www.sesmoreres.com\/blog\/wp-content\/uploads\/2024\/08\/veleros-puerto-de-mahon-scaled.jpg","width":850,"height":567},{"@type":"BreadcrumbList","@id":"https:\/\/www.sesmoreres.com\/blog\/nuevo-plan-del-puerto-de-mahon-modernizacion-y-tradicion\/#breadcrumb","itemListElement":[{"@type":"ListItem","position":1,"name":"Portada","item":"https:\/\/www.sesmoreres.com\/blog\/"},{"@type":"ListItem","position":2,"name":"Nuevo Plan del Puerto de Mah\u00f3n: Modernizaci\u00f3n y Tradici\u00f3n"}]},{"@type":"WebSite","@id":"https:\/\/www.sesmoreres.com\/blog\/#website","url":"https:\/\/www.sesmoreres.com\/blog\/","name":"Blog sobre Menorca - Ses Moreres","description":"Agencia inmobiliaria de Menorca lider en la venta de propiedades de lujo. Fincas r\u00fasticas, casas de campo, chalets, terrenos.","publisher":{"@id":"https:\/\/www.sesmoreres.com\/blog\/#organization"},"potentialAction":[{"@type":"SearchAction","target":{"@type":"EntryPoint","urlTemplate":"https:\/\/www.sesmoreres.com\/blog\/?s={search_term_string}"},"query-input":{"@type":"PropertyValueSpecification","valueRequired":true,"valueName":"search_term_string"}}],"inLanguage":"es"},{"@type":"Organization","@id":"https:\/\/www.sesmoreres.com\/blog\/#organization","name":"Ses Moreres","url":"https:\/\/www.sesmoreres.com\/blog\/","logo":{"@type":"ImageObject","inLanguage":"es","@id":"https:\/\/www.sesmoreres.com\/blog\/#\/schema\/logo\/image\/","url":"https:\/\/www.sesmoreres.com\/blog\/wp-content\/uploads\/2019\/07\/ses-moreres-inmobiliaria-menorca.gif","contentUrl":"https:\/\/www.sesmoreres.com\/blog\/wp-content\/uploads\/2019\/07\/ses-moreres-inmobiliaria-menorca.gif","width":170,"height":95,"caption":"Ses Moreres"},"image":{"@id":"https:\/\/www.sesmoreres.com\/blog\/#\/schema\/logo\/image\/"},"sameAs":["https:\/\/www.facebook.com\/sesmoreres\/","https:\/\/www.instagram.com\/inmobiliariasesmoreres\/?hl=es","https:\/\/www.youtube.com\/user\/sesmoreres"]},{"@type":"Person","@id":"https:\/\/www.sesmoreres.com\/blog\/#\/schema\/person\/d93017160c831a4f95f88559b880831d","name":"gustavo","image":{"@type":"ImageObject","inLanguage":"es","@id":"https:\/\/secure.gravatar.com\/avatar\/3ccbd5a7e12a4c7eeba203d071c5597afe0897ae6421977a46b52d5141848077?s=96&d=mm&r=g","url":"https:\/\/secure.gravatar.com\/avatar\/3ccbd5a7e12a4c7eeba203d071c5597afe0897ae6421977a46b52d5141848077?s=96&d=mm&r=g","contentUrl":"https:\/\/secure.gravatar.com\/avatar\/3ccbd5a7e12a4c7eeba203d071c5597afe0897ae6421977a46b52d5141848077?s=96&d=mm&r=g","caption":"gustavo"},"url":"https:\/\/www.sesmoreres.com\/blog\/author\/gustavo\/"}]}},"_links":{"self":[{"href":"https:\/\/www.sesmoreres.com\/blog\/wp-json\/wp\/v2\/posts\/2444","targetHints":{"allow":["GET"]}}],"collection":[{"href":"https:\/\/www.sesmoreres.com\/blog\/wp-json\/wp\/v2\/posts"}],"about":[{"href":"https:\/\/www.sesmoreres.com\/blog\/wp-json\/wp\/v2\/types\/post"}],"author":[{"embeddable":true,"href":"https:\/\/www.sesmoreres.com\/blog\/wp-json\/wp\/v2\/users\/5"}],"replies":[{"embeddable":true,"href":"https:\/\/www.sesmoreres.com\/blog\/wp-json\/wp\/v2\/comments?post=2444"}],"version-history":[{"count":8,"href":"https:\/\/www.sesmoreres.com\/blog\/wp-json\/wp\/v2\/posts\/2444\/revisions"}],"predecessor-version":[{"id":2457,"href":"https:\/\/www.sesmoreres.com\/blog\/wp-json\/wp\/v2\/posts\/2444\/revisions\/2457"}],"wp:featuredmedia":[{"embeddable":true,"href":"https:\/\/www.sesmoreres.com\/blog\/wp-json\/wp\/v2\/media\/2450"}],"wp:attachment":[{"href":"https:\/\/www.sesmoreres.com\/blog\/wp-json\/wp\/v2\/media?parent=2444"}],"wp:term":[{"taxonomy":"category","embeddable":true,"href":"https:\/\/www.sesmoreres.com\/blog\/wp-json\/wp\/v2\/categories?post=2444"},{"taxonomy":"post_tag","embeddable":true,"href":"https:\/\/www.sesmoreres.com\/blog\/wp-json\/wp\/v2\/tags?post=2444"}],"curies":[{"name":"wp","href":"https:\/\/api.w.org\/{rel}","templated":true}]}}