{"id":2361,"date":"2023-11-13T09:07:27","date_gmt":"2023-11-13T08:07:27","guid":{"rendered":"https:\/\/www.sesmoreres.com\/blog\/?p=2361"},"modified":"2023-11-13T09:07:27","modified_gmt":"2023-11-13T08:07:27","slug":"la-magia-del-mar-en-menorca-un-balsamo-para-los-sentidos","status":"publish","type":"post","link":"https:\/\/www.sesmoreres.com\/blog\/la-magia-del-mar-en-menorca-un-balsamo-para-los-sentidos\/","title":{"rendered":"La Magia del Mar en Menorca: Un B\u00e1lsamo para los Sentidos"},"content":{"rendered":"<p><strong>Introducci\u00f3n:<\/strong><\/p>\n<p>Enclavada en el coraz\u00f3n del Mediterr\u00e1neo, la pintoresca isla de Menorca no solo cautiva con sus paisajes id\u00edlicos y su rica historia, sino que tambi\u00e9n ofrece un tesoro terap\u00e9utico inigualable: el efecto sanador del mar. Sumergirse en las aguas cristalinas que rodean esta joya balear va m\u00e1s all\u00e1 de una experiencia est\u00e9tica; es un b\u00e1lsamo para los sentidos que nutre la piel y calma el estr\u00e9s, ofreciendo una renovaci\u00f3n tanto f\u00edsica como mental.<\/p>\n<p><img decoding=\"async\" class=\"alignnone size-medium wp-image-2365 lazyload\" data-src=\"https:\/\/www.sesmoreres.com\/blog\/wp-content\/uploads\/2023\/11\/la-magia-del-mar-en-menorca-03-300x200.jpg\" alt=\"Cuidado de la piel en el mar\" width=\"300\" height=\"200\" data-srcset=\"https:\/\/www.sesmoreres.com\/blog\/wp-content\/uploads\/2023\/11\/la-magia-del-mar-en-menorca-03-300x200.jpg 300w, https:\/\/www.sesmoreres.com\/blog\/wp-content\/uploads\/2023\/11\/la-magia-del-mar-en-menorca-03.jpg 574w\" data-sizes=\"(max-width: 300px) 100vw, 300px\" src=\"data:image\/svg+xml;base64,PHN2ZyB3aWR0aD0iMSIgaGVpZ2h0PSIxIiB4bWxucz0iaHR0cDovL3d3dy53My5vcmcvMjAwMC9zdmciPjwvc3ZnPg==\" style=\"--smush-placeholder-width: 300px; --smush-placeholder-aspect-ratio: 300\/200;\" \/><\/p>\n<p>&nbsp;<\/p>\n<p><strong>El Abrazo del Mar:<\/strong><\/p>\n<p>Menorca, con sus playas de arena fina y aguas turquesas, es un abrazo tranquilizador para aquellos que buscan escapar del bullicio diario. La brisa salada y el sonido suave de las olas acarician la mente, desvaneciendo las tensiones y despejando la mente.<\/p>\n<p>&nbsp;<\/p>\n<p><strong>Curaci\u00f3n para la Piel:<\/strong><\/p>\n<p>Las propiedades curativas del agua marina han sido conocidas desde tiempos antiguos, pero en Menorca, la experiencia se eleva a nuevas alturas con los ba\u00f1os de barro en sus playas v\u00edrgenes. La composici\u00f3n \u00fanica del mar de Menorca, rica en minerales y oligoelementos, se combina con la arcilla costera, ofreciendo un d\u00fao perfecto para nutrir la piel. Estos ba\u00f1os de barro no solo proporcionan un tratamiento rejuvenecedor, sino que tambi\u00e9n se convierten en una experiencia sensorial \u00fanica, donde la fusi\u00f3n de la tierra y el mar crea un elixir revitalizante para la piel.<\/p>\n<p>&nbsp;<\/p>\n<p><strong>Terapia para el Estr\u00e9s:<\/strong><\/p>\n<p>El estr\u00e9s se disuelve con la marea en Menorca. La paz que se encuentra en la costa, ya sea en una bah\u00eda aislada o en una playa animada, es un ant\u00eddoto natural contra las preocupaciones cotidianas. Dejar que las aguas de Menorca te envuelvan es permitir que el estr\u00e9s se desvanezca con la corriente, reemplazado por una sensaci\u00f3n de serenidad.<\/p>\n<p>&nbsp;<\/p>\n<p><strong>La Danza de la Luz y el Mar:<\/strong><\/p>\n<p>Las puestas de sol en Menorca son una sinfon\u00eda de colores que acarician el horizonte, pero la magia no se limita al anochecer. Menorca regala el privilegio de ver amaneceres que despiertan antes que en ning\u00fan otro lugar de Espa\u00f1a. La conexi\u00f3n entre la luz tenue del amanecer y las aguas serenas crea un espect\u00e1culo visual que eleva el esp\u00edritu y aporta una sensaci\u00f3n de paz interior. Este juego de luces y sombras es un recordatorio constante de la magia que el mar aporta a la isla.<\/p>\n<p>&nbsp;<\/p>\n<p><strong>Conclusi\u00f3n:<\/strong><\/p>\n<p>En Menorca, el mar no es simplemente un cuerpo de agua; es un sanador natural que acoge a los visitantes con sus brazos abiertos. La isla, con su combinaci\u00f3n \u00fanica de belleza y serenidad, ofrece un refugio donde el mar no solo acaricia la piel, sino que tambi\u00e9n nutre el alma, proporcionando un escape necesario del ajetreo del mundo moderno.<\/p>\n<p><img decoding=\"async\" class=\"alignnone size-medium wp-image-2367 lazyload\" data-src=\"https:\/\/www.sesmoreres.com\/blog\/wp-content\/uploads\/2023\/11\/la-magia-del-mar-en-menorca-01-300x200.jpg\" alt=\"Puesta de sol en Menorca\" width=\"300\" height=\"200\" data-srcset=\"https:\/\/www.sesmoreres.com\/blog\/wp-content\/uploads\/2023\/11\/la-magia-del-mar-en-menorca-01-300x200.jpg 300w, https:\/\/www.sesmoreres.com\/blog\/wp-content\/uploads\/2023\/11\/la-magia-del-mar-en-menorca-01.jpg 574w\" data-sizes=\"(max-width: 300px) 100vw, 300px\" src=\"data:image\/svg+xml;base64,PHN2ZyB3aWR0aD0iMSIgaGVpZ2h0PSIxIiB4bWxucz0iaHR0cDovL3d3dy53My5vcmcvMjAwMC9zdmciPjwvc3ZnPg==\" style=\"--smush-placeholder-width: 300px; --smush-placeholder-aspect-ratio: 300\/200;\" \/><\/p>\n<p>&nbsp;<\/p>\n<p>Queremos ser tu inmobiliaria en Menorca y presentarte propiedades exclusivas en este para\u00edso. Haz <a href=\"https:\/\/www.sesmoreres.com\/resultado-busqueda\/?a=chalet&amp;pag=&amp;o=&amp;s=&amp;pp=&amp;a=finca_rustica&amp;poblacion=todos&amp;zona=todos&amp;precio=todos&amp;habitaciones=&amp;estado=&amp;metros=0&amp;solar=0&amp;banos=&amp;primera=0&amp;vista=1&amp;ultimo=0&amp;jardin=0&amp;garaje=0&amp;trastero=0&amp;calefaccion=0&amp;ascensor=0&amp;aire=0&amp;piscina=0&amp;terraza=0&amp;lavadero=0&amp;pozo=0&amp;edificaciones=0&amp;electricidad=0&amp;sw_ava=1\">clic aqu\u00ed<\/a> para explorar estas joyas ocultas<\/p>\n<p>&nbsp;<\/p>\n<p>&nbsp;<\/p>\n","protected":false},"excerpt":{"rendered":"<p>Introducci\u00f3n: Enclavada en el coraz\u00f3n del Mediterr\u00e1neo, la pintoresca isla de Menorca no solo cautiva con sus paisajes id\u00edlicos y su rica historia, sino que tambi\u00e9n ofrece un tesoro terap\u00e9utico inigualable: el efecto sanador del mar. Sumergirse en las aguas &hellip; <a href=\"https:\/\/www.sesmoreres.com\/blog\/la-magia-del-mar-en-menorca-un-balsamo-para-los-sentidos\/\">Continuar<\/a><\/p>\n","protected":false},"author":2,"featured_media":2366,"comment_status":"open","ping_status":"open","sticky":false,"template":"","format":"standard","meta":{"footnotes":""},"categories":[281,232,241,618],"tags":[968,969,610,619],"class_list":["post-2361","post","type-post","status-publish","format-standard","has-post-thumbnail","hentry","category-mar","category-menorca","category-primera-linea","category-vivir-en-menorca","tag-espiritualidad","tag-estetica","tag-menorca","tag-vivir-en-menorca"],"yoast_head":"<!-- This site is optimized with the Yoast SEO plugin v27.4 - https:\/\/yoast.com\/product\/yoast-seo-wordpress\/ -->\n<title>La Magia del Mar en Menorca: Un B\u00e1lsamo para los Sentidos - Blog sobre Menorca - Ses Moreres<\/title>\n<meta name=\"description\" content=\"La isla de Menorca no solo cautiva con sus paisajes id\u00edlicos, sino que tambi\u00e9n ofrece un tesoro terap\u00e9utico inigualable: el efecto sanador del mar...\" \/>\n<meta name=\"robots\" content=\"index, follow, max-snippet:-1, max-image-preview:large, max-video-preview:-1\" \/>\n<link rel=\"canonical\" href=\"https:\/\/www.sesmoreres.com\/blog\/la-magia-del-mar-en-menorca-un-balsamo-para-los-sentidos\/\" \/>\n<meta property=\"og:locale\" content=\"es_ES\" \/>\n<meta property=\"og:type\" content=\"article\" \/>\n<meta property=\"og:title\" content=\"La Magia del Mar en Menorca: Un B\u00e1lsamo para los Sentidos - Blog sobre Menorca - Ses Moreres\" \/>\n<meta property=\"og:description\" content=\"La isla de Menorca no solo cautiva con sus paisajes id\u00edlicos, sino que tambi\u00e9n ofrece un tesoro terap\u00e9utico inigualable: el efecto sanador del mar...\" \/>\n<meta property=\"og:url\" content=\"https:\/\/www.sesmoreres.com\/blog\/la-magia-del-mar-en-menorca-un-balsamo-para-los-sentidos\/\" \/>\n<meta property=\"og:site_name\" content=\"Blog sobre Menorca - Ses Moreres\" \/>\n<meta property=\"article:publisher\" content=\"https:\/\/www.facebook.com\/sesmoreres\/\" \/>\n<meta property=\"article:published_time\" content=\"2023-11-13T08:07:27+00:00\" \/>\n<meta property=\"og:image\" content=\"https:\/\/www.sesmoreres.com\/blog\/wp-content\/uploads\/2023\/11\/la-magia-del-mar-en-menorca.jpg\" \/>\n\t<meta property=\"og:image:width\" content=\"432\" \/>\n\t<meta property=\"og:image:height\" content=\"574\" \/>\n\t<meta property=\"og:image:type\" content=\"image\/jpeg\" \/>\n<meta name=\"author\" content=\"Jose\" \/>\n<meta name=\"twitter:card\" content=\"summary_large_image\" \/>\n<meta name=\"twitter:label1\" content=\"Escrito por\" \/>\n\t<meta name=\"twitter:data1\" content=\"Jose\" \/>\n\t<meta name=\"twitter:label2\" content=\"Tiempo de lectura\" \/>\n\t<meta name=\"twitter:data2\" content=\"3 minutos\" \/>\n<script type=\"application\/ld+json\" class=\"yoast-schema-graph\">{\"@context\":\"https:\\\/\\\/schema.org\",\"@graph\":[{\"@type\":\"Article\",\"@id\":\"https:\\\/\\\/www.sesmoreres.com\\\/blog\\\/la-magia-del-mar-en-menorca-un-balsamo-para-los-sentidos\\\/#article\",\"isPartOf\":{\"@id\":\"https:\\\/\\\/www.sesmoreres.com\\\/blog\\\/la-magia-del-mar-en-menorca-un-balsamo-para-los-sentidos\\\/\"},\"author\":{\"name\":\"Jose\",\"@id\":\"https:\\\/\\\/www.sesmoreres.com\\\/blog\\\/#\\\/schema\\\/person\\\/7c7e14840c5091c536f2386f87710e37\"},\"headline\":\"La Magia del Mar en Menorca: Un B\u00e1lsamo para los Sentidos\",\"datePublished\":\"2023-11-13T08:07:27+00:00\",\"mainEntityOfPage\":{\"@id\":\"https:\\\/\\\/www.sesmoreres.com\\\/blog\\\/la-magia-del-mar-en-menorca-un-balsamo-para-los-sentidos\\\/\"},\"wordCount\":515,\"commentCount\":1,\"publisher\":{\"@id\":\"https:\\\/\\\/www.sesmoreres.com\\\/blog\\\/#organization\"},\"image\":{\"@id\":\"https:\\\/\\\/www.sesmoreres.com\\\/blog\\\/la-magia-del-mar-en-menorca-un-balsamo-para-los-sentidos\\\/#primaryimage\"},\"thumbnailUrl\":\"https:\\\/\\\/www.sesmoreres.com\\\/blog\\\/wp-content\\\/uploads\\\/2023\\\/11\\\/la-magia-del-mar-en-menorca.jpg\",\"keywords\":[\"espiritualidad\",\"estetica\",\"menorca\",\"vivir en Menorca\"],\"articleSection\":[\"mar\",\"menorca\",\"primera l\u00ednea\",\"vivir en Menorca\"],\"inLanguage\":\"es\",\"potentialAction\":[{\"@type\":\"CommentAction\",\"name\":\"Comment\",\"target\":[\"https:\\\/\\\/www.sesmoreres.com\\\/blog\\\/la-magia-del-mar-en-menorca-un-balsamo-para-los-sentidos\\\/#respond\"]}]},{\"@type\":\"WebPage\",\"@id\":\"https:\\\/\\\/www.sesmoreres.com\\\/blog\\\/la-magia-del-mar-en-menorca-un-balsamo-para-los-sentidos\\\/\",\"url\":\"https:\\\/\\\/www.sesmoreres.com\\\/blog\\\/la-magia-del-mar-en-menorca-un-balsamo-para-los-sentidos\\\/\",\"name\":\"La Magia del Mar en Menorca: Un B\u00e1lsamo para los Sentidos - Blog sobre Menorca - Ses Moreres\",\"isPartOf\":{\"@id\":\"https:\\\/\\\/www.sesmoreres.com\\\/blog\\\/#website\"},\"primaryImageOfPage\":{\"@id\":\"https:\\\/\\\/www.sesmoreres.com\\\/blog\\\/la-magia-del-mar-en-menorca-un-balsamo-para-los-sentidos\\\/#primaryimage\"},\"image\":{\"@id\":\"https:\\\/\\\/www.sesmoreres.com\\\/blog\\\/la-magia-del-mar-en-menorca-un-balsamo-para-los-sentidos\\\/#primaryimage\"},\"thumbnailUrl\":\"https:\\\/\\\/www.sesmoreres.com\\\/blog\\\/wp-content\\\/uploads\\\/2023\\\/11\\\/la-magia-del-mar-en-menorca.jpg\",\"datePublished\":\"2023-11-13T08:07:27+00:00\",\"description\":\"La isla de Menorca no solo cautiva con sus paisajes id\u00edlicos, sino que tambi\u00e9n ofrece un tesoro terap\u00e9utico inigualable: el efecto sanador del mar...\",\"breadcrumb\":{\"@id\":\"https:\\\/\\\/www.sesmoreres.com\\\/blog\\\/la-magia-del-mar-en-menorca-un-balsamo-para-los-sentidos\\\/#breadcrumb\"},\"inLanguage\":\"es\",\"potentialAction\":[{\"@type\":\"ReadAction\",\"target\":[\"https:\\\/\\\/www.sesmoreres.com\\\/blog\\\/la-magia-del-mar-en-menorca-un-balsamo-para-los-sentidos\\\/\"]}]},{\"@type\":\"ImageObject\",\"inLanguage\":\"es\",\"@id\":\"https:\\\/\\\/www.sesmoreres.com\\\/blog\\\/la-magia-del-mar-en-menorca-un-balsamo-para-los-sentidos\\\/#primaryimage\",\"url\":\"https:\\\/\\\/www.sesmoreres.com\\\/blog\\\/wp-content\\\/uploads\\\/2023\\\/11\\\/la-magia-del-mar-en-menorca.jpg\",\"contentUrl\":\"https:\\\/\\\/www.sesmoreres.com\\\/blog\\\/wp-content\\\/uploads\\\/2023\\\/11\\\/la-magia-del-mar-en-menorca.jpg\",\"width\":432,\"height\":574,\"caption\":\"La magia del mar en Menorca\"},{\"@type\":\"BreadcrumbList\",\"@id\":\"https:\\\/\\\/www.sesmoreres.com\\\/blog\\\/la-magia-del-mar-en-menorca-un-balsamo-para-los-sentidos\\\/#breadcrumb\",\"itemListElement\":[{\"@type\":\"ListItem\",\"position\":1,\"name\":\"Portada\",\"item\":\"https:\\\/\\\/www.sesmoreres.com\\\/blog\\\/\"},{\"@type\":\"ListItem\",\"position\":2,\"name\":\"La Magia del Mar en Menorca: Un B\u00e1lsamo para los Sentidos\"}]},{\"@type\":\"WebSite\",\"@id\":\"https:\\\/\\\/www.sesmoreres.com\\\/blog\\\/#website\",\"url\":\"https:\\\/\\\/www.sesmoreres.com\\\/blog\\\/\",\"name\":\"Blog sobre Menorca - Ses Moreres\",\"description\":\"Agencia inmobiliaria de Menorca lider en la venta de propiedades de lujo. Fincas r\u00fasticas, casas de campo, chalets, terrenos.\",\"publisher\":{\"@id\":\"https:\\\/\\\/www.sesmoreres.com\\\/blog\\\/#organization\"},\"potentialAction\":[{\"@type\":\"SearchAction\",\"target\":{\"@type\":\"EntryPoint\",\"urlTemplate\":\"https:\\\/\\\/www.sesmoreres.com\\\/blog\\\/?s={search_term_string}\"},\"query-input\":{\"@type\":\"PropertyValueSpecification\",\"valueRequired\":true,\"valueName\":\"search_term_string\"}}],\"inLanguage\":\"es\"},{\"@type\":\"Organization\",\"@id\":\"https:\\\/\\\/www.sesmoreres.com\\\/blog\\\/#organization\",\"name\":\"Ses Moreres\",\"url\":\"https:\\\/\\\/www.sesmoreres.com\\\/blog\\\/\",\"logo\":{\"@type\":\"ImageObject\",\"inLanguage\":\"es\",\"@id\":\"https:\\\/\\\/www.sesmoreres.com\\\/blog\\\/#\\\/schema\\\/logo\\\/image\\\/\",\"url\":\"https:\\\/\\\/www.sesmoreres.com\\\/blog\\\/wp-content\\\/uploads\\\/2019\\\/07\\\/ses-moreres-inmobiliaria-menorca.gif\",\"contentUrl\":\"https:\\\/\\\/www.sesmoreres.com\\\/blog\\\/wp-content\\\/uploads\\\/2019\\\/07\\\/ses-moreres-inmobiliaria-menorca.gif\",\"width\":170,\"height\":95,\"caption\":\"Ses Moreres\"},\"image\":{\"@id\":\"https:\\\/\\\/www.sesmoreres.com\\\/blog\\\/#\\\/schema\\\/logo\\\/image\\\/\"},\"sameAs\":[\"https:\\\/\\\/www.facebook.com\\\/sesmoreres\\\/\",\"https:\\\/\\\/www.instagram.com\\\/inmobiliariasesmoreres\\\/?hl=es\",\"https:\\\/\\\/www.youtube.com\\\/user\\\/sesmoreres\"]},{\"@type\":\"Person\",\"@id\":\"https:\\\/\\\/www.sesmoreres.com\\\/blog\\\/#\\\/schema\\\/person\\\/7c7e14840c5091c536f2386f87710e37\",\"name\":\"Jose\",\"image\":{\"@type\":\"ImageObject\",\"inLanguage\":\"es\",\"@id\":\"https:\\\/\\\/secure.gravatar.com\\\/avatar\\\/b4fc98d81ad2dabadc7b38d8d9cc7d784080dca9704b983ca16b1fd2926445dc?s=96&d=mm&r=g\",\"url\":\"https:\\\/\\\/secure.gravatar.com\\\/avatar\\\/b4fc98d81ad2dabadc7b38d8d9cc7d784080dca9704b983ca16b1fd2926445dc?s=96&d=mm&r=g\",\"contentUrl\":\"https:\\\/\\\/secure.gravatar.com\\\/avatar\\\/b4fc98d81ad2dabadc7b38d8d9cc7d784080dca9704b983ca16b1fd2926445dc?s=96&d=mm&r=g\",\"caption\":\"Jose\"},\"url\":\"https:\\\/\\\/www.sesmoreres.com\\\/blog\\\/author\\\/jose\\\/\"}]}<\/script>\n<!-- \/ Yoast SEO plugin. -->","yoast_head_json":{"title":"La Magia del Mar en Menorca: Un B\u00e1lsamo para los Sentidos - Blog sobre Menorca - Ses Moreres","description":"La isla de Menorca no solo cautiva con sus paisajes id\u00edlicos, sino que tambi\u00e9n ofrece un tesoro terap\u00e9utico inigualable: el efecto sanador del mar...","robots":{"index":"index","follow":"follow","max-snippet":"max-snippet:-1","max-image-preview":"max-image-preview:large","max-video-preview":"max-video-preview:-1"},"canonical":"https:\/\/www.sesmoreres.com\/blog\/la-magia-del-mar-en-menorca-un-balsamo-para-los-sentidos\/","og_locale":"es_ES","og_type":"article","og_title":"La Magia del Mar en Menorca: Un B\u00e1lsamo para los Sentidos - Blog sobre Menorca - Ses Moreres","og_description":"La isla de Menorca no solo cautiva con sus paisajes id\u00edlicos, sino que tambi\u00e9n ofrece un tesoro terap\u00e9utico inigualable: el efecto sanador del mar...","og_url":"https:\/\/www.sesmoreres.com\/blog\/la-magia-del-mar-en-menorca-un-balsamo-para-los-sentidos\/","og_site_name":"Blog sobre Menorca - Ses Moreres","article_publisher":"https:\/\/www.facebook.com\/sesmoreres\/","article_published_time":"2023-11-13T08:07:27+00:00","og_image":[{"width":432,"height":574,"url":"https:\/\/www.sesmoreres.com\/blog\/wp-content\/uploads\/2023\/11\/la-magia-del-mar-en-menorca.jpg","type":"image\/jpeg"}],"author":"Jose","twitter_card":"summary_large_image","twitter_misc":{"Escrito por":"Jose","Tiempo de lectura":"3 minutos"},"schema":{"@context":"https:\/\/schema.org","@graph":[{"@type":"Article","@id":"https:\/\/www.sesmoreres.com\/blog\/la-magia-del-mar-en-menorca-un-balsamo-para-los-sentidos\/#article","isPartOf":{"@id":"https:\/\/www.sesmoreres.com\/blog\/la-magia-del-mar-en-menorca-un-balsamo-para-los-sentidos\/"},"author":{"name":"Jose","@id":"https:\/\/www.sesmoreres.com\/blog\/#\/schema\/person\/7c7e14840c5091c536f2386f87710e37"},"headline":"La Magia del Mar en Menorca: Un B\u00e1lsamo para los Sentidos","datePublished":"2023-11-13T08:07:27+00:00","mainEntityOfPage":{"@id":"https:\/\/www.sesmoreres.com\/blog\/la-magia-del-mar-en-menorca-un-balsamo-para-los-sentidos\/"},"wordCount":515,"commentCount":1,"publisher":{"@id":"https:\/\/www.sesmoreres.com\/blog\/#organization"},"image":{"@id":"https:\/\/www.sesmoreres.com\/blog\/la-magia-del-mar-en-menorca-un-balsamo-para-los-sentidos\/#primaryimage"},"thumbnailUrl":"https:\/\/www.sesmoreres.com\/blog\/wp-content\/uploads\/2023\/11\/la-magia-del-mar-en-menorca.jpg","keywords":["espiritualidad","estetica","menorca","vivir en Menorca"],"articleSection":["mar","menorca","primera l\u00ednea","vivir en Menorca"],"inLanguage":"es","potentialAction":[{"@type":"CommentAction","name":"Comment","target":["https:\/\/www.sesmoreres.com\/blog\/la-magia-del-mar-en-menorca-un-balsamo-para-los-sentidos\/#respond"]}]},{"@type":"WebPage","@id":"https:\/\/www.sesmoreres.com\/blog\/la-magia-del-mar-en-menorca-un-balsamo-para-los-sentidos\/","url":"https:\/\/www.sesmoreres.com\/blog\/la-magia-del-mar-en-menorca-un-balsamo-para-los-sentidos\/","name":"La Magia del Mar en Menorca: Un B\u00e1lsamo para los Sentidos - Blog sobre Menorca - Ses Moreres","isPartOf":{"@id":"https:\/\/www.sesmoreres.com\/blog\/#website"},"primaryImageOfPage":{"@id":"https:\/\/www.sesmoreres.com\/blog\/la-magia-del-mar-en-menorca-un-balsamo-para-los-sentidos\/#primaryimage"},"image":{"@id":"https:\/\/www.sesmoreres.com\/blog\/la-magia-del-mar-en-menorca-un-balsamo-para-los-sentidos\/#primaryimage"},"thumbnailUrl":"https:\/\/www.sesmoreres.com\/blog\/wp-content\/uploads\/2023\/11\/la-magia-del-mar-en-menorca.jpg","datePublished":"2023-11-13T08:07:27+00:00","description":"La isla de Menorca no solo cautiva con sus paisajes id\u00edlicos, sino que tambi\u00e9n ofrece un tesoro terap\u00e9utico inigualable: el efecto sanador del mar...","breadcrumb":{"@id":"https:\/\/www.sesmoreres.com\/blog\/la-magia-del-mar-en-menorca-un-balsamo-para-los-sentidos\/#breadcrumb"},"inLanguage":"es","potentialAction":[{"@type":"ReadAction","target":["https:\/\/www.sesmoreres.com\/blog\/la-magia-del-mar-en-menorca-un-balsamo-para-los-sentidos\/"]}]},{"@type":"ImageObject","inLanguage":"es","@id":"https:\/\/www.sesmoreres.com\/blog\/la-magia-del-mar-en-menorca-un-balsamo-para-los-sentidos\/#primaryimage","url":"https:\/\/www.sesmoreres.com\/blog\/wp-content\/uploads\/2023\/11\/la-magia-del-mar-en-menorca.jpg","contentUrl":"https:\/\/www.sesmoreres.com\/blog\/wp-content\/uploads\/2023\/11\/la-magia-del-mar-en-menorca.jpg","width":432,"height":574,"caption":"La magia del mar en Menorca"},{"@type":"BreadcrumbList","@id":"https:\/\/www.sesmoreres.com\/blog\/la-magia-del-mar-en-menorca-un-balsamo-para-los-sentidos\/#breadcrumb","itemListElement":[{"@type":"ListItem","position":1,"name":"Portada","item":"https:\/\/www.sesmoreres.com\/blog\/"},{"@type":"ListItem","position":2,"name":"La Magia del Mar en Menorca: Un B\u00e1lsamo para los Sentidos"}]},{"@type":"WebSite","@id":"https:\/\/www.sesmoreres.com\/blog\/#website","url":"https:\/\/www.sesmoreres.com\/blog\/","name":"Blog sobre Menorca - Ses Moreres","description":"Agencia inmobiliaria de Menorca lider en la venta de propiedades de lujo. Fincas r\u00fasticas, casas de campo, chalets, terrenos.","publisher":{"@id":"https:\/\/www.sesmoreres.com\/blog\/#organization"},"potentialAction":[{"@type":"SearchAction","target":{"@type":"EntryPoint","urlTemplate":"https:\/\/www.sesmoreres.com\/blog\/?s={search_term_string}"},"query-input":{"@type":"PropertyValueSpecification","valueRequired":true,"valueName":"search_term_string"}}],"inLanguage":"es"},{"@type":"Organization","@id":"https:\/\/www.sesmoreres.com\/blog\/#organization","name":"Ses Moreres","url":"https:\/\/www.sesmoreres.com\/blog\/","logo":{"@type":"ImageObject","inLanguage":"es","@id":"https:\/\/www.sesmoreres.com\/blog\/#\/schema\/logo\/image\/","url":"https:\/\/www.sesmoreres.com\/blog\/wp-content\/uploads\/2019\/07\/ses-moreres-inmobiliaria-menorca.gif","contentUrl":"https:\/\/www.sesmoreres.com\/blog\/wp-content\/uploads\/2019\/07\/ses-moreres-inmobiliaria-menorca.gif","width":170,"height":95,"caption":"Ses Moreres"},"image":{"@id":"https:\/\/www.sesmoreres.com\/blog\/#\/schema\/logo\/image\/"},"sameAs":["https:\/\/www.facebook.com\/sesmoreres\/","https:\/\/www.instagram.com\/inmobiliariasesmoreres\/?hl=es","https:\/\/www.youtube.com\/user\/sesmoreres"]},{"@type":"Person","@id":"https:\/\/www.sesmoreres.com\/blog\/#\/schema\/person\/7c7e14840c5091c536f2386f87710e37","name":"Jose","image":{"@type":"ImageObject","inLanguage":"es","@id":"https:\/\/secure.gravatar.com\/avatar\/b4fc98d81ad2dabadc7b38d8d9cc7d784080dca9704b983ca16b1fd2926445dc?s=96&d=mm&r=g","url":"https:\/\/secure.gravatar.com\/avatar\/b4fc98d81ad2dabadc7b38d8d9cc7d784080dca9704b983ca16b1fd2926445dc?s=96&d=mm&r=g","contentUrl":"https:\/\/secure.gravatar.com\/avatar\/b4fc98d81ad2dabadc7b38d8d9cc7d784080dca9704b983ca16b1fd2926445dc?s=96&d=mm&r=g","caption":"Jose"},"url":"https:\/\/www.sesmoreres.com\/blog\/author\/jose\/"}]}},"_links":{"self":[{"href":"https:\/\/www.sesmoreres.com\/blog\/wp-json\/wp\/v2\/posts\/2361","targetHints":{"allow":["GET"]}}],"collection":[{"href":"https:\/\/www.sesmoreres.com\/blog\/wp-json\/wp\/v2\/posts"}],"about":[{"href":"https:\/\/www.sesmoreres.com\/blog\/wp-json\/wp\/v2\/types\/post"}],"author":[{"embeddable":true,"href":"https:\/\/www.sesmoreres.com\/blog\/wp-json\/wp\/v2\/users\/2"}],"replies":[{"embeddable":true,"href":"https:\/\/www.sesmoreres.com\/blog\/wp-json\/wp\/v2\/comments?post=2361"}],"version-history":[{"count":6,"href":"https:\/\/www.sesmoreres.com\/blog\/wp-json\/wp\/v2\/posts\/2361\/revisions"}],"predecessor-version":[{"id":2371,"href":"https:\/\/www.sesmoreres.com\/blog\/wp-json\/wp\/v2\/posts\/2361\/revisions\/2371"}],"wp:featuredmedia":[{"embeddable":true,"href":"https:\/\/www.sesmoreres.com\/blog\/wp-json\/wp\/v2\/media\/2366"}],"wp:attachment":[{"href":"https:\/\/www.sesmoreres.com\/blog\/wp-json\/wp\/v2\/media?parent=2361"}],"wp:term":[{"taxonomy":"category","embeddable":true,"href":"https:\/\/www.sesmoreres.com\/blog\/wp-json\/wp\/v2\/categories?post=2361"},{"taxonomy":"post_tag","embeddable":true,"href":"https:\/\/www.sesmoreres.com\/blog\/wp-json\/wp\/v2\/tags?post=2361"}],"curies":[{"name":"wp","href":"https:\/\/api.w.org\/{rel}","templated":true}]}}