{"id":2336,"date":"2023-11-07T12:01:34","date_gmt":"2023-11-07T11:01:34","guid":{"rendered":"https:\/\/www.sesmoreres.com\/blog\/?p=2336"},"modified":"2023-11-07T12:02:08","modified_gmt":"2023-11-07T11:02:08","slug":"el-poder-terapeutico-del-mar-desvelando-los-secretos-de-vivir-en-menorca","status":"publish","type":"post","link":"https:\/\/www.sesmoreres.com\/blog\/el-poder-terapeutico-del-mar-desvelando-los-secretos-de-vivir-en-menorca\/","title":{"rendered":"El Poder Terap\u00e9utico del Mar: Desvelando los Secretos de Vivir en Menorca"},"content":{"rendered":"<p>\u00bfAlguna vez has sentido esa inigualable sensaci\u00f3n de plenitud, alegr\u00eda y relajaci\u00f3n al acercarte a la orilla del mar, sobre todo si ha pasado mucho tiempo desde tu \u00faltima visita? No eres el \u00fanico, y seg\u00fan expertos, esta experiencia est\u00e1 lejos de ser casual, ya que est\u00e1 profundamente relacionada con las maravillas que la vida en una isla como Menorca tiene para ofrecernos.<\/p>\n<p>&nbsp;<\/p>\n<p>Estar en la costa suele generar un estado de bienestar, especialmente cuando coincide con que disponemos de tiempo libre. Sin embargo, \u00bfte has preguntado por qu\u00e9 te sientes de esta manera?<\/p>\n<p>&nbsp;<\/p>\n<p>Similar a cuando nos adentramos en la naturaleza, ya sea en el campo o en la monta\u00f1a, estar en la costa nos permite volver a conectarnos con nuestra esencia m\u00e1s profunda. Despu\u00e9s de todo, somos seres naturales que forman parte de la misma. Ir a la playa es una oportunidad para volver a esa conexi\u00f3n con nuestra verdadera naturaleza.<\/p>\n<p>&nbsp;<\/p>\n<p>El constante sonido de las olas del mar es una forma de ruido blanco natural que a menudo se utiliza en sesiones de meditaci\u00f3n. Este sonido tiene el poder de llevar a nuestro cerebro a un estado alfa, como si estuviera reiniciando nuestras mentes. Esto nos permite descansar mejor, relajarnos y potenciar nuestra capacidad cerebral.<\/p>\n<p>&nbsp;<\/p>\n<p>Adem\u00e1s, junto al mar, los niveles de ox\u00edgeno y la pureza del aire son m\u00e1s altos que en tierra firme. Respirar un aire de mejor calidad contribuye a reducir la tensi\u00f3n y la ansiedad, mejorando el funcionamiento de nuestro cuerpo tanto f\u00edsica como psicol\u00f3gicamente.<\/p>\n<p>&nbsp;<\/p>\n<p>Sumergirnos en el agua salada relaja y refresca todo nuestro cuerpo, haci\u00e9ndonos sentir incre\u00edblemente bien. Si optamos por nadar, la actividad deportiva nos hace sentir m\u00e1s vitales y llenos de energ\u00eda y si practicamos snorkeling o buceo esta sensaci\u00f3n todav\u00eda en m\u00e1s intensa.<\/p>\n<p>&nbsp;<\/p>\n<p>\u00bfNecesitas m\u00e1s razones para irte a <a href=\"https:\/\/www.sesmoreres.com\/blog\/como-se-vive-en-menorca\/\">vivir a Menorca<\/a>? Si vives en una zona sin acceso al mar, no esperes m\u00e1s para hacer la maleta. Y si tienes la suerte de vivir cerca de la costa, aprovecha cualquier oportunidad para disfrutar de los m\u00faltiples beneficios que ofrece. Tu bienestar te lo agradecer\u00e1.<\/p>\n<p><img decoding=\"async\" class=\"alignnone size-medium wp-image-2343 lazyload\" data-src=\"https:\/\/www.sesmoreres.com\/blog\/wp-content\/uploads\/2023\/11\/vivir-en-el-mar-300x200.jpg\" alt=\"Vivir en el mar\" width=\"300\" height=\"200\" data-srcset=\"https:\/\/www.sesmoreres.com\/blog\/wp-content\/uploads\/2023\/11\/vivir-en-el-mar-300x200.jpg 300w, https:\/\/www.sesmoreres.com\/blog\/wp-content\/uploads\/2023\/11\/vivir-en-el-mar.jpg 643w\" data-sizes=\"(max-width: 300px) 100vw, 300px\" src=\"data:image\/svg+xml;base64,PHN2ZyB3aWR0aD0iMSIgaGVpZ2h0PSIxIiB4bWxucz0iaHR0cDovL3d3dy53My5vcmcvMjAwMC9zdmciPjwvc3ZnPg==\" style=\"--smush-placeholder-width: 300px; --smush-placeholder-aspect-ratio: 300\/200;\" \/><\/p>\n<p>&nbsp;<\/p>\n<p>Queremos ser tu inmobiliaria en Menorca, y estamos encantados de presentarte una amplia gama de espectaculares <a href=\"https:\/\/www.sesmoreres.com\/resultado-busqueda\/?a=&amp;pag=&amp;o=&amp;s=&amp;pp=&amp;a=comun&amp;poblacion=todos&amp;zona=todos&amp;precio=todos&amp;habitaciones=0&amp;estado=todos&amp;metros=0&amp;solar=0&amp;banos=0&amp;primera=0&amp;vista=1&amp;ultimo=0&amp;jardin=0&amp;garaje=0&amp;trastero=0&amp;calefaccion=0&amp;ascensor=0&amp;aire=0&amp;piscina=0&amp;terraza=0&amp;lavadero=0&amp;pozo=0&amp;edificaciones=0&amp;electricidad=0&amp;sw_ava=1\">casas junto al mar en la hermosa isla de Menorca<\/a>.<\/p>\n","protected":false},"excerpt":{"rendered":"<p>\u00bfAlguna vez has sentido esa inigualable sensaci\u00f3n de plenitud, alegr\u00eda y relajaci\u00f3n al acercarte a la orilla del mar, sobre todo si ha pasado mucho tiempo desde tu \u00faltima visita? No eres el \u00fanico, y seg\u00fan expertos, esta experiencia est\u00e1 &hellip; <a href=\"https:\/\/www.sesmoreres.com\/blog\/el-poder-terapeutico-del-mar-desvelando-los-secretos-de-vivir-en-menorca\/\">Continuar<\/a><\/p>\n","protected":false},"author":2,"featured_media":2343,"comment_status":"open","ping_status":"open","sticky":false,"template":"","format":"standard","meta":{"footnotes":""},"categories":[232,244,618],"tags":[641,634,610,619],"class_list":["post-2336","post","type-post","status-publish","format-standard","has-post-thumbnail","hentry","category-menorca","category-vista-mar","category-vivir-en-menorca","tag-agencia-inmobiliaria-menorca","tag-casa-de-lujo","tag-menorca","tag-vivir-en-menorca"],"yoast_head":"<!-- This site is optimized with the Yoast SEO plugin v27.5 - https:\/\/yoast.com\/product\/yoast-seo-wordpress\/ -->\n<title>El Poder Terap\u00e9utico del Mar: Desvelando los Secretos de Vivir en Menorca - Blog sobre Menorca - Ses Moreres<\/title>\n<meta name=\"description\" content=\"No es una casualidad que nos sintamos mejor en el mar, seg\u00fan los expertos las maravillas que la vida en una isla como Menorca tiene para ofrecernos son...\" \/>\n<meta name=\"robots\" content=\"index, follow, max-snippet:-1, max-image-preview:large, max-video-preview:-1\" \/>\n<link rel=\"canonical\" href=\"https:\/\/www.sesmoreres.com\/blog\/el-poder-terapeutico-del-mar-desvelando-los-secretos-de-vivir-en-menorca\/\" \/>\n<meta property=\"og:locale\" content=\"es_ES\" \/>\n<meta property=\"og:type\" content=\"article\" \/>\n<meta property=\"og:title\" content=\"El Poder Terap\u00e9utico del Mar: Desvelando los Secretos de Vivir en Menorca - Blog sobre Menorca - Ses Moreres\" \/>\n<meta property=\"og:description\" content=\"No es una casualidad que nos sintamos mejor en el mar, seg\u00fan los expertos las maravillas que la vida en una isla como Menorca tiene para ofrecernos son...\" \/>\n<meta property=\"og:url\" content=\"https:\/\/www.sesmoreres.com\/blog\/el-poder-terapeutico-del-mar-desvelando-los-secretos-de-vivir-en-menorca\/\" \/>\n<meta property=\"og:site_name\" content=\"Blog sobre Menorca - Ses Moreres\" \/>\n<meta property=\"article:publisher\" content=\"https:\/\/www.facebook.com\/sesmoreres\/\" \/>\n<meta property=\"article:published_time\" content=\"2023-11-07T11:01:34+00:00\" \/>\n<meta property=\"article:modified_time\" content=\"2023-11-07T11:02:08+00:00\" \/>\n<meta property=\"og:image\" content=\"https:\/\/www.sesmoreres.com\/blog\/wp-content\/uploads\/2023\/11\/vivir-en-el-mar.jpg\" \/>\n\t<meta property=\"og:image:width\" content=\"643\" \/>\n\t<meta property=\"og:image:height\" content=\"428\" \/>\n\t<meta property=\"og:image:type\" content=\"image\/jpeg\" \/>\n<meta name=\"author\" content=\"Jose\" \/>\n<meta name=\"twitter:card\" content=\"summary_large_image\" \/>\n<meta name=\"twitter:label1\" content=\"Escrito por\" \/>\n\t<meta name=\"twitter:data1\" content=\"Jose\" \/>\n\t<meta name=\"twitter:label2\" content=\"Tiempo de lectura\" \/>\n\t<meta name=\"twitter:data2\" content=\"2 minutos\" \/>\n<script type=\"application\/ld+json\" class=\"yoast-schema-graph\">{\"@context\":\"https:\\\/\\\/schema.org\",\"@graph\":[{\"@type\":\"Article\",\"@id\":\"https:\\\/\\\/www.sesmoreres.com\\\/blog\\\/el-poder-terapeutico-del-mar-desvelando-los-secretos-de-vivir-en-menorca\\\/#article\",\"isPartOf\":{\"@id\":\"https:\\\/\\\/www.sesmoreres.com\\\/blog\\\/el-poder-terapeutico-del-mar-desvelando-los-secretos-de-vivir-en-menorca\\\/\"},\"author\":{\"name\":\"Jose\",\"@id\":\"https:\\\/\\\/www.sesmoreres.com\\\/blog\\\/#\\\/schema\\\/person\\\/7c7e14840c5091c536f2386f87710e37\"},\"headline\":\"El Poder Terap\u00e9utico del Mar: Desvelando los Secretos de Vivir en Menorca\",\"datePublished\":\"2023-11-07T11:01:34+00:00\",\"dateModified\":\"2023-11-07T11:02:08+00:00\",\"mainEntityOfPage\":{\"@id\":\"https:\\\/\\\/www.sesmoreres.com\\\/blog\\\/el-poder-terapeutico-del-mar-desvelando-los-secretos-de-vivir-en-menorca\\\/\"},\"wordCount\":418,\"commentCount\":6,\"publisher\":{\"@id\":\"https:\\\/\\\/www.sesmoreres.com\\\/blog\\\/#organization\"},\"image\":{\"@id\":\"https:\\\/\\\/www.sesmoreres.com\\\/blog\\\/el-poder-terapeutico-del-mar-desvelando-los-secretos-de-vivir-en-menorca\\\/#primaryimage\"},\"thumbnailUrl\":\"https:\\\/\\\/www.sesmoreres.com\\\/blog\\\/wp-content\\\/uploads\\\/2023\\\/11\\\/vivir-en-el-mar.jpg\",\"keywords\":[\"agencia inmobiliaria menorca\",\"casa de lujo\",\"menorca\",\"vivir en Menorca\"],\"articleSection\":[\"menorca\",\"vista mar\",\"vivir en Menorca\"],\"inLanguage\":\"es\",\"potentialAction\":[{\"@type\":\"CommentAction\",\"name\":\"Comment\",\"target\":[\"https:\\\/\\\/www.sesmoreres.com\\\/blog\\\/el-poder-terapeutico-del-mar-desvelando-los-secretos-de-vivir-en-menorca\\\/#respond\"]}]},{\"@type\":\"WebPage\",\"@id\":\"https:\\\/\\\/www.sesmoreres.com\\\/blog\\\/el-poder-terapeutico-del-mar-desvelando-los-secretos-de-vivir-en-menorca\\\/\",\"url\":\"https:\\\/\\\/www.sesmoreres.com\\\/blog\\\/el-poder-terapeutico-del-mar-desvelando-los-secretos-de-vivir-en-menorca\\\/\",\"name\":\"El Poder Terap\u00e9utico del Mar: Desvelando los Secretos de Vivir en Menorca - Blog sobre Menorca - Ses Moreres\",\"isPartOf\":{\"@id\":\"https:\\\/\\\/www.sesmoreres.com\\\/blog\\\/#website\"},\"primaryImageOfPage\":{\"@id\":\"https:\\\/\\\/www.sesmoreres.com\\\/blog\\\/el-poder-terapeutico-del-mar-desvelando-los-secretos-de-vivir-en-menorca\\\/#primaryimage\"},\"image\":{\"@id\":\"https:\\\/\\\/www.sesmoreres.com\\\/blog\\\/el-poder-terapeutico-del-mar-desvelando-los-secretos-de-vivir-en-menorca\\\/#primaryimage\"},\"thumbnailUrl\":\"https:\\\/\\\/www.sesmoreres.com\\\/blog\\\/wp-content\\\/uploads\\\/2023\\\/11\\\/vivir-en-el-mar.jpg\",\"datePublished\":\"2023-11-07T11:01:34+00:00\",\"dateModified\":\"2023-11-07T11:02:08+00:00\",\"description\":\"No es una casualidad que nos sintamos mejor en el mar, seg\u00fan los expertos las maravillas que la vida en una isla como Menorca tiene para ofrecernos son...\",\"breadcrumb\":{\"@id\":\"https:\\\/\\\/www.sesmoreres.com\\\/blog\\\/el-poder-terapeutico-del-mar-desvelando-los-secretos-de-vivir-en-menorca\\\/#breadcrumb\"},\"inLanguage\":\"es\",\"potentialAction\":[{\"@type\":\"ReadAction\",\"target\":[\"https:\\\/\\\/www.sesmoreres.com\\\/blog\\\/el-poder-terapeutico-del-mar-desvelando-los-secretos-de-vivir-en-menorca\\\/\"]}]},{\"@type\":\"ImageObject\",\"inLanguage\":\"es\",\"@id\":\"https:\\\/\\\/www.sesmoreres.com\\\/blog\\\/el-poder-terapeutico-del-mar-desvelando-los-secretos-de-vivir-en-menorca\\\/#primaryimage\",\"url\":\"https:\\\/\\\/www.sesmoreres.com\\\/blog\\\/wp-content\\\/uploads\\\/2023\\\/11\\\/vivir-en-el-mar.jpg\",\"contentUrl\":\"https:\\\/\\\/www.sesmoreres.com\\\/blog\\\/wp-content\\\/uploads\\\/2023\\\/11\\\/vivir-en-el-mar.jpg\",\"width\":643,\"height\":428,\"caption\":\"Vivir en el mar\"},{\"@type\":\"BreadcrumbList\",\"@id\":\"https:\\\/\\\/www.sesmoreres.com\\\/blog\\\/el-poder-terapeutico-del-mar-desvelando-los-secretos-de-vivir-en-menorca\\\/#breadcrumb\",\"itemListElement\":[{\"@type\":\"ListItem\",\"position\":1,\"name\":\"Portada\",\"item\":\"https:\\\/\\\/www.sesmoreres.com\\\/blog\\\/\"},{\"@type\":\"ListItem\",\"position\":2,\"name\":\"El Poder Terap\u00e9utico del Mar: Desvelando los Secretos de Vivir en Menorca\"}]},{\"@type\":\"WebSite\",\"@id\":\"https:\\\/\\\/www.sesmoreres.com\\\/blog\\\/#website\",\"url\":\"https:\\\/\\\/www.sesmoreres.com\\\/blog\\\/\",\"name\":\"Blog sobre Menorca - Ses Moreres\",\"description\":\"Agencia inmobiliaria de Menorca lider en la venta de propiedades de lujo. Fincas r\u00fasticas, casas de campo, chalets, terrenos.\",\"publisher\":{\"@id\":\"https:\\\/\\\/www.sesmoreres.com\\\/blog\\\/#organization\"},\"potentialAction\":[{\"@type\":\"SearchAction\",\"target\":{\"@type\":\"EntryPoint\",\"urlTemplate\":\"https:\\\/\\\/www.sesmoreres.com\\\/blog\\\/?s={search_term_string}\"},\"query-input\":{\"@type\":\"PropertyValueSpecification\",\"valueRequired\":true,\"valueName\":\"search_term_string\"}}],\"inLanguage\":\"es\"},{\"@type\":\"Organization\",\"@id\":\"https:\\\/\\\/www.sesmoreres.com\\\/blog\\\/#organization\",\"name\":\"Ses Moreres\",\"url\":\"https:\\\/\\\/www.sesmoreres.com\\\/blog\\\/\",\"logo\":{\"@type\":\"ImageObject\",\"inLanguage\":\"es\",\"@id\":\"https:\\\/\\\/www.sesmoreres.com\\\/blog\\\/#\\\/schema\\\/logo\\\/image\\\/\",\"url\":\"https:\\\/\\\/www.sesmoreres.com\\\/blog\\\/wp-content\\\/uploads\\\/2019\\\/07\\\/ses-moreres-inmobiliaria-menorca.gif\",\"contentUrl\":\"https:\\\/\\\/www.sesmoreres.com\\\/blog\\\/wp-content\\\/uploads\\\/2019\\\/07\\\/ses-moreres-inmobiliaria-menorca.gif\",\"width\":170,\"height\":95,\"caption\":\"Ses Moreres\"},\"image\":{\"@id\":\"https:\\\/\\\/www.sesmoreres.com\\\/blog\\\/#\\\/schema\\\/logo\\\/image\\\/\"},\"sameAs\":[\"https:\\\/\\\/www.facebook.com\\\/sesmoreres\\\/\",\"https:\\\/\\\/www.instagram.com\\\/inmobiliariasesmoreres\\\/?hl=es\",\"https:\\\/\\\/www.youtube.com\\\/user\\\/sesmoreres\"]},{\"@type\":\"Person\",\"@id\":\"https:\\\/\\\/www.sesmoreres.com\\\/blog\\\/#\\\/schema\\\/person\\\/7c7e14840c5091c536f2386f87710e37\",\"name\":\"Jose\",\"image\":{\"@type\":\"ImageObject\",\"inLanguage\":\"es\",\"@id\":\"https:\\\/\\\/secure.gravatar.com\\\/avatar\\\/b4fc98d81ad2dabadc7b38d8d9cc7d784080dca9704b983ca16b1fd2926445dc?s=96&d=mm&r=g\",\"url\":\"https:\\\/\\\/secure.gravatar.com\\\/avatar\\\/b4fc98d81ad2dabadc7b38d8d9cc7d784080dca9704b983ca16b1fd2926445dc?s=96&d=mm&r=g\",\"contentUrl\":\"https:\\\/\\\/secure.gravatar.com\\\/avatar\\\/b4fc98d81ad2dabadc7b38d8d9cc7d784080dca9704b983ca16b1fd2926445dc?s=96&d=mm&r=g\",\"caption\":\"Jose\"},\"url\":\"https:\\\/\\\/www.sesmoreres.com\\\/blog\\\/author\\\/jose\\\/\"}]}<\/script>\n<!-- \/ Yoast SEO plugin. -->","yoast_head_json":{"title":"El Poder Terap\u00e9utico del Mar: Desvelando los Secretos de Vivir en Menorca - Blog sobre Menorca - Ses Moreres","description":"No es una casualidad que nos sintamos mejor en el mar, seg\u00fan los expertos las maravillas que la vida en una isla como Menorca tiene para ofrecernos son...","robots":{"index":"index","follow":"follow","max-snippet":"max-snippet:-1","max-image-preview":"max-image-preview:large","max-video-preview":"max-video-preview:-1"},"canonical":"https:\/\/www.sesmoreres.com\/blog\/el-poder-terapeutico-del-mar-desvelando-los-secretos-de-vivir-en-menorca\/","og_locale":"es_ES","og_type":"article","og_title":"El Poder Terap\u00e9utico del Mar: Desvelando los Secretos de Vivir en Menorca - Blog sobre Menorca - Ses Moreres","og_description":"No es una casualidad que nos sintamos mejor en el mar, seg\u00fan los expertos las maravillas que la vida en una isla como Menorca tiene para ofrecernos son...","og_url":"https:\/\/www.sesmoreres.com\/blog\/el-poder-terapeutico-del-mar-desvelando-los-secretos-de-vivir-en-menorca\/","og_site_name":"Blog sobre Menorca - Ses Moreres","article_publisher":"https:\/\/www.facebook.com\/sesmoreres\/","article_published_time":"2023-11-07T11:01:34+00:00","article_modified_time":"2023-11-07T11:02:08+00:00","og_image":[{"width":643,"height":428,"url":"https:\/\/www.sesmoreres.com\/blog\/wp-content\/uploads\/2023\/11\/vivir-en-el-mar.jpg","type":"image\/jpeg"}],"author":"Jose","twitter_card":"summary_large_image","twitter_misc":{"Escrito por":"Jose","Tiempo de lectura":"2 minutos"},"schema":{"@context":"https:\/\/schema.org","@graph":[{"@type":"Article","@id":"https:\/\/www.sesmoreres.com\/blog\/el-poder-terapeutico-del-mar-desvelando-los-secretos-de-vivir-en-menorca\/#article","isPartOf":{"@id":"https:\/\/www.sesmoreres.com\/blog\/el-poder-terapeutico-del-mar-desvelando-los-secretos-de-vivir-en-menorca\/"},"author":{"name":"Jose","@id":"https:\/\/www.sesmoreres.com\/blog\/#\/schema\/person\/7c7e14840c5091c536f2386f87710e37"},"headline":"El Poder Terap\u00e9utico del Mar: Desvelando los Secretos de Vivir en Menorca","datePublished":"2023-11-07T11:01:34+00:00","dateModified":"2023-11-07T11:02:08+00:00","mainEntityOfPage":{"@id":"https:\/\/www.sesmoreres.com\/blog\/el-poder-terapeutico-del-mar-desvelando-los-secretos-de-vivir-en-menorca\/"},"wordCount":418,"commentCount":6,"publisher":{"@id":"https:\/\/www.sesmoreres.com\/blog\/#organization"},"image":{"@id":"https:\/\/www.sesmoreres.com\/blog\/el-poder-terapeutico-del-mar-desvelando-los-secretos-de-vivir-en-menorca\/#primaryimage"},"thumbnailUrl":"https:\/\/www.sesmoreres.com\/blog\/wp-content\/uploads\/2023\/11\/vivir-en-el-mar.jpg","keywords":["agencia inmobiliaria menorca","casa de lujo","menorca","vivir en Menorca"],"articleSection":["menorca","vista mar","vivir en Menorca"],"inLanguage":"es","potentialAction":[{"@type":"CommentAction","name":"Comment","target":["https:\/\/www.sesmoreres.com\/blog\/el-poder-terapeutico-del-mar-desvelando-los-secretos-de-vivir-en-menorca\/#respond"]}]},{"@type":"WebPage","@id":"https:\/\/www.sesmoreres.com\/blog\/el-poder-terapeutico-del-mar-desvelando-los-secretos-de-vivir-en-menorca\/","url":"https:\/\/www.sesmoreres.com\/blog\/el-poder-terapeutico-del-mar-desvelando-los-secretos-de-vivir-en-menorca\/","name":"El Poder Terap\u00e9utico del Mar: Desvelando los Secretos de Vivir en Menorca - Blog sobre Menorca - Ses Moreres","isPartOf":{"@id":"https:\/\/www.sesmoreres.com\/blog\/#website"},"primaryImageOfPage":{"@id":"https:\/\/www.sesmoreres.com\/blog\/el-poder-terapeutico-del-mar-desvelando-los-secretos-de-vivir-en-menorca\/#primaryimage"},"image":{"@id":"https:\/\/www.sesmoreres.com\/blog\/el-poder-terapeutico-del-mar-desvelando-los-secretos-de-vivir-en-menorca\/#primaryimage"},"thumbnailUrl":"https:\/\/www.sesmoreres.com\/blog\/wp-content\/uploads\/2023\/11\/vivir-en-el-mar.jpg","datePublished":"2023-11-07T11:01:34+00:00","dateModified":"2023-11-07T11:02:08+00:00","description":"No es una casualidad que nos sintamos mejor en el mar, seg\u00fan los expertos las maravillas que la vida en una isla como Menorca tiene para ofrecernos son...","breadcrumb":{"@id":"https:\/\/www.sesmoreres.com\/blog\/el-poder-terapeutico-del-mar-desvelando-los-secretos-de-vivir-en-menorca\/#breadcrumb"},"inLanguage":"es","potentialAction":[{"@type":"ReadAction","target":["https:\/\/www.sesmoreres.com\/blog\/el-poder-terapeutico-del-mar-desvelando-los-secretos-de-vivir-en-menorca\/"]}]},{"@type":"ImageObject","inLanguage":"es","@id":"https:\/\/www.sesmoreres.com\/blog\/el-poder-terapeutico-del-mar-desvelando-los-secretos-de-vivir-en-menorca\/#primaryimage","url":"https:\/\/www.sesmoreres.com\/blog\/wp-content\/uploads\/2023\/11\/vivir-en-el-mar.jpg","contentUrl":"https:\/\/www.sesmoreres.com\/blog\/wp-content\/uploads\/2023\/11\/vivir-en-el-mar.jpg","width":643,"height":428,"caption":"Vivir en el mar"},{"@type":"BreadcrumbList","@id":"https:\/\/www.sesmoreres.com\/blog\/el-poder-terapeutico-del-mar-desvelando-los-secretos-de-vivir-en-menorca\/#breadcrumb","itemListElement":[{"@type":"ListItem","position":1,"name":"Portada","item":"https:\/\/www.sesmoreres.com\/blog\/"},{"@type":"ListItem","position":2,"name":"El Poder Terap\u00e9utico del Mar: Desvelando los Secretos de Vivir en Menorca"}]},{"@type":"WebSite","@id":"https:\/\/www.sesmoreres.com\/blog\/#website","url":"https:\/\/www.sesmoreres.com\/blog\/","name":"Blog sobre Menorca - Ses Moreres","description":"Agencia inmobiliaria de Menorca lider en la venta de propiedades de lujo. Fincas r\u00fasticas, casas de campo, chalets, terrenos.","publisher":{"@id":"https:\/\/www.sesmoreres.com\/blog\/#organization"},"potentialAction":[{"@type":"SearchAction","target":{"@type":"EntryPoint","urlTemplate":"https:\/\/www.sesmoreres.com\/blog\/?s={search_term_string}"},"query-input":{"@type":"PropertyValueSpecification","valueRequired":true,"valueName":"search_term_string"}}],"inLanguage":"es"},{"@type":"Organization","@id":"https:\/\/www.sesmoreres.com\/blog\/#organization","name":"Ses Moreres","url":"https:\/\/www.sesmoreres.com\/blog\/","logo":{"@type":"ImageObject","inLanguage":"es","@id":"https:\/\/www.sesmoreres.com\/blog\/#\/schema\/logo\/image\/","url":"https:\/\/www.sesmoreres.com\/blog\/wp-content\/uploads\/2019\/07\/ses-moreres-inmobiliaria-menorca.gif","contentUrl":"https:\/\/www.sesmoreres.com\/blog\/wp-content\/uploads\/2019\/07\/ses-moreres-inmobiliaria-menorca.gif","width":170,"height":95,"caption":"Ses Moreres"},"image":{"@id":"https:\/\/www.sesmoreres.com\/blog\/#\/schema\/logo\/image\/"},"sameAs":["https:\/\/www.facebook.com\/sesmoreres\/","https:\/\/www.instagram.com\/inmobiliariasesmoreres\/?hl=es","https:\/\/www.youtube.com\/user\/sesmoreres"]},{"@type":"Person","@id":"https:\/\/www.sesmoreres.com\/blog\/#\/schema\/person\/7c7e14840c5091c536f2386f87710e37","name":"Jose","image":{"@type":"ImageObject","inLanguage":"es","@id":"https:\/\/secure.gravatar.com\/avatar\/b4fc98d81ad2dabadc7b38d8d9cc7d784080dca9704b983ca16b1fd2926445dc?s=96&d=mm&r=g","url":"https:\/\/secure.gravatar.com\/avatar\/b4fc98d81ad2dabadc7b38d8d9cc7d784080dca9704b983ca16b1fd2926445dc?s=96&d=mm&r=g","contentUrl":"https:\/\/secure.gravatar.com\/avatar\/b4fc98d81ad2dabadc7b38d8d9cc7d784080dca9704b983ca16b1fd2926445dc?s=96&d=mm&r=g","caption":"Jose"},"url":"https:\/\/www.sesmoreres.com\/blog\/author\/jose\/"}]}},"_links":{"self":[{"href":"https:\/\/www.sesmoreres.com\/blog\/wp-json\/wp\/v2\/posts\/2336","targetHints":{"allow":["GET"]}}],"collection":[{"href":"https:\/\/www.sesmoreres.com\/blog\/wp-json\/wp\/v2\/posts"}],"about":[{"href":"https:\/\/www.sesmoreres.com\/blog\/wp-json\/wp\/v2\/types\/post"}],"author":[{"embeddable":true,"href":"https:\/\/www.sesmoreres.com\/blog\/wp-json\/wp\/v2\/users\/2"}],"replies":[{"embeddable":true,"href":"https:\/\/www.sesmoreres.com\/blog\/wp-json\/wp\/v2\/comments?post=2336"}],"version-history":[{"count":4,"href":"https:\/\/www.sesmoreres.com\/blog\/wp-json\/wp\/v2\/posts\/2336\/revisions"}],"predecessor-version":[{"id":2345,"href":"https:\/\/www.sesmoreres.com\/blog\/wp-json\/wp\/v2\/posts\/2336\/revisions\/2345"}],"wp:featuredmedia":[{"embeddable":true,"href":"https:\/\/www.sesmoreres.com\/blog\/wp-json\/wp\/v2\/media\/2343"}],"wp:attachment":[{"href":"https:\/\/www.sesmoreres.com\/blog\/wp-json\/wp\/v2\/media?parent=2336"}],"wp:term":[{"taxonomy":"category","embeddable":true,"href":"https:\/\/www.sesmoreres.com\/blog\/wp-json\/wp\/v2\/categories?post=2336"},{"taxonomy":"post_tag","embeddable":true,"href":"https:\/\/www.sesmoreres.com\/blog\/wp-json\/wp\/v2\/tags?post=2336"}],"curies":[{"name":"wp","href":"https:\/\/api.w.org\/{rel}","templated":true}]}}