{"id":2325,"date":"2023-11-03T17:18:39","date_gmt":"2023-11-03T16:18:39","guid":{"rendered":"https:\/\/www.sesmoreres.com\/blog\/?p=2325"},"modified":"2023-11-03T17:23:30","modified_gmt":"2023-11-03T16:23:30","slug":"que-es-el-ecolujo","status":"publish","type":"post","link":"https:\/\/www.sesmoreres.com\/blog\/que-es-el-ecolujo\/","title":{"rendered":"\u00bfQu\u00e9 es el ECOLUJO?"},"content":{"rendered":"<p>Te adentraremos en el fascinante mundo del \u00abEcolujo\u00bb, un concepto que fusiona la elegancia del lujo con la responsabilidad medioambiental. En un momento en que la conciencia ecol\u00f3gica se convierte en una prioridad global, el Ecolujo emerge como una tendencia clave en el mundo inmobiliario de alto standing. Pero, \u00bfen qu\u00e9 consiste exactamente?<\/p>\n<p>&nbsp;<\/p>\n<p><strong>Definici\u00f3n del Ecolujo<\/strong><\/p>\n<p>&nbsp;<\/p>\n<p>El Ecolujo es una filosof\u00eda que combina la opulencia con la sostenibilidad en propiedades de alta gama. En su n\u00facleo, se enfoca en el dise\u00f1o consciente y la preservaci\u00f3n del entorno, ofreciendo un estilo de vida lujoso en armon\u00eda con la naturaleza.<\/p>\n<p>&nbsp;<\/p>\n<p>&nbsp;<\/p>\n<p><strong>Los Pilares del Ecolujo<\/strong><\/p>\n<p>En el Ecolujo, el lujo no se limita a la est\u00e9tica y las comodidades; se extiende hacia la sostenibilidad y el respeto por la naturaleza. Aqu\u00ed, destacamos los principios esenciales que definen este concepto \u00fanico:<\/p>\n<p>&nbsp;<\/p>\n<ol>\n<li><strong> Arquitectura Sostenible:<\/strong> La clave reside en el uso de t\u00e9cnicas y materiales sostenibles en la construcci\u00f3n de estas joyas arquitect\u00f3nicas.<\/li>\n<\/ol>\n<p>&nbsp;<\/p>\n<ol start=\"2\">\n<li><strong> T\u00e9cnicas Arquitect\u00f3nicas y de Dise\u00f1o para la Vida Sostenible:<\/strong> Bajo este paraguas, exploramos conceptos fundamentales:<\/li>\n<\/ol>\n<p>&nbsp;<\/p>\n<p><strong><a href=\"https:\/\/es.wikipedia.org\/wiki\/Arquitectura_bioclim%C3%A1tica\">Dise\u00f1o Bioclim\u00e1tico<\/a>:<\/strong> La arquitectura se adapta al clima local para maximizar la eficiencia energ\u00e9tica.<\/p>\n<p>&nbsp;<\/p>\n<p><strong>Materiales Locales y Sostenibles:<\/strong> Se prioriza el uso de materiales aut\u00f3ctonos y ecol\u00f3gicos para reducir la huella de carbono.<\/p>\n<p>&nbsp;<\/p>\n<p><strong>Energ\u00edas Renovables<\/strong>: Paneles solares, molinos e\u00f3licos y tecnolog\u00edas limpias se incorporan para garantizar un suministro de energ\u00eda sostenible.<\/p>\n<p>&nbsp;<\/p>\n<p><strong>Eficiencia Energ\u00e9tica:<\/strong> La arquitectura pasiva se convierte en un aliado para reducir el consumo energ\u00e9tico, incluyendo aislamiento t\u00e9rmico, sistemas de ventilaci\u00f3n controlada y m\u00e1s.<\/p>\n<p>&nbsp;<\/p>\n<ol start=\"3\">\n<li><strong> Gesti\u00f3n del Agua Sostenible:<\/strong> Desde la recolecci\u00f3n de aguas pluviales hasta la reutilizaci\u00f3n de aguas grises, se promueve el uso responsable de este recurso esencial.<\/li>\n<\/ol>\n<p>&nbsp;<\/p>\n<ol start=\"4\">\n<li><strong> Paisajismo Ecol\u00f3gico:<\/strong> Se prioriza la vegetaci\u00f3n aut\u00f3ctona en lugar de plantas que requieran grandes cantidades de agua, favoreciendo la biodiversidad y la conservaci\u00f3n de los recursos h\u00eddricos.<\/li>\n<\/ol>\n<p><strong>\u00a0<\/strong><\/p>\n<p><strong>Armon\u00eda con la Naturaleza en la Arquitectura<\/strong><\/p>\n<p>&nbsp;<\/p>\n<p>Adem\u00e1s de los conceptos mencionados, el Ecolujo abraza dos enfoques arquitect\u00f3nicos que marcan la diferencia:<\/p>\n<p><strong>\u00a0<\/strong><\/p>\n<p><strong><a href=\"https:\/\/es.wikipedia.org\/wiki\/Arquitectura_org%C3%A1nica\">&#8211; Arquitectura Org\u00e1nica<\/a>:<\/strong> Esta busca una simbiosis visual entre el edificio y su entorno, utilizando formas y materiales que imitan la naturaleza, creando una armon\u00eda est\u00e9tica con el paisaje circundante.<\/p>\n<p>&nbsp;<\/p>\n<p><strong>&#8211; Arquitectura Biointegrada:<\/strong> Va m\u00e1s all\u00e1 de lo visual al promover la interacci\u00f3n activa con la naturaleza, incorporando espacios verdes como jardines verticales y techos verdes que fomentan la biodiversidad y mejoran la calidad del aire.<\/p>\n<p>&nbsp;<\/p>\n<p><img decoding=\"async\" class=\"alignnone size-medium wp-image-2329 lazyload\" data-src=\"https:\/\/www.sesmoreres.com\/blog\/wp-content\/uploads\/2023\/11\/ecolujo-300x200.jpg\" alt=\"Ecolujo\" width=\"300\" height=\"200\" data-srcset=\"https:\/\/www.sesmoreres.com\/blog\/wp-content\/uploads\/2023\/11\/ecolujo-300x200.jpg 300w, https:\/\/www.sesmoreres.com\/blog\/wp-content\/uploads\/2023\/11\/ecolujo-1024x683.jpg 1024w, https:\/\/www.sesmoreres.com\/blog\/wp-content\/uploads\/2023\/11\/ecolujo-768x512.jpg 768w, https:\/\/www.sesmoreres.com\/blog\/wp-content\/uploads\/2023\/11\/ecolujo-1536x1024.jpg 1536w, https:\/\/www.sesmoreres.com\/blog\/wp-content\/uploads\/2023\/11\/ecolujo-2048x1365.jpg 2048w, https:\/\/www.sesmoreres.com\/blog\/wp-content\/uploads\/2023\/11\/ecolujo-scaled.jpg 850w\" data-sizes=\"(max-width: 300px) 100vw, 300px\" src=\"data:image\/svg+xml;base64,PHN2ZyB3aWR0aD0iMSIgaGVpZ2h0PSIxIiB4bWxucz0iaHR0cDovL3d3dy53My5vcmcvMjAwMC9zdmciPjwvc3ZnPg==\" style=\"--smush-placeholder-width: 300px; --smush-placeholder-aspect-ratio: 300\/200;\" \/><\/p>\n<p>&nbsp;<\/p>\n<p>El Ecolujo es mucho m\u00e1s que una tendencia; es un compromiso con un estilo de vida que fusiona la elegancia y la sostenibilidad. En futuras entregas, exploraremos ejemplos inspiradores y profundizaremos en este emocionante mundo donde el lujo y la conciencia ambiental se entrelazan. \u00a1\u00danete a nosotros en este viaje hacia un futuro m\u00e1s sostenible y lujoso!<\/p>\n<p>&nbsp;<\/p>\n<p>En la <a href=\"https:\/\/www.sesmoreres.com\/\">inmobiliaria Ses Moreres<\/a> de Menorca, te ofrecemos la selecci\u00f3n m\u00e1s amplia de <a href=\"https:\/\/www.sesmoreres.com\/resultado-busqueda\/?a=finca_rustica\">fincas r\u00fasticas en venta en Menorca<\/a>, ideales para materializar tu proyecto rural.<\/p>\n","protected":false},"excerpt":{"rendered":"<p>Te adentraremos en el fascinante mundo del \u00abEcolujo\u00bb, un concepto que fusiona la elegancia del lujo con la responsabilidad medioambiental. En un momento en que la conciencia ecol\u00f3gica se convierte en una prioridad global, el Ecolujo emerge como una tendencia &hellip; <a href=\"https:\/\/www.sesmoreres.com\/blog\/que-es-el-ecolujo\/\">Continuar<\/a><\/p>\n","protected":false},"author":2,"featured_media":2329,"comment_status":"open","ping_status":"open","sticky":false,"template":"","format":"standard","meta":{"footnotes":""},"categories":[962,961,235,238,232],"tags":[964,963,610],"class_list":["post-2325","post","type-post","status-publish","format-standard","has-post-thumbnail","hentry","category-arquitectura","category-ecolujo","category-finca-rustica","category-lujo","category-menorca","tag-arquitectura","tag-ecolujo","tag-menorca"],"yoast_head":"<!-- This site is optimized with the Yoast SEO plugin v27.5 - https:\/\/yoast.com\/product\/yoast-seo-wordpress\/ -->\n<title>\u00bfQu\u00e9 es el ECOLUJO? - Blog sobre Menorca - Ses Moreres<\/title>\n<meta name=\"description\" content=\"El fascinante mundo del &quot;Ecolujo&quot;, ES un concepto que fusiona la elegancia del lujo con la responsabilidad medioambiental\" \/>\n<meta name=\"robots\" content=\"index, follow, max-snippet:-1, max-image-preview:large, max-video-preview:-1\" \/>\n<link rel=\"canonical\" href=\"https:\/\/www.sesmoreres.com\/blog\/que-es-el-ecolujo\/\" \/>\n<meta property=\"og:locale\" content=\"es_ES\" \/>\n<meta property=\"og:type\" content=\"article\" \/>\n<meta property=\"og:title\" content=\"\u00bfQu\u00e9 es el ECOLUJO? - Blog sobre Menorca - Ses Moreres\" \/>\n<meta property=\"og:description\" content=\"El fascinante mundo del &quot;Ecolujo&quot;, ES un concepto que fusiona la elegancia del lujo con la responsabilidad medioambiental\" \/>\n<meta property=\"og:url\" content=\"https:\/\/www.sesmoreres.com\/blog\/que-es-el-ecolujo\/\" \/>\n<meta property=\"og:site_name\" content=\"Blog sobre Menorca - Ses Moreres\" \/>\n<meta property=\"article:publisher\" content=\"https:\/\/www.facebook.com\/sesmoreres\/\" \/>\n<meta property=\"article:published_time\" content=\"2023-11-03T16:18:39+00:00\" \/>\n<meta property=\"article:modified_time\" content=\"2023-11-03T16:23:30+00:00\" \/>\n<meta property=\"og:image\" content=\"https:\/\/www.sesmoreres.com\/blog\/wp-content\/uploads\/2023\/11\/ecolujo-scaled.jpg\" \/>\n\t<meta property=\"og:image:width\" content=\"850\" \/>\n\t<meta property=\"og:image:height\" content=\"567\" \/>\n\t<meta property=\"og:image:type\" content=\"image\/jpeg\" \/>\n<meta name=\"author\" content=\"Jose\" \/>\n<meta name=\"twitter:card\" content=\"summary_large_image\" \/>\n<meta name=\"twitter:label1\" content=\"Escrito por\" \/>\n\t<meta name=\"twitter:data1\" content=\"Jose\" \/>\n\t<meta name=\"twitter:label2\" content=\"Tiempo de lectura\" \/>\n\t<meta name=\"twitter:data2\" content=\"3 minutos\" \/>\n<script type=\"application\/ld+json\" class=\"yoast-schema-graph\">{\"@context\":\"https:\\\/\\\/schema.org\",\"@graph\":[{\"@type\":\"Article\",\"@id\":\"https:\\\/\\\/www.sesmoreres.com\\\/blog\\\/que-es-el-ecolujo\\\/#article\",\"isPartOf\":{\"@id\":\"https:\\\/\\\/www.sesmoreres.com\\\/blog\\\/que-es-el-ecolujo\\\/\"},\"author\":{\"name\":\"Jose\",\"@id\":\"https:\\\/\\\/www.sesmoreres.com\\\/blog\\\/#\\\/schema\\\/person\\\/7c7e14840c5091c536f2386f87710e37\"},\"headline\":\"\u00bfQu\u00e9 es el ECOLUJO?\",\"datePublished\":\"2023-11-03T16:18:39+00:00\",\"dateModified\":\"2023-11-03T16:23:30+00:00\",\"mainEntityOfPage\":{\"@id\":\"https:\\\/\\\/www.sesmoreres.com\\\/blog\\\/que-es-el-ecolujo\\\/\"},\"wordCount\":540,\"commentCount\":1,\"publisher\":{\"@id\":\"https:\\\/\\\/www.sesmoreres.com\\\/blog\\\/#organization\"},\"image\":{\"@id\":\"https:\\\/\\\/www.sesmoreres.com\\\/blog\\\/que-es-el-ecolujo\\\/#primaryimage\"},\"thumbnailUrl\":\"https:\\\/\\\/www.sesmoreres.com\\\/blog\\\/wp-content\\\/uploads\\\/2023\\\/11\\\/ecolujo-scaled.jpg\",\"keywords\":[\"arquitectura\",\"ECOLUJO\",\"menorca\"],\"articleSection\":[\"arquitectura\",\"ECOLUJO\",\"finca rustica\",\"lujo\",\"menorca\"],\"inLanguage\":\"es\",\"potentialAction\":[{\"@type\":\"CommentAction\",\"name\":\"Comment\",\"target\":[\"https:\\\/\\\/www.sesmoreres.com\\\/blog\\\/que-es-el-ecolujo\\\/#respond\"]}]},{\"@type\":\"WebPage\",\"@id\":\"https:\\\/\\\/www.sesmoreres.com\\\/blog\\\/que-es-el-ecolujo\\\/\",\"url\":\"https:\\\/\\\/www.sesmoreres.com\\\/blog\\\/que-es-el-ecolujo\\\/\",\"name\":\"\u00bfQu\u00e9 es el ECOLUJO? - Blog sobre Menorca - Ses Moreres\",\"isPartOf\":{\"@id\":\"https:\\\/\\\/www.sesmoreres.com\\\/blog\\\/#website\"},\"primaryImageOfPage\":{\"@id\":\"https:\\\/\\\/www.sesmoreres.com\\\/blog\\\/que-es-el-ecolujo\\\/#primaryimage\"},\"image\":{\"@id\":\"https:\\\/\\\/www.sesmoreres.com\\\/blog\\\/que-es-el-ecolujo\\\/#primaryimage\"},\"thumbnailUrl\":\"https:\\\/\\\/www.sesmoreres.com\\\/blog\\\/wp-content\\\/uploads\\\/2023\\\/11\\\/ecolujo-scaled.jpg\",\"datePublished\":\"2023-11-03T16:18:39+00:00\",\"dateModified\":\"2023-11-03T16:23:30+00:00\",\"description\":\"El fascinante mundo del \\\"Ecolujo\\\", ES un concepto que fusiona la elegancia del lujo con la responsabilidad medioambiental\",\"breadcrumb\":{\"@id\":\"https:\\\/\\\/www.sesmoreres.com\\\/blog\\\/que-es-el-ecolujo\\\/#breadcrumb\"},\"inLanguage\":\"es\",\"potentialAction\":[{\"@type\":\"ReadAction\",\"target\":[\"https:\\\/\\\/www.sesmoreres.com\\\/blog\\\/que-es-el-ecolujo\\\/\"]}]},{\"@type\":\"ImageObject\",\"inLanguage\":\"es\",\"@id\":\"https:\\\/\\\/www.sesmoreres.com\\\/blog\\\/que-es-el-ecolujo\\\/#primaryimage\",\"url\":\"https:\\\/\\\/www.sesmoreres.com\\\/blog\\\/wp-content\\\/uploads\\\/2023\\\/11\\\/ecolujo-scaled.jpg\",\"contentUrl\":\"https:\\\/\\\/www.sesmoreres.com\\\/blog\\\/wp-content\\\/uploads\\\/2023\\\/11\\\/ecolujo-scaled.jpg\",\"width\":850,\"height\":567,\"caption\":\"Ecolujo\"},{\"@type\":\"BreadcrumbList\",\"@id\":\"https:\\\/\\\/www.sesmoreres.com\\\/blog\\\/que-es-el-ecolujo\\\/#breadcrumb\",\"itemListElement\":[{\"@type\":\"ListItem\",\"position\":1,\"name\":\"Portada\",\"item\":\"https:\\\/\\\/www.sesmoreres.com\\\/blog\\\/\"},{\"@type\":\"ListItem\",\"position\":2,\"name\":\"\u00bfQu\u00e9 es el ECOLUJO?\"}]},{\"@type\":\"WebSite\",\"@id\":\"https:\\\/\\\/www.sesmoreres.com\\\/blog\\\/#website\",\"url\":\"https:\\\/\\\/www.sesmoreres.com\\\/blog\\\/\",\"name\":\"Blog sobre Menorca - Ses Moreres\",\"description\":\"Agencia inmobiliaria de Menorca lider en la venta de propiedades de lujo. Fincas r\u00fasticas, casas de campo, chalets, terrenos.\",\"publisher\":{\"@id\":\"https:\\\/\\\/www.sesmoreres.com\\\/blog\\\/#organization\"},\"potentialAction\":[{\"@type\":\"SearchAction\",\"target\":{\"@type\":\"EntryPoint\",\"urlTemplate\":\"https:\\\/\\\/www.sesmoreres.com\\\/blog\\\/?s={search_term_string}\"},\"query-input\":{\"@type\":\"PropertyValueSpecification\",\"valueRequired\":true,\"valueName\":\"search_term_string\"}}],\"inLanguage\":\"es\"},{\"@type\":\"Organization\",\"@id\":\"https:\\\/\\\/www.sesmoreres.com\\\/blog\\\/#organization\",\"name\":\"Ses Moreres\",\"url\":\"https:\\\/\\\/www.sesmoreres.com\\\/blog\\\/\",\"logo\":{\"@type\":\"ImageObject\",\"inLanguage\":\"es\",\"@id\":\"https:\\\/\\\/www.sesmoreres.com\\\/blog\\\/#\\\/schema\\\/logo\\\/image\\\/\",\"url\":\"https:\\\/\\\/www.sesmoreres.com\\\/blog\\\/wp-content\\\/uploads\\\/2019\\\/07\\\/ses-moreres-inmobiliaria-menorca.gif\",\"contentUrl\":\"https:\\\/\\\/www.sesmoreres.com\\\/blog\\\/wp-content\\\/uploads\\\/2019\\\/07\\\/ses-moreres-inmobiliaria-menorca.gif\",\"width\":170,\"height\":95,\"caption\":\"Ses Moreres\"},\"image\":{\"@id\":\"https:\\\/\\\/www.sesmoreres.com\\\/blog\\\/#\\\/schema\\\/logo\\\/image\\\/\"},\"sameAs\":[\"https:\\\/\\\/www.facebook.com\\\/sesmoreres\\\/\",\"https:\\\/\\\/www.instagram.com\\\/inmobiliariasesmoreres\\\/?hl=es\",\"https:\\\/\\\/www.youtube.com\\\/user\\\/sesmoreres\"]},{\"@type\":\"Person\",\"@id\":\"https:\\\/\\\/www.sesmoreres.com\\\/blog\\\/#\\\/schema\\\/person\\\/7c7e14840c5091c536f2386f87710e37\",\"name\":\"Jose\",\"image\":{\"@type\":\"ImageObject\",\"inLanguage\":\"es\",\"@id\":\"https:\\\/\\\/secure.gravatar.com\\\/avatar\\\/b4fc98d81ad2dabadc7b38d8d9cc7d784080dca9704b983ca16b1fd2926445dc?s=96&d=mm&r=g\",\"url\":\"https:\\\/\\\/secure.gravatar.com\\\/avatar\\\/b4fc98d81ad2dabadc7b38d8d9cc7d784080dca9704b983ca16b1fd2926445dc?s=96&d=mm&r=g\",\"contentUrl\":\"https:\\\/\\\/secure.gravatar.com\\\/avatar\\\/b4fc98d81ad2dabadc7b38d8d9cc7d784080dca9704b983ca16b1fd2926445dc?s=96&d=mm&r=g\",\"caption\":\"Jose\"},\"url\":\"https:\\\/\\\/www.sesmoreres.com\\\/blog\\\/author\\\/jose\\\/\"}]}<\/script>\n<!-- \/ Yoast SEO plugin. -->","yoast_head_json":{"title":"\u00bfQu\u00e9 es el ECOLUJO? - Blog sobre Menorca - Ses Moreres","description":"El fascinante mundo del \"Ecolujo\", ES un concepto que fusiona la elegancia del lujo con la responsabilidad medioambiental","robots":{"index":"index","follow":"follow","max-snippet":"max-snippet:-1","max-image-preview":"max-image-preview:large","max-video-preview":"max-video-preview:-1"},"canonical":"https:\/\/www.sesmoreres.com\/blog\/que-es-el-ecolujo\/","og_locale":"es_ES","og_type":"article","og_title":"\u00bfQu\u00e9 es el ECOLUJO? - Blog sobre Menorca - Ses Moreres","og_description":"El fascinante mundo del \"Ecolujo\", ES un concepto que fusiona la elegancia del lujo con la responsabilidad medioambiental","og_url":"https:\/\/www.sesmoreres.com\/blog\/que-es-el-ecolujo\/","og_site_name":"Blog sobre Menorca - Ses Moreres","article_publisher":"https:\/\/www.facebook.com\/sesmoreres\/","article_published_time":"2023-11-03T16:18:39+00:00","article_modified_time":"2023-11-03T16:23:30+00:00","og_image":[{"width":850,"height":567,"url":"https:\/\/www.sesmoreres.com\/blog\/wp-content\/uploads\/2023\/11\/ecolujo-scaled.jpg","type":"image\/jpeg"}],"author":"Jose","twitter_card":"summary_large_image","twitter_misc":{"Escrito por":"Jose","Tiempo de lectura":"3 minutos"},"schema":{"@context":"https:\/\/schema.org","@graph":[{"@type":"Article","@id":"https:\/\/www.sesmoreres.com\/blog\/que-es-el-ecolujo\/#article","isPartOf":{"@id":"https:\/\/www.sesmoreres.com\/blog\/que-es-el-ecolujo\/"},"author":{"name":"Jose","@id":"https:\/\/www.sesmoreres.com\/blog\/#\/schema\/person\/7c7e14840c5091c536f2386f87710e37"},"headline":"\u00bfQu\u00e9 es el ECOLUJO?","datePublished":"2023-11-03T16:18:39+00:00","dateModified":"2023-11-03T16:23:30+00:00","mainEntityOfPage":{"@id":"https:\/\/www.sesmoreres.com\/blog\/que-es-el-ecolujo\/"},"wordCount":540,"commentCount":1,"publisher":{"@id":"https:\/\/www.sesmoreres.com\/blog\/#organization"},"image":{"@id":"https:\/\/www.sesmoreres.com\/blog\/que-es-el-ecolujo\/#primaryimage"},"thumbnailUrl":"https:\/\/www.sesmoreres.com\/blog\/wp-content\/uploads\/2023\/11\/ecolujo-scaled.jpg","keywords":["arquitectura","ECOLUJO","menorca"],"articleSection":["arquitectura","ECOLUJO","finca rustica","lujo","menorca"],"inLanguage":"es","potentialAction":[{"@type":"CommentAction","name":"Comment","target":["https:\/\/www.sesmoreres.com\/blog\/que-es-el-ecolujo\/#respond"]}]},{"@type":"WebPage","@id":"https:\/\/www.sesmoreres.com\/blog\/que-es-el-ecolujo\/","url":"https:\/\/www.sesmoreres.com\/blog\/que-es-el-ecolujo\/","name":"\u00bfQu\u00e9 es el ECOLUJO? - Blog sobre Menorca - Ses Moreres","isPartOf":{"@id":"https:\/\/www.sesmoreres.com\/blog\/#website"},"primaryImageOfPage":{"@id":"https:\/\/www.sesmoreres.com\/blog\/que-es-el-ecolujo\/#primaryimage"},"image":{"@id":"https:\/\/www.sesmoreres.com\/blog\/que-es-el-ecolujo\/#primaryimage"},"thumbnailUrl":"https:\/\/www.sesmoreres.com\/blog\/wp-content\/uploads\/2023\/11\/ecolujo-scaled.jpg","datePublished":"2023-11-03T16:18:39+00:00","dateModified":"2023-11-03T16:23:30+00:00","description":"El fascinante mundo del \"Ecolujo\", ES un concepto que fusiona la elegancia del lujo con la responsabilidad medioambiental","breadcrumb":{"@id":"https:\/\/www.sesmoreres.com\/blog\/que-es-el-ecolujo\/#breadcrumb"},"inLanguage":"es","potentialAction":[{"@type":"ReadAction","target":["https:\/\/www.sesmoreres.com\/blog\/que-es-el-ecolujo\/"]}]},{"@type":"ImageObject","inLanguage":"es","@id":"https:\/\/www.sesmoreres.com\/blog\/que-es-el-ecolujo\/#primaryimage","url":"https:\/\/www.sesmoreres.com\/blog\/wp-content\/uploads\/2023\/11\/ecolujo-scaled.jpg","contentUrl":"https:\/\/www.sesmoreres.com\/blog\/wp-content\/uploads\/2023\/11\/ecolujo-scaled.jpg","width":850,"height":567,"caption":"Ecolujo"},{"@type":"BreadcrumbList","@id":"https:\/\/www.sesmoreres.com\/blog\/que-es-el-ecolujo\/#breadcrumb","itemListElement":[{"@type":"ListItem","position":1,"name":"Portada","item":"https:\/\/www.sesmoreres.com\/blog\/"},{"@type":"ListItem","position":2,"name":"\u00bfQu\u00e9 es el ECOLUJO?"}]},{"@type":"WebSite","@id":"https:\/\/www.sesmoreres.com\/blog\/#website","url":"https:\/\/www.sesmoreres.com\/blog\/","name":"Blog sobre Menorca - Ses Moreres","description":"Agencia inmobiliaria de Menorca lider en la venta de propiedades de lujo. Fincas r\u00fasticas, casas de campo, chalets, terrenos.","publisher":{"@id":"https:\/\/www.sesmoreres.com\/blog\/#organization"},"potentialAction":[{"@type":"SearchAction","target":{"@type":"EntryPoint","urlTemplate":"https:\/\/www.sesmoreres.com\/blog\/?s={search_term_string}"},"query-input":{"@type":"PropertyValueSpecification","valueRequired":true,"valueName":"search_term_string"}}],"inLanguage":"es"},{"@type":"Organization","@id":"https:\/\/www.sesmoreres.com\/blog\/#organization","name":"Ses Moreres","url":"https:\/\/www.sesmoreres.com\/blog\/","logo":{"@type":"ImageObject","inLanguage":"es","@id":"https:\/\/www.sesmoreres.com\/blog\/#\/schema\/logo\/image\/","url":"https:\/\/www.sesmoreres.com\/blog\/wp-content\/uploads\/2019\/07\/ses-moreres-inmobiliaria-menorca.gif","contentUrl":"https:\/\/www.sesmoreres.com\/blog\/wp-content\/uploads\/2019\/07\/ses-moreres-inmobiliaria-menorca.gif","width":170,"height":95,"caption":"Ses Moreres"},"image":{"@id":"https:\/\/www.sesmoreres.com\/blog\/#\/schema\/logo\/image\/"},"sameAs":["https:\/\/www.facebook.com\/sesmoreres\/","https:\/\/www.instagram.com\/inmobiliariasesmoreres\/?hl=es","https:\/\/www.youtube.com\/user\/sesmoreres"]},{"@type":"Person","@id":"https:\/\/www.sesmoreres.com\/blog\/#\/schema\/person\/7c7e14840c5091c536f2386f87710e37","name":"Jose","image":{"@type":"ImageObject","inLanguage":"es","@id":"https:\/\/secure.gravatar.com\/avatar\/b4fc98d81ad2dabadc7b38d8d9cc7d784080dca9704b983ca16b1fd2926445dc?s=96&d=mm&r=g","url":"https:\/\/secure.gravatar.com\/avatar\/b4fc98d81ad2dabadc7b38d8d9cc7d784080dca9704b983ca16b1fd2926445dc?s=96&d=mm&r=g","contentUrl":"https:\/\/secure.gravatar.com\/avatar\/b4fc98d81ad2dabadc7b38d8d9cc7d784080dca9704b983ca16b1fd2926445dc?s=96&d=mm&r=g","caption":"Jose"},"url":"https:\/\/www.sesmoreres.com\/blog\/author\/jose\/"}]}},"_links":{"self":[{"href":"https:\/\/www.sesmoreres.com\/blog\/wp-json\/wp\/v2\/posts\/2325","targetHints":{"allow":["GET"]}}],"collection":[{"href":"https:\/\/www.sesmoreres.com\/blog\/wp-json\/wp\/v2\/posts"}],"about":[{"href":"https:\/\/www.sesmoreres.com\/blog\/wp-json\/wp\/v2\/types\/post"}],"author":[{"embeddable":true,"href":"https:\/\/www.sesmoreres.com\/blog\/wp-json\/wp\/v2\/users\/2"}],"replies":[{"embeddable":true,"href":"https:\/\/www.sesmoreres.com\/blog\/wp-json\/wp\/v2\/comments?post=2325"}],"version-history":[{"count":9,"href":"https:\/\/www.sesmoreres.com\/blog\/wp-json\/wp\/v2\/posts\/2325\/revisions"}],"predecessor-version":[{"id":2335,"href":"https:\/\/www.sesmoreres.com\/blog\/wp-json\/wp\/v2\/posts\/2325\/revisions\/2335"}],"wp:featuredmedia":[{"embeddable":true,"href":"https:\/\/www.sesmoreres.com\/blog\/wp-json\/wp\/v2\/media\/2329"}],"wp:attachment":[{"href":"https:\/\/www.sesmoreres.com\/blog\/wp-json\/wp\/v2\/media?parent=2325"}],"wp:term":[{"taxonomy":"category","embeddable":true,"href":"https:\/\/www.sesmoreres.com\/blog\/wp-json\/wp\/v2\/categories?post=2325"},{"taxonomy":"post_tag","embeddable":true,"href":"https:\/\/www.sesmoreres.com\/blog\/wp-json\/wp\/v2\/tags?post=2325"}],"curies":[{"name":"wp","href":"https:\/\/api.w.org\/{rel}","templated":true}]}}