{"id":2231,"date":"2021-12-22T18:07:32","date_gmt":"2021-12-22T17:07:32","guid":{"rendered":"https:\/\/www.sesmoreres.com\/blog\/?p=2231"},"modified":"2021-12-22T18:25:51","modified_gmt":"2021-12-22T17:25:51","slug":"feliz-navidad-desde-menorca-con-una-cancion","status":"publish","type":"post","link":"https:\/\/www.sesmoreres.com\/blog\/feliz-navidad-desde-menorca-con-una-cancion\/","title":{"rendered":"\u00a1Feliz Navidad desde Menorca con una canci\u00f3n!"},"content":{"rendered":"<p>Como cada a\u00f1o hemos querido realizar un v\u00eddeo divertido para celebrar la Navidad con nuestros amigos y clientes. Felices Fiestas y Pr\u00f3spero A\u00f1o 2022!!<\/p>\n<p><iframe data-src=\"https:\/\/www.youtube.com\/embed\/6UelSQweBDg\" width=\"560\" height=\"315\" frameborder=\"0\" allowfullscreen=\"allowfullscreen\" src=\"data:image\/svg+xml;base64,PHN2ZyB3aWR0aD0iMSIgaGVpZ2h0PSIxIiB4bWxucz0iaHR0cDovL3d3dy53My5vcmcvMjAwMC9zdmciPjwvc3ZnPg==\" class=\"lazyload\" data-load-mode=\"1\"><\/iframe><\/p>\n<p><a href=\"https:\/\/www.youtube.com\/playlist?list=PLMKl41K4ODKNafYu2rh9jZ0f4R7Rmtt6t\">Aqu\u00ed pod\u00e9is ver una lista de los mejores v\u00eddeos de Navidad de otros a\u00f1os.<\/a><\/p>\n","protected":false},"excerpt":{"rendered":"<p>Como cada a\u00f1o hemos querido realizar un v\u00eddeo divertido para celebrar la Navidad con nuestros amigos y clientes. Felices Fiestas y Pr\u00f3spero A\u00f1o 2022!! Aqu\u00ed pod\u00e9is ver una lista de los mejores v\u00eddeos de Navidad de otros a\u00f1os.<\/p>\n","protected":false},"author":2,"featured_media":2237,"comment_status":"open","ping_status":"open","sticky":false,"template":"","format":"standard","meta":{"footnotes":""},"categories":[253,947,426],"tags":[948,802,668,949],"class_list":["post-2231","post","type-post","status-publish","format-standard","has-post-thumbnail","hentry","category-navidad","category-navidad-2021","category-navidades-menorca","tag-cancion-navidad","tag-menorca-navidad","tag-navidad","tag-navidades-menorca"],"yoast_head":"<!-- This site is optimized with the Yoast SEO plugin v27.5 - https:\/\/yoast.com\/product\/yoast-seo-wordpress\/ -->\n<title>\u00a1Feliz Navidad desde Menorca con una canci\u00f3n! - Blog sobre Menorca - Ses Moreres<\/title>\n<meta name=\"description\" content=\"Con esta original canci\u00f3n cantada por nosotros hemos querido desear a amigos y clientes una Feliz Navidad y Pr\u00f3spero A\u00f1o Nuevo 2022!\" \/>\n<meta name=\"robots\" content=\"index, follow, max-snippet:-1, max-image-preview:large, max-video-preview:-1\" \/>\n<link rel=\"canonical\" href=\"https:\/\/www.sesmoreres.com\/blog\/feliz-navidad-desde-menorca-con-una-cancion\/\" \/>\n<meta property=\"og:locale\" content=\"es_ES\" \/>\n<meta property=\"og:type\" content=\"article\" \/>\n<meta property=\"og:title\" content=\"\u00a1Feliz Navidad desde Menorca con una canci\u00f3n! - Blog sobre Menorca - Ses Moreres\" \/>\n<meta property=\"og:description\" content=\"Con esta original canci\u00f3n cantada por nosotros hemos querido desear a amigos y clientes una Feliz Navidad y Pr\u00f3spero A\u00f1o Nuevo 2022!\" \/>\n<meta property=\"og:url\" content=\"https:\/\/www.sesmoreres.com\/blog\/feliz-navidad-desde-menorca-con-una-cancion\/\" \/>\n<meta property=\"og:site_name\" content=\"Blog sobre Menorca - Ses Moreres\" \/>\n<meta property=\"article:publisher\" content=\"https:\/\/www.facebook.com\/sesmoreres\/\" \/>\n<meta property=\"article:published_time\" content=\"2021-12-22T17:07:32+00:00\" \/>\n<meta property=\"article:modified_time\" content=\"2021-12-22T17:25:51+00:00\" \/>\n<meta property=\"og:image\" content=\"https:\/\/www.sesmoreres.com\/blog\/wp-content\/uploads\/2021\/12\/rockin-around-christmas-tree-navidad-2021-cancion-scaled.jpg\" \/>\n\t<meta property=\"og:image:width\" content=\"850\" \/>\n\t<meta property=\"og:image:height\" content=\"567\" \/>\n\t<meta property=\"og:image:type\" content=\"image\/jpeg\" \/>\n<meta name=\"author\" content=\"Jose\" \/>\n<meta name=\"twitter:card\" content=\"summary_large_image\" \/>\n<meta name=\"twitter:label1\" content=\"Escrito por\" \/>\n\t<meta name=\"twitter:data1\" content=\"Jose\" \/>\n<script type=\"application\/ld+json\" class=\"yoast-schema-graph\">{\"@context\":\"https:\\\/\\\/schema.org\",\"@graph\":[{\"@type\":\"Article\",\"@id\":\"https:\\\/\\\/www.sesmoreres.com\\\/blog\\\/feliz-navidad-desde-menorca-con-una-cancion\\\/#article\",\"isPartOf\":{\"@id\":\"https:\\\/\\\/www.sesmoreres.com\\\/blog\\\/feliz-navidad-desde-menorca-con-una-cancion\\\/\"},\"author\":{\"name\":\"Jose\",\"@id\":\"https:\\\/\\\/www.sesmoreres.com\\\/blog\\\/#\\\/schema\\\/person\\\/7c7e14840c5091c536f2386f87710e37\"},\"headline\":\"\u00a1Feliz Navidad desde Menorca con una canci\u00f3n!\",\"datePublished\":\"2021-12-22T17:07:32+00:00\",\"dateModified\":\"2021-12-22T17:25:51+00:00\",\"mainEntityOfPage\":{\"@id\":\"https:\\\/\\\/www.sesmoreres.com\\\/blog\\\/feliz-navidad-desde-menorca-con-una-cancion\\\/\"},\"wordCount\":52,\"commentCount\":5,\"publisher\":{\"@id\":\"https:\\\/\\\/www.sesmoreres.com\\\/blog\\\/#organization\"},\"image\":{\"@id\":\"https:\\\/\\\/www.sesmoreres.com\\\/blog\\\/feliz-navidad-desde-menorca-con-una-cancion\\\/#primaryimage\"},\"thumbnailUrl\":\"https:\\\/\\\/www.sesmoreres.com\\\/blog\\\/wp-content\\\/uploads\\\/2021\\\/12\\\/rockin-around-christmas-tree-navidad-2021-cancion-scaled.jpg\",\"keywords\":[\"cancion navidad\",\"menorca navidad\",\"Navidad\",\"navidades menorca\"],\"articleSection\":[\"navidad\",\"Navidad 2021\",\"navidades menorca\"],\"inLanguage\":\"es\",\"potentialAction\":[{\"@type\":\"CommentAction\",\"name\":\"Comment\",\"target\":[\"https:\\\/\\\/www.sesmoreres.com\\\/blog\\\/feliz-navidad-desde-menorca-con-una-cancion\\\/#respond\"]}]},{\"@type\":\"WebPage\",\"@id\":\"https:\\\/\\\/www.sesmoreres.com\\\/blog\\\/feliz-navidad-desde-menorca-con-una-cancion\\\/\",\"url\":\"https:\\\/\\\/www.sesmoreres.com\\\/blog\\\/feliz-navidad-desde-menorca-con-una-cancion\\\/\",\"name\":\"\u00a1Feliz Navidad desde Menorca con una canci\u00f3n! - Blog sobre Menorca - Ses Moreres\",\"isPartOf\":{\"@id\":\"https:\\\/\\\/www.sesmoreres.com\\\/blog\\\/#website\"},\"primaryImageOfPage\":{\"@id\":\"https:\\\/\\\/www.sesmoreres.com\\\/blog\\\/feliz-navidad-desde-menorca-con-una-cancion\\\/#primaryimage\"},\"image\":{\"@id\":\"https:\\\/\\\/www.sesmoreres.com\\\/blog\\\/feliz-navidad-desde-menorca-con-una-cancion\\\/#primaryimage\"},\"thumbnailUrl\":\"https:\\\/\\\/www.sesmoreres.com\\\/blog\\\/wp-content\\\/uploads\\\/2021\\\/12\\\/rockin-around-christmas-tree-navidad-2021-cancion-scaled.jpg\",\"datePublished\":\"2021-12-22T17:07:32+00:00\",\"dateModified\":\"2021-12-22T17:25:51+00:00\",\"description\":\"Con esta original canci\u00f3n cantada por nosotros hemos querido desear a amigos y clientes una Feliz Navidad y Pr\u00f3spero A\u00f1o Nuevo 2022!\",\"breadcrumb\":{\"@id\":\"https:\\\/\\\/www.sesmoreres.com\\\/blog\\\/feliz-navidad-desde-menorca-con-una-cancion\\\/#breadcrumb\"},\"inLanguage\":\"es\",\"potentialAction\":[{\"@type\":\"ReadAction\",\"target\":[\"https:\\\/\\\/www.sesmoreres.com\\\/blog\\\/feliz-navidad-desde-menorca-con-una-cancion\\\/\"]}]},{\"@type\":\"ImageObject\",\"inLanguage\":\"es\",\"@id\":\"https:\\\/\\\/www.sesmoreres.com\\\/blog\\\/feliz-navidad-desde-menorca-con-una-cancion\\\/#primaryimage\",\"url\":\"https:\\\/\\\/www.sesmoreres.com\\\/blog\\\/wp-content\\\/uploads\\\/2021\\\/12\\\/rockin-around-christmas-tree-navidad-2021-cancion-scaled.jpg\",\"contentUrl\":\"https:\\\/\\\/www.sesmoreres.com\\\/blog\\\/wp-content\\\/uploads\\\/2021\\\/12\\\/rockin-around-christmas-tree-navidad-2021-cancion-scaled.jpg\",\"width\":850,\"height\":567,\"caption\":\"rockin around the christmas tree menorca\"},{\"@type\":\"BreadcrumbList\",\"@id\":\"https:\\\/\\\/www.sesmoreres.com\\\/blog\\\/feliz-navidad-desde-menorca-con-una-cancion\\\/#breadcrumb\",\"itemListElement\":[{\"@type\":\"ListItem\",\"position\":1,\"name\":\"Portada\",\"item\":\"https:\\\/\\\/www.sesmoreres.com\\\/blog\\\/\"},{\"@type\":\"ListItem\",\"position\":2,\"name\":\"\u00a1Feliz Navidad desde Menorca con una canci\u00f3n!\"}]},{\"@type\":\"WebSite\",\"@id\":\"https:\\\/\\\/www.sesmoreres.com\\\/blog\\\/#website\",\"url\":\"https:\\\/\\\/www.sesmoreres.com\\\/blog\\\/\",\"name\":\"Blog sobre Menorca - Ses Moreres\",\"description\":\"Agencia inmobiliaria de Menorca lider en la venta de propiedades de lujo. Fincas r\u00fasticas, casas de campo, chalets, terrenos.\",\"publisher\":{\"@id\":\"https:\\\/\\\/www.sesmoreres.com\\\/blog\\\/#organization\"},\"potentialAction\":[{\"@type\":\"SearchAction\",\"target\":{\"@type\":\"EntryPoint\",\"urlTemplate\":\"https:\\\/\\\/www.sesmoreres.com\\\/blog\\\/?s={search_term_string}\"},\"query-input\":{\"@type\":\"PropertyValueSpecification\",\"valueRequired\":true,\"valueName\":\"search_term_string\"}}],\"inLanguage\":\"es\"},{\"@type\":\"Organization\",\"@id\":\"https:\\\/\\\/www.sesmoreres.com\\\/blog\\\/#organization\",\"name\":\"Ses Moreres\",\"url\":\"https:\\\/\\\/www.sesmoreres.com\\\/blog\\\/\",\"logo\":{\"@type\":\"ImageObject\",\"inLanguage\":\"es\",\"@id\":\"https:\\\/\\\/www.sesmoreres.com\\\/blog\\\/#\\\/schema\\\/logo\\\/image\\\/\",\"url\":\"https:\\\/\\\/www.sesmoreres.com\\\/blog\\\/wp-content\\\/uploads\\\/2019\\\/07\\\/ses-moreres-inmobiliaria-menorca.gif\",\"contentUrl\":\"https:\\\/\\\/www.sesmoreres.com\\\/blog\\\/wp-content\\\/uploads\\\/2019\\\/07\\\/ses-moreres-inmobiliaria-menorca.gif\",\"width\":170,\"height\":95,\"caption\":\"Ses Moreres\"},\"image\":{\"@id\":\"https:\\\/\\\/www.sesmoreres.com\\\/blog\\\/#\\\/schema\\\/logo\\\/image\\\/\"},\"sameAs\":[\"https:\\\/\\\/www.facebook.com\\\/sesmoreres\\\/\",\"https:\\\/\\\/www.instagram.com\\\/inmobiliariasesmoreres\\\/?hl=es\",\"https:\\\/\\\/www.youtube.com\\\/user\\\/sesmoreres\"]},{\"@type\":\"Person\",\"@id\":\"https:\\\/\\\/www.sesmoreres.com\\\/blog\\\/#\\\/schema\\\/person\\\/7c7e14840c5091c536f2386f87710e37\",\"name\":\"Jose\",\"image\":{\"@type\":\"ImageObject\",\"inLanguage\":\"es\",\"@id\":\"https:\\\/\\\/secure.gravatar.com\\\/avatar\\\/b4fc98d81ad2dabadc7b38d8d9cc7d784080dca9704b983ca16b1fd2926445dc?s=96&d=mm&r=g\",\"url\":\"https:\\\/\\\/secure.gravatar.com\\\/avatar\\\/b4fc98d81ad2dabadc7b38d8d9cc7d784080dca9704b983ca16b1fd2926445dc?s=96&d=mm&r=g\",\"contentUrl\":\"https:\\\/\\\/secure.gravatar.com\\\/avatar\\\/b4fc98d81ad2dabadc7b38d8d9cc7d784080dca9704b983ca16b1fd2926445dc?s=96&d=mm&r=g\",\"caption\":\"Jose\"},\"url\":\"https:\\\/\\\/www.sesmoreres.com\\\/blog\\\/author\\\/jose\\\/\"}]}<\/script>\n<!-- \/ Yoast SEO plugin. -->","yoast_head_json":{"title":"\u00a1Feliz Navidad desde Menorca con una canci\u00f3n! - Blog sobre Menorca - Ses Moreres","description":"Con esta original canci\u00f3n cantada por nosotros hemos querido desear a amigos y clientes una Feliz Navidad y Pr\u00f3spero A\u00f1o Nuevo 2022!","robots":{"index":"index","follow":"follow","max-snippet":"max-snippet:-1","max-image-preview":"max-image-preview:large","max-video-preview":"max-video-preview:-1"},"canonical":"https:\/\/www.sesmoreres.com\/blog\/feliz-navidad-desde-menorca-con-una-cancion\/","og_locale":"es_ES","og_type":"article","og_title":"\u00a1Feliz Navidad desde Menorca con una canci\u00f3n! - Blog sobre Menorca - Ses Moreres","og_description":"Con esta original canci\u00f3n cantada por nosotros hemos querido desear a amigos y clientes una Feliz Navidad y Pr\u00f3spero A\u00f1o Nuevo 2022!","og_url":"https:\/\/www.sesmoreres.com\/blog\/feliz-navidad-desde-menorca-con-una-cancion\/","og_site_name":"Blog sobre Menorca - Ses Moreres","article_publisher":"https:\/\/www.facebook.com\/sesmoreres\/","article_published_time":"2021-12-22T17:07:32+00:00","article_modified_time":"2021-12-22T17:25:51+00:00","og_image":[{"width":850,"height":567,"url":"https:\/\/www.sesmoreres.com\/blog\/wp-content\/uploads\/2021\/12\/rockin-around-christmas-tree-navidad-2021-cancion-scaled.jpg","type":"image\/jpeg"}],"author":"Jose","twitter_card":"summary_large_image","twitter_misc":{"Escrito por":"Jose"},"schema":{"@context":"https:\/\/schema.org","@graph":[{"@type":"Article","@id":"https:\/\/www.sesmoreres.com\/blog\/feliz-navidad-desde-menorca-con-una-cancion\/#article","isPartOf":{"@id":"https:\/\/www.sesmoreres.com\/blog\/feliz-navidad-desde-menorca-con-una-cancion\/"},"author":{"name":"Jose","@id":"https:\/\/www.sesmoreres.com\/blog\/#\/schema\/person\/7c7e14840c5091c536f2386f87710e37"},"headline":"\u00a1Feliz Navidad desde Menorca con una canci\u00f3n!","datePublished":"2021-12-22T17:07:32+00:00","dateModified":"2021-12-22T17:25:51+00:00","mainEntityOfPage":{"@id":"https:\/\/www.sesmoreres.com\/blog\/feliz-navidad-desde-menorca-con-una-cancion\/"},"wordCount":52,"commentCount":5,"publisher":{"@id":"https:\/\/www.sesmoreres.com\/blog\/#organization"},"image":{"@id":"https:\/\/www.sesmoreres.com\/blog\/feliz-navidad-desde-menorca-con-una-cancion\/#primaryimage"},"thumbnailUrl":"https:\/\/www.sesmoreres.com\/blog\/wp-content\/uploads\/2021\/12\/rockin-around-christmas-tree-navidad-2021-cancion-scaled.jpg","keywords":["cancion navidad","menorca navidad","Navidad","navidades menorca"],"articleSection":["navidad","Navidad 2021","navidades menorca"],"inLanguage":"es","potentialAction":[{"@type":"CommentAction","name":"Comment","target":["https:\/\/www.sesmoreres.com\/blog\/feliz-navidad-desde-menorca-con-una-cancion\/#respond"]}]},{"@type":"WebPage","@id":"https:\/\/www.sesmoreres.com\/blog\/feliz-navidad-desde-menorca-con-una-cancion\/","url":"https:\/\/www.sesmoreres.com\/blog\/feliz-navidad-desde-menorca-con-una-cancion\/","name":"\u00a1Feliz Navidad desde Menorca con una canci\u00f3n! - Blog sobre Menorca - Ses Moreres","isPartOf":{"@id":"https:\/\/www.sesmoreres.com\/blog\/#website"},"primaryImageOfPage":{"@id":"https:\/\/www.sesmoreres.com\/blog\/feliz-navidad-desde-menorca-con-una-cancion\/#primaryimage"},"image":{"@id":"https:\/\/www.sesmoreres.com\/blog\/feliz-navidad-desde-menorca-con-una-cancion\/#primaryimage"},"thumbnailUrl":"https:\/\/www.sesmoreres.com\/blog\/wp-content\/uploads\/2021\/12\/rockin-around-christmas-tree-navidad-2021-cancion-scaled.jpg","datePublished":"2021-12-22T17:07:32+00:00","dateModified":"2021-12-22T17:25:51+00:00","description":"Con esta original canci\u00f3n cantada por nosotros hemos querido desear a amigos y clientes una Feliz Navidad y Pr\u00f3spero A\u00f1o Nuevo 2022!","breadcrumb":{"@id":"https:\/\/www.sesmoreres.com\/blog\/feliz-navidad-desde-menorca-con-una-cancion\/#breadcrumb"},"inLanguage":"es","potentialAction":[{"@type":"ReadAction","target":["https:\/\/www.sesmoreres.com\/blog\/feliz-navidad-desde-menorca-con-una-cancion\/"]}]},{"@type":"ImageObject","inLanguage":"es","@id":"https:\/\/www.sesmoreres.com\/blog\/feliz-navidad-desde-menorca-con-una-cancion\/#primaryimage","url":"https:\/\/www.sesmoreres.com\/blog\/wp-content\/uploads\/2021\/12\/rockin-around-christmas-tree-navidad-2021-cancion-scaled.jpg","contentUrl":"https:\/\/www.sesmoreres.com\/blog\/wp-content\/uploads\/2021\/12\/rockin-around-christmas-tree-navidad-2021-cancion-scaled.jpg","width":850,"height":567,"caption":"rockin around the christmas tree menorca"},{"@type":"BreadcrumbList","@id":"https:\/\/www.sesmoreres.com\/blog\/feliz-navidad-desde-menorca-con-una-cancion\/#breadcrumb","itemListElement":[{"@type":"ListItem","position":1,"name":"Portada","item":"https:\/\/www.sesmoreres.com\/blog\/"},{"@type":"ListItem","position":2,"name":"\u00a1Feliz Navidad desde Menorca con una canci\u00f3n!"}]},{"@type":"WebSite","@id":"https:\/\/www.sesmoreres.com\/blog\/#website","url":"https:\/\/www.sesmoreres.com\/blog\/","name":"Blog sobre Menorca - Ses Moreres","description":"Agencia inmobiliaria de Menorca lider en la venta de propiedades de lujo. Fincas r\u00fasticas, casas de campo, chalets, terrenos.","publisher":{"@id":"https:\/\/www.sesmoreres.com\/blog\/#organization"},"potentialAction":[{"@type":"SearchAction","target":{"@type":"EntryPoint","urlTemplate":"https:\/\/www.sesmoreres.com\/blog\/?s={search_term_string}"},"query-input":{"@type":"PropertyValueSpecification","valueRequired":true,"valueName":"search_term_string"}}],"inLanguage":"es"},{"@type":"Organization","@id":"https:\/\/www.sesmoreres.com\/blog\/#organization","name":"Ses Moreres","url":"https:\/\/www.sesmoreres.com\/blog\/","logo":{"@type":"ImageObject","inLanguage":"es","@id":"https:\/\/www.sesmoreres.com\/blog\/#\/schema\/logo\/image\/","url":"https:\/\/www.sesmoreres.com\/blog\/wp-content\/uploads\/2019\/07\/ses-moreres-inmobiliaria-menorca.gif","contentUrl":"https:\/\/www.sesmoreres.com\/blog\/wp-content\/uploads\/2019\/07\/ses-moreres-inmobiliaria-menorca.gif","width":170,"height":95,"caption":"Ses Moreres"},"image":{"@id":"https:\/\/www.sesmoreres.com\/blog\/#\/schema\/logo\/image\/"},"sameAs":["https:\/\/www.facebook.com\/sesmoreres\/","https:\/\/www.instagram.com\/inmobiliariasesmoreres\/?hl=es","https:\/\/www.youtube.com\/user\/sesmoreres"]},{"@type":"Person","@id":"https:\/\/www.sesmoreres.com\/blog\/#\/schema\/person\/7c7e14840c5091c536f2386f87710e37","name":"Jose","image":{"@type":"ImageObject","inLanguage":"es","@id":"https:\/\/secure.gravatar.com\/avatar\/b4fc98d81ad2dabadc7b38d8d9cc7d784080dca9704b983ca16b1fd2926445dc?s=96&d=mm&r=g","url":"https:\/\/secure.gravatar.com\/avatar\/b4fc98d81ad2dabadc7b38d8d9cc7d784080dca9704b983ca16b1fd2926445dc?s=96&d=mm&r=g","contentUrl":"https:\/\/secure.gravatar.com\/avatar\/b4fc98d81ad2dabadc7b38d8d9cc7d784080dca9704b983ca16b1fd2926445dc?s=96&d=mm&r=g","caption":"Jose"},"url":"https:\/\/www.sesmoreres.com\/blog\/author\/jose\/"}]}},"_links":{"self":[{"href":"https:\/\/www.sesmoreres.com\/blog\/wp-json\/wp\/v2\/posts\/2231","targetHints":{"allow":["GET"]}}],"collection":[{"href":"https:\/\/www.sesmoreres.com\/blog\/wp-json\/wp\/v2\/posts"}],"about":[{"href":"https:\/\/www.sesmoreres.com\/blog\/wp-json\/wp\/v2\/types\/post"}],"author":[{"embeddable":true,"href":"https:\/\/www.sesmoreres.com\/blog\/wp-json\/wp\/v2\/users\/2"}],"replies":[{"embeddable":true,"href":"https:\/\/www.sesmoreres.com\/blog\/wp-json\/wp\/v2\/comments?post=2231"}],"version-history":[{"count":4,"href":"https:\/\/www.sesmoreres.com\/blog\/wp-json\/wp\/v2\/posts\/2231\/revisions"}],"predecessor-version":[{"id":2236,"href":"https:\/\/www.sesmoreres.com\/blog\/wp-json\/wp\/v2\/posts\/2231\/revisions\/2236"}],"wp:featuredmedia":[{"embeddable":true,"href":"https:\/\/www.sesmoreres.com\/blog\/wp-json\/wp\/v2\/media\/2237"}],"wp:attachment":[{"href":"https:\/\/www.sesmoreres.com\/blog\/wp-json\/wp\/v2\/media?parent=2231"}],"wp:term":[{"taxonomy":"category","embeddable":true,"href":"https:\/\/www.sesmoreres.com\/blog\/wp-json\/wp\/v2\/categories?post=2231"},{"taxonomy":"post_tag","embeddable":true,"href":"https:\/\/www.sesmoreres.com\/blog\/wp-json\/wp\/v2\/tags?post=2231"}],"curies":[{"name":"wp","href":"https:\/\/api.w.org\/{rel}","templated":true}]}}