{"id":2206,"date":"2021-03-30T19:46:42","date_gmt":"2021-03-30T17:46:42","guid":{"rendered":"https:\/\/www.sesmoreres.com\/blog\/?p=2206"},"modified":"2021-03-30T19:47:36","modified_gmt":"2021-03-30T17:47:36","slug":"menorca-en-semana-santa","status":"publish","type":"post","link":"https:\/\/www.sesmoreres.com\/blog\/menorca-en-semana-santa\/","title":{"rendered":"Menorca en Semana Santa"},"content":{"rendered":"<p>Si en fotograf\u00eda existe una \u201chora m\u00e1gica\u201d en la que la luz est\u00e1 en su punto perfecto para tomar buenas fotograf\u00edas, \u201cla Semana Santa es la \u00e9poca m\u00e1gica para disfrutar de Menorca\u201d.<\/p>\n<p>Durante el d\u00eda la temperatura asciende amablemente lo suficiente para poder liberarte de la tiran\u00eda de las prendas de invierno (al menos durante unas horas), y ponerte en manga corta mientras disfrutas de largas excusiones por el <a href=\"https:\/\/es.wikipedia.org\/wiki\/Cam%C3%AD_de_Cavalls\">Cami de Cavalls<\/a>. Por cierto, \u00a1c\u00f3gete una gorra, ya que un sol traicionero de temprana primavera puede llegar a noquearte!<\/p>\n<p>Si te toca un d\u00eda soleado la temperatura diurna te permitir\u00e1 adentrarte descalzo unos metros en la orilla de cualquier cala que encontraremos, casi desierta, y los m\u00e1s vigorosos se podr\u00e1n dar un chapuz\u00f3n de pocos minutos que les revitalizar\u00e1 tanto cuerpo como alma (Mejor que los pozos de agua fr\u00eda de un Spa, \u00a1pero gratis!).<\/p>\n<p>Y por la noche la temperatura desciende gradualmente lo suficiente como para que pasar unas horas junto a un c\u00e1lido fuego de chimenea se convierta en una de las mayores exquisiteces de la vida.<\/p>\n<p>Tambi\u00e9n encontraremos la oferta gastronom\u00eda y cultural de la isla en su momento m\u00e1s \u00f3ptimo. Ahora es el momento de visitar museos sin prisas y sin colas y de reservar en aquel restaurante que nos hab\u00edan recomendado y que siempre est\u00e1 lleno en verano.<\/p>\n<p>Por ejemplo, el <a href=\"https:\/\/www.fortalesalamola.com\/es\/noticias\/post\/semana-santa-2021\/1036\">Museo militar de La Mola<\/a> no es muy recomendable en pleno verano por la mala combinaci\u00f3n del calor abrasador y las grandes distancias a recorrer, pero en estos d\u00edas se puede convertir en una deliciosa experiencia.<\/p>\n<p>Conseguir la mejor mesa del mejor restaurante de la isla y que te atiendan con toda la dedicaci\u00f3n que podamos desear es algo que solo se puede conseguir en Semana Santa. Incluso los camareros est\u00e1n frescos y rebosan raudales de simpat\u00eda al inicio de temporada.<\/p>\n<p>Pero ser\u00eda un olvido imperdonable cerrar este peque\u00f1o post sin referirme a los maravillosos colores que visten la isla de Menorca durante la primavera.<\/p>\n<p>El comienzo de la floraci\u00f3n de miles de especies de plantas, sumado a las aves que revolotean bajo un manto de azul intenso, que se funde en un fondo marino transparente de colores turquesa, es un espect\u00e1culo que solo se puede valorar vivi\u00e9ndolo en persona.<\/p>\n<p>&nbsp;<\/p>\n<table id=\"table1\" border=\"0\" width=\"100%\">\n<tbody>\n<tr>\n<td>\n<p align=\"center\"><img decoding=\"async\" class=\"alignnone size-medium wp-image-888 lazyload\" data-src=\"https:\/\/www.sesmoreres.com\/blog\/wp-content\/uploads\/2021\/03\/01-menorca-en-semana-santa-300x200.jpg\" alt=\"Menorca en Semana Santa\" width=\"300\" height=\"200\" src=\"data:image\/svg+xml;base64,PHN2ZyB3aWR0aD0iMSIgaGVpZ2h0PSIxIiB4bWxucz0iaHR0cDovL3d3dy53My5vcmcvMjAwMC9zdmciPjwvc3ZnPg==\" style=\"--smush-placeholder-width: 300px; --smush-placeholder-aspect-ratio: 300\/200;\" \/><\/p>\n<\/td>\n<td>\n<p align=\"center\"><img decoding=\"async\" class=\"alignnone size-medium wp-image-2189 lazyload\" data-src=\"https:\/\/www.sesmoreres.com\/blog\/wp-content\/uploads\/2021\/03\/02-menorca-en-semana-santa-300x200.jpg\" alt=\"Menorca en Semana Santa\" width=\"300\" height=\"200\" src=\"data:image\/svg+xml;base64,PHN2ZyB3aWR0aD0iMSIgaGVpZ2h0PSIxIiB4bWxucz0iaHR0cDovL3d3dy53My5vcmcvMjAwMC9zdmciPjwvc3ZnPg==\" style=\"--smush-placeholder-width: 300px; --smush-placeholder-aspect-ratio: 300\/200;\" \/><\/p>\n<\/td>\n<td>\n<p align=\"center\"><img decoding=\"async\" class=\"alignnone size-medium wp-image-1183 lazyload\" data-src=\"https:\/\/www.sesmoreres.com\/blog\/wp-content\/uploads\/2021\/03\/menorca-en-semana-santa-1-300x200.jpg\" alt=\"Menorca en Semana Santa\" width=\"300\" height=\"200\" src=\"data:image\/svg+xml;base64,PHN2ZyB3aWR0aD0iMSIgaGVpZ2h0PSIxIiB4bWxucz0iaHR0cDovL3d3dy53My5vcmcvMjAwMC9zdmciPjwvc3ZnPg==\" style=\"--smush-placeholder-width: 300px; --smush-placeholder-aspect-ratio: 300\/200;\" \/><\/p>\n<\/td>\n<\/tr>\n<\/tbody>\n<\/table>\n<p>&nbsp;<\/p>\n<div>\n<div style=\"width: 240px;\" class=\"wp-video\"><video class=\"wp-video-shortcode\" id=\"video-2206-1\" width=\"240\" height=\"424\" loop autoplay preload=\"metadata\" controls=\"controls\"><source type=\"video\/mp4\" src=\"https:\/\/www.sesmoreres.com\/blog\/wp-content\/uploads\/2021\/03\/chimenea-menorca.mp4?_=1\" \/><a href=\"https:\/\/www.sesmoreres.com\/blog\/wp-content\/uploads\/2021\/03\/chimenea-menorca.mp4\">https:\/\/www.sesmoreres.com\/blog\/wp-content\/uploads\/2021\/03\/chimenea-menorca.mp4<\/a><\/video><\/div>\n<div><\/div>\n<div>Queremos ser tu <a href=\"https:\/\/www.sesmoreres.com\/\">inmobiliaria en Menorca<\/a>, cont\u00e1ctanos y te ayudaremos a realizar tu sue\u00f1o. Honestidad y profesionalidad son nuestras principales premisas, d\u00e9janos demostr\u00e1rtelo.<\/div>\n<div><\/div>\n<\/div>\n","protected":false},"excerpt":{"rendered":"<p>Si en fotograf\u00eda existe una \u201chora m\u00e1gica\u201d en la que la luz est\u00e1 en su punto perfecto para tomar buenas fotograf\u00edas, \u201cla Semana Santa es la \u00e9poca m\u00e1gica para disfrutar de Menorca\u201d. Durante el d\u00eda la temperatura asciende amablemente lo &hellip; <a href=\"https:\/\/www.sesmoreres.com\/blog\/menorca-en-semana-santa\/\">Continuar<\/a><\/p>\n","protected":false},"author":2,"featured_media":2214,"comment_status":"open","ping_status":"open","sticky":false,"template":"","format":"standard","meta":{"footnotes":""},"categories":[232,618],"tags":[610,946,619],"class_list":["post-2206","post","type-post","status-publish","format-standard","has-post-thumbnail","hentry","category-menorca","category-vivir-en-menorca","tag-menorca","tag-semana-santa","tag-vivir-en-menorca"],"yoast_head":"<!-- This site is optimized with the Yoast SEO plugin v27.5 - https:\/\/yoast.com\/product\/yoast-seo-wordpress\/ -->\n<title>Menorca en Semana Santa - Blog sobre Menorca - Ses Moreres<\/title>\n<meta name=\"description\" content=\"Si en fotograf\u00eda existe una \u201chora m\u00e1gica\u201d en la que la luz para tomar buenas fotograf\u00edas, \u201cla Semana Santa es la \u00e9poca m\u00e1gica para disfrutar de Menorca\u201d.\" \/>\n<meta name=\"robots\" content=\"index, follow, max-snippet:-1, max-image-preview:large, max-video-preview:-1\" \/>\n<link rel=\"canonical\" href=\"https:\/\/www.sesmoreres.com\/blog\/menorca-en-semana-santa\/\" \/>\n<meta property=\"og:locale\" content=\"es_ES\" \/>\n<meta property=\"og:type\" content=\"article\" \/>\n<meta property=\"og:title\" content=\"Menorca en Semana Santa - Blog sobre Menorca - Ses Moreres\" \/>\n<meta property=\"og:description\" content=\"Si en fotograf\u00eda existe una \u201chora m\u00e1gica\u201d en la que la luz para tomar buenas fotograf\u00edas, \u201cla Semana Santa es la \u00e9poca m\u00e1gica para disfrutar de Menorca\u201d.\" \/>\n<meta property=\"og:url\" content=\"https:\/\/www.sesmoreres.com\/blog\/menorca-en-semana-santa\/\" \/>\n<meta property=\"og:site_name\" content=\"Blog sobre Menorca - Ses Moreres\" \/>\n<meta property=\"article:publisher\" content=\"https:\/\/www.facebook.com\/sesmoreres\/\" \/>\n<meta property=\"article:published_time\" content=\"2021-03-30T17:46:42+00:00\" \/>\n<meta property=\"article:modified_time\" content=\"2021-03-30T17:47:36+00:00\" \/>\n<meta property=\"og:image\" content=\"https:\/\/www.sesmoreres.com\/blog\/wp-content\/uploads\/2021\/03\/02-menorca-en-semana-santa.jpg\" \/>\n\t<meta property=\"og:image:width\" content=\"850\" \/>\n\t<meta property=\"og:image:height\" content=\"567\" \/>\n\t<meta property=\"og:image:type\" content=\"image\/jpeg\" \/>\n<meta name=\"author\" content=\"Jose\" \/>\n<meta name=\"twitter:card\" content=\"summary_large_image\" \/>\n<meta name=\"twitter:label1\" content=\"Escrito por\" \/>\n\t<meta name=\"twitter:data1\" content=\"Jose\" \/>\n\t<meta name=\"twitter:label2\" content=\"Tiempo de lectura\" \/>\n\t<meta name=\"twitter:data2\" content=\"2 minutos\" \/>\n<script type=\"application\/ld+json\" class=\"yoast-schema-graph\">{\"@context\":\"https:\\\/\\\/schema.org\",\"@graph\":[{\"@type\":\"Article\",\"@id\":\"https:\\\/\\\/www.sesmoreres.com\\\/blog\\\/menorca-en-semana-santa\\\/#article\",\"isPartOf\":{\"@id\":\"https:\\\/\\\/www.sesmoreres.com\\\/blog\\\/menorca-en-semana-santa\\\/\"},\"author\":{\"name\":\"Jose\",\"@id\":\"https:\\\/\\\/www.sesmoreres.com\\\/blog\\\/#\\\/schema\\\/person\\\/7c7e14840c5091c536f2386f87710e37\"},\"headline\":\"Menorca en Semana Santa\",\"datePublished\":\"2021-03-30T17:46:42+00:00\",\"dateModified\":\"2021-03-30T17:47:36+00:00\",\"mainEntityOfPage\":{\"@id\":\"https:\\\/\\\/www.sesmoreres.com\\\/blog\\\/menorca-en-semana-santa\\\/\"},\"wordCount\":454,\"commentCount\":1,\"publisher\":{\"@id\":\"https:\\\/\\\/www.sesmoreres.com\\\/blog\\\/#organization\"},\"image\":{\"@id\":\"https:\\\/\\\/www.sesmoreres.com\\\/blog\\\/menorca-en-semana-santa\\\/#primaryimage\"},\"thumbnailUrl\":\"https:\\\/\\\/www.sesmoreres.com\\\/blog\\\/wp-content\\\/uploads\\\/2021\\\/03\\\/02-menorca-en-semana-santa.jpg\",\"keywords\":[\"menorca\",\"Semana Santa\",\"vivir en Menorca\"],\"articleSection\":[\"menorca\",\"vivir en Menorca\"],\"inLanguage\":\"es\",\"potentialAction\":[{\"@type\":\"CommentAction\",\"name\":\"Comment\",\"target\":[\"https:\\\/\\\/www.sesmoreres.com\\\/blog\\\/menorca-en-semana-santa\\\/#respond\"]}]},{\"@type\":\"WebPage\",\"@id\":\"https:\\\/\\\/www.sesmoreres.com\\\/blog\\\/menorca-en-semana-santa\\\/\",\"url\":\"https:\\\/\\\/www.sesmoreres.com\\\/blog\\\/menorca-en-semana-santa\\\/\",\"name\":\"Menorca en Semana Santa - Blog sobre Menorca - Ses Moreres\",\"isPartOf\":{\"@id\":\"https:\\\/\\\/www.sesmoreres.com\\\/blog\\\/#website\"},\"primaryImageOfPage\":{\"@id\":\"https:\\\/\\\/www.sesmoreres.com\\\/blog\\\/menorca-en-semana-santa\\\/#primaryimage\"},\"image\":{\"@id\":\"https:\\\/\\\/www.sesmoreres.com\\\/blog\\\/menorca-en-semana-santa\\\/#primaryimage\"},\"thumbnailUrl\":\"https:\\\/\\\/www.sesmoreres.com\\\/blog\\\/wp-content\\\/uploads\\\/2021\\\/03\\\/02-menorca-en-semana-santa.jpg\",\"datePublished\":\"2021-03-30T17:46:42+00:00\",\"dateModified\":\"2021-03-30T17:47:36+00:00\",\"description\":\"Si en fotograf\u00eda existe una \u201chora m\u00e1gica\u201d en la que la luz para tomar buenas fotograf\u00edas, \u201cla Semana Santa es la \u00e9poca m\u00e1gica para disfrutar de Menorca\u201d.\",\"breadcrumb\":{\"@id\":\"https:\\\/\\\/www.sesmoreres.com\\\/blog\\\/menorca-en-semana-santa\\\/#breadcrumb\"},\"inLanguage\":\"es\",\"potentialAction\":[{\"@type\":\"ReadAction\",\"target\":[\"https:\\\/\\\/www.sesmoreres.com\\\/blog\\\/menorca-en-semana-santa\\\/\"]}]},{\"@type\":\"ImageObject\",\"inLanguage\":\"es\",\"@id\":\"https:\\\/\\\/www.sesmoreres.com\\\/blog\\\/menorca-en-semana-santa\\\/#primaryimage\",\"url\":\"https:\\\/\\\/www.sesmoreres.com\\\/blog\\\/wp-content\\\/uploads\\\/2021\\\/03\\\/02-menorca-en-semana-santa.jpg\",\"contentUrl\":\"https:\\\/\\\/www.sesmoreres.com\\\/blog\\\/wp-content\\\/uploads\\\/2021\\\/03\\\/02-menorca-en-semana-santa.jpg\",\"width\":850,\"height\":567,\"caption\":\"menorca en semana santa\"},{\"@type\":\"BreadcrumbList\",\"@id\":\"https:\\\/\\\/www.sesmoreres.com\\\/blog\\\/menorca-en-semana-santa\\\/#breadcrumb\",\"itemListElement\":[{\"@type\":\"ListItem\",\"position\":1,\"name\":\"Portada\",\"item\":\"https:\\\/\\\/www.sesmoreres.com\\\/blog\\\/\"},{\"@type\":\"ListItem\",\"position\":2,\"name\":\"Menorca en Semana Santa\"}]},{\"@type\":\"WebSite\",\"@id\":\"https:\\\/\\\/www.sesmoreres.com\\\/blog\\\/#website\",\"url\":\"https:\\\/\\\/www.sesmoreres.com\\\/blog\\\/\",\"name\":\"Blog sobre Menorca - Ses Moreres\",\"description\":\"Agencia inmobiliaria de Menorca lider en la venta de propiedades de lujo. Fincas r\u00fasticas, casas de campo, chalets, terrenos.\",\"publisher\":{\"@id\":\"https:\\\/\\\/www.sesmoreres.com\\\/blog\\\/#organization\"},\"potentialAction\":[{\"@type\":\"SearchAction\",\"target\":{\"@type\":\"EntryPoint\",\"urlTemplate\":\"https:\\\/\\\/www.sesmoreres.com\\\/blog\\\/?s={search_term_string}\"},\"query-input\":{\"@type\":\"PropertyValueSpecification\",\"valueRequired\":true,\"valueName\":\"search_term_string\"}}],\"inLanguage\":\"es\"},{\"@type\":\"Organization\",\"@id\":\"https:\\\/\\\/www.sesmoreres.com\\\/blog\\\/#organization\",\"name\":\"Ses Moreres\",\"url\":\"https:\\\/\\\/www.sesmoreres.com\\\/blog\\\/\",\"logo\":{\"@type\":\"ImageObject\",\"inLanguage\":\"es\",\"@id\":\"https:\\\/\\\/www.sesmoreres.com\\\/blog\\\/#\\\/schema\\\/logo\\\/image\\\/\",\"url\":\"https:\\\/\\\/www.sesmoreres.com\\\/blog\\\/wp-content\\\/uploads\\\/2019\\\/07\\\/ses-moreres-inmobiliaria-menorca.gif\",\"contentUrl\":\"https:\\\/\\\/www.sesmoreres.com\\\/blog\\\/wp-content\\\/uploads\\\/2019\\\/07\\\/ses-moreres-inmobiliaria-menorca.gif\",\"width\":170,\"height\":95,\"caption\":\"Ses Moreres\"},\"image\":{\"@id\":\"https:\\\/\\\/www.sesmoreres.com\\\/blog\\\/#\\\/schema\\\/logo\\\/image\\\/\"},\"sameAs\":[\"https:\\\/\\\/www.facebook.com\\\/sesmoreres\\\/\",\"https:\\\/\\\/www.instagram.com\\\/inmobiliariasesmoreres\\\/?hl=es\",\"https:\\\/\\\/www.youtube.com\\\/user\\\/sesmoreres\"]},{\"@type\":\"Person\",\"@id\":\"https:\\\/\\\/www.sesmoreres.com\\\/blog\\\/#\\\/schema\\\/person\\\/7c7e14840c5091c536f2386f87710e37\",\"name\":\"Jose\",\"image\":{\"@type\":\"ImageObject\",\"inLanguage\":\"es\",\"@id\":\"https:\\\/\\\/secure.gravatar.com\\\/avatar\\\/b4fc98d81ad2dabadc7b38d8d9cc7d784080dca9704b983ca16b1fd2926445dc?s=96&d=mm&r=g\",\"url\":\"https:\\\/\\\/secure.gravatar.com\\\/avatar\\\/b4fc98d81ad2dabadc7b38d8d9cc7d784080dca9704b983ca16b1fd2926445dc?s=96&d=mm&r=g\",\"contentUrl\":\"https:\\\/\\\/secure.gravatar.com\\\/avatar\\\/b4fc98d81ad2dabadc7b38d8d9cc7d784080dca9704b983ca16b1fd2926445dc?s=96&d=mm&r=g\",\"caption\":\"Jose\"},\"url\":\"https:\\\/\\\/www.sesmoreres.com\\\/blog\\\/author\\\/jose\\\/\"}]}<\/script>\n<!-- \/ Yoast SEO plugin. -->","yoast_head_json":{"title":"Menorca en Semana Santa - Blog sobre Menorca - Ses Moreres","description":"Si en fotograf\u00eda existe una \u201chora m\u00e1gica\u201d en la que la luz para tomar buenas fotograf\u00edas, \u201cla Semana Santa es la \u00e9poca m\u00e1gica para disfrutar de Menorca\u201d.","robots":{"index":"index","follow":"follow","max-snippet":"max-snippet:-1","max-image-preview":"max-image-preview:large","max-video-preview":"max-video-preview:-1"},"canonical":"https:\/\/www.sesmoreres.com\/blog\/menorca-en-semana-santa\/","og_locale":"es_ES","og_type":"article","og_title":"Menorca en Semana Santa - Blog sobre Menorca - Ses Moreres","og_description":"Si en fotograf\u00eda existe una \u201chora m\u00e1gica\u201d en la que la luz para tomar buenas fotograf\u00edas, \u201cla Semana Santa es la \u00e9poca m\u00e1gica para disfrutar de Menorca\u201d.","og_url":"https:\/\/www.sesmoreres.com\/blog\/menorca-en-semana-santa\/","og_site_name":"Blog sobre Menorca - Ses Moreres","article_publisher":"https:\/\/www.facebook.com\/sesmoreres\/","article_published_time":"2021-03-30T17:46:42+00:00","article_modified_time":"2021-03-30T17:47:36+00:00","og_image":[{"width":850,"height":567,"url":"https:\/\/www.sesmoreres.com\/blog\/wp-content\/uploads\/2021\/03\/02-menorca-en-semana-santa.jpg","type":"image\/jpeg"}],"author":"Jose","twitter_card":"summary_large_image","twitter_misc":{"Escrito por":"Jose","Tiempo de lectura":"2 minutos"},"schema":{"@context":"https:\/\/schema.org","@graph":[{"@type":"Article","@id":"https:\/\/www.sesmoreres.com\/blog\/menorca-en-semana-santa\/#article","isPartOf":{"@id":"https:\/\/www.sesmoreres.com\/blog\/menorca-en-semana-santa\/"},"author":{"name":"Jose","@id":"https:\/\/www.sesmoreres.com\/blog\/#\/schema\/person\/7c7e14840c5091c536f2386f87710e37"},"headline":"Menorca en Semana Santa","datePublished":"2021-03-30T17:46:42+00:00","dateModified":"2021-03-30T17:47:36+00:00","mainEntityOfPage":{"@id":"https:\/\/www.sesmoreres.com\/blog\/menorca-en-semana-santa\/"},"wordCount":454,"commentCount":1,"publisher":{"@id":"https:\/\/www.sesmoreres.com\/blog\/#organization"},"image":{"@id":"https:\/\/www.sesmoreres.com\/blog\/menorca-en-semana-santa\/#primaryimage"},"thumbnailUrl":"https:\/\/www.sesmoreres.com\/blog\/wp-content\/uploads\/2021\/03\/02-menorca-en-semana-santa.jpg","keywords":["menorca","Semana Santa","vivir en Menorca"],"articleSection":["menorca","vivir en Menorca"],"inLanguage":"es","potentialAction":[{"@type":"CommentAction","name":"Comment","target":["https:\/\/www.sesmoreres.com\/blog\/menorca-en-semana-santa\/#respond"]}]},{"@type":"WebPage","@id":"https:\/\/www.sesmoreres.com\/blog\/menorca-en-semana-santa\/","url":"https:\/\/www.sesmoreres.com\/blog\/menorca-en-semana-santa\/","name":"Menorca en Semana Santa - Blog sobre Menorca - Ses Moreres","isPartOf":{"@id":"https:\/\/www.sesmoreres.com\/blog\/#website"},"primaryImageOfPage":{"@id":"https:\/\/www.sesmoreres.com\/blog\/menorca-en-semana-santa\/#primaryimage"},"image":{"@id":"https:\/\/www.sesmoreres.com\/blog\/menorca-en-semana-santa\/#primaryimage"},"thumbnailUrl":"https:\/\/www.sesmoreres.com\/blog\/wp-content\/uploads\/2021\/03\/02-menorca-en-semana-santa.jpg","datePublished":"2021-03-30T17:46:42+00:00","dateModified":"2021-03-30T17:47:36+00:00","description":"Si en fotograf\u00eda existe una \u201chora m\u00e1gica\u201d en la que la luz para tomar buenas fotograf\u00edas, \u201cla Semana Santa es la \u00e9poca m\u00e1gica para disfrutar de Menorca\u201d.","breadcrumb":{"@id":"https:\/\/www.sesmoreres.com\/blog\/menorca-en-semana-santa\/#breadcrumb"},"inLanguage":"es","potentialAction":[{"@type":"ReadAction","target":["https:\/\/www.sesmoreres.com\/blog\/menorca-en-semana-santa\/"]}]},{"@type":"ImageObject","inLanguage":"es","@id":"https:\/\/www.sesmoreres.com\/blog\/menorca-en-semana-santa\/#primaryimage","url":"https:\/\/www.sesmoreres.com\/blog\/wp-content\/uploads\/2021\/03\/02-menorca-en-semana-santa.jpg","contentUrl":"https:\/\/www.sesmoreres.com\/blog\/wp-content\/uploads\/2021\/03\/02-menorca-en-semana-santa.jpg","width":850,"height":567,"caption":"menorca en semana santa"},{"@type":"BreadcrumbList","@id":"https:\/\/www.sesmoreres.com\/blog\/menorca-en-semana-santa\/#breadcrumb","itemListElement":[{"@type":"ListItem","position":1,"name":"Portada","item":"https:\/\/www.sesmoreres.com\/blog\/"},{"@type":"ListItem","position":2,"name":"Menorca en Semana Santa"}]},{"@type":"WebSite","@id":"https:\/\/www.sesmoreres.com\/blog\/#website","url":"https:\/\/www.sesmoreres.com\/blog\/","name":"Blog sobre Menorca - Ses Moreres","description":"Agencia inmobiliaria de Menorca lider en la venta de propiedades de lujo. Fincas r\u00fasticas, casas de campo, chalets, terrenos.","publisher":{"@id":"https:\/\/www.sesmoreres.com\/blog\/#organization"},"potentialAction":[{"@type":"SearchAction","target":{"@type":"EntryPoint","urlTemplate":"https:\/\/www.sesmoreres.com\/blog\/?s={search_term_string}"},"query-input":{"@type":"PropertyValueSpecification","valueRequired":true,"valueName":"search_term_string"}}],"inLanguage":"es"},{"@type":"Organization","@id":"https:\/\/www.sesmoreres.com\/blog\/#organization","name":"Ses Moreres","url":"https:\/\/www.sesmoreres.com\/blog\/","logo":{"@type":"ImageObject","inLanguage":"es","@id":"https:\/\/www.sesmoreres.com\/blog\/#\/schema\/logo\/image\/","url":"https:\/\/www.sesmoreres.com\/blog\/wp-content\/uploads\/2019\/07\/ses-moreres-inmobiliaria-menorca.gif","contentUrl":"https:\/\/www.sesmoreres.com\/blog\/wp-content\/uploads\/2019\/07\/ses-moreres-inmobiliaria-menorca.gif","width":170,"height":95,"caption":"Ses Moreres"},"image":{"@id":"https:\/\/www.sesmoreres.com\/blog\/#\/schema\/logo\/image\/"},"sameAs":["https:\/\/www.facebook.com\/sesmoreres\/","https:\/\/www.instagram.com\/inmobiliariasesmoreres\/?hl=es","https:\/\/www.youtube.com\/user\/sesmoreres"]},{"@type":"Person","@id":"https:\/\/www.sesmoreres.com\/blog\/#\/schema\/person\/7c7e14840c5091c536f2386f87710e37","name":"Jose","image":{"@type":"ImageObject","inLanguage":"es","@id":"https:\/\/secure.gravatar.com\/avatar\/b4fc98d81ad2dabadc7b38d8d9cc7d784080dca9704b983ca16b1fd2926445dc?s=96&d=mm&r=g","url":"https:\/\/secure.gravatar.com\/avatar\/b4fc98d81ad2dabadc7b38d8d9cc7d784080dca9704b983ca16b1fd2926445dc?s=96&d=mm&r=g","contentUrl":"https:\/\/secure.gravatar.com\/avatar\/b4fc98d81ad2dabadc7b38d8d9cc7d784080dca9704b983ca16b1fd2926445dc?s=96&d=mm&r=g","caption":"Jose"},"url":"https:\/\/www.sesmoreres.com\/blog\/author\/jose\/"}]}},"_links":{"self":[{"href":"https:\/\/www.sesmoreres.com\/blog\/wp-json\/wp\/v2\/posts\/2206","targetHints":{"allow":["GET"]}}],"collection":[{"href":"https:\/\/www.sesmoreres.com\/blog\/wp-json\/wp\/v2\/posts"}],"about":[{"href":"https:\/\/www.sesmoreres.com\/blog\/wp-json\/wp\/v2\/types\/post"}],"author":[{"embeddable":true,"href":"https:\/\/www.sesmoreres.com\/blog\/wp-json\/wp\/v2\/users\/2"}],"replies":[{"embeddable":true,"href":"https:\/\/www.sesmoreres.com\/blog\/wp-json\/wp\/v2\/comments?post=2206"}],"version-history":[{"count":9,"href":"https:\/\/www.sesmoreres.com\/blog\/wp-json\/wp\/v2\/posts\/2206\/revisions"}],"predecessor-version":[{"id":2221,"href":"https:\/\/www.sesmoreres.com\/blog\/wp-json\/wp\/v2\/posts\/2206\/revisions\/2221"}],"wp:featuredmedia":[{"embeddable":true,"href":"https:\/\/www.sesmoreres.com\/blog\/wp-json\/wp\/v2\/media\/2214"}],"wp:attachment":[{"href":"https:\/\/www.sesmoreres.com\/blog\/wp-json\/wp\/v2\/media?parent=2206"}],"wp:term":[{"taxonomy":"category","embeddable":true,"href":"https:\/\/www.sesmoreres.com\/blog\/wp-json\/wp\/v2\/categories?post=2206"},{"taxonomy":"post_tag","embeddable":true,"href":"https:\/\/www.sesmoreres.com\/blog\/wp-json\/wp\/v2\/tags?post=2206"}],"curies":[{"name":"wp","href":"https:\/\/api.w.org\/{rel}","templated":true}]}}