{"id":2181,"date":"2021-03-10T19:46:36","date_gmt":"2021-03-10T18:46:36","guid":{"rendered":"https:\/\/www.sesmoreres.com\/blog\/?p=2181"},"modified":"2021-03-10T23:18:54","modified_gmt":"2021-03-10T22:18:54","slug":"como-se-vive-en-menorca","status":"publish","type":"post","link":"https:\/\/www.sesmoreres.com\/blog\/como-se-vive-en-menorca\/","title":{"rendered":"\u00bfC\u00f3mo es vivir en Menorca?"},"content":{"rendered":"<p>Como agente inmobiliario de Menorca la pregunta que m\u00e1s me han formulado desde siempre es: \u00bfC\u00f3mo es vivir en Menorca?<\/p>\n<p>Y es que la mayor\u00eda de mis clientes son turistas que sue\u00f1an con emprender una nueva vida en Menorca (no se lo reprocho, yo desear\u00eda lo mismo, especialmente, si viviera en una jungla de hormig\u00f3n).<\/p>\n<p>Y mi respuesta autom\u00e1tica, con alguna peque\u00f1a variaci\u00f3n, viene a ser: <strong>\u201cen Menorca se vive muy bien\u201d.<\/strong><\/p>\n<p>Pero l\u00f3gicamente esta entusiasta, pero raqu\u00edtica respuesta, no satisface a nadie y entonces me contratacan con preguntas bomba de racimo, es decir, preguntas que desencadenan m\u00e1s peque\u00f1as preguntas.<\/p>\n<p>\u00bfQu\u00e9 hace la gente en invierno\u2026? &nbsp;\u00bfAd\u00f3nde van\u2026? \u00bfQu\u00e9 sitios hay para ir\u2026? \u00bfQu\u00e9 hacen los ni\u00f1os\u2026? \u00bfD\u00f3nde van los ni\u00f1os\u2026? \u00bfCu\u00e1nta gente vive en Menorca\u2026? \u00bfSolo viven espa\u00f1oles\u2026? \u00bfEs verdad que viven muchos franceses \u00faltimamente\u2026? Etc., etc., etc\u2026<\/p>\n<p>Y tras este fren\u00e9tico embate de ansias de conocimiento, guardo un instante de silencio, tomo un poco de aire y doy mi respuesta larga (la buena), que espero pueda servir de gu\u00eda b\u00e1sica a aquellas personas interesadas en vivir en Menorca.<\/p>\n<p>En Menorca es como en todas partes, la gente hace lo que le gusta&nbsp; hacer, solo que el marco de belleza que nos rodea de alguna forma nos influye.<\/p>\n<p>La isla invita a la introspecci\u00f3n y a disfrutar de las <strong>cosas m\u00e1s importantes de la vida que, parad\u00f3jicamente, son gratis<\/strong>. <a href=\"https:\/\/www.sesmoreres.com\/blog\/el-mejor-amanecer-de-menorca-y-de-espana\/\">Un amanecer<\/a>, una puesta de sol, un ba\u00f1o en una cala ex\u00f3tica, etc&#8230;<\/p>\n<p>En invierno puedes realizar una excursi\u00f3n por el <a href=\"https:\/\/es.wikipedia.org\/wiki\/Cam%C3%AD_de_Cavalls\">Cami de Cavalls<\/a> sin pr\u00e1cticamente encontrarte con nadie. Puedes ir a ver como rompen las olas a una de las cientos de calas v\u00edrgenes que te est\u00e1n esperando, puedes disfrutar de una entra\u00f1able tertulia tomando un caf\u00e9 en el puerto mientras contemplas como entran y salen los barquitos&#8230;<\/p>\n<p>Sin embargo, &nbsp;yo dir\u00eda que son las pasiones personales las que cobran especial relevancia cuando vives en Menorca. No me quiero poner excesivamente metaf\u00edsico, pero en Menorca hay una energ\u00eda especial que potencia tus talentos naturales.<\/p>\n<p>Aqu\u00ed toman protagonismo las inclinaciones art\u00edsticas (ya coment\u00e9 en un art\u00edculo que<strong><a href=\"https:\/\/www.sesmoreres.com\/blog\/menorca-una-isla-de-artistas\/\"> Menorca es un im\u00e1n para artistas<\/a><\/strong>). Las aficiones y los hobbies se ven potenciados cuando vives en Menorca.<\/p>\n<p>Cuando vas conociendo a gente de la isla, no deja de sorprender la cantidad de personas que pintan, cantan, fotograf\u00edan, esculpen, coleccionan, escriben, estudian, etc. Y es que Menorca tiene algo de \u201c<a href=\"https:\/\/es.wikipedia.org\/wiki\/Biblioteca_de_Alejandr%C3%ADa\">La Biblioteca de Alejandr\u00eda<\/a>\u201d, enserio.<\/p>\n<p>\u00a1Y que no se me olvide! Mucho deporte, <strong>la gente pr\u00e1ctica mucho deporte en Menorca<\/strong>: h\u00edpica, n\u00e1utica, tenis, golf, pesca, caza, footing, gimnasia en todas sus modalidades y un mont\u00f3n de disciplinas m\u00e1s.<\/p>\n<p>Los m\u00e1s negativos dir\u00e1n que la gente tiene muchos hobbies en Menorca porque no hay nada que hacer ni d\u00f3nde ir, pero no es cierto y, adem\u00e1s, \u00bfno es m\u00e1s hermoso y meritorio desarrollar cualquiera de estas nobles actividades que pasar las tardes apretujado comparando ofertas en un gran almac\u00e9n\u2026?<\/p>\n<p><strong>La oferta cultural de Menorca est\u00e1 muy bien dimensionada<\/strong>, especialmente, por tratarse de una poblaci\u00f3n de solo 90.000 habitantes fijos. Por ejemplo, el teatro de Mah\u00f3n es el m\u00e1s antiguo de Espa\u00f1a y las bibliotecas p\u00fablicas, centros culturales y salas de exposiciones no han dejado de mejorar y aumentar en lo \u00faltimos a\u00f1os. &nbsp;Incluso este verano tendremos el privilegio de contar con la inauguraci\u00f3n de la prestigiosa galer\u00eda de arte internacional de primer nivel de la prestigiosa marca <a href=\"https:\/\/www.hauserwirth.com\/locations\/25040-menorca\">Hauser &amp; Wirth<\/a>.<\/p>\n<p><strong>En Menorca vive gente de todas partes del mundo<\/strong>, pero la mayor comunidad extranjera es la brit\u00e1nica y que va seguida por la francesa, que estos \u00faltimos a\u00f1os no ha dejado de crecer.<\/p>\n<p>La diferencia entre estas dos comunidades es que los primeros residen en la isla a modo de retiro y los segundos son m\u00e1s activos profesionalmente. <strong>Muchos franceses poseen establecimientos tur\u00edsticos<\/strong> y se dedican a producir vino y cultivos ecol\u00f3gicos entre otras actividades.<\/p>\n<p>&nbsp;<\/p>\n<p><strong>\u00bfY qu\u00e9 pasa con los ni\u00f1os en Menorca?<\/strong> Ahh\u2026 esta es mi parte favorita de la respuesta larga. Los ni\u00f1os pueden vivir en Menorca, pr\u00e1cticamente, como lo hac\u00edamos nosotros en los a\u00f1os setenta. \u00bfQu\u00e9 quiere decir eso\u2026? \u00bfQu\u00e9 viven sin m\u00f3vil\u2026? Me temo que no, pero pueden salir a la calle y jugar sin ning\u00fan riesgo de seguridad. Pueden ir solos hasta el colegio si viven razonablemente cerca, claro. Crecen en un entorno maravilloso y privilegiado donde no impera el consumo, a salvo de la violencia y la agresividad que domina la ciudad, y donde los valores&nbsp; tradicionales se han mantenido pr\u00e1cticamente inalterables.<\/p>\n<p>Casi todos los ni\u00f1os se toman en serio alg\u00fan deporte. Muchos montan a caballo o practican vela (<a href=\"https:\/\/www.sesmoreres.com\/blog\/vivir-en-menorca-es-caro\/\">los precios de Menorca son muy econ\u00f3micos<\/a> para estos deportes, m\u00e1s caros y considerados elitistas en las ciudades).<\/p>\n<p>Y para terminar, me gustar\u00eda matizar que cuando digo que se vive muy bien, aparte de todas las bondades que he mencionado antes, me refiero a que tenemos buena atenci\u00f3n m\u00e9dica (en urgencias te atienden en un santiam\u00e9n), buenas comunicaciones telem\u00e1ticas, estamos a solo 30 minutos de vuelo de Barcelona, contamos con tiendas y almacenes de calidad y las compras por internet llegan en 48 horas. Y no hay que olvidar que tambi\u00e9n nos hemos sentido m\u00e1s seguros aqu\u00ed ante una pandemia mundial como el Covid.<\/p>\n<p>&nbsp;<\/p>\n<p>En definitiva,<strong> vivir en Menorca es un lujo, <\/strong>sobre todo, por la cantidad de cosas maravillosas que puedes hacer y que no se pueden comprar.<\/p>\n<p>&nbsp;<\/p>\n<table id=\"table1\" border=\"0\" width=\"100%\">\n<tbody>\n<tr>\n<td>\n<p align=\"center\"><img decoding=\"async\" class=\"alignnone size-medium wp-image-888 lazyload\" data-src=\"https:\/\/www.sesmoreres.com\/blog\/wp-content\/uploads\/2019\/09\/viajar-a-menorca-septiembre-300x200.jpg\" alt=\"Cuando viajar a Menorca\" width=\"300\" height=\"200\" data-srcset=\"https:\/\/www.sesmoreres.com\/blog\/wp-content\/uploads\/2019\/09\/viajar-a-menorca-septiembre-300x200.jpg 300w, https:\/\/www.sesmoreres.com\/blog\/wp-content\/uploads\/2019\/09\/viajar-a-menorca-septiembre-768x512.jpg 768w, https:\/\/www.sesmoreres.com\/blog\/wp-content\/uploads\/2019\/09\/viajar-a-menorca-septiembre-1024x683.jpg 1024w, https:\/\/www.sesmoreres.com\/blog\/wp-content\/uploads\/2019\/09\/viajar-a-menorca-septiembre.jpg 1620w\" data-sizes=\"(max-width: 300px) 100vw, 300px\" src=\"data:image\/svg+xml;base64,PHN2ZyB3aWR0aD0iMSIgaGVpZ2h0PSIxIiB4bWxucz0iaHR0cDovL3d3dy53My5vcmcvMjAwMC9zdmciPjwvc3ZnPg==\" style=\"--smush-placeholder-width: 300px; --smush-placeholder-aspect-ratio: 300\/200;\" \/><\/p>\n<\/td>\n<td>\n<p align=\"center\"><img decoding=\"async\" class=\"alignnone size-medium wp-image-2189 lazyload\" data-src=\"https:\/\/www.sesmoreres.com\/blog\/wp-content\/uploads\/2021\/03\/como-es-vivir-en-menroca-300x200.jpg\" alt=\"Como es vivir en Menorca\" width=\"300\" height=\"200\" data-srcset=\"https:\/\/www.sesmoreres.com\/blog\/wp-content\/uploads\/2021\/03\/como-es-vivir-en-menroca-300x200.jpg 300w, https:\/\/www.sesmoreres.com\/blog\/wp-content\/uploads\/2021\/03\/como-es-vivir-en-menroca-768x512.jpg 768w, https:\/\/www.sesmoreres.com\/blog\/wp-content\/uploads\/2021\/03\/como-es-vivir-en-menroca.jpg 850w\" data-sizes=\"(max-width: 300px) 100vw, 300px\" src=\"data:image\/svg+xml;base64,PHN2ZyB3aWR0aD0iMSIgaGVpZ2h0PSIxIiB4bWxucz0iaHR0cDovL3d3dy53My5vcmcvMjAwMC9zdmciPjwvc3ZnPg==\" style=\"--smush-placeholder-width: 300px; --smush-placeholder-aspect-ratio: 300\/200;\" \/><\/p>\n<\/td>\n<td>\n<p align=\"center\"><img decoding=\"async\" class=\"alignnone size-medium wp-image-1183 lazyload\" data-src=\"https:\/\/www.sesmoreres.com\/blog\/wp-content\/uploads\/2014\/09\/regata-panerai-menroca.barcos-antiguos-300x200.jpg\" alt=\"Regata vela clasica Menorca\" width=\"300\" height=\"200\" data-srcset=\"https:\/\/www.sesmoreres.com\/blog\/wp-content\/uploads\/2014\/09\/regata-panerai-menroca.barcos-antiguos-300x200.jpg 300w, https:\/\/www.sesmoreres.com\/blog\/wp-content\/uploads\/2014\/09\/regata-panerai-menroca.barcos-antiguos.jpg 720w\" data-sizes=\"(max-width: 300px) 100vw, 300px\" src=\"data:image\/svg+xml;base64,PHN2ZyB3aWR0aD0iMSIgaGVpZ2h0PSIxIiB4bWxucz0iaHR0cDovL3d3dy53My5vcmcvMjAwMC9zdmciPjwvc3ZnPg==\" style=\"--smush-placeholder-width: 300px; --smush-placeholder-aspect-ratio: 300\/200;\" \/><\/p>\n<\/td>\n<\/tr>\n<\/tbody>\n<\/table>\n<div>\n<p>Si has decidido venir a vivir a nuestra maravillosa isla, d\u00e9janos ser tu <a href=\"https:\/\/www.sesmoreres.com\/\">inmobiliaria en Menorca<\/a><\/p>\n<\/div>\n<div>\n<p>&nbsp;<\/p>\n<\/div>\n<div>\n<p>&nbsp;<\/p>\n<\/div>\n<div>\n<p>&nbsp;<\/p>\n<\/div>\n<div>\n<p>&nbsp;<\/p>\n<\/div>\n","protected":false},"excerpt":{"rendered":"<p>Como agente inmobiliario de Menorca la pregunta que m\u00e1s me han formulado desde siempre es: \u00bfC\u00f3mo es vivir en Menorca? Y es que la mayor\u00eda de mis clientes son turistas que sue\u00f1an con emprender una nueva vida en Menorca (no &hellip; <a href=\"https:\/\/www.sesmoreres.com\/blog\/como-se-vive-en-menorca\/\">Continuar<\/a><\/p>\n","protected":false},"author":2,"featured_media":2189,"comment_status":"open","ping_status":"open","sticky":false,"template":"","format":"standard","meta":{"footnotes":""},"categories":[232,618],"tags":[610,619],"class_list":["post-2181","post","type-post","status-publish","format-standard","has-post-thumbnail","hentry","category-menorca","category-vivir-en-menorca","tag-menorca","tag-vivir-en-menorca"],"yoast_head":"<!-- This site is optimized with the Yoast SEO plugin v27.4 - https:\/\/yoast.com\/product\/yoast-seo-wordpress\/ -->\n<title>\u00bfC\u00f3mo es vivir en Menorca? - Blog sobre Menorca<\/title>\n<meta name=\"description\" content=\"Mi respuesta larga (la buena), que espero pueda servir de gu\u00eda b\u00e1sica a aquellas personas interesadas en vivir en Menorca.\" \/>\n<meta name=\"robots\" content=\"index, follow, max-snippet:-1, max-image-preview:large, max-video-preview:-1\" \/>\n<link rel=\"canonical\" href=\"https:\/\/www.sesmoreres.com\/blog\/como-se-vive-en-menorca\/\" \/>\n<meta property=\"og:locale\" content=\"es_ES\" \/>\n<meta property=\"og:type\" content=\"article\" \/>\n<meta property=\"og:title\" content=\"\u00bfC\u00f3mo es vivir en Menorca? - Blog sobre Menorca\" \/>\n<meta property=\"og:description\" content=\"Mi respuesta larga (la buena), que espero pueda servir de gu\u00eda b\u00e1sica a aquellas personas interesadas en vivir en Menorca.\" \/>\n<meta property=\"og:url\" content=\"https:\/\/www.sesmoreres.com\/blog\/como-se-vive-en-menorca\/\" \/>\n<meta property=\"og:site_name\" content=\"Blog sobre Menorca - Ses Moreres\" \/>\n<meta property=\"article:publisher\" content=\"https:\/\/www.facebook.com\/sesmoreres\/\" \/>\n<meta property=\"article:published_time\" content=\"2021-03-10T18:46:36+00:00\" \/>\n<meta property=\"article:modified_time\" content=\"2021-03-10T22:18:54+00:00\" \/>\n<meta property=\"og:image\" content=\"https:\/\/www.sesmoreres.com\/blog\/wp-content\/uploads\/2021\/03\/como-es-vivir-en-menroca.jpg\" \/>\n\t<meta property=\"og:image:width\" content=\"850\" \/>\n\t<meta property=\"og:image:height\" content=\"567\" \/>\n\t<meta property=\"og:image:type\" content=\"image\/jpeg\" \/>\n<meta name=\"author\" content=\"Jose\" \/>\n<meta name=\"twitter:card\" content=\"summary_large_image\" \/>\n<meta name=\"twitter:label1\" content=\"Escrito por\" \/>\n\t<meta name=\"twitter:data1\" content=\"Jose\" \/>\n\t<meta name=\"twitter:label2\" content=\"Tiempo de lectura\" \/>\n\t<meta name=\"twitter:data2\" content=\"5 minutos\" \/>\n<script type=\"application\/ld+json\" class=\"yoast-schema-graph\">{\"@context\":\"https:\\\/\\\/schema.org\",\"@graph\":[{\"@type\":\"Article\",\"@id\":\"https:\\\/\\\/www.sesmoreres.com\\\/blog\\\/como-se-vive-en-menorca\\\/#article\",\"isPartOf\":{\"@id\":\"https:\\\/\\\/www.sesmoreres.com\\\/blog\\\/como-se-vive-en-menorca\\\/\"},\"author\":{\"name\":\"Jose\",\"@id\":\"https:\\\/\\\/www.sesmoreres.com\\\/blog\\\/#\\\/schema\\\/person\\\/7c7e14840c5091c536f2386f87710e37\"},\"headline\":\"\u00bfC\u00f3mo es vivir en Menorca?\",\"datePublished\":\"2021-03-10T18:46:36+00:00\",\"dateModified\":\"2021-03-10T22:18:54+00:00\",\"mainEntityOfPage\":{\"@id\":\"https:\\\/\\\/www.sesmoreres.com\\\/blog\\\/como-se-vive-en-menorca\\\/\"},\"wordCount\":1005,\"commentCount\":12,\"publisher\":{\"@id\":\"https:\\\/\\\/www.sesmoreres.com\\\/blog\\\/#organization\"},\"image\":{\"@id\":\"https:\\\/\\\/www.sesmoreres.com\\\/blog\\\/como-se-vive-en-menorca\\\/#primaryimage\"},\"thumbnailUrl\":\"https:\\\/\\\/www.sesmoreres.com\\\/blog\\\/wp-content\\\/uploads\\\/2021\\\/03\\\/como-es-vivir-en-menroca.jpg\",\"keywords\":[\"menorca\",\"vivir en Menorca\"],\"articleSection\":[\"menorca\",\"vivir en Menorca\"],\"inLanguage\":\"es\",\"potentialAction\":[{\"@type\":\"CommentAction\",\"name\":\"Comment\",\"target\":[\"https:\\\/\\\/www.sesmoreres.com\\\/blog\\\/como-se-vive-en-menorca\\\/#respond\"]}]},{\"@type\":\"WebPage\",\"@id\":\"https:\\\/\\\/www.sesmoreres.com\\\/blog\\\/como-se-vive-en-menorca\\\/\",\"url\":\"https:\\\/\\\/www.sesmoreres.com\\\/blog\\\/como-se-vive-en-menorca\\\/\",\"name\":\"\u00bfC\u00f3mo es vivir en Menorca? - Blog sobre Menorca\",\"isPartOf\":{\"@id\":\"https:\\\/\\\/www.sesmoreres.com\\\/blog\\\/#website\"},\"primaryImageOfPage\":{\"@id\":\"https:\\\/\\\/www.sesmoreres.com\\\/blog\\\/como-se-vive-en-menorca\\\/#primaryimage\"},\"image\":{\"@id\":\"https:\\\/\\\/www.sesmoreres.com\\\/blog\\\/como-se-vive-en-menorca\\\/#primaryimage\"},\"thumbnailUrl\":\"https:\\\/\\\/www.sesmoreres.com\\\/blog\\\/wp-content\\\/uploads\\\/2021\\\/03\\\/como-es-vivir-en-menroca.jpg\",\"datePublished\":\"2021-03-10T18:46:36+00:00\",\"dateModified\":\"2021-03-10T22:18:54+00:00\",\"description\":\"Mi respuesta larga (la buena), que espero pueda servir de gu\u00eda b\u00e1sica a aquellas personas interesadas en vivir en Menorca.\",\"breadcrumb\":{\"@id\":\"https:\\\/\\\/www.sesmoreres.com\\\/blog\\\/como-se-vive-en-menorca\\\/#breadcrumb\"},\"inLanguage\":\"es\",\"potentialAction\":[{\"@type\":\"ReadAction\",\"target\":[\"https:\\\/\\\/www.sesmoreres.com\\\/blog\\\/como-se-vive-en-menorca\\\/\"]}]},{\"@type\":\"ImageObject\",\"inLanguage\":\"es\",\"@id\":\"https:\\\/\\\/www.sesmoreres.com\\\/blog\\\/como-se-vive-en-menorca\\\/#primaryimage\",\"url\":\"https:\\\/\\\/www.sesmoreres.com\\\/blog\\\/wp-content\\\/uploads\\\/2021\\\/03\\\/como-es-vivir-en-menroca.jpg\",\"contentUrl\":\"https:\\\/\\\/www.sesmoreres.com\\\/blog\\\/wp-content\\\/uploads\\\/2021\\\/03\\\/como-es-vivir-en-menroca.jpg\",\"width\":850,\"height\":567,\"caption\":\"Como es vivir en Menorca\"},{\"@type\":\"BreadcrumbList\",\"@id\":\"https:\\\/\\\/www.sesmoreres.com\\\/blog\\\/como-se-vive-en-menorca\\\/#breadcrumb\",\"itemListElement\":[{\"@type\":\"ListItem\",\"position\":1,\"name\":\"Portada\",\"item\":\"https:\\\/\\\/www.sesmoreres.com\\\/blog\\\/\"},{\"@type\":\"ListItem\",\"position\":2,\"name\":\"\u00bfC\u00f3mo es vivir en Menorca?\"}]},{\"@type\":\"WebSite\",\"@id\":\"https:\\\/\\\/www.sesmoreres.com\\\/blog\\\/#website\",\"url\":\"https:\\\/\\\/www.sesmoreres.com\\\/blog\\\/\",\"name\":\"Blog sobre Menorca - Ses Moreres\",\"description\":\"Agencia inmobiliaria de Menorca lider en la venta de propiedades de lujo. Fincas r\u00fasticas, casas de campo, chalets, terrenos.\",\"publisher\":{\"@id\":\"https:\\\/\\\/www.sesmoreres.com\\\/blog\\\/#organization\"},\"potentialAction\":[{\"@type\":\"SearchAction\",\"target\":{\"@type\":\"EntryPoint\",\"urlTemplate\":\"https:\\\/\\\/www.sesmoreres.com\\\/blog\\\/?s={search_term_string}\"},\"query-input\":{\"@type\":\"PropertyValueSpecification\",\"valueRequired\":true,\"valueName\":\"search_term_string\"}}],\"inLanguage\":\"es\"},{\"@type\":\"Organization\",\"@id\":\"https:\\\/\\\/www.sesmoreres.com\\\/blog\\\/#organization\",\"name\":\"Ses Moreres\",\"url\":\"https:\\\/\\\/www.sesmoreres.com\\\/blog\\\/\",\"logo\":{\"@type\":\"ImageObject\",\"inLanguage\":\"es\",\"@id\":\"https:\\\/\\\/www.sesmoreres.com\\\/blog\\\/#\\\/schema\\\/logo\\\/image\\\/\",\"url\":\"https:\\\/\\\/www.sesmoreres.com\\\/blog\\\/wp-content\\\/uploads\\\/2019\\\/07\\\/ses-moreres-inmobiliaria-menorca.gif\",\"contentUrl\":\"https:\\\/\\\/www.sesmoreres.com\\\/blog\\\/wp-content\\\/uploads\\\/2019\\\/07\\\/ses-moreres-inmobiliaria-menorca.gif\",\"width\":170,\"height\":95,\"caption\":\"Ses Moreres\"},\"image\":{\"@id\":\"https:\\\/\\\/www.sesmoreres.com\\\/blog\\\/#\\\/schema\\\/logo\\\/image\\\/\"},\"sameAs\":[\"https:\\\/\\\/www.facebook.com\\\/sesmoreres\\\/\",\"https:\\\/\\\/www.instagram.com\\\/inmobiliariasesmoreres\\\/?hl=es\",\"https:\\\/\\\/www.youtube.com\\\/user\\\/sesmoreres\"]},{\"@type\":\"Person\",\"@id\":\"https:\\\/\\\/www.sesmoreres.com\\\/blog\\\/#\\\/schema\\\/person\\\/7c7e14840c5091c536f2386f87710e37\",\"name\":\"Jose\",\"image\":{\"@type\":\"ImageObject\",\"inLanguage\":\"es\",\"@id\":\"https:\\\/\\\/secure.gravatar.com\\\/avatar\\\/b4fc98d81ad2dabadc7b38d8d9cc7d784080dca9704b983ca16b1fd2926445dc?s=96&d=mm&r=g\",\"url\":\"https:\\\/\\\/secure.gravatar.com\\\/avatar\\\/b4fc98d81ad2dabadc7b38d8d9cc7d784080dca9704b983ca16b1fd2926445dc?s=96&d=mm&r=g\",\"contentUrl\":\"https:\\\/\\\/secure.gravatar.com\\\/avatar\\\/b4fc98d81ad2dabadc7b38d8d9cc7d784080dca9704b983ca16b1fd2926445dc?s=96&d=mm&r=g\",\"caption\":\"Jose\"},\"url\":\"https:\\\/\\\/www.sesmoreres.com\\\/blog\\\/author\\\/jose\\\/\"}]}<\/script>\n<!-- \/ Yoast SEO plugin. -->","yoast_head_json":{"title":"\u00bfC\u00f3mo es vivir en Menorca? - Blog sobre Menorca","description":"Mi respuesta larga (la buena), que espero pueda servir de gu\u00eda b\u00e1sica a aquellas personas interesadas en vivir en Menorca.","robots":{"index":"index","follow":"follow","max-snippet":"max-snippet:-1","max-image-preview":"max-image-preview:large","max-video-preview":"max-video-preview:-1"},"canonical":"https:\/\/www.sesmoreres.com\/blog\/como-se-vive-en-menorca\/","og_locale":"es_ES","og_type":"article","og_title":"\u00bfC\u00f3mo es vivir en Menorca? - Blog sobre Menorca","og_description":"Mi respuesta larga (la buena), que espero pueda servir de gu\u00eda b\u00e1sica a aquellas personas interesadas en vivir en Menorca.","og_url":"https:\/\/www.sesmoreres.com\/blog\/como-se-vive-en-menorca\/","og_site_name":"Blog sobre Menorca - Ses Moreres","article_publisher":"https:\/\/www.facebook.com\/sesmoreres\/","article_published_time":"2021-03-10T18:46:36+00:00","article_modified_time":"2021-03-10T22:18:54+00:00","og_image":[{"width":850,"height":567,"url":"https:\/\/www.sesmoreres.com\/blog\/wp-content\/uploads\/2021\/03\/como-es-vivir-en-menroca.jpg","type":"image\/jpeg"}],"author":"Jose","twitter_card":"summary_large_image","twitter_misc":{"Escrito por":"Jose","Tiempo de lectura":"5 minutos"},"schema":{"@context":"https:\/\/schema.org","@graph":[{"@type":"Article","@id":"https:\/\/www.sesmoreres.com\/blog\/como-se-vive-en-menorca\/#article","isPartOf":{"@id":"https:\/\/www.sesmoreres.com\/blog\/como-se-vive-en-menorca\/"},"author":{"name":"Jose","@id":"https:\/\/www.sesmoreres.com\/blog\/#\/schema\/person\/7c7e14840c5091c536f2386f87710e37"},"headline":"\u00bfC\u00f3mo es vivir en Menorca?","datePublished":"2021-03-10T18:46:36+00:00","dateModified":"2021-03-10T22:18:54+00:00","mainEntityOfPage":{"@id":"https:\/\/www.sesmoreres.com\/blog\/como-se-vive-en-menorca\/"},"wordCount":1005,"commentCount":12,"publisher":{"@id":"https:\/\/www.sesmoreres.com\/blog\/#organization"},"image":{"@id":"https:\/\/www.sesmoreres.com\/blog\/como-se-vive-en-menorca\/#primaryimage"},"thumbnailUrl":"https:\/\/www.sesmoreres.com\/blog\/wp-content\/uploads\/2021\/03\/como-es-vivir-en-menroca.jpg","keywords":["menorca","vivir en Menorca"],"articleSection":["menorca","vivir en Menorca"],"inLanguage":"es","potentialAction":[{"@type":"CommentAction","name":"Comment","target":["https:\/\/www.sesmoreres.com\/blog\/como-se-vive-en-menorca\/#respond"]}]},{"@type":"WebPage","@id":"https:\/\/www.sesmoreres.com\/blog\/como-se-vive-en-menorca\/","url":"https:\/\/www.sesmoreres.com\/blog\/como-se-vive-en-menorca\/","name":"\u00bfC\u00f3mo es vivir en Menorca? - Blog sobre Menorca","isPartOf":{"@id":"https:\/\/www.sesmoreres.com\/blog\/#website"},"primaryImageOfPage":{"@id":"https:\/\/www.sesmoreres.com\/blog\/como-se-vive-en-menorca\/#primaryimage"},"image":{"@id":"https:\/\/www.sesmoreres.com\/blog\/como-se-vive-en-menorca\/#primaryimage"},"thumbnailUrl":"https:\/\/www.sesmoreres.com\/blog\/wp-content\/uploads\/2021\/03\/como-es-vivir-en-menroca.jpg","datePublished":"2021-03-10T18:46:36+00:00","dateModified":"2021-03-10T22:18:54+00:00","description":"Mi respuesta larga (la buena), que espero pueda servir de gu\u00eda b\u00e1sica a aquellas personas interesadas en vivir en Menorca.","breadcrumb":{"@id":"https:\/\/www.sesmoreres.com\/blog\/como-se-vive-en-menorca\/#breadcrumb"},"inLanguage":"es","potentialAction":[{"@type":"ReadAction","target":["https:\/\/www.sesmoreres.com\/blog\/como-se-vive-en-menorca\/"]}]},{"@type":"ImageObject","inLanguage":"es","@id":"https:\/\/www.sesmoreres.com\/blog\/como-se-vive-en-menorca\/#primaryimage","url":"https:\/\/www.sesmoreres.com\/blog\/wp-content\/uploads\/2021\/03\/como-es-vivir-en-menroca.jpg","contentUrl":"https:\/\/www.sesmoreres.com\/blog\/wp-content\/uploads\/2021\/03\/como-es-vivir-en-menroca.jpg","width":850,"height":567,"caption":"Como es vivir en Menorca"},{"@type":"BreadcrumbList","@id":"https:\/\/www.sesmoreres.com\/blog\/como-se-vive-en-menorca\/#breadcrumb","itemListElement":[{"@type":"ListItem","position":1,"name":"Portada","item":"https:\/\/www.sesmoreres.com\/blog\/"},{"@type":"ListItem","position":2,"name":"\u00bfC\u00f3mo es vivir en Menorca?"}]},{"@type":"WebSite","@id":"https:\/\/www.sesmoreres.com\/blog\/#website","url":"https:\/\/www.sesmoreres.com\/blog\/","name":"Blog sobre Menorca - Ses Moreres","description":"Agencia inmobiliaria de Menorca lider en la venta de propiedades de lujo. Fincas r\u00fasticas, casas de campo, chalets, terrenos.","publisher":{"@id":"https:\/\/www.sesmoreres.com\/blog\/#organization"},"potentialAction":[{"@type":"SearchAction","target":{"@type":"EntryPoint","urlTemplate":"https:\/\/www.sesmoreres.com\/blog\/?s={search_term_string}"},"query-input":{"@type":"PropertyValueSpecification","valueRequired":true,"valueName":"search_term_string"}}],"inLanguage":"es"},{"@type":"Organization","@id":"https:\/\/www.sesmoreres.com\/blog\/#organization","name":"Ses Moreres","url":"https:\/\/www.sesmoreres.com\/blog\/","logo":{"@type":"ImageObject","inLanguage":"es","@id":"https:\/\/www.sesmoreres.com\/blog\/#\/schema\/logo\/image\/","url":"https:\/\/www.sesmoreres.com\/blog\/wp-content\/uploads\/2019\/07\/ses-moreres-inmobiliaria-menorca.gif","contentUrl":"https:\/\/www.sesmoreres.com\/blog\/wp-content\/uploads\/2019\/07\/ses-moreres-inmobiliaria-menorca.gif","width":170,"height":95,"caption":"Ses Moreres"},"image":{"@id":"https:\/\/www.sesmoreres.com\/blog\/#\/schema\/logo\/image\/"},"sameAs":["https:\/\/www.facebook.com\/sesmoreres\/","https:\/\/www.instagram.com\/inmobiliariasesmoreres\/?hl=es","https:\/\/www.youtube.com\/user\/sesmoreres"]},{"@type":"Person","@id":"https:\/\/www.sesmoreres.com\/blog\/#\/schema\/person\/7c7e14840c5091c536f2386f87710e37","name":"Jose","image":{"@type":"ImageObject","inLanguage":"es","@id":"https:\/\/secure.gravatar.com\/avatar\/b4fc98d81ad2dabadc7b38d8d9cc7d784080dca9704b983ca16b1fd2926445dc?s=96&d=mm&r=g","url":"https:\/\/secure.gravatar.com\/avatar\/b4fc98d81ad2dabadc7b38d8d9cc7d784080dca9704b983ca16b1fd2926445dc?s=96&d=mm&r=g","contentUrl":"https:\/\/secure.gravatar.com\/avatar\/b4fc98d81ad2dabadc7b38d8d9cc7d784080dca9704b983ca16b1fd2926445dc?s=96&d=mm&r=g","caption":"Jose"},"url":"https:\/\/www.sesmoreres.com\/blog\/author\/jose\/"}]}},"_links":{"self":[{"href":"https:\/\/www.sesmoreres.com\/blog\/wp-json\/wp\/v2\/posts\/2181","targetHints":{"allow":["GET"]}}],"collection":[{"href":"https:\/\/www.sesmoreres.com\/blog\/wp-json\/wp\/v2\/posts"}],"about":[{"href":"https:\/\/www.sesmoreres.com\/blog\/wp-json\/wp\/v2\/types\/post"}],"author":[{"embeddable":true,"href":"https:\/\/www.sesmoreres.com\/blog\/wp-json\/wp\/v2\/users\/2"}],"replies":[{"embeddable":true,"href":"https:\/\/www.sesmoreres.com\/blog\/wp-json\/wp\/v2\/comments?post=2181"}],"version-history":[{"count":22,"href":"https:\/\/www.sesmoreres.com\/blog\/wp-json\/wp\/v2\/posts\/2181\/revisions"}],"predecessor-version":[{"id":2205,"href":"https:\/\/www.sesmoreres.com\/blog\/wp-json\/wp\/v2\/posts\/2181\/revisions\/2205"}],"wp:featuredmedia":[{"embeddable":true,"href":"https:\/\/www.sesmoreres.com\/blog\/wp-json\/wp\/v2\/media\/2189"}],"wp:attachment":[{"href":"https:\/\/www.sesmoreres.com\/blog\/wp-json\/wp\/v2\/media?parent=2181"}],"wp:term":[{"taxonomy":"category","embeddable":true,"href":"https:\/\/www.sesmoreres.com\/blog\/wp-json\/wp\/v2\/categories?post=2181"},{"taxonomy":"post_tag","embeddable":true,"href":"https:\/\/www.sesmoreres.com\/blog\/wp-json\/wp\/v2\/tags?post=2181"}],"curies":[{"name":"wp","href":"https:\/\/api.w.org\/{rel}","templated":true}]}}