{"id":2151,"date":"2020-10-09T13:21:54","date_gmt":"2020-10-09T11:21:54","guid":{"rendered":"https:\/\/www.sesmoreres.com\/blog\/?p=2151"},"modified":"2020-10-09T13:23:45","modified_gmt":"2020-10-09T11:23:45","slug":"palacete-en-venta-en-menorca","status":"publish","type":"post","link":"https:\/\/www.sesmoreres.com\/blog\/palacete-en-venta-en-menorca\/","title":{"rendered":"Palacete en venta en Menorca"},"content":{"rendered":"<p>Las casas antiguas albergan telara\u00f1as de emociones que nos atrapan, y este palacete en venta en la isla de Menorca, m\u00e1s que ning\u00fan otro edificio hist\u00f3rico, tiene una buena historia que contarnos.<\/p>\n<p>Esta casa palaciega del siglo XVIII est\u00e1 situada a pocos metros de la <a href=\"https:\/\/es.wikipedia.org\/wiki\/Catedral_de_Santa_Mar%C3%ADa_de_Ciudadela\">Catedral de Ciutadella<\/a>, en la zona m\u00e1s aristocr\u00e1tica de la isla.<\/p>\n<p>Sus cerca de 1.500 m\u00b2 edificados distribuidos en tres alturas y cuatro s\u00f3tanos atesoran los secretos de una \u00e9poca en la que se alardeaba, sin ning\u00fan pudor, de lujo y suntuosidad.<\/p>\n<p>Su elegante zagu\u00e1n abovedado que nos da la bienvenida, la monumental escalera claustral sobre la que gira todo el edificio, su impresionante c\u00fapula con lucernario o los demenciales trabajos de ebanister\u00eda que engalan todas las estancias en esta casa de \u00e9poca, son solo una fina capa de ensue\u00f1o tras la que se esconde much\u00edsimo m\u00e1s\u2026<\/p>\n<p>&nbsp;<\/p>\n<p>Acomp\u00e1\u00f1anos en una visita, paso a paso, al interior de este palacete, en un viaje al pasado, para descubrir los usos y costumbre de la \u00e9poca de mayor esplendor\u2026<\/p>\n<p>&nbsp;<\/p>\n<p><iframe data-src=\"https:\/\/www.youtube.com\/embed\/TIJ0jiFa1Jg\" width=\"560\" height=\"315\" frameborder=\"0\" allowfullscreen=\"allowfullscreen\" src=\"data:image\/svg+xml;base64,PHN2ZyB3aWR0aD0iMSIgaGVpZ2h0PSIxIiB4bWxucz0iaHR0cDovL3d3dy53My5vcmcvMjAwMC9zdmciPjwvc3ZnPg==\" class=\"lazyload\" data-load-mode=\"1\"><\/iframe><\/p>\n<p><a href=\"https:\/\/www.sesmoreres.com\/en-venta\/casa-palacete-ideal-para-reformar-en-el-centro-historico-de-ciudadela-menorca\/4817\/\">M\u00e1s informaci\u00f3n y precio sobre esta propiedad.<\/a><\/p>\n<p>&nbsp;<\/p>\n<p><a href=\"http:\/\/sesmoreres.com\/en-venta\/hotel-boutique-con-encanto-en-el-centro-historico-de-ciudadela-menorca\/4636\/\">Otra gran propiedad de lujo en venta en Menorca.<\/a><\/p>\n<p>&nbsp;<\/p>\n<p>Cu\u00e9ntanos tu proyecto queremos ser tu inmobiliaria en Menorca<\/p>\n","protected":false},"excerpt":{"rendered":"<p>Las casas antiguas albergan telara\u00f1as de emociones que nos atrapan, y este palacete en venta en la isla de Menorca, m\u00e1s que ning\u00fan otro edificio hist\u00f3rico, tiene una buena historia que contarnos. Esta casa palaciega del siglo XVIII est\u00e1 situada &hellip; <a href=\"https:\/\/www.sesmoreres.com\/blog\/palacete-en-venta-en-menorca\/\">Continuar<\/a><\/p>\n","protected":false},"author":2,"featured_media":2157,"comment_status":"open","ping_status":"open","sticky":false,"template":"","format":"standard","meta":{"footnotes":""},"categories":[236,230,238,232,937],"tags":[938,634,792,610,844],"class_list":["post-2151","post","type-post","status-publish","format-standard","has-post-thumbnail","hentry","category-casa-de-lujo","category-casa-historica","category-lujo","category-menorca","category-palacete-en-venta","tag-casa-de-epoca","tag-casa-de-lujo","tag-casa-senorial","tag-menorca","tag-palacete"],"yoast_head":"<!-- This site is optimized with the Yoast SEO plugin v27.4 - https:\/\/yoast.com\/product\/yoast-seo-wordpress\/ -->\n<title>Palacete en venta en Menorca - Blog sobre Menorca - Ses Moreres<\/title>\n<meta name=\"description\" content=\"Esta casa palaciega del siglo XVIII est\u00e1 situada a pocos metros de la Catedral de Ciutadella, en la zona m\u00e1s aristocr\u00e1tica de la isla. Sus cerca de 1.500 m\u00b2\" \/>\n<meta name=\"robots\" content=\"index, follow, max-snippet:-1, max-image-preview:large, max-video-preview:-1\" \/>\n<link rel=\"canonical\" href=\"https:\/\/www.sesmoreres.com\/blog\/palacete-en-venta-en-menorca\/\" \/>\n<meta property=\"og:locale\" content=\"es_ES\" \/>\n<meta property=\"og:type\" content=\"article\" \/>\n<meta property=\"og:title\" content=\"Palacete en venta en Menorca - Blog sobre Menorca - Ses Moreres\" \/>\n<meta property=\"og:description\" content=\"Esta casa palaciega del siglo XVIII est\u00e1 situada a pocos metros de la Catedral de Ciutadella, en la zona m\u00e1s aristocr\u00e1tica de la isla. Sus cerca de 1.500 m\u00b2\" \/>\n<meta property=\"og:url\" content=\"https:\/\/www.sesmoreres.com\/blog\/palacete-en-venta-en-menorca\/\" \/>\n<meta property=\"og:site_name\" content=\"Blog sobre Menorca - Ses Moreres\" \/>\n<meta property=\"article:publisher\" content=\"https:\/\/www.facebook.com\/sesmoreres\/\" \/>\n<meta property=\"article:published_time\" content=\"2020-10-09T11:21:54+00:00\" \/>\n<meta property=\"article:modified_time\" content=\"2020-10-09T11:23:45+00:00\" \/>\n<meta property=\"og:image\" content=\"https:\/\/www.sesmoreres.com\/blog\/wp-content\/uploads\/2020\/10\/palacete-venta-menorca.jpg\" \/>\n\t<meta property=\"og:image:width\" content=\"850\" \/>\n\t<meta property=\"og:image:height\" content=\"567\" \/>\n\t<meta property=\"og:image:type\" content=\"image\/jpeg\" \/>\n<meta name=\"author\" content=\"Jose\" \/>\n<meta name=\"twitter:card\" content=\"summary_large_image\" \/>\n<meta name=\"twitter:label1\" content=\"Escrito por\" \/>\n\t<meta name=\"twitter:data1\" content=\"Jose\" \/>\n\t<meta name=\"twitter:label2\" content=\"Tiempo de lectura\" \/>\n\t<meta name=\"twitter:data2\" content=\"1 minuto\" \/>\n<script type=\"application\/ld+json\" class=\"yoast-schema-graph\">{\"@context\":\"https:\\\/\\\/schema.org\",\"@graph\":[{\"@type\":\"Article\",\"@id\":\"https:\\\/\\\/www.sesmoreres.com\\\/blog\\\/palacete-en-venta-en-menorca\\\/#article\",\"isPartOf\":{\"@id\":\"https:\\\/\\\/www.sesmoreres.com\\\/blog\\\/palacete-en-venta-en-menorca\\\/\"},\"author\":{\"name\":\"Jose\",\"@id\":\"https:\\\/\\\/www.sesmoreres.com\\\/blog\\\/#\\\/schema\\\/person\\\/7c7e14840c5091c536f2386f87710e37\"},\"headline\":\"Palacete en venta en Menorca\",\"datePublished\":\"2020-10-09T11:21:54+00:00\",\"dateModified\":\"2020-10-09T11:23:45+00:00\",\"mainEntityOfPage\":{\"@id\":\"https:\\\/\\\/www.sesmoreres.com\\\/blog\\\/palacete-en-venta-en-menorca\\\/\"},\"wordCount\":222,\"commentCount\":0,\"publisher\":{\"@id\":\"https:\\\/\\\/www.sesmoreres.com\\\/blog\\\/#organization\"},\"image\":{\"@id\":\"https:\\\/\\\/www.sesmoreres.com\\\/blog\\\/palacete-en-venta-en-menorca\\\/#primaryimage\"},\"thumbnailUrl\":\"https:\\\/\\\/www.sesmoreres.com\\\/blog\\\/wp-content\\\/uploads\\\/2020\\\/10\\\/palacete-venta-menorca.jpg\",\"keywords\":[\"casa de \u00e9poca\",\"casa de lujo\",\"casa se\u00f1orial\",\"menorca\",\"palacete\"],\"articleSection\":[\"casa de lujo\",\"casa historica\",\"lujo\",\"menorca\",\"palacete en venta\"],\"inLanguage\":\"es\",\"potentialAction\":[{\"@type\":\"CommentAction\",\"name\":\"Comment\",\"target\":[\"https:\\\/\\\/www.sesmoreres.com\\\/blog\\\/palacete-en-venta-en-menorca\\\/#respond\"]}]},{\"@type\":\"WebPage\",\"@id\":\"https:\\\/\\\/www.sesmoreres.com\\\/blog\\\/palacete-en-venta-en-menorca\\\/\",\"url\":\"https:\\\/\\\/www.sesmoreres.com\\\/blog\\\/palacete-en-venta-en-menorca\\\/\",\"name\":\"Palacete en venta en Menorca - Blog sobre Menorca - Ses Moreres\",\"isPartOf\":{\"@id\":\"https:\\\/\\\/www.sesmoreres.com\\\/blog\\\/#website\"},\"primaryImageOfPage\":{\"@id\":\"https:\\\/\\\/www.sesmoreres.com\\\/blog\\\/palacete-en-venta-en-menorca\\\/#primaryimage\"},\"image\":{\"@id\":\"https:\\\/\\\/www.sesmoreres.com\\\/blog\\\/palacete-en-venta-en-menorca\\\/#primaryimage\"},\"thumbnailUrl\":\"https:\\\/\\\/www.sesmoreres.com\\\/blog\\\/wp-content\\\/uploads\\\/2020\\\/10\\\/palacete-venta-menorca.jpg\",\"datePublished\":\"2020-10-09T11:21:54+00:00\",\"dateModified\":\"2020-10-09T11:23:45+00:00\",\"description\":\"Esta casa palaciega del siglo XVIII est\u00e1 situada a pocos metros de la Catedral de Ciutadella, en la zona m\u00e1s aristocr\u00e1tica de la isla. Sus cerca de 1.500 m\u00b2\",\"breadcrumb\":{\"@id\":\"https:\\\/\\\/www.sesmoreres.com\\\/blog\\\/palacete-en-venta-en-menorca\\\/#breadcrumb\"},\"inLanguage\":\"es\",\"potentialAction\":[{\"@type\":\"ReadAction\",\"target\":[\"https:\\\/\\\/www.sesmoreres.com\\\/blog\\\/palacete-en-venta-en-menorca\\\/\"]}]},{\"@type\":\"ImageObject\",\"inLanguage\":\"es\",\"@id\":\"https:\\\/\\\/www.sesmoreres.com\\\/blog\\\/palacete-en-venta-en-menorca\\\/#primaryimage\",\"url\":\"https:\\\/\\\/www.sesmoreres.com\\\/blog\\\/wp-content\\\/uploads\\\/2020\\\/10\\\/palacete-venta-menorca.jpg\",\"contentUrl\":\"https:\\\/\\\/www.sesmoreres.com\\\/blog\\\/wp-content\\\/uploads\\\/2020\\\/10\\\/palacete-venta-menorca.jpg\",\"width\":850,\"height\":567,\"caption\":\"Palacete en venta en Menorca\"},{\"@type\":\"BreadcrumbList\",\"@id\":\"https:\\\/\\\/www.sesmoreres.com\\\/blog\\\/palacete-en-venta-en-menorca\\\/#breadcrumb\",\"itemListElement\":[{\"@type\":\"ListItem\",\"position\":1,\"name\":\"Portada\",\"item\":\"https:\\\/\\\/www.sesmoreres.com\\\/blog\\\/\"},{\"@type\":\"ListItem\",\"position\":2,\"name\":\"Palacete en venta en Menorca\"}]},{\"@type\":\"WebSite\",\"@id\":\"https:\\\/\\\/www.sesmoreres.com\\\/blog\\\/#website\",\"url\":\"https:\\\/\\\/www.sesmoreres.com\\\/blog\\\/\",\"name\":\"Blog sobre Menorca - Ses Moreres\",\"description\":\"Agencia inmobiliaria de Menorca lider en la venta de propiedades de lujo. Fincas r\u00fasticas, casas de campo, chalets, terrenos.\",\"publisher\":{\"@id\":\"https:\\\/\\\/www.sesmoreres.com\\\/blog\\\/#organization\"},\"potentialAction\":[{\"@type\":\"SearchAction\",\"target\":{\"@type\":\"EntryPoint\",\"urlTemplate\":\"https:\\\/\\\/www.sesmoreres.com\\\/blog\\\/?s={search_term_string}\"},\"query-input\":{\"@type\":\"PropertyValueSpecification\",\"valueRequired\":true,\"valueName\":\"search_term_string\"}}],\"inLanguage\":\"es\"},{\"@type\":\"Organization\",\"@id\":\"https:\\\/\\\/www.sesmoreres.com\\\/blog\\\/#organization\",\"name\":\"Ses Moreres\",\"url\":\"https:\\\/\\\/www.sesmoreres.com\\\/blog\\\/\",\"logo\":{\"@type\":\"ImageObject\",\"inLanguage\":\"es\",\"@id\":\"https:\\\/\\\/www.sesmoreres.com\\\/blog\\\/#\\\/schema\\\/logo\\\/image\\\/\",\"url\":\"https:\\\/\\\/www.sesmoreres.com\\\/blog\\\/wp-content\\\/uploads\\\/2019\\\/07\\\/ses-moreres-inmobiliaria-menorca.gif\",\"contentUrl\":\"https:\\\/\\\/www.sesmoreres.com\\\/blog\\\/wp-content\\\/uploads\\\/2019\\\/07\\\/ses-moreres-inmobiliaria-menorca.gif\",\"width\":170,\"height\":95,\"caption\":\"Ses Moreres\"},\"image\":{\"@id\":\"https:\\\/\\\/www.sesmoreres.com\\\/blog\\\/#\\\/schema\\\/logo\\\/image\\\/\"},\"sameAs\":[\"https:\\\/\\\/www.facebook.com\\\/sesmoreres\\\/\",\"https:\\\/\\\/www.instagram.com\\\/inmobiliariasesmoreres\\\/?hl=es\",\"https:\\\/\\\/www.youtube.com\\\/user\\\/sesmoreres\"]},{\"@type\":\"Person\",\"@id\":\"https:\\\/\\\/www.sesmoreres.com\\\/blog\\\/#\\\/schema\\\/person\\\/7c7e14840c5091c536f2386f87710e37\",\"name\":\"Jose\",\"image\":{\"@type\":\"ImageObject\",\"inLanguage\":\"es\",\"@id\":\"https:\\\/\\\/secure.gravatar.com\\\/avatar\\\/b4fc98d81ad2dabadc7b38d8d9cc7d784080dca9704b983ca16b1fd2926445dc?s=96&d=mm&r=g\",\"url\":\"https:\\\/\\\/secure.gravatar.com\\\/avatar\\\/b4fc98d81ad2dabadc7b38d8d9cc7d784080dca9704b983ca16b1fd2926445dc?s=96&d=mm&r=g\",\"contentUrl\":\"https:\\\/\\\/secure.gravatar.com\\\/avatar\\\/b4fc98d81ad2dabadc7b38d8d9cc7d784080dca9704b983ca16b1fd2926445dc?s=96&d=mm&r=g\",\"caption\":\"Jose\"},\"url\":\"https:\\\/\\\/www.sesmoreres.com\\\/blog\\\/author\\\/jose\\\/\"}]}<\/script>\n<!-- \/ Yoast SEO plugin. -->","yoast_head_json":{"title":"Palacete en venta en Menorca - Blog sobre Menorca - Ses Moreres","description":"Esta casa palaciega del siglo XVIII est\u00e1 situada a pocos metros de la Catedral de Ciutadella, en la zona m\u00e1s aristocr\u00e1tica de la isla. Sus cerca de 1.500 m\u00b2","robots":{"index":"index","follow":"follow","max-snippet":"max-snippet:-1","max-image-preview":"max-image-preview:large","max-video-preview":"max-video-preview:-1"},"canonical":"https:\/\/www.sesmoreres.com\/blog\/palacete-en-venta-en-menorca\/","og_locale":"es_ES","og_type":"article","og_title":"Palacete en venta en Menorca - Blog sobre Menorca - Ses Moreres","og_description":"Esta casa palaciega del siglo XVIII est\u00e1 situada a pocos metros de la Catedral de Ciutadella, en la zona m\u00e1s aristocr\u00e1tica de la isla. Sus cerca de 1.500 m\u00b2","og_url":"https:\/\/www.sesmoreres.com\/blog\/palacete-en-venta-en-menorca\/","og_site_name":"Blog sobre Menorca - Ses Moreres","article_publisher":"https:\/\/www.facebook.com\/sesmoreres\/","article_published_time":"2020-10-09T11:21:54+00:00","article_modified_time":"2020-10-09T11:23:45+00:00","og_image":[{"width":850,"height":567,"url":"https:\/\/www.sesmoreres.com\/blog\/wp-content\/uploads\/2020\/10\/palacete-venta-menorca.jpg","type":"image\/jpeg"}],"author":"Jose","twitter_card":"summary_large_image","twitter_misc":{"Escrito por":"Jose","Tiempo de lectura":"1 minuto"},"schema":{"@context":"https:\/\/schema.org","@graph":[{"@type":"Article","@id":"https:\/\/www.sesmoreres.com\/blog\/palacete-en-venta-en-menorca\/#article","isPartOf":{"@id":"https:\/\/www.sesmoreres.com\/blog\/palacete-en-venta-en-menorca\/"},"author":{"name":"Jose","@id":"https:\/\/www.sesmoreres.com\/blog\/#\/schema\/person\/7c7e14840c5091c536f2386f87710e37"},"headline":"Palacete en venta en Menorca","datePublished":"2020-10-09T11:21:54+00:00","dateModified":"2020-10-09T11:23:45+00:00","mainEntityOfPage":{"@id":"https:\/\/www.sesmoreres.com\/blog\/palacete-en-venta-en-menorca\/"},"wordCount":222,"commentCount":0,"publisher":{"@id":"https:\/\/www.sesmoreres.com\/blog\/#organization"},"image":{"@id":"https:\/\/www.sesmoreres.com\/blog\/palacete-en-venta-en-menorca\/#primaryimage"},"thumbnailUrl":"https:\/\/www.sesmoreres.com\/blog\/wp-content\/uploads\/2020\/10\/palacete-venta-menorca.jpg","keywords":["casa de \u00e9poca","casa de lujo","casa se\u00f1orial","menorca","palacete"],"articleSection":["casa de lujo","casa historica","lujo","menorca","palacete en venta"],"inLanguage":"es","potentialAction":[{"@type":"CommentAction","name":"Comment","target":["https:\/\/www.sesmoreres.com\/blog\/palacete-en-venta-en-menorca\/#respond"]}]},{"@type":"WebPage","@id":"https:\/\/www.sesmoreres.com\/blog\/palacete-en-venta-en-menorca\/","url":"https:\/\/www.sesmoreres.com\/blog\/palacete-en-venta-en-menorca\/","name":"Palacete en venta en Menorca - Blog sobre Menorca - Ses Moreres","isPartOf":{"@id":"https:\/\/www.sesmoreres.com\/blog\/#website"},"primaryImageOfPage":{"@id":"https:\/\/www.sesmoreres.com\/blog\/palacete-en-venta-en-menorca\/#primaryimage"},"image":{"@id":"https:\/\/www.sesmoreres.com\/blog\/palacete-en-venta-en-menorca\/#primaryimage"},"thumbnailUrl":"https:\/\/www.sesmoreres.com\/blog\/wp-content\/uploads\/2020\/10\/palacete-venta-menorca.jpg","datePublished":"2020-10-09T11:21:54+00:00","dateModified":"2020-10-09T11:23:45+00:00","description":"Esta casa palaciega del siglo XVIII est\u00e1 situada a pocos metros de la Catedral de Ciutadella, en la zona m\u00e1s aristocr\u00e1tica de la isla. Sus cerca de 1.500 m\u00b2","breadcrumb":{"@id":"https:\/\/www.sesmoreres.com\/blog\/palacete-en-venta-en-menorca\/#breadcrumb"},"inLanguage":"es","potentialAction":[{"@type":"ReadAction","target":["https:\/\/www.sesmoreres.com\/blog\/palacete-en-venta-en-menorca\/"]}]},{"@type":"ImageObject","inLanguage":"es","@id":"https:\/\/www.sesmoreres.com\/blog\/palacete-en-venta-en-menorca\/#primaryimage","url":"https:\/\/www.sesmoreres.com\/blog\/wp-content\/uploads\/2020\/10\/palacete-venta-menorca.jpg","contentUrl":"https:\/\/www.sesmoreres.com\/blog\/wp-content\/uploads\/2020\/10\/palacete-venta-menorca.jpg","width":850,"height":567,"caption":"Palacete en venta en Menorca"},{"@type":"BreadcrumbList","@id":"https:\/\/www.sesmoreres.com\/blog\/palacete-en-venta-en-menorca\/#breadcrumb","itemListElement":[{"@type":"ListItem","position":1,"name":"Portada","item":"https:\/\/www.sesmoreres.com\/blog\/"},{"@type":"ListItem","position":2,"name":"Palacete en venta en Menorca"}]},{"@type":"WebSite","@id":"https:\/\/www.sesmoreres.com\/blog\/#website","url":"https:\/\/www.sesmoreres.com\/blog\/","name":"Blog sobre Menorca - Ses Moreres","description":"Agencia inmobiliaria de Menorca lider en la venta de propiedades de lujo. Fincas r\u00fasticas, casas de campo, chalets, terrenos.","publisher":{"@id":"https:\/\/www.sesmoreres.com\/blog\/#organization"},"potentialAction":[{"@type":"SearchAction","target":{"@type":"EntryPoint","urlTemplate":"https:\/\/www.sesmoreres.com\/blog\/?s={search_term_string}"},"query-input":{"@type":"PropertyValueSpecification","valueRequired":true,"valueName":"search_term_string"}}],"inLanguage":"es"},{"@type":"Organization","@id":"https:\/\/www.sesmoreres.com\/blog\/#organization","name":"Ses Moreres","url":"https:\/\/www.sesmoreres.com\/blog\/","logo":{"@type":"ImageObject","inLanguage":"es","@id":"https:\/\/www.sesmoreres.com\/blog\/#\/schema\/logo\/image\/","url":"https:\/\/www.sesmoreres.com\/blog\/wp-content\/uploads\/2019\/07\/ses-moreres-inmobiliaria-menorca.gif","contentUrl":"https:\/\/www.sesmoreres.com\/blog\/wp-content\/uploads\/2019\/07\/ses-moreres-inmobiliaria-menorca.gif","width":170,"height":95,"caption":"Ses Moreres"},"image":{"@id":"https:\/\/www.sesmoreres.com\/blog\/#\/schema\/logo\/image\/"},"sameAs":["https:\/\/www.facebook.com\/sesmoreres\/","https:\/\/www.instagram.com\/inmobiliariasesmoreres\/?hl=es","https:\/\/www.youtube.com\/user\/sesmoreres"]},{"@type":"Person","@id":"https:\/\/www.sesmoreres.com\/blog\/#\/schema\/person\/7c7e14840c5091c536f2386f87710e37","name":"Jose","image":{"@type":"ImageObject","inLanguage":"es","@id":"https:\/\/secure.gravatar.com\/avatar\/b4fc98d81ad2dabadc7b38d8d9cc7d784080dca9704b983ca16b1fd2926445dc?s=96&d=mm&r=g","url":"https:\/\/secure.gravatar.com\/avatar\/b4fc98d81ad2dabadc7b38d8d9cc7d784080dca9704b983ca16b1fd2926445dc?s=96&d=mm&r=g","contentUrl":"https:\/\/secure.gravatar.com\/avatar\/b4fc98d81ad2dabadc7b38d8d9cc7d784080dca9704b983ca16b1fd2926445dc?s=96&d=mm&r=g","caption":"Jose"},"url":"https:\/\/www.sesmoreres.com\/blog\/author\/jose\/"}]}},"_links":{"self":[{"href":"https:\/\/www.sesmoreres.com\/blog\/wp-json\/wp\/v2\/posts\/2151","targetHints":{"allow":["GET"]}}],"collection":[{"href":"https:\/\/www.sesmoreres.com\/blog\/wp-json\/wp\/v2\/posts"}],"about":[{"href":"https:\/\/www.sesmoreres.com\/blog\/wp-json\/wp\/v2\/types\/post"}],"author":[{"embeddable":true,"href":"https:\/\/www.sesmoreres.com\/blog\/wp-json\/wp\/v2\/users\/2"}],"replies":[{"embeddable":true,"href":"https:\/\/www.sesmoreres.com\/blog\/wp-json\/wp\/v2\/comments?post=2151"}],"version-history":[{"count":5,"href":"https:\/\/www.sesmoreres.com\/blog\/wp-json\/wp\/v2\/posts\/2151\/revisions"}],"predecessor-version":[{"id":2156,"href":"https:\/\/www.sesmoreres.com\/blog\/wp-json\/wp\/v2\/posts\/2151\/revisions\/2156"}],"wp:featuredmedia":[{"embeddable":true,"href":"https:\/\/www.sesmoreres.com\/blog\/wp-json\/wp\/v2\/media\/2157"}],"wp:attachment":[{"href":"https:\/\/www.sesmoreres.com\/blog\/wp-json\/wp\/v2\/media?parent=2151"}],"wp:term":[{"taxonomy":"category","embeddable":true,"href":"https:\/\/www.sesmoreres.com\/blog\/wp-json\/wp\/v2\/categories?post=2151"},{"taxonomy":"post_tag","embeddable":true,"href":"https:\/\/www.sesmoreres.com\/blog\/wp-json\/wp\/v2\/tags?post=2151"}],"curies":[{"name":"wp","href":"https:\/\/api.w.org\/{rel}","templated":true}]}}