{"id":1198,"date":"2020-03-26T14:09:45","date_gmt":"2020-03-26T13:09:45","guid":{"rendered":"https:\/\/www.sesmoreres.com\/blog\/?p=1198"},"modified":"2020-04-16T10:46:55","modified_gmt":"2020-04-16T08:46:55","slug":"consecuencias-inesperadas-por-el-coronavirus","status":"publish","type":"post","link":"https:\/\/www.sesmoreres.com\/blog\/consecuencias-inesperadas-por-el-coronavirus\/","title":{"rendered":"Consecuencias inesperadas en Menorca por el Coronavirus"},"content":{"rendered":"<p>Una consecuencia inesperada provocada por la <strong>pandemia del Coronavirus en Menorca<\/strong> ha sido el aumento de inter\u00e9s por las <strong>propiedades con mucho terreno<\/strong> o, por lo menos, con \u00a0jard\u00edn.<\/p>\n<p>Y es que claro, de repente hemos descubierto que <strong>disponer de tu privacidad y de un buen pedazo de terreno es algo muy valioso<\/strong>. \u00a0\u00bfD\u00f3nde es m\u00e1s seguro estar en estos momentos\u00a0 de alarma mundial, en un piso de lujo con zonas comunes o en una humilde casa de campo aislada\u2026?<\/p>\n<p>&nbsp;<\/p>\n<p><strong>Hemos aprendido<\/strong> que disponer de tu propio espacio exterior para <strong>cultivar tu propio huerto<\/strong>, e incluso <strong>tener animales de granja<\/strong>, si vienen mal dadas, no solo nos brinda un desahogo sino que nos permite <strong>autoabastecernos con nuestra propia comida<\/strong>. \u00bfVaya, qui\u00e9n hubiera pensado algo semejante hace unas pocas semanas, verdad?<\/p>\n<p>&nbsp;<\/p>\n<p>Y la evidencia nos indica que la tendencia \u00a0va a ir todav\u00eda mucho m\u00e1s lejos en cuanto pase lo peor y nos podamos detener a pensar, porque de buen seguro toda <strong>la sociedad occidental mundial va a modificar en alguna medida sus h\u00e1bitos<\/strong> y forma de entender la vida.<\/p>\n<p>Y es que <strong>esta crisis, que nos ha ca\u00eddo como un rayo en la cabeza<\/strong>, nos ha obligado a despertar de sopet\u00f3n de <strong>nuestra fantas\u00eda artificial<\/strong> y nos ha propinado un latigazo de consciencia sobre las verdaderas prioridades de la vida. Y <strong>nuestra primera reacci\u00f3n primitiva es la supervivencia<\/strong> y de su mano viene la segunda: la seguridad. Y consecuentemente una <strong>finca r\u00fastica<\/strong> o <strong>casa de campo<\/strong> ofrece m\u00e1s posibilidades para poder cubrir est\u00e1s necesidades ancestrales.<\/p>\n<p>&nbsp;<\/p>\n<p>Ahora redescubrimos con admiraci\u00f3n que <strong>nuestros antepasados manten\u00edan una envidiable relaci\u00f3n de equilibrio con la naturaleza<\/strong>. Aprovechaban todos los recursos que \u00e9sta les pon\u00eda a su alcance. En las<a href=\"https:\/\/www.sesmoreres.com\/resultado-busqueda\/?a=finca_rustica\"> fincas r\u00fasticas<\/a> recog\u00edan el agua de la lluvia en grandes cisternas, cultivaban las tierras, ten\u00edan su propio ganado y animales de granja e incluso produc\u00edan su propio aceite, vino y otros muchos productos. Ahora que estamos sumidos en un mundo globalizado en el que consumimos alimentos que vienen del otro extremo del planeta, mientras nuestras propias tierras permanecen abandonadas con peligro de incendio, descubrimos \u00a0con envidia \u00a0que <strong>aquellas gentes eran realmente autosuficientes<\/strong> y adem\u00e1s ecologistas.<\/p>\n<p>Sin duda ahora, despu\u00e9s de esta lecci\u00f3n de humildad <strong>\u00bfqui\u00e9n no querr\u00eda refugiarse en su propia finca r\u00fastica o casa de campo?<\/strong><\/p>\n<p>\u00bfVerdad que ahora ya no suena tan rid\u00edcula la idea de tener, incluso, tu propio <a href=\"https:\/\/es.wikipedia.org\/wiki\/Refugio_nuclear\"><strong>bunker antinuclear<\/strong><\/a>?<\/p>\n<p>S\u00ed, nos hemos despojado del velo de la banalidad y la frivolidad que no dejaba pasar la luz de la raz\u00f3n y volvemos a ver\u2026<\/p>\n<p>&nbsp;<\/p>\n<p>Por favor, comenta con nosotros tu opini\u00f3n: \u00bfcrees que estas conclusiones son exageradas, o t\u00fa ya hab\u00edas pensado algo parecido?<\/p>\n<p><img decoding=\"async\" class=\"alignnone size-medium wp-image-1204 alignleft lazyload\" data-src=\"https:\/\/www.sesmoreres.com\/blog\/wp-content\/uploads\/2020\/03\/tomates-menorca-225x300.jpg\" alt=\"Tomates de Menorca\" width=\"225\" height=\"300\" data-srcset=\"https:\/\/www.sesmoreres.com\/blog\/wp-content\/uploads\/2020\/03\/tomates-menorca-225x300.jpg 225w, https:\/\/www.sesmoreres.com\/blog\/wp-content\/uploads\/2020\/03\/tomates-menorca-768x1024.jpg 768w, https:\/\/www.sesmoreres.com\/blog\/wp-content\/uploads\/2020\/03\/tomates-menorca-scaled.jpg 638w\" data-sizes=\"(max-width: 225px) 100vw, 225px\" src=\"data:image\/svg+xml;base64,PHN2ZyB3aWR0aD0iMSIgaGVpZ2h0PSIxIiB4bWxucz0iaHR0cDovL3d3dy53My5vcmcvMjAwMC9zdmciPjwvc3ZnPg==\" style=\"--smush-placeholder-width: 225px; --smush-placeholder-aspect-ratio: 225\/300;\" \/><img decoding=\"async\" class=\"alignnone size-medium wp-image-1205 alignleft lazyload\" data-src=\"https:\/\/www.sesmoreres.com\/blog\/wp-content\/uploads\/2020\/03\/sobrasada-de-menorca-225x300.jpg\" alt=\"sobrasa de Menorca\" width=\"225\" height=\"300\" data-srcset=\"https:\/\/www.sesmoreres.com\/blog\/wp-content\/uploads\/2020\/03\/sobrasada-de-menorca-225x300.jpg 225w, https:\/\/www.sesmoreres.com\/blog\/wp-content\/uploads\/2020\/03\/sobrasada-de-menorca-768x1024.jpg 768w, https:\/\/www.sesmoreres.com\/blog\/wp-content\/uploads\/2020\/03\/sobrasada-de-menorca-scaled.jpg 638w\" data-sizes=\"(max-width: 225px) 100vw, 225px\" src=\"data:image\/svg+xml;base64,PHN2ZyB3aWR0aD0iMSIgaGVpZ2h0PSIxIiB4bWxucz0iaHR0cDovL3d3dy53My5vcmcvMjAwMC9zdmciPjwvc3ZnPg==\" style=\"--smush-placeholder-width: 225px; --smush-placeholder-aspect-ratio: 225\/300;\" \/><img decoding=\"async\" class=\"alignnone size-medium wp-image-1206 alignleft lazyload\" data-src=\"https:\/\/www.sesmoreres.com\/blog\/wp-content\/uploads\/2020\/03\/campo-menorca-225x300.jpg\" alt=\"barrera de Menorca\" width=\"225\" height=\"300\" data-srcset=\"https:\/\/www.sesmoreres.com\/blog\/wp-content\/uploads\/2020\/03\/campo-menorca-225x300.jpg 225w, https:\/\/www.sesmoreres.com\/blog\/wp-content\/uploads\/2020\/03\/campo-menorca-768x1024.jpg 768w, https:\/\/www.sesmoreres.com\/blog\/wp-content\/uploads\/2020\/03\/campo-menorca-scaled.jpg 638w\" data-sizes=\"(max-width: 225px) 100vw, 225px\" src=\"data:image\/svg+xml;base64,PHN2ZyB3aWR0aD0iMSIgaGVpZ2h0PSIxIiB4bWxucz0iaHR0cDovL3d3dy53My5vcmcvMjAwMC9zdmciPjwvc3ZnPg==\" style=\"--smush-placeholder-width: 225px; --smush-placeholder-aspect-ratio: 225\/300;\" \/><\/p>\n<p>&nbsp;<\/p>\n","protected":false},"excerpt":{"rendered":"<p>Una consecuencia inesperada provocada por la pandemia del Coronavirus en Menorca ha sido el aumento de inter\u00e9s por las propiedades con mucho terreno o, por lo menos, con \u00a0jard\u00edn. Y es que claro, de repente hemos descubierto que disponer de &hellip; <a href=\"https:\/\/www.sesmoreres.com\/blog\/consecuencias-inesperadas-por-el-coronavirus\/\">Continuar<\/a><\/p>\n","protected":false},"author":2,"featured_media":1688,"comment_status":"open","ping_status":"open","sticky":false,"template":"","format":"standard","meta":{"footnotes":""},"categories":[677,678,341,232],"tags":[674,675,603,610],"class_list":["post-1198","post","type-post","status-publish","format-standard","has-post-thumbnail","hentry","category-coronavirus-en-menorca","category-covid-19-en-menorca","category-finca-rsutica","category-menorca","tag-coronavirus","tag-covid-19","tag-finca-rustica","tag-menorca"],"yoast_head":"<!-- This site is optimized with the Yoast SEO plugin v27.5 - https:\/\/yoast.com\/product\/yoast-seo-wordpress\/ -->\n<title>Consecuencias inesperadas en Menorca por el Coronavirus<\/title>\n<meta name=\"description\" content=\"Te contamos las consencuencias inesperadas en Menorca por el Coronavirus que ha ca\u00eddo como un rayo en la cabeza y nos ha obligado a despertar de...\" \/>\n<meta name=\"robots\" content=\"index, follow, max-snippet:-1, max-image-preview:large, max-video-preview:-1\" \/>\n<link rel=\"canonical\" href=\"https:\/\/www.sesmoreres.com\/blog\/consecuencias-inesperadas-por-el-coronavirus\/\" \/>\n<meta property=\"og:locale\" content=\"es_ES\" \/>\n<meta property=\"og:type\" content=\"article\" \/>\n<meta property=\"og:title\" content=\"Consecuencias inesperadas en Menorca por el Coronavirus\" \/>\n<meta property=\"og:description\" content=\"Te contamos las consencuencias inesperadas en Menorca por el Coronavirus que ha ca\u00eddo como un rayo en la cabeza y nos ha obligado a despertar de...\" \/>\n<meta property=\"og:url\" content=\"https:\/\/www.sesmoreres.com\/blog\/consecuencias-inesperadas-por-el-coronavirus\/\" \/>\n<meta property=\"og:site_name\" content=\"Blog sobre Menorca - Ses Moreres\" \/>\n<meta property=\"article:publisher\" content=\"https:\/\/www.facebook.com\/sesmoreres\/\" \/>\n<meta property=\"article:published_time\" content=\"2020-03-26T13:09:45+00:00\" \/>\n<meta property=\"article:modified_time\" content=\"2020-04-16T08:46:55+00:00\" \/>\n<meta property=\"og:image\" content=\"https:\/\/www.sesmoreres.com\/blog\/wp-content\/uploads\/2020\/03\/campo-menorca-scaled-1.jpg\" \/>\n\t<meta property=\"og:image:width\" content=\"637\" \/>\n\t<meta property=\"og:image:height\" content=\"425\" \/>\n\t<meta property=\"og:image:type\" content=\"image\/jpeg\" \/>\n<meta name=\"author\" content=\"Jose\" \/>\n<meta name=\"twitter:card\" content=\"summary_large_image\" \/>\n<meta name=\"twitter:label1\" content=\"Escrito por\" \/>\n\t<meta name=\"twitter:data1\" content=\"Jose\" \/>\n\t<meta name=\"twitter:label2\" content=\"Tiempo de lectura\" \/>\n\t<meta name=\"twitter:data2\" content=\"2 minutos\" \/>\n<script type=\"application\/ld+json\" class=\"yoast-schema-graph\">{\"@context\":\"https:\\\/\\\/schema.org\",\"@graph\":[{\"@type\":\"Article\",\"@id\":\"https:\\\/\\\/www.sesmoreres.com\\\/blog\\\/consecuencias-inesperadas-por-el-coronavirus\\\/#article\",\"isPartOf\":{\"@id\":\"https:\\\/\\\/www.sesmoreres.com\\\/blog\\\/consecuencias-inesperadas-por-el-coronavirus\\\/\"},\"author\":{\"name\":\"Jose\",\"@id\":\"https:\\\/\\\/www.sesmoreres.com\\\/blog\\\/#\\\/schema\\\/person\\\/7c7e14840c5091c536f2386f87710e37\"},\"headline\":\"Consecuencias inesperadas en Menorca por el Coronavirus\",\"datePublished\":\"2020-03-26T13:09:45+00:00\",\"dateModified\":\"2020-04-16T08:46:55+00:00\",\"mainEntityOfPage\":{\"@id\":\"https:\\\/\\\/www.sesmoreres.com\\\/blog\\\/consecuencias-inesperadas-por-el-coronavirus\\\/\"},\"wordCount\":488,\"commentCount\":3,\"publisher\":{\"@id\":\"https:\\\/\\\/www.sesmoreres.com\\\/blog\\\/#organization\"},\"image\":{\"@id\":\"https:\\\/\\\/www.sesmoreres.com\\\/blog\\\/consecuencias-inesperadas-por-el-coronavirus\\\/#primaryimage\"},\"thumbnailUrl\":\"https:\\\/\\\/www.sesmoreres.com\\\/blog\\\/wp-content\\\/uploads\\\/2020\\\/03\\\/campo-menorca-scaled-1.jpg\",\"keywords\":[\"coronavirus\",\"COVID-19\",\"finca rustica\",\"menorca\"],\"articleSection\":[\"Coronavirus en Menorca\",\"COVID-19 en Menorca\",\"finca rsutica\",\"menorca\"],\"inLanguage\":\"es\",\"potentialAction\":[{\"@type\":\"CommentAction\",\"name\":\"Comment\",\"target\":[\"https:\\\/\\\/www.sesmoreres.com\\\/blog\\\/consecuencias-inesperadas-por-el-coronavirus\\\/#respond\"]}]},{\"@type\":\"WebPage\",\"@id\":\"https:\\\/\\\/www.sesmoreres.com\\\/blog\\\/consecuencias-inesperadas-por-el-coronavirus\\\/\",\"url\":\"https:\\\/\\\/www.sesmoreres.com\\\/blog\\\/consecuencias-inesperadas-por-el-coronavirus\\\/\",\"name\":\"Consecuencias inesperadas en Menorca por el Coronavirus\",\"isPartOf\":{\"@id\":\"https:\\\/\\\/www.sesmoreres.com\\\/blog\\\/#website\"},\"primaryImageOfPage\":{\"@id\":\"https:\\\/\\\/www.sesmoreres.com\\\/blog\\\/consecuencias-inesperadas-por-el-coronavirus\\\/#primaryimage\"},\"image\":{\"@id\":\"https:\\\/\\\/www.sesmoreres.com\\\/blog\\\/consecuencias-inesperadas-por-el-coronavirus\\\/#primaryimage\"},\"thumbnailUrl\":\"https:\\\/\\\/www.sesmoreres.com\\\/blog\\\/wp-content\\\/uploads\\\/2020\\\/03\\\/campo-menorca-scaled-1.jpg\",\"datePublished\":\"2020-03-26T13:09:45+00:00\",\"dateModified\":\"2020-04-16T08:46:55+00:00\",\"description\":\"Te contamos las consencuencias inesperadas en Menorca por el Coronavirus que ha ca\u00eddo como un rayo en la cabeza y nos ha obligado a despertar de...\",\"breadcrumb\":{\"@id\":\"https:\\\/\\\/www.sesmoreres.com\\\/blog\\\/consecuencias-inesperadas-por-el-coronavirus\\\/#breadcrumb\"},\"inLanguage\":\"es\",\"potentialAction\":[{\"@type\":\"ReadAction\",\"target\":[\"https:\\\/\\\/www.sesmoreres.com\\\/blog\\\/consecuencias-inesperadas-por-el-coronavirus\\\/\"]}]},{\"@type\":\"ImageObject\",\"inLanguage\":\"es\",\"@id\":\"https:\\\/\\\/www.sesmoreres.com\\\/blog\\\/consecuencias-inesperadas-por-el-coronavirus\\\/#primaryimage\",\"url\":\"https:\\\/\\\/www.sesmoreres.com\\\/blog\\\/wp-content\\\/uploads\\\/2020\\\/03\\\/campo-menorca-scaled-1.jpg\",\"contentUrl\":\"https:\\\/\\\/www.sesmoreres.com\\\/blog\\\/wp-content\\\/uploads\\\/2020\\\/03\\\/campo-menorca-scaled-1.jpg\",\"width\":637,\"height\":425,\"caption\":\"barrera de Menorca\"},{\"@type\":\"BreadcrumbList\",\"@id\":\"https:\\\/\\\/www.sesmoreres.com\\\/blog\\\/consecuencias-inesperadas-por-el-coronavirus\\\/#breadcrumb\",\"itemListElement\":[{\"@type\":\"ListItem\",\"position\":1,\"name\":\"Portada\",\"item\":\"https:\\\/\\\/www.sesmoreres.com\\\/blog\\\/\"},{\"@type\":\"ListItem\",\"position\":2,\"name\":\"Consecuencias inesperadas en Menorca por el Coronavirus\"}]},{\"@type\":\"WebSite\",\"@id\":\"https:\\\/\\\/www.sesmoreres.com\\\/blog\\\/#website\",\"url\":\"https:\\\/\\\/www.sesmoreres.com\\\/blog\\\/\",\"name\":\"Blog sobre Menorca - Ses Moreres\",\"description\":\"Agencia inmobiliaria de Menorca lider en la venta de propiedades de lujo. Fincas r\u00fasticas, casas de campo, chalets, terrenos.\",\"publisher\":{\"@id\":\"https:\\\/\\\/www.sesmoreres.com\\\/blog\\\/#organization\"},\"potentialAction\":[{\"@type\":\"SearchAction\",\"target\":{\"@type\":\"EntryPoint\",\"urlTemplate\":\"https:\\\/\\\/www.sesmoreres.com\\\/blog\\\/?s={search_term_string}\"},\"query-input\":{\"@type\":\"PropertyValueSpecification\",\"valueRequired\":true,\"valueName\":\"search_term_string\"}}],\"inLanguage\":\"es\"},{\"@type\":\"Organization\",\"@id\":\"https:\\\/\\\/www.sesmoreres.com\\\/blog\\\/#organization\",\"name\":\"Ses Moreres\",\"url\":\"https:\\\/\\\/www.sesmoreres.com\\\/blog\\\/\",\"logo\":{\"@type\":\"ImageObject\",\"inLanguage\":\"es\",\"@id\":\"https:\\\/\\\/www.sesmoreres.com\\\/blog\\\/#\\\/schema\\\/logo\\\/image\\\/\",\"url\":\"https:\\\/\\\/www.sesmoreres.com\\\/blog\\\/wp-content\\\/uploads\\\/2019\\\/07\\\/ses-moreres-inmobiliaria-menorca.gif\",\"contentUrl\":\"https:\\\/\\\/www.sesmoreres.com\\\/blog\\\/wp-content\\\/uploads\\\/2019\\\/07\\\/ses-moreres-inmobiliaria-menorca.gif\",\"width\":170,\"height\":95,\"caption\":\"Ses Moreres\"},\"image\":{\"@id\":\"https:\\\/\\\/www.sesmoreres.com\\\/blog\\\/#\\\/schema\\\/logo\\\/image\\\/\"},\"sameAs\":[\"https:\\\/\\\/www.facebook.com\\\/sesmoreres\\\/\",\"https:\\\/\\\/www.instagram.com\\\/inmobiliariasesmoreres\\\/?hl=es\",\"https:\\\/\\\/www.youtube.com\\\/user\\\/sesmoreres\"]},{\"@type\":\"Person\",\"@id\":\"https:\\\/\\\/www.sesmoreres.com\\\/blog\\\/#\\\/schema\\\/person\\\/7c7e14840c5091c536f2386f87710e37\",\"name\":\"Jose\",\"image\":{\"@type\":\"ImageObject\",\"inLanguage\":\"es\",\"@id\":\"https:\\\/\\\/secure.gravatar.com\\\/avatar\\\/b4fc98d81ad2dabadc7b38d8d9cc7d784080dca9704b983ca16b1fd2926445dc?s=96&d=mm&r=g\",\"url\":\"https:\\\/\\\/secure.gravatar.com\\\/avatar\\\/b4fc98d81ad2dabadc7b38d8d9cc7d784080dca9704b983ca16b1fd2926445dc?s=96&d=mm&r=g\",\"contentUrl\":\"https:\\\/\\\/secure.gravatar.com\\\/avatar\\\/b4fc98d81ad2dabadc7b38d8d9cc7d784080dca9704b983ca16b1fd2926445dc?s=96&d=mm&r=g\",\"caption\":\"Jose\"},\"url\":\"https:\\\/\\\/www.sesmoreres.com\\\/blog\\\/author\\\/jose\\\/\"}]}<\/script>\n<!-- \/ Yoast SEO plugin. -->","yoast_head_json":{"title":"Consecuencias inesperadas en Menorca por el Coronavirus","description":"Te contamos las consencuencias inesperadas en Menorca por el Coronavirus que ha ca\u00eddo como un rayo en la cabeza y nos ha obligado a despertar de...","robots":{"index":"index","follow":"follow","max-snippet":"max-snippet:-1","max-image-preview":"max-image-preview:large","max-video-preview":"max-video-preview:-1"},"canonical":"https:\/\/www.sesmoreres.com\/blog\/consecuencias-inesperadas-por-el-coronavirus\/","og_locale":"es_ES","og_type":"article","og_title":"Consecuencias inesperadas en Menorca por el Coronavirus","og_description":"Te contamos las consencuencias inesperadas en Menorca por el Coronavirus que ha ca\u00eddo como un rayo en la cabeza y nos ha obligado a despertar de...","og_url":"https:\/\/www.sesmoreres.com\/blog\/consecuencias-inesperadas-por-el-coronavirus\/","og_site_name":"Blog sobre Menorca - Ses Moreres","article_publisher":"https:\/\/www.facebook.com\/sesmoreres\/","article_published_time":"2020-03-26T13:09:45+00:00","article_modified_time":"2020-04-16T08:46:55+00:00","og_image":[{"width":637,"height":425,"url":"https:\/\/www.sesmoreres.com\/blog\/wp-content\/uploads\/2020\/03\/campo-menorca-scaled-1.jpg","type":"image\/jpeg"}],"author":"Jose","twitter_card":"summary_large_image","twitter_misc":{"Escrito por":"Jose","Tiempo de lectura":"2 minutos"},"schema":{"@context":"https:\/\/schema.org","@graph":[{"@type":"Article","@id":"https:\/\/www.sesmoreres.com\/blog\/consecuencias-inesperadas-por-el-coronavirus\/#article","isPartOf":{"@id":"https:\/\/www.sesmoreres.com\/blog\/consecuencias-inesperadas-por-el-coronavirus\/"},"author":{"name":"Jose","@id":"https:\/\/www.sesmoreres.com\/blog\/#\/schema\/person\/7c7e14840c5091c536f2386f87710e37"},"headline":"Consecuencias inesperadas en Menorca por el Coronavirus","datePublished":"2020-03-26T13:09:45+00:00","dateModified":"2020-04-16T08:46:55+00:00","mainEntityOfPage":{"@id":"https:\/\/www.sesmoreres.com\/blog\/consecuencias-inesperadas-por-el-coronavirus\/"},"wordCount":488,"commentCount":3,"publisher":{"@id":"https:\/\/www.sesmoreres.com\/blog\/#organization"},"image":{"@id":"https:\/\/www.sesmoreres.com\/blog\/consecuencias-inesperadas-por-el-coronavirus\/#primaryimage"},"thumbnailUrl":"https:\/\/www.sesmoreres.com\/blog\/wp-content\/uploads\/2020\/03\/campo-menorca-scaled-1.jpg","keywords":["coronavirus","COVID-19","finca rustica","menorca"],"articleSection":["Coronavirus en Menorca","COVID-19 en Menorca","finca rsutica","menorca"],"inLanguage":"es","potentialAction":[{"@type":"CommentAction","name":"Comment","target":["https:\/\/www.sesmoreres.com\/blog\/consecuencias-inesperadas-por-el-coronavirus\/#respond"]}]},{"@type":"WebPage","@id":"https:\/\/www.sesmoreres.com\/blog\/consecuencias-inesperadas-por-el-coronavirus\/","url":"https:\/\/www.sesmoreres.com\/blog\/consecuencias-inesperadas-por-el-coronavirus\/","name":"Consecuencias inesperadas en Menorca por el Coronavirus","isPartOf":{"@id":"https:\/\/www.sesmoreres.com\/blog\/#website"},"primaryImageOfPage":{"@id":"https:\/\/www.sesmoreres.com\/blog\/consecuencias-inesperadas-por-el-coronavirus\/#primaryimage"},"image":{"@id":"https:\/\/www.sesmoreres.com\/blog\/consecuencias-inesperadas-por-el-coronavirus\/#primaryimage"},"thumbnailUrl":"https:\/\/www.sesmoreres.com\/blog\/wp-content\/uploads\/2020\/03\/campo-menorca-scaled-1.jpg","datePublished":"2020-03-26T13:09:45+00:00","dateModified":"2020-04-16T08:46:55+00:00","description":"Te contamos las consencuencias inesperadas en Menorca por el Coronavirus que ha ca\u00eddo como un rayo en la cabeza y nos ha obligado a despertar de...","breadcrumb":{"@id":"https:\/\/www.sesmoreres.com\/blog\/consecuencias-inesperadas-por-el-coronavirus\/#breadcrumb"},"inLanguage":"es","potentialAction":[{"@type":"ReadAction","target":["https:\/\/www.sesmoreres.com\/blog\/consecuencias-inesperadas-por-el-coronavirus\/"]}]},{"@type":"ImageObject","inLanguage":"es","@id":"https:\/\/www.sesmoreres.com\/blog\/consecuencias-inesperadas-por-el-coronavirus\/#primaryimage","url":"https:\/\/www.sesmoreres.com\/blog\/wp-content\/uploads\/2020\/03\/campo-menorca-scaled-1.jpg","contentUrl":"https:\/\/www.sesmoreres.com\/blog\/wp-content\/uploads\/2020\/03\/campo-menorca-scaled-1.jpg","width":637,"height":425,"caption":"barrera de Menorca"},{"@type":"BreadcrumbList","@id":"https:\/\/www.sesmoreres.com\/blog\/consecuencias-inesperadas-por-el-coronavirus\/#breadcrumb","itemListElement":[{"@type":"ListItem","position":1,"name":"Portada","item":"https:\/\/www.sesmoreres.com\/blog\/"},{"@type":"ListItem","position":2,"name":"Consecuencias inesperadas en Menorca por el Coronavirus"}]},{"@type":"WebSite","@id":"https:\/\/www.sesmoreres.com\/blog\/#website","url":"https:\/\/www.sesmoreres.com\/blog\/","name":"Blog sobre Menorca - Ses Moreres","description":"Agencia inmobiliaria de Menorca lider en la venta de propiedades de lujo. Fincas r\u00fasticas, casas de campo, chalets, terrenos.","publisher":{"@id":"https:\/\/www.sesmoreres.com\/blog\/#organization"},"potentialAction":[{"@type":"SearchAction","target":{"@type":"EntryPoint","urlTemplate":"https:\/\/www.sesmoreres.com\/blog\/?s={search_term_string}"},"query-input":{"@type":"PropertyValueSpecification","valueRequired":true,"valueName":"search_term_string"}}],"inLanguage":"es"},{"@type":"Organization","@id":"https:\/\/www.sesmoreres.com\/blog\/#organization","name":"Ses Moreres","url":"https:\/\/www.sesmoreres.com\/blog\/","logo":{"@type":"ImageObject","inLanguage":"es","@id":"https:\/\/www.sesmoreres.com\/blog\/#\/schema\/logo\/image\/","url":"https:\/\/www.sesmoreres.com\/blog\/wp-content\/uploads\/2019\/07\/ses-moreres-inmobiliaria-menorca.gif","contentUrl":"https:\/\/www.sesmoreres.com\/blog\/wp-content\/uploads\/2019\/07\/ses-moreres-inmobiliaria-menorca.gif","width":170,"height":95,"caption":"Ses Moreres"},"image":{"@id":"https:\/\/www.sesmoreres.com\/blog\/#\/schema\/logo\/image\/"},"sameAs":["https:\/\/www.facebook.com\/sesmoreres\/","https:\/\/www.instagram.com\/inmobiliariasesmoreres\/?hl=es","https:\/\/www.youtube.com\/user\/sesmoreres"]},{"@type":"Person","@id":"https:\/\/www.sesmoreres.com\/blog\/#\/schema\/person\/7c7e14840c5091c536f2386f87710e37","name":"Jose","image":{"@type":"ImageObject","inLanguage":"es","@id":"https:\/\/secure.gravatar.com\/avatar\/b4fc98d81ad2dabadc7b38d8d9cc7d784080dca9704b983ca16b1fd2926445dc?s=96&d=mm&r=g","url":"https:\/\/secure.gravatar.com\/avatar\/b4fc98d81ad2dabadc7b38d8d9cc7d784080dca9704b983ca16b1fd2926445dc?s=96&d=mm&r=g","contentUrl":"https:\/\/secure.gravatar.com\/avatar\/b4fc98d81ad2dabadc7b38d8d9cc7d784080dca9704b983ca16b1fd2926445dc?s=96&d=mm&r=g","caption":"Jose"},"url":"https:\/\/www.sesmoreres.com\/blog\/author\/jose\/"}]}},"_links":{"self":[{"href":"https:\/\/www.sesmoreres.com\/blog\/wp-json\/wp\/v2\/posts\/1198","targetHints":{"allow":["GET"]}}],"collection":[{"href":"https:\/\/www.sesmoreres.com\/blog\/wp-json\/wp\/v2\/posts"}],"about":[{"href":"https:\/\/www.sesmoreres.com\/blog\/wp-json\/wp\/v2\/types\/post"}],"author":[{"embeddable":true,"href":"https:\/\/www.sesmoreres.com\/blog\/wp-json\/wp\/v2\/users\/2"}],"replies":[{"embeddable":true,"href":"https:\/\/www.sesmoreres.com\/blog\/wp-json\/wp\/v2\/comments?post=1198"}],"version-history":[{"count":15,"href":"https:\/\/www.sesmoreres.com\/blog\/wp-json\/wp\/v2\/posts\/1198\/revisions"}],"predecessor-version":[{"id":1565,"href":"https:\/\/www.sesmoreres.com\/blog\/wp-json\/wp\/v2\/posts\/1198\/revisions\/1565"}],"wp:featuredmedia":[{"embeddable":true,"href":"https:\/\/www.sesmoreres.com\/blog\/wp-json\/wp\/v2\/media\/1688"}],"wp:attachment":[{"href":"https:\/\/www.sesmoreres.com\/blog\/wp-json\/wp\/v2\/media?parent=1198"}],"wp:term":[{"taxonomy":"category","embeddable":true,"href":"https:\/\/www.sesmoreres.com\/blog\/wp-json\/wp\/v2\/categories?post=1198"},{"taxonomy":"post_tag","embeddable":true,"href":"https:\/\/www.sesmoreres.com\/blog\/wp-json\/wp\/v2\/tags?post=1198"}],"curies":[{"name":"wp","href":"https:\/\/api.w.org\/{rel}","templated":true}]}}